{"id":1209,"date":"2020-10-23T16:58:00","date_gmt":"2020-10-23T16:58:00","guid":{"rendered":"https:\/\/monicaguerretta.com\/qualeocerto\/?p=1209"},"modified":"2022-12-02T22:00:47","modified_gmt":"2022-12-02T22:00:47","slug":"atualize-se-com-o-novo-acordo-ortografico","status":"publish","type":"post","link":"https:\/\/monicaguerretta.com\/qualeocerto\/atualize-se-com-o-novo-acordo-ortografico\/","title":{"rendered":"<strong>Atualize-se! O &#8220;novo&#8221; Acordo Ortogr\u00e1fico est\u00e1 valendo desde 2009<\/strong>"},"content":{"rendered":"\n<p>Voc\u00ea sabia que o <strong><mark style=\"background-color:rgba(0, 0, 0, 0)\" class=\"has-inline-color has-vivid-purple-color\">\u201cnovo\u201d Acordo Ortogr\u00e1fico<\/mark><\/strong> est\u00e1 valendo desde 2009?<br>Por isso eu sempre digo que ele n\u00e3o \u00e9 mais t\u00e3o novo assim.<\/p>\n\n\n\n<p>Pois \u00e9\u2026 j\u00e1 faz mais de 10 anos!<br>E voc\u00ea a\u00ed, ainda escrevendo <strong><mark style=\"background-color:rgba(0, 0, 0, 0)\" class=\"has-inline-color has-vivid-purple-color\">ideia<\/mark><\/strong> com acento, <strong><mark style=\"background-color:rgba(0, 0, 0, 0)\" class=\"has-inline-color has-vivid-purple-color\">dia a dia<\/mark><\/strong> com h\u00edfen, <strong><mark style=\"background-color:rgba(0, 0, 0, 0)\" class=\"has-inline-color has-vivid-purple-color\">micro-ondas<\/mark><\/strong> sem h\u00edfen\u2026&nbsp;<\/p>\n\n\n\n<p>Mas calma! N\u00e3o se desespere.<br><strong>Agora voc\u00ea vai se atualizar com as principais mudan\u00e7as da nossa l\u00edngua portuguesa.<\/strong><\/p>\n\n\n\n<p>Afinal, at\u00e9 o portugu\u00eas se atualiza e voc\u00ea n\u00e3o?!<br>Nada disso! Chegou a hora de mudarmos essa situa\u00e7\u00e3o. \ud83d\ude04<\/p>\n\n\n\n<figure class=\"wp-block-embed is-type-video is-provider-youtube wp-block-embed-youtube wp-embed-aspect-16-9 wp-has-aspect-ratio\"><div class=\"wp-block-embed__wrapper\">\n<iframe title=\"Atualize-se com as principais regras que mudaram com o novo (?) Acordo Ortogr\u00e1fico\" width=\"700\" height=\"394\" src=\"https:\/\/www.youtube.com\/embed\/OF1S5OteORY?feature=oembed\" frameborder=\"0\" allow=\"accelerometer; autoplay; clipboard-write; encrypted-media; gyroscope; picture-in-picture\" allowfullscreen><\/iframe>\n<\/div><\/figure>\n\n\n\n<h2 class=\"wp-block-heading\"><strong><mark style=\"background-color:rgba(0, 0, 0, 0)\" class=\"has-inline-color has-vivid-purple-color\">Mudan\u00e7a n\u00famero 1:<\/mark><\/strong><br><strong><mark style=\"background-color:rgba(0, 0, 0, 0)\" class=\"has-inline-color has-vivid-purple-color\">Adeus, trema!<\/mark><\/strong><\/h2>\n\n\n\n<p>O <strong><mark style=\"background-color:rgba(0, 0, 0, 0)\" class=\"has-inline-color has-vivid-purple-color\">trema<\/mark> foi eliminado da nossa l\u00edngua portuguesa<\/strong>, e acho que essa foi a regra que as pessoas absorveram com mais facilidade.<\/p>\n\n\n\n<p>Agora s\u00f3 usamos <strong><strong><mark style=\"background-color:rgba(0, 0, 0, 0)\" class=\"has-inline-color has-vivid-purple-color\">trema<\/mark><\/strong><\/strong> em palavras estrangeiras e em suas derivadas.<br>Nas palavras brasileiras, nada de <strong><strong><mark style=\"background-color:rgba(0, 0, 0, 0)\" class=\"has-inline-color has-vivid-purple-color\">trema<\/mark><\/strong><\/strong>.<\/p>\n\n\n\n<p><strong>Exemplos de palavras que mudaram com essa regra:<\/strong><\/p>\n\n\n\n<figure class=\"wp-block-table is-style-stripes\"><table><tbody><tr><td class=\"has-text-align-right\" data-align=\"right\"><strong><mark style=\"background-color:rgba(0, 0, 0, 0)\" class=\"has-inline-color has-vivid-purple-color\">Antes era:<\/mark><\/strong><\/td><td><mark style=\"background-color:rgba(0, 0, 0, 0)\" class=\"has-inline-color has-vivid-purple-color\"><strong>Agora \u00e9:<\/strong><\/mark><\/td><\/tr><tr><td class=\"has-text-align-right\" data-align=\"right\"><mark style=\"background-color:rgba(0, 0, 0, 0)\" class=\"has-inline-color has-vivid-red-color\"><strong>ling\u00fci\u00e7a<\/strong><\/mark><\/td><td><mark style=\"background-color:rgba(0, 0, 0, 0)\" class=\"has-inline-color has-vivid-green-cyan-color\"><strong>lingui\u00e7a<\/strong><\/mark><\/td><\/tr><tr><td class=\"has-text-align-right\" data-align=\"right\"><strong><mark style=\"background-color:rgba(0, 0, 0, 0)\" class=\"has-inline-color has-vivid-red-color\">cinq\u00fcenta<\/mark><\/strong><\/td><td><strong><mark style=\"background-color:rgba(0, 0, 0, 0)\" class=\"has-inline-color has-vivid-green-cyan-color\">cinquenta<\/mark><\/strong><\/td><\/tr><tr><td class=\"has-text-align-right\" data-align=\"right\"><mark style=\"background-color:rgba(0, 0, 0, 0)\" class=\"has-inline-color has-vivid-red-color\"><strong>freq\u00fcente<\/strong><\/mark><\/td><td><strong><mark style=\"background-color:rgba(0, 0, 0, 0)\" class=\"has-inline-color has-vivid-green-cyan-color\">frequente<\/mark><\/strong><\/td><\/tr><tr><td class=\"has-text-align-right\" data-align=\"right\"><strong><mark style=\"background-color:rgba(0, 0, 0, 0)\" class=\"has-inline-color has-vivid-red-color\">seq\u00fc\u00eancia<\/mark><\/strong><\/td><td><strong><mark style=\"background-color:rgba(0, 0, 0, 0)\" class=\"has-inline-color has-vivid-green-cyan-color\">sequ\u00eancia<\/mark><\/strong><\/td><\/tr><tr><td class=\"has-text-align-right\" data-align=\"right\"><strong><mark style=\"background-color:rgba(0, 0, 0, 0)\" class=\"has-inline-color has-vivid-red-color\">ping\u00fcim<\/mark><\/strong><\/td><td><mark style=\"background-color:rgba(0, 0, 0, 0)\" class=\"has-inline-color has-vivid-green-cyan-color\"><strong>pinguim<\/strong><\/mark><\/td><\/tr><\/tbody><\/table><\/figure>\n\n\n\n<h2 class=\"wp-block-heading\"><strong><mark style=\"background-color:rgba(0, 0, 0, 0)\" class=\"has-inline-color has-vivid-purple-color\">Mudan\u00e7a n\u00famero 2:<\/mark><\/strong><br><strong><mark style=\"background-color:rgba(0, 0, 0, 0)\" class=\"has-inline-color has-vivid-purple-color\">N\u00e3o se usa mais acento nas palavras com \u00c9I e \u00d3I na pen\u00faltima s\u00edlaba<\/mark><\/strong><\/h2>\n\n\n\n<p><strong>Todas as palavras <mark style=\"background-color:rgba(0, 0, 0, 0)\" class=\"has-inline-color has-vivid-purple-color\">parox\u00edtonas com os ditongos abertos \u00c9I e \u00d3I<\/mark> perderam o acento.<\/strong><\/p>\n\n\n\n<p><strong>Parox\u00edtonas<\/strong> s\u00e3o as palavras cuja pen\u00faltima s\u00edlaba \u00e9 a s\u00edlaba t\u00f4nica, a que falamos com mais \u00eanfase. <strong>Ditongo<\/strong> s\u00e3o duas vogais que ficam juntas numa mesma s\u00edlaba.<\/p>\n\n\n\n<p><strong>Exemplos de palavras que mudaram com essa regra:<\/strong><\/p>\n\n\n\n<figure class=\"wp-block-table is-style-stripes\"><table><tbody><tr><td class=\"has-text-align-right\" data-align=\"right\"><strong><mark style=\"background-color:rgba(0, 0, 0, 0)\" class=\"has-inline-color has-vivid-purple-color\">Antes era:<\/mark><\/strong><\/td><td><mark style=\"background-color:rgba(0, 0, 0, 0)\" class=\"has-inline-color has-vivid-purple-color\"><strong>Agora \u00e9:<\/strong><\/mark><\/td><\/tr><tr><td class=\"has-text-align-right\" data-align=\"right\"><strong><mark style=\"background-color:rgba(0, 0, 0, 0)\" class=\"has-inline-color has-vivid-red-color\">j\u00f3ia<\/mark><\/strong><\/td><td><mark style=\"background-color:rgba(0, 0, 0, 0)\" class=\"has-inline-color has-vivid-green-cyan-color\"><strong>joia<\/strong><\/mark><\/td><\/tr><tr><td class=\"has-text-align-right\" data-align=\"right\"><strong><mark style=\"background-color:rgba(0, 0, 0, 0)\" class=\"has-inline-color has-vivid-red-color\">id\u00e9ia<\/mark><\/strong><\/td><td><mark style=\"background-color:rgba(0, 0, 0, 0)\" class=\"has-inline-color has-vivid-green-cyan-color\"><strong>ideia<\/strong><\/mark><\/td><\/tr><tr><td class=\"has-text-align-right\" data-align=\"right\"><strong><mark style=\"background-color:rgba(0, 0, 0, 0)\" class=\"has-inline-color has-vivid-red-color\">gel\u00e9ia<\/mark><\/strong><\/td><td><mark style=\"background-color:rgba(0, 0, 0, 0)\" class=\"has-inline-color has-vivid-green-cyan-color\"><strong>geleia<\/strong><\/mark><\/td><\/tr><tr><td class=\"has-text-align-right\" data-align=\"right\"><strong><mark style=\"background-color:rgba(0, 0, 0, 0)\" class=\"has-inline-color has-vivid-red-color\">estr\u00e9ia<\/mark><\/strong><\/td><td><mark style=\"background-color:rgba(0, 0, 0, 0)\" class=\"has-inline-color has-vivid-green-cyan-color\"><strong>estreia<\/strong><\/mark><\/td><\/tr><tr><td class=\"has-text-align-right\" data-align=\"right\"><strong><mark style=\"background-color:rgba(0, 0, 0, 0)\" class=\"has-inline-color has-vivid-red-color\">b\u00f3ia<\/mark><\/strong><\/td><td><mark style=\"background-color:rgba(0, 0, 0, 0)\" class=\"has-inline-color has-vivid-green-cyan-color\"><strong>boia<\/strong><\/mark><\/td><\/tr><tr><td class=\"has-text-align-right\" data-align=\"right\"><strong><mark style=\"background-color:rgba(0, 0, 0, 0)\" class=\"has-inline-color has-vivid-red-color\">colm\u00e9ia<\/mark><\/strong><\/td><td><mark style=\"background-color:rgba(0, 0, 0, 0)\" class=\"has-inline-color has-vivid-green-cyan-color\"><strong>colmeia<\/strong><\/mark><\/td><\/tr><tr><td class=\"has-text-align-right\" data-align=\"right\"><strong><mark style=\"background-color:rgba(0, 0, 0, 0)\" class=\"has-inline-color has-vivid-red-color\">her\u00f3ico<\/mark><\/strong><\/td><td><mark style=\"background-color:rgba(0, 0, 0, 0)\" class=\"has-inline-color has-vivid-green-cyan-color\"><strong>heroico<\/strong><\/mark><\/td><\/tr><tr><td class=\"has-text-align-right\" data-align=\"right\"><strong><mark style=\"background-color:rgba(0, 0, 0, 0)\" class=\"has-inline-color has-vivid-red-color\">paran\u00f3ia<\/mark><\/strong><\/td><td><mark style=\"background-color:rgba(0, 0, 0, 0)\" class=\"has-inline-color has-vivid-green-cyan-color\"><strong>paranoia<\/strong><\/mark><\/td><\/tr><tr><td class=\"has-text-align-right\" data-align=\"right\"><strong><mark style=\"background-color:rgba(0, 0, 0, 0)\" class=\"has-inline-color has-vivid-red-color\">jib\u00f3ia<\/mark><\/strong><\/td><td><mark style=\"background-color:rgba(0, 0, 0, 0)\" class=\"has-inline-color has-vivid-green-cyan-color\"><strong>jiboia<\/strong><\/mark><\/td><\/tr><tr><td class=\"has-text-align-right\" data-align=\"right\"><strong><mark style=\"background-color:rgba(0, 0, 0, 0)\" class=\"has-inline-color has-vivid-red-color\">plat\u00e9ia<\/mark><\/strong><\/td><td><mark style=\"background-color:rgba(0, 0, 0, 0)\" class=\"has-inline-color has-vivid-green-cyan-color\"><strong>plateia<\/strong><\/mark><\/td><\/tr><\/tbody><\/table><\/figure>\n\n\n\n<p>Pois \u00e9, at\u00e9 a <strong><mark style=\"background-color:rgba(0, 0, 0, 0)\" class=\"has-inline-color has-vivid-purple-color\">plateia<\/mark><\/strong> perdeu o acento. Voc\u00ea viu s\u00f3?!<br>Favor n\u00e3o confundir <a href=\"https:\/\/michaelis.uol.com.br\/moderno-portugues\/busca\/portugues-brasileiro\/acento\/\" target=\"_blank\" rel=\"noreferrer noopener\">acento<\/a> com <a href=\"https:\/\/michaelis.uol.com.br\/moderno-portugues\/busca\/portugues-brasileiro\/assento\/\" target=\"_blank\" rel=\"noreferrer noopener\">assento<\/a>. \ud83e\udd23<\/p>\n\n\n\n<h2 class=\"wp-block-heading\"><strong><mark style=\"background-color:rgba(0, 0, 0, 0)\" class=\"has-inline-color has-vivid-purple-color\">Mudan\u00e7a n\u00famero 3:<\/mark><\/strong><br><strong><mark style=\"background-color:rgba(0, 0, 0, 0)\" class=\"has-inline-color has-vivid-purple-color\">N\u00e3o se usa mais acento nas palavras terminadas em \u00caEM, \u00d4O e \u00d4OS<\/mark><\/strong><\/h2>\n\n\n\n<p><strong>Abandone o acento que antes us\u00e1vamos nas <mark style=\"background-color:rgba(0, 0, 0, 0)\" class=\"has-inline-color has-vivid-purple-color\">palavras terminadas em \u00caEM, \u00d4O e \u00d4OS<\/mark>.<\/strong><br>Elas n\u00e3o devem mais ser acentuadas.<\/p>\n\n\n\n<p><strong>Exemplos de palavras que mudaram com essa regra:<\/strong><\/p>\n\n\n\n<figure class=\"wp-block-table is-style-stripes\"><table><tbody><tr><td class=\"has-text-align-right\" data-align=\"right\"><strong><mark style=\"background-color:rgba(0, 0, 0, 0)\" class=\"has-inline-color has-vivid-purple-color\">Antes era:<\/mark><\/strong><\/td><td><mark style=\"background-color:rgba(0, 0, 0, 0)\" class=\"has-inline-color has-vivid-purple-color\"><strong>Agora \u00e9:<\/strong><\/mark><\/td><\/tr><tr><td class=\"has-text-align-right\" data-align=\"right\"><strong><mark style=\"background-color:rgba(0, 0, 0, 0)\" class=\"has-inline-color has-vivid-red-color\">v\u00f4o<\/mark><\/strong><\/td><td><strong><mark style=\"background-color:rgba(0, 0, 0, 0)\" class=\"has-inline-color has-vivid-green-cyan-color\">voo <\/mark><\/strong><\/td><\/tr><tr><td class=\"has-text-align-right\" data-align=\"right\"><strong><mark style=\"background-color:rgba(0, 0, 0, 0)\" class=\"has-inline-color has-vivid-red-color\">v\u00f4os<\/mark><\/strong><\/td><td><strong><mark style=\"background-color:rgba(0, 0, 0, 0)\" class=\"has-inline-color has-vivid-green-cyan-color\">voos<\/mark><\/strong><\/td><\/tr><tr><td class=\"has-text-align-right\" data-align=\"right\"><strong><mark style=\"background-color:rgba(0, 0, 0, 0)\" class=\"has-inline-color has-vivid-red-color\">enj\u00f4o<\/mark><\/strong><\/td><td><strong><mark style=\"background-color:rgba(0, 0, 0, 0)\" class=\"has-inline-color has-vivid-green-cyan-color\">enjoo<\/mark><\/strong><\/td><\/tr><tr><td class=\"has-text-align-right\" data-align=\"right\"><strong><mark style=\"background-color:rgba(0, 0, 0, 0)\" class=\"has-inline-color has-vivid-red-color\">d\u00f4o<\/mark><\/strong><\/td><td><strong><mark style=\"background-color:rgba(0, 0, 0, 0)\" class=\"has-inline-color has-vivid-green-cyan-color\">doo<\/mark><\/strong><\/td><\/tr><tr><td class=\"has-text-align-right\" data-align=\"right\"><strong><mark style=\"background-color:rgba(0, 0, 0, 0)\" class=\"has-inline-color has-vivid-red-color\">perd\u00f4o<\/mark><\/strong><\/td><td><strong><mark style=\"background-color:rgba(0, 0, 0, 0)\" class=\"has-inline-color has-vivid-green-cyan-color\">perdoo<\/mark><\/strong><\/td><\/tr><tr><td class=\"has-text-align-right\" data-align=\"right\"><strong><mark style=\"background-color:rgba(0, 0, 0, 0)\" class=\"has-inline-color has-vivid-red-color\">mag\u00f4o<\/mark><\/strong><\/td><td><strong><mark style=\"background-color:rgba(0, 0, 0, 0)\" class=\"has-inline-color has-vivid-green-cyan-color\">magoo<\/mark><\/strong><\/td><\/tr><tr><td class=\"has-text-align-right\" data-align=\"right\"><strong><mark style=\"background-color:rgba(0, 0, 0, 0)\" class=\"has-inline-color has-vivid-red-color\">d\u00eaem<\/mark><\/strong><\/td><td><strong><mark style=\"background-color:rgba(0, 0, 0, 0)\" class=\"has-inline-color has-vivid-green-cyan-color\">deem<\/mark><\/strong><\/td><\/tr><tr><td class=\"has-text-align-right\" data-align=\"right\"><strong><mark style=\"background-color:rgba(0, 0, 0, 0)\" class=\"has-inline-color has-vivid-red-color\">v\u00eaem<\/mark><\/strong><\/td><td><strong><mark style=\"background-color:rgba(0, 0, 0, 0)\" class=\"has-inline-color has-vivid-green-cyan-color\">veem<\/mark><\/strong><\/td><\/tr><tr><td class=\"has-text-align-right\" data-align=\"right\"><strong><mark style=\"background-color:rgba(0, 0, 0, 0)\" class=\"has-inline-color has-vivid-red-color\">l\u00eaem<\/mark><\/strong><\/td><td><strong><mark style=\"background-color:rgba(0, 0, 0, 0)\" class=\"has-inline-color has-vivid-green-cyan-color\">leem<\/mark><\/strong><\/td><\/tr><\/tbody><\/table><\/figure>\n\n\n\n<h2 class=\"wp-block-heading\"><mark style=\"background-color:rgba(0, 0, 0, 0)\" class=\"has-inline-color has-vivid-purple-color\"><strong>Mudan\u00e7a n\u00famero 4:<\/strong><\/mark><br><mark style=\"background-color:rgba(0, 0, 0, 0)\" class=\"has-inline-color has-vivid-purple-color\"><strong>N\u00e3o se usa mais o acento que diferenciava alguns pares de palavras<\/strong>\u00a0<\/mark><\/h2>\n\n\n\n<p>Aqui estou falando de palavras que antes ficavam quase iguais, se diferenciavam apenas por causa do acento. Agora ficam iguais: <strong><mark style=\"background-color:rgba(0, 0, 0, 0)\" class=\"has-inline-color has-vivid-purple-color\">todas sem acento<\/mark><\/strong>.<\/p>\n\n\n\n<p>Veja estes exemplos com dois pares de palavras, para entender melhor:<br><strong><mark style=\"background-color:rgba(0, 0, 0, 0)\" class=\"has-inline-color has-vivid-purple-color\">P\u00e1ra<\/mark><\/strong> (de parar) tinha acento, o que a diferenciava de <strong><mark style=\"background-color:rgba(0, 0, 0, 0)\" class=\"has-inline-color has-vivid-purple-color\">para<\/mark> <\/strong>(preposi\u00e7\u00e3o).<br><strong><mark style=\"background-color:rgba(0, 0, 0, 0)\" class=\"has-inline-color has-vivid-purple-color\">P\u00ealo<\/mark><\/strong> (substantivo) tinha acento, o que a diferenciava de <strong><mark style=\"background-color:rgba(0, 0, 0, 0)\" class=\"has-inline-color has-vivid-purple-color\">pelo<\/mark><\/strong> (contra\u00e7\u00e3o).<\/p>\n\n\n\n<p><strong>Palavras que mudaram com essa regra:<\/strong><\/p>\n\n\n\n<figure class=\"wp-block-table is-style-stripes\"><table><tbody><tr><td class=\"has-text-align-right\" data-align=\"right\"><strong><mark style=\"background-color:rgba(0, 0, 0, 0)\" class=\"has-inline-color has-vivid-purple-color\">Antes era:<\/mark><\/strong><\/td><td><mark style=\"background-color:rgba(0, 0, 0, 0)\" class=\"has-inline-color has-vivid-purple-color\"><strong>Agora \u00e9:<\/strong><\/mark><\/td><\/tr><tr><td class=\"has-text-align-right\" data-align=\"right\"><strong><mark style=\"background-color:rgba(0, 0, 0, 0)\" class=\"has-inline-color has-vivid-red-color\">p\u00e1ra<\/mark><\/strong><\/td><td><strong><mark style=\"background-color:rgba(0, 0, 0, 0)\" class=\"has-inline-color has-vivid-green-cyan-color\">para<\/mark><\/strong><\/td><\/tr><tr><td class=\"has-text-align-right\" data-align=\"right\"><strong><mark style=\"background-color:rgba(0, 0, 0, 0)\" class=\"has-inline-color has-vivid-red-color\">p\u00e9la<\/mark><\/strong><\/td><td><strong><mark style=\"background-color:rgba(0, 0, 0, 0)\" class=\"has-inline-color has-vivid-green-cyan-color\">pela<\/mark><\/strong><\/td><\/tr><tr><td class=\"has-text-align-right\" data-align=\"right\"><strong><mark style=\"background-color:rgba(0, 0, 0, 0)\" class=\"has-inline-color has-vivid-red-color\">p\u00ealo<\/mark><\/strong><\/td><td><strong><mark style=\"background-color:rgba(0, 0, 0, 0)\" class=\"has-inline-color has-vivid-green-cyan-color\">pelo<\/mark><\/strong><\/td><\/tr><tr><td class=\"has-text-align-right\" data-align=\"right\"><strong><mark style=\"background-color:rgba(0, 0, 0, 0)\" class=\"has-inline-color has-vivid-red-color\">p\u00eara<\/mark><\/strong><\/td><td><strong><mark style=\"background-color:rgba(0, 0, 0, 0)\" class=\"has-inline-color has-vivid-green-cyan-color\">pera<\/mark><\/strong><\/td><\/tr><tr><td class=\"has-text-align-right\" data-align=\"right\"><strong><mark style=\"background-color:rgba(0, 0, 0, 0)\" class=\"has-inline-color has-vivid-red-color\">p\u00f3lo<\/mark><\/strong><\/td><td><strong><mark style=\"background-color:rgba(0, 0, 0, 0)\" class=\"has-inline-color has-vivid-green-cyan-color\">polo<\/mark><\/strong><\/td><\/tr><\/tbody><\/table><\/figure>\n\n\n\n<p>Agora, todas as vers\u00f5es devem ser escritas sem acento.<\/p>\n\n\n\n<p>O acento na palavra <strong><mark style=\"background-color:rgba(0, 0, 0, 0)\" class=\"has-inline-color has-vivid-purple-color\">forma<\/mark><\/strong>, aquela que usamos para fazer bolo ou p\u00e3o, por exemplo, \u00e9 facultativo.<br>Voc\u00ea pode usar ou n\u00e3o.<\/p>\n\n\n\n<p>Em alguns casos, o uso do acento ajuda a evitar confus\u00f5es na leitura, como nesta frase:<br><strong>Qual \u00e9 a <mark style=\"background-color:rgba(0, 0, 0, 0)\" class=\"has-inline-color has-vivid-purple-color\">forma<\/mark> da <mark style=\"background-color:rgba(0, 0, 0, 0)\" class=\"has-inline-color has-vivid-purple-color\">f\u00f4rma<\/mark> de bolo que voc\u00ea comprou?<\/strong><\/p>\n\n\n\n<h2 class=\"wp-block-heading\"><strong><mark style=\"background-color:rgba(0, 0, 0, 0)\" class=\"has-inline-color has-vivid-purple-color\">Mudan\u00e7a n\u00famero 5:<\/mark><\/strong><br><strong><mark style=\"background-color:rgba(0, 0, 0, 0)\" class=\"has-inline-color has-vivid-purple-color\">O temido h\u00edfen<\/mark><\/strong><\/h2>\n\n\n\n<p>Algumas regras mudaram com o uso do h\u00edfen em palavras formadas por prefixos como: <mark style=\"background-color:rgba(0, 0, 0, 0)\" class=\"has-inline-color has-vivid-purple-color\"><strong>anti, auto, contra, ex, extra, hidro, hiper, inter, macro, micro, mini, multi, p\u00f3s, pr\u00e9, pr\u00f3, rec\u00e9m, semi, sobre, ultra, vice<\/strong><\/mark>\u2026 e mais alguns.<br>A lista \u00e9 bem grande! \ud83d\ude05<\/p>\n\n\n\n<p>Com esses prefixos, as regras agora s\u00e3o as seguintes:<\/p>\n\n\n\n<p><strong>1) <mark style=\"background-color:rgba(0, 0, 0, 0)\" class=\"has-inline-color has-vivid-purple-color\">Use h\u00edfen<\/mark> quando o segundo elemento da palavra come\u00e7ar com H.<\/strong><\/p>\n\n\n\n<figure class=\"wp-block-table is-style-stripes\"><table><tbody><tr><td class=\"has-text-align-center\" data-align=\"center\"><strong>Exemplos:<\/strong> <strong><mark style=\"background-color:rgba(0, 0, 0, 0)\" class=\"has-inline-color has-vivid-green-cyan-color\">anti-higi\u00eanico, anti-her\u00f3i, mini-hotel, super-homem.<\/mark><\/strong><\/td><\/tr><\/tbody><\/table><\/figure>\n\n\n\n<p><strong>2)<mark style=\"background-color:rgba(0, 0, 0, 0)\" class=\"has-inline-color has-vivid-purple-color\"> N\u00e3o use h\u00edfen<\/mark> quando o prefixo terminar com letra diferente da letra que inicia o segundo elemento.<\/strong><br>Letras diferentes ficam juntas; sem h\u00edfen e sem espa\u00e7o.<\/p>\n\n\n\n<figure class=\"wp-block-table is-style-stripes\"><table><tbody><tr><td class=\"has-text-align-center\" data-align=\"center\"><strong>Exemplos: <mark style=\"background-color:rgba(0, 0, 0, 0)\" class=\"has-inline-color has-vivid-green-cyan-color\">anti\u00e9tico, autoescola, autoestima, infraestrutura,<\/mark><\/strong><br><strong><mark style=\"background-color:rgba(0, 0, 0, 0)\" class=\"has-inline-color has-vivid-green-cyan-color\">intermunicipal, semiaberto, supers\u00f4nico.<\/mark><\/strong><\/td><\/tr><\/tbody><\/table><\/figure>\n\n\n\n<p><strong>3) <mark style=\"background-color:rgba(0, 0, 0, 0)\" class=\"has-inline-color has-vivid-purple-color\">N\u00e3o use h\u00edfen<\/mark> quando o prefixo terminar em vogal e o segundo elemento come\u00e7ar com consoante diferente de R ou S.<\/strong><\/p>\n\n\n\n<figure class=\"wp-block-table is-style-stripes\"><table><tbody><tr><td class=\"has-text-align-center\" data-align=\"center\"><strong>Exemplos: <mark style=\"background-color:rgba(0, 0, 0, 0)\" class=\"has-inline-color has-vivid-green-cyan-color\">antibacteriano, autope\u00e7as, autodidata,<\/mark><\/strong><br><strong><mark style=\"background-color:rgba(0, 0, 0, 0)\" class=\"has-inline-color has-vivid-green-cyan-color\">contracapa, microcomputador, seminovo.<\/mark><\/strong><\/td><\/tr><\/tbody><\/table><\/figure>\n\n\n\n<p><strong>4) <strong><mark style=\"background-color:rgba(0, 0, 0, 0)\" class=\"has-inline-color has-vivid-purple-color\">N\u00e3o use h\u00edfen<\/mark><\/strong> quando o prefixo terminar em vogal e o segundo elemento come\u00e7ar com R ou S. Mas \u00e9 preciso duplicar essas consoantes; o R ou o S.<\/strong><\/p>\n\n\n\n<figure class=\"wp-block-table is-style-stripes\"><table><tbody><tr><td class=\"has-text-align-center\" data-align=\"center\"><strong>Exemplos: <\/strong><mark style=\"background-color:rgba(0, 0, 0, 0)\" class=\"has-inline-color has-vivid-green-cyan-color\"><strong>antirracismo, antirrugas, antissocial, contrassenso,<\/strong><br><strong>hidrossanit\u00e1rio, minissaia, semirreta, ultrassom.<\/strong><\/mark><\/td><\/tr><\/tbody><\/table><\/figure>\n\n\n\n<p><strong>5) <strong><mark style=\"background-color:rgba(0, 0, 0, 0)\" class=\"has-inline-color has-vivid-purple-color\">Use h\u00edfen<\/mark><\/strong> quando o prefixo terminar com a mesma vogal que inicia o segundo elemento.<\/strong><br>Ou seja: Vogais iguais s\u00e3o separadas pelo h\u00edfen.<\/p>\n\n\n\n<figure class=\"wp-block-table is-style-stripes\"><table><tbody><tr><td class=\"has-text-align-center\" data-align=\"center\"><strong>Exemplos: <mark style=\"background-color:rgba(0, 0, 0, 0)\" class=\"has-inline-color has-vivid-green-cyan-color\">anti-idade, anti-inflamat\u00f3rio, auto-observa\u00e7\u00e3o,<br>contra-ataque, micro-ondas, micro-\u00f4nibus.<\/mark><\/strong><\/td><\/tr><\/tbody><\/table><\/figure>\n\n\n\n<p><strong>6) <strong><strong><mark style=\"background-color:rgba(0, 0, 0, 0)\" class=\"has-inline-color has-vivid-purple-color\">Use h\u00edfen<\/mark><\/strong><\/strong> quando o prefixo terminar com a mesma consoante que inicia o segundo elemento.<\/strong><\/p>\n\n\n\n<figure class=\"wp-block-table is-style-stripes\"><table><tbody><tr><td class=\"has-text-align-center\" data-align=\"center\"><strong>Exemplos: <mark style=\"background-color:rgba(0, 0, 0, 0)\" class=\"has-inline-color has-vivid-green-cyan-color\">inter-racial, super-realista, super-resistente, super-rom\u00e2ntico.<\/mark><\/strong><\/td><\/tr><\/tbody><\/table><\/figure>\n\n\n\n<p><strong>7) <strong><strong><mark style=\"background-color:rgba(0, 0, 0, 0)\" class=\"has-inline-color has-vivid-purple-color\">N\u00e3o use h\u00edfen<\/mark><\/strong><\/strong> quando o prefixo terminar em consoante e o segundo elemento come\u00e7ar com uma vogal.<\/strong><\/p>\n\n\n\n<figure class=\"wp-block-table is-style-stripes\"><table><tbody><tr><td class=\"has-text-align-center\" data-align=\"center\"><strong>Exemplos: <mark style=\"background-color:rgba(0, 0, 0, 0)\" class=\"has-inline-color has-vivid-green-cyan-color\">hiperativo, interestadual, superamigo, superexigente.<\/mark><\/strong><\/td><\/tr><\/tbody><\/table><\/figure>\n\n\n\n<p>Caso voc\u00ea tenha estranhado, \u00e9 isso mesmo!<br>Quando usamos o prefixo <strong>super<\/strong>, precisamos escrev\u00ea-lo junto da palavra que vem em seguida \u2014 costumamos escrever separadamente, n\u00e3o \u00e9 mesmo?<\/p>\n\n\n\n<p>O interessante \u00e9 que supermercado todo mundo sempre escreveu junto. \ud83e\udd14<br>No entanto, quando escrevemos <strong>superinteligente<\/strong> e <strong>superinteressante<\/strong>, por exemplo, \u00e9 comum escrevermos separado.<\/p>\n\n\n\n<p>Bom, mas agora voc\u00ea aprendeu que o correto \u00e9 escrever tudo junto, sem h\u00edfen.<\/p>\n\n\n\n<p><strong>8) <strong><strong><mark style=\"background-color:rgba(0, 0, 0, 0)\" class=\"has-inline-color has-vivid-purple-color\">Use h\u00edfen<\/mark><\/strong><\/strong> com os prefixos <span style=\"text-decoration: underline;\">ex<\/span>, <span style=\"text-decoration: underline;\">rec\u00e9m<\/span>, <span style=\"text-decoration: underline;\">p\u00f3s<\/span>, <span style=\"text-decoration: underline;\">pr\u00e9<\/span> e <span style=\"text-decoration: underline;\">pr\u00f3<\/span>.<\/strong><\/p>\n\n\n\n<figure class=\"wp-block-table is-style-stripes\"><table><tbody><tr><td class=\"has-text-align-center\" data-align=\"center\"><strong>Exemplos: <\/strong><mark style=\"background-color:rgba(0, 0, 0, 0)\" class=\"has-inline-color has-vivid-green-cyan-color\"><strong>ex-namorado, ex-presidente, p\u00f3s-gradua\u00e7\u00e3o,<\/strong><br><strong>pr\u00e9-vestibular, rec\u00e9m-casado, rec\u00e9m-nascido.<\/strong><\/mark><\/td><\/tr><\/tbody><\/table><\/figure>\n\n\n\n<p><strong>9) <mark style=\"background-color:rgba(0, 0, 0, 0)\" class=\"has-inline-color has-vivid-purple-color\">N\u00e3o use h\u00edfen<\/mark> com o prefixo <span style=\"text-decoration: underline;\">co<\/span>, que deve ser escrito junto ao segundo elemento, mesmo que este inicie com O ou H.<\/strong><\/p>\n\n\n\n<p>No caso do H, elimine a consoante. Quando o segundo elemento iniciar com R ou S, duplique essas consoantes.<\/p>\n\n\n\n<figure class=\"wp-block-table is-style-stripes\"><table><tbody><tr><td class=\"has-text-align-center\" data-align=\"center\"><strong>Exemplos: <mark style=\"background-color:rgba(0, 0, 0, 0)\" class=\"has-inline-color has-vivid-green-cyan-color\">coabita\u00e7\u00e3o, coautor, cofundador, coobriga\u00e7\u00e3o e correspons\u00e1vel.<\/mark><\/strong><\/td><\/tr><\/tbody><\/table><\/figure>\n\n\n\n<p>Bom, essas foram algumas das mudan\u00e7as que mais aparecem no nosso <strong>dia a dia<\/strong>.<br>Ainda tem mais, viu?!<br>Sim, <strong>dia a dia<\/strong> se escreve sem h\u00edfen. \ud83d\ude09<\/p>\n\n\n\n<p>Voc\u00ea pode conferir todas as mudan\u00e7as do \u201cnovo\u201d Acordo Ortogr\u00e1fico no:<\/p>\n\n\n\n<h2 class=\"wp-block-heading\"><strong><mark style=\"background-color:rgba(0, 0, 0, 0)\" class=\"has-inline-color has-vivid-purple-color\">Guia Pr\u00e1tico da Nova Ortografia &#8211; Michaelis<\/mark><\/strong><\/h2>\n\n\n\n<p>Nele voc\u00ea encontra tudo o que falei aqui e mais um bocado de informa\u00e7\u00f5es.<\/p>\n\n\n\n<p>Al\u00e9m da <a href=\"https:\/\/monicaguerretta.com\/qualeocerto\/wp-content\/uploads\/2022\/03\/Michaelis-Guia-Pratico-da-Nova-Ortografia.pdf\" target=\"_blank\" rel=\"noreferrer noopener\">vers\u00e3o em PDF, que voc\u00ea pode baixar aqui<\/a>, existe a vers\u00e3o do guia em aplicativo (gratuito!) para voc\u00ea baixar no seu celular. Est\u00e1 dispon\u00edvel na <strong><a href=\"https:\/\/bit.ly\/35sHtoX\" target=\"_blank\" rel=\"noreferrer noopener\">Play Store<\/a><\/strong> e na <strong><a href=\"https:\/\/apple.co\/32EocyY\" target=\"_blank\" rel=\"noreferrer noopener\">Apple Store<\/a><\/strong>.<\/p>\n\n\n\n<h2 class=\"wp-block-heading\"><strong><mark style=\"background-color:rgba(0, 0, 0, 0)\" class=\"has-inline-color has-vivid-purple-color\">Sobre o \u201cnovo\u201d Acordo Ortogr\u00e1fico<\/mark><\/strong><\/h2>\n\n\n\n<p>Bom, s\u00f3 para lembrar, essas mudan\u00e7as da Reforma Ortogr\u00e1fica est\u00e3o valendo desde 2009, quando entraram em vigor sem obrigatoriedade. Isso significa que, por um tempo, as palavras que passaram por mudan\u00e7as ainda poderiam ser escritas em sua forma antiga ou na forma nova.<\/p>\n\n\n\n<p><strong>Mas desde 2016 o que est\u00e1 valendo \u00e9 somente o que est\u00e1 de acordo com o atual Acordo Ortogr\u00e1fico.<\/strong><br>Por isso <strong>voc\u00ea precisa se atualizar<\/strong> e tomar cuidado para n\u00e3o se confundir mais. Entendido? <\/p>\n","protected":false},"excerpt":{"rendered":"<p>Voc\u00ea sabia que o \u201cnovo\u201d Acordo Ortogr\u00e1fico est\u00e1 valendo desde 2009?Por isso eu sempre digo que&hellip;<\/p>\n","protected":false},"author":2,"featured_media":1210,"comment_status":"open","ping_status":"open","sticky":false,"template":"","format":"standard","meta":{"_exactmetrics_skip_tracking":false,"_exactmetrics_sitenote_active":false,"_exactmetrics_sitenote_note":"","_exactmetrics_sitenote_category":0,"footnotes":""},"categories":[178,183,184,291],"tags":[92,96,27,25,163,164],"class_list":["post-1209","post","type-post","status-publish","format-standard","has-post-thumbnail","hentry","category-novo-acordo-ortografico","category-acentuacao","category-hifen","category-portugues","tag-acento","tag-hifen","tag-novo-acordo-ortografico","tag-perdeu-o-acento","tag-tem-hifen","tag-trema"],"yoast_head":"<!-- This site is optimized with the Yoast SEO plugin v27.5 - https:\/\/yoast.com\/product\/yoast-seo-wordpress\/ -->\n<title>Atualize-se! O &quot;novo&quot; Acordo Ortogr\u00e1fico est\u00e1 valendo desde 2009 &#187; Qual \u00e9 o certo?<\/title>\n<meta name=\"description\" content=\"Voc\u00ea sabia que o \u201cnovo\u201d Acordo Ortogr\u00e1fico est\u00e1 valendo desde 2009?Por isso eu sempre digo que ele n\u00e3o \u00e9 mais t\u00e3o novo assim.Pois \u00e9\u2026 j\u00e1 faz mais de 10 anos!E voc\u00ea a\u00ed, ainda escrevendo ideia com acento, dia a dia com h\u00edfen, micro-ondas sem h\u00edfen\u2026\u00a0\" \/>\n<meta name=\"robots\" content=\"index, follow, max-snippet:-1, max-image-preview:large, max-video-preview:-1\" \/>\n<link rel=\"canonical\" href=\"https:\/\/monicaguerretta.com\/qualeocerto\/atualize-se-com-o-novo-acordo-ortografico\/\" \/>\n<meta property=\"og:locale\" content=\"pt_BR\" \/>\n<meta property=\"og:type\" content=\"article\" \/>\n<meta property=\"og:title\" content=\"Atualize-se! O &quot;novo&quot; Acordo Ortogr\u00e1fico est\u00e1 valendo desde 2009 &#187; Qual \u00e9 o certo?\" \/>\n<meta property=\"og:description\" content=\"Voc\u00ea sabia que o \u201cnovo\u201d Acordo Ortogr\u00e1fico est\u00e1 valendo desde 2009?Por isso eu sempre digo que ele n\u00e3o \u00e9 mais t\u00e3o novo assim.Pois \u00e9\u2026 j\u00e1 faz mais de 10 anos!E voc\u00ea a\u00ed, ainda escrevendo ideia com acento, dia a dia com h\u00edfen, micro-ondas sem h\u00edfen\u2026\u00a0\" \/>\n<meta property=\"og:url\" content=\"https:\/\/monicaguerretta.com\/qualeocerto\/atualize-se-com-o-novo-acordo-ortografico\/\" \/>\n<meta property=\"og:site_name\" content=\"Qual \u00e9 o certo?\" \/>\n<meta property=\"article:publisher\" content=\"https:\/\/www.facebook.com\/qualeocerto\" \/>\n<meta property=\"article:published_time\" content=\"2020-10-23T16:58:00+00:00\" \/>\n<meta property=\"article:modified_time\" content=\"2022-12-02T22:00:47+00:00\" \/>\n<meta property=\"og:image\" content=\"https:\/\/monicaguerretta.com\/qualeocerto\/wp-content\/uploads\/2022\/03\/novo-acordo-ortografico-qual-e-o-certo.png\" \/>\n\t<meta property=\"og:image:width\" content=\"600\" \/>\n\t<meta property=\"og:image:height\" content=\"601\" \/>\n\t<meta property=\"og:image:type\" content=\"image\/png\" \/>\n<meta name=\"author\" content=\"M\u00f4nica Guerretta\" \/>\n<meta name=\"twitter:card\" content=\"summary_large_image\" \/>\n<meta name=\"twitter:label1\" content=\"Escrito por\" \/>\n\t<meta name=\"twitter:data1\" content=\"M\u00f4nica Guerretta\" \/>\n\t<meta name=\"twitter:label2\" content=\"Est. tempo de leitura\" \/>\n\t<meta name=\"twitter:data2\" content=\"6 minutos\" \/>\n<script type=\"application\/ld+json\" class=\"yoast-schema-graph\">{\"@context\":\"https:\\\/\\\/schema.org\",\"@graph\":[{\"@type\":\"Article\",\"@id\":\"https:\\\/\\\/monicaguerretta.com\\\/qualeocerto\\\/atualize-se-com-o-novo-acordo-ortografico\\\/#article\",\"isPartOf\":{\"@id\":\"https:\\\/\\\/monicaguerretta.com\\\/qualeocerto\\\/atualize-se-com-o-novo-acordo-ortografico\\\/\"},\"author\":{\"name\":\"M\u00f4nica Guerretta\",\"@id\":\"https:\\\/\\\/monicaguerretta.com\\\/qualeocerto\\\/#\\\/schema\\\/person\\\/214b5e9a83b11fe11a18ecae0d21f79a\"},\"headline\":\"Atualize-se! O &#8220;novo&#8221; Acordo Ortogr\u00e1fico est\u00e1 valendo desde 2009\",\"datePublished\":\"2020-10-23T16:58:00+00:00\",\"dateModified\":\"2022-12-02T22:00:47+00:00\",\"mainEntityOfPage\":{\"@id\":\"https:\\\/\\\/monicaguerretta.com\\\/qualeocerto\\\/atualize-se-com-o-novo-acordo-ortografico\\\/\"},\"wordCount\":1158,\"commentCount\":0,\"publisher\":{\"@id\":\"https:\\\/\\\/monicaguerretta.com\\\/qualeocerto\\\/#organization\"},\"image\":{\"@id\":\"https:\\\/\\\/monicaguerretta.com\\\/qualeocerto\\\/atualize-se-com-o-novo-acordo-ortografico\\\/#primaryimage\"},\"thumbnailUrl\":\"https:\\\/\\\/monicaguerretta.com\\\/qualeocerto\\\/wp-content\\\/uploads\\\/2022\\\/03\\\/novo-acordo-ortografico-qual-e-o-certo.png\",\"keywords\":[\"acento\",\"h\u00edfen\",\"novo acordo ortogr\u00e1fico\",\"perdeu o acento\",\"tem h\u00edfen\",\"trema\"],\"articleSection\":[\"\\\"Novo\\\" Acordo Ortogr\u00e1fico\",\"Acentua\u00e7\u00e3o\",\"H\u00edfen\",\"Portugu\u00eas\"],\"inLanguage\":\"pt-BR\",\"potentialAction\":[{\"@type\":\"CommentAction\",\"name\":\"Comment\",\"target\":[\"https:\\\/\\\/monicaguerretta.com\\\/qualeocerto\\\/atualize-se-com-o-novo-acordo-ortografico\\\/#respond\"]}]},{\"@type\":\"WebPage\",\"@id\":\"https:\\\/\\\/monicaguerretta.com\\\/qualeocerto\\\/atualize-se-com-o-novo-acordo-ortografico\\\/\",\"url\":\"https:\\\/\\\/monicaguerretta.com\\\/qualeocerto\\\/atualize-se-com-o-novo-acordo-ortografico\\\/\",\"name\":\"Atualize-se! O \\\"novo\\\" Acordo Ortogr\u00e1fico est\u00e1 valendo desde 2009 &#187; Qual \u00e9 o certo?\",\"isPartOf\":{\"@id\":\"https:\\\/\\\/monicaguerretta.com\\\/qualeocerto\\\/#website\"},\"primaryImageOfPage\":{\"@id\":\"https:\\\/\\\/monicaguerretta.com\\\/qualeocerto\\\/atualize-se-com-o-novo-acordo-ortografico\\\/#primaryimage\"},\"image\":{\"@id\":\"https:\\\/\\\/monicaguerretta.com\\\/qualeocerto\\\/atualize-se-com-o-novo-acordo-ortografico\\\/#primaryimage\"},\"thumbnailUrl\":\"https:\\\/\\\/monicaguerretta.com\\\/qualeocerto\\\/wp-content\\\/uploads\\\/2022\\\/03\\\/novo-acordo-ortografico-qual-e-o-certo.png\",\"datePublished\":\"2020-10-23T16:58:00+00:00\",\"dateModified\":\"2022-12-02T22:00:47+00:00\",\"description\":\"Voc\u00ea sabia que o \u201cnovo\u201d Acordo Ortogr\u00e1fico est\u00e1 valendo desde 2009?Por isso eu sempre digo que ele n\u00e3o \u00e9 mais t\u00e3o novo assim.Pois \u00e9\u2026 j\u00e1 faz mais de 10 anos!E voc\u00ea a\u00ed, ainda escrevendo ideia com acento, dia a dia com h\u00edfen, micro-ondas sem h\u00edfen\u2026\u00a0\",\"breadcrumb\":{\"@id\":\"https:\\\/\\\/monicaguerretta.com\\\/qualeocerto\\\/atualize-se-com-o-novo-acordo-ortografico\\\/#breadcrumb\"},\"inLanguage\":\"pt-BR\",\"potentialAction\":[{\"@type\":\"ReadAction\",\"target\":[\"https:\\\/\\\/monicaguerretta.com\\\/qualeocerto\\\/atualize-se-com-o-novo-acordo-ortografico\\\/\"]}]},{\"@type\":\"ImageObject\",\"inLanguage\":\"pt-BR\",\"@id\":\"https:\\\/\\\/monicaguerretta.com\\\/qualeocerto\\\/atualize-se-com-o-novo-acordo-ortografico\\\/#primaryimage\",\"url\":\"https:\\\/\\\/monicaguerretta.com\\\/qualeocerto\\\/wp-content\\\/uploads\\\/2022\\\/03\\\/novo-acordo-ortografico-qual-e-o-certo.png\",\"contentUrl\":\"https:\\\/\\\/monicaguerretta.com\\\/qualeocerto\\\/wp-content\\\/uploads\\\/2022\\\/03\\\/novo-acordo-ortografico-qual-e-o-certo.png\",\"width\":600,\"height\":601,\"caption\":\"novo acordo ortogr\u00e1fico - qual \u00e9 o certo\"},{\"@type\":\"BreadcrumbList\",\"@id\":\"https:\\\/\\\/monicaguerretta.com\\\/qualeocerto\\\/atualize-se-com-o-novo-acordo-ortografico\\\/#breadcrumb\",\"itemListElement\":[{\"@type\":\"ListItem\",\"position\":1,\"name\":\"In\u00edcio\",\"item\":\"https:\\\/\\\/monicaguerretta.com\\\/qualeocerto\\\/\"},{\"@type\":\"ListItem\",\"position\":2,\"name\":\"Atualize-se! O &#8220;novo&#8221; Acordo Ortogr\u00e1fico est\u00e1 valendo desde 2009\"}]},{\"@type\":\"WebSite\",\"@id\":\"https:\\\/\\\/monicaguerretta.com\\\/qualeocerto\\\/#website\",\"url\":\"https:\\\/\\\/monicaguerretta.com\\\/qualeocerto\\\/\",\"name\":\"Qual \u00e9 o Certo?\",\"description\":\"M\u00f4nica Guerretta | Redatora publicit\u00e1ria | Copywriting - UX Writing\",\"publisher\":{\"@id\":\"https:\\\/\\\/monicaguerretta.com\\\/qualeocerto\\\/#organization\"},\"potentialAction\":[{\"@type\":\"SearchAction\",\"target\":{\"@type\":\"EntryPoint\",\"urlTemplate\":\"https:\\\/\\\/monicaguerretta.com\\\/qualeocerto\\\/?s={search_term_string}\"},\"query-input\":{\"@type\":\"PropertyValueSpecification\",\"valueRequired\":true,\"valueName\":\"search_term_string\"}}],\"inLanguage\":\"pt-BR\"},{\"@type\":\"Organization\",\"@id\":\"https:\\\/\\\/monicaguerretta.com\\\/qualeocerto\\\/#organization\",\"name\":\"Qual \u00e9 o certo?\",\"url\":\"https:\\\/\\\/monicaguerretta.com\\\/qualeocerto\\\/\",\"logo\":{\"@type\":\"ImageObject\",\"inLanguage\":\"pt-BR\",\"@id\":\"https:\\\/\\\/monicaguerretta.com\\\/qualeocerto\\\/#\\\/schema\\\/logo\\\/image\\\/\",\"url\":\"https:\\\/\\\/monicaguerretta.com\\\/qualeocerto\\\/wp-content\\\/uploads\\\/2022\\\/08\\\/marca-quale.png\",\"contentUrl\":\"https:\\\/\\\/monicaguerretta.com\\\/qualeocerto\\\/wp-content\\\/uploads\\\/2022\\\/08\\\/marca-quale.png\",\"width\":592,\"height\":315,\"caption\":\"Qual \u00e9 o certo?\"},\"image\":{\"@id\":\"https:\\\/\\\/monicaguerretta.com\\\/qualeocerto\\\/#\\\/schema\\\/logo\\\/image\\\/\"},\"sameAs\":[\"https:\\\/\\\/www.facebook.com\\\/qualeocerto\",\"https:\\\/\\\/www.instagram.com\\\/qualeocerto\\\/\",\"https:\\\/\\\/www.youtube.com\\\/c\\\/qualeocerto\"]},{\"@type\":\"Person\",\"@id\":\"https:\\\/\\\/monicaguerretta.com\\\/qualeocerto\\\/#\\\/schema\\\/person\\\/214b5e9a83b11fe11a18ecae0d21f79a\",\"name\":\"M\u00f4nica Guerretta\",\"image\":{\"@type\":\"ImageObject\",\"inLanguage\":\"pt-BR\",\"@id\":\"https:\\\/\\\/secure.gravatar.com\\\/avatar\\\/cc0028ec5e6e39e7cd7e61c0fa6158a6d7f1edc39c4f536d768ad95ee3e26a8a?s=96&d=mm&r=g\",\"url\":\"https:\\\/\\\/secure.gravatar.com\\\/avatar\\\/cc0028ec5e6e39e7cd7e61c0fa6158a6d7f1edc39c4f536d768ad95ee3e26a8a?s=96&d=mm&r=g\",\"contentUrl\":\"https:\\\/\\\/secure.gravatar.com\\\/avatar\\\/cc0028ec5e6e39e7cd7e61c0fa6158a6d7f1edc39c4f536d768ad95ee3e26a8a?s=96&d=mm&r=g\",\"caption\":\"M\u00f4nica Guerretta\"}}]}<\/script>\n<!-- \/ Yoast SEO plugin. -->","yoast_head_json":{"title":"Atualize-se! O \"novo\" Acordo Ortogr\u00e1fico est\u00e1 valendo desde 2009 &#187; Qual \u00e9 o certo?","description":"Voc\u00ea sabia que o \u201cnovo\u201d Acordo Ortogr\u00e1fico est\u00e1 valendo desde 2009?Por isso eu sempre digo que ele n\u00e3o \u00e9 mais t\u00e3o novo assim.Pois \u00e9\u2026 j\u00e1 faz mais de 10 anos!E voc\u00ea a\u00ed, ainda escrevendo ideia com acento, dia a dia com h\u00edfen, micro-ondas sem h\u00edfen\u2026\u00a0","robots":{"index":"index","follow":"follow","max-snippet":"max-snippet:-1","max-image-preview":"max-image-preview:large","max-video-preview":"max-video-preview:-1"},"canonical":"https:\/\/monicaguerretta.com\/qualeocerto\/atualize-se-com-o-novo-acordo-ortografico\/","og_locale":"pt_BR","og_type":"article","og_title":"Atualize-se! O \"novo\" Acordo Ortogr\u00e1fico est\u00e1 valendo desde 2009 &#187; Qual \u00e9 o certo?","og_description":"Voc\u00ea sabia que o \u201cnovo\u201d Acordo Ortogr\u00e1fico est\u00e1 valendo desde 2009?Por isso eu sempre digo que ele n\u00e3o \u00e9 mais t\u00e3o novo assim.Pois \u00e9\u2026 j\u00e1 faz mais de 10 anos!E voc\u00ea a\u00ed, ainda escrevendo ideia com acento, dia a dia com h\u00edfen, micro-ondas sem h\u00edfen\u2026\u00a0","og_url":"https:\/\/monicaguerretta.com\/qualeocerto\/atualize-se-com-o-novo-acordo-ortografico\/","og_site_name":"Qual \u00e9 o certo?","article_publisher":"https:\/\/www.facebook.com\/qualeocerto","article_published_time":"2020-10-23T16:58:00+00:00","article_modified_time":"2022-12-02T22:00:47+00:00","og_image":[{"width":600,"height":601,"url":"https:\/\/monicaguerretta.com\/qualeocerto\/wp-content\/uploads\/2022\/03\/novo-acordo-ortografico-qual-e-o-certo.png","type":"image\/png"}],"author":"M\u00f4nica Guerretta","twitter_card":"summary_large_image","twitter_misc":{"Escrito por":"M\u00f4nica Guerretta","Est. tempo de leitura":"6 minutos"},"schema":{"@context":"https:\/\/schema.org","@graph":[{"@type":"Article","@id":"https:\/\/monicaguerretta.com\/qualeocerto\/atualize-se-com-o-novo-acordo-ortografico\/#article","isPartOf":{"@id":"https:\/\/monicaguerretta.com\/qualeocerto\/atualize-se-com-o-novo-acordo-ortografico\/"},"author":{"name":"M\u00f4nica Guerretta","@id":"https:\/\/monicaguerretta.com\/qualeocerto\/#\/schema\/person\/214b5e9a83b11fe11a18ecae0d21f79a"},"headline":"Atualize-se! O &#8220;novo&#8221; Acordo Ortogr\u00e1fico est\u00e1 valendo desde 2009","datePublished":"2020-10-23T16:58:00+00:00","dateModified":"2022-12-02T22:00:47+00:00","mainEntityOfPage":{"@id":"https:\/\/monicaguerretta.com\/qualeocerto\/atualize-se-com-o-novo-acordo-ortografico\/"},"wordCount":1158,"commentCount":0,"publisher":{"@id":"https:\/\/monicaguerretta.com\/qualeocerto\/#organization"},"image":{"@id":"https:\/\/monicaguerretta.com\/qualeocerto\/atualize-se-com-o-novo-acordo-ortografico\/#primaryimage"},"thumbnailUrl":"https:\/\/monicaguerretta.com\/qualeocerto\/wp-content\/uploads\/2022\/03\/novo-acordo-ortografico-qual-e-o-certo.png","keywords":["acento","h\u00edfen","novo acordo ortogr\u00e1fico","perdeu o acento","tem h\u00edfen","trema"],"articleSection":["\"Novo\" Acordo Ortogr\u00e1fico","Acentua\u00e7\u00e3o","H\u00edfen","Portugu\u00eas"],"inLanguage":"pt-BR","potentialAction":[{"@type":"CommentAction","name":"Comment","target":["https:\/\/monicaguerretta.com\/qualeocerto\/atualize-se-com-o-novo-acordo-ortografico\/#respond"]}]},{"@type":"WebPage","@id":"https:\/\/monicaguerretta.com\/qualeocerto\/atualize-se-com-o-novo-acordo-ortografico\/","url":"https:\/\/monicaguerretta.com\/qualeocerto\/atualize-se-com-o-novo-acordo-ortografico\/","name":"Atualize-se! O \"novo\" Acordo Ortogr\u00e1fico est\u00e1 valendo desde 2009 &#187; Qual \u00e9 o certo?","isPartOf":{"@id":"https:\/\/monicaguerretta.com\/qualeocerto\/#website"},"primaryImageOfPage":{"@id":"https:\/\/monicaguerretta.com\/qualeocerto\/atualize-se-com-o-novo-acordo-ortografico\/#primaryimage"},"image":{"@id":"https:\/\/monicaguerretta.com\/qualeocerto\/atualize-se-com-o-novo-acordo-ortografico\/#primaryimage"},"thumbnailUrl":"https:\/\/monicaguerretta.com\/qualeocerto\/wp-content\/uploads\/2022\/03\/novo-acordo-ortografico-qual-e-o-certo.png","datePublished":"2020-10-23T16:58:00+00:00","dateModified":"2022-12-02T22:00:47+00:00","description":"Voc\u00ea sabia que o \u201cnovo\u201d Acordo Ortogr\u00e1fico est\u00e1 valendo desde 2009?Por isso eu sempre digo que ele n\u00e3o \u00e9 mais t\u00e3o novo assim.Pois \u00e9\u2026 j\u00e1 faz mais de 10 anos!E voc\u00ea a\u00ed, ainda escrevendo ideia com acento, dia a dia com h\u00edfen, micro-ondas sem h\u00edfen\u2026\u00a0","breadcrumb":{"@id":"https:\/\/monicaguerretta.com\/qualeocerto\/atualize-se-com-o-novo-acordo-ortografico\/#breadcrumb"},"inLanguage":"pt-BR","potentialAction":[{"@type":"ReadAction","target":["https:\/\/monicaguerretta.com\/qualeocerto\/atualize-se-com-o-novo-acordo-ortografico\/"]}]},{"@type":"ImageObject","inLanguage":"pt-BR","@id":"https:\/\/monicaguerretta.com\/qualeocerto\/atualize-se-com-o-novo-acordo-ortografico\/#primaryimage","url":"https:\/\/monicaguerretta.com\/qualeocerto\/wp-content\/uploads\/2022\/03\/novo-acordo-ortografico-qual-e-o-certo.png","contentUrl":"https:\/\/monicaguerretta.com\/qualeocerto\/wp-content\/uploads\/2022\/03\/novo-acordo-ortografico-qual-e-o-certo.png","width":600,"height":601,"caption":"novo acordo ortogr\u00e1fico - qual \u00e9 o certo"},{"@type":"BreadcrumbList","@id":"https:\/\/monicaguerretta.com\/qualeocerto\/atualize-se-com-o-novo-acordo-ortografico\/#breadcrumb","itemListElement":[{"@type":"ListItem","position":1,"name":"In\u00edcio","item":"https:\/\/monicaguerretta.com\/qualeocerto\/"},{"@type":"ListItem","position":2,"name":"Atualize-se! O &#8220;novo&#8221; Acordo Ortogr\u00e1fico est\u00e1 valendo desde 2009"}]},{"@type":"WebSite","@id":"https:\/\/monicaguerretta.com\/qualeocerto\/#website","url":"https:\/\/monicaguerretta.com\/qualeocerto\/","name":"Qual \u00e9 o Certo?","description":"M\u00f4nica Guerretta | Redatora publicit\u00e1ria | Copywriting - UX Writing","publisher":{"@id":"https:\/\/monicaguerretta.com\/qualeocerto\/#organization"},"potentialAction":[{"@type":"SearchAction","target":{"@type":"EntryPoint","urlTemplate":"https:\/\/monicaguerretta.com\/qualeocerto\/?s={search_term_string}"},"query-input":{"@type":"PropertyValueSpecification","valueRequired":true,"valueName":"search_term_string"}}],"inLanguage":"pt-BR"},{"@type":"Organization","@id":"https:\/\/monicaguerretta.com\/qualeocerto\/#organization","name":"Qual \u00e9 o certo?","url":"https:\/\/monicaguerretta.com\/qualeocerto\/","logo":{"@type":"ImageObject","inLanguage":"pt-BR","@id":"https:\/\/monicaguerretta.com\/qualeocerto\/#\/schema\/logo\/image\/","url":"https:\/\/monicaguerretta.com\/qualeocerto\/wp-content\/uploads\/2022\/08\/marca-quale.png","contentUrl":"https:\/\/monicaguerretta.com\/qualeocerto\/wp-content\/uploads\/2022\/08\/marca-quale.png","width":592,"height":315,"caption":"Qual \u00e9 o certo?"},"image":{"@id":"https:\/\/monicaguerretta.com\/qualeocerto\/#\/schema\/logo\/image\/"},"sameAs":["https:\/\/www.facebook.com\/qualeocerto","https:\/\/www.instagram.com\/qualeocerto\/","https:\/\/www.youtube.com\/c\/qualeocerto"]},{"@type":"Person","@id":"https:\/\/monicaguerretta.com\/qualeocerto\/#\/schema\/person\/214b5e9a83b11fe11a18ecae0d21f79a","name":"M\u00f4nica Guerretta","image":{"@type":"ImageObject","inLanguage":"pt-BR","@id":"https:\/\/secure.gravatar.com\/avatar\/cc0028ec5e6e39e7cd7e61c0fa6158a6d7f1edc39c4f536d768ad95ee3e26a8a?s=96&d=mm&r=g","url":"https:\/\/secure.gravatar.com\/avatar\/cc0028ec5e6e39e7cd7e61c0fa6158a6d7f1edc39c4f536d768ad95ee3e26a8a?s=96&d=mm&r=g","contentUrl":"https:\/\/secure.gravatar.com\/avatar\/cc0028ec5e6e39e7cd7e61c0fa6158a6d7f1edc39c4f536d768ad95ee3e26a8a?s=96&d=mm&r=g","caption":"M\u00f4nica Guerretta"}}]}},"_links":{"self":[{"href":"https:\/\/monicaguerretta.com\/qualeocerto\/wp-json\/wp\/v2\/posts\/1209","targetHints":{"allow":["GET"]}}],"collection":[{"href":"https:\/\/monicaguerretta.com\/qualeocerto\/wp-json\/wp\/v2\/posts"}],"about":[{"href":"https:\/\/monicaguerretta.com\/qualeocerto\/wp-json\/wp\/v2\/types\/post"}],"author":[{"embeddable":true,"href":"https:\/\/monicaguerretta.com\/qualeocerto\/wp-json\/wp\/v2\/users\/2"}],"replies":[{"embeddable":true,"href":"https:\/\/monicaguerretta.com\/qualeocerto\/wp-json\/wp\/v2\/comments?post=1209"}],"version-history":[{"count":17,"href":"https:\/\/monicaguerretta.com\/qualeocerto\/wp-json\/wp\/v2\/posts\/1209\/revisions"}],"predecessor-version":[{"id":2551,"href":"https:\/\/monicaguerretta.com\/qualeocerto\/wp-json\/wp\/v2\/posts\/1209\/revisions\/2551"}],"wp:featuredmedia":[{"embeddable":true,"href":"https:\/\/monicaguerretta.com\/qualeocerto\/wp-json\/wp\/v2\/media\/1210"}],"wp:attachment":[{"href":"https:\/\/monicaguerretta.com\/qualeocerto\/wp-json\/wp\/v2\/media?parent=1209"}],"wp:term":[{"taxonomy":"category","embeddable":true,"href":"https:\/\/monicaguerretta.com\/qualeocerto\/wp-json\/wp\/v2\/categories?post=1209"},{"taxonomy":"post_tag","embeddable":true,"href":"https:\/\/monicaguerretta.com\/qualeocerto\/wp-json\/wp\/v2\/tags?post=1209"}],"curies":[{"name":"wp","href":"https:\/\/api.w.org\/{rel}","templated":true}]}}