{"id":1276,"date":"2021-06-08T22:48:00","date_gmt":"2021-06-08T22:48:00","guid":{"rendered":"https:\/\/monicaguerretta.com\/qualeocerto\/?p=1276"},"modified":"2022-12-02T21:51:50","modified_gmt":"2022-12-02T21:51:50","slug":"tudo-a-ver-ou-tudo-haver","status":"publish","type":"post","link":"https:\/\/monicaguerretta.com\/qualeocerto\/tudo-a-ver-ou-tudo-haver\/","title":{"rendered":"<strong>Qual \u00e9 o certo: &#8220;tudo a ver&#8221; ou &#8220;tudo haver&#8221;?<\/strong>"},"content":{"rendered":"\n<p>Quando voc\u00ea quiser dizer que uma pessoa combina com outra, o certo \u00e9 dizer que essas pessoas t\u00eam <strong>tudo a ver<\/strong> ou <strong>tudo haver<\/strong>?<\/p>\n\n\n\n<p>E quando voc\u00ea quiser dizer que ningu\u00e9m tem que se meter na sua vida: o certo \u00e9 dizer que ningu\u00e9m tem <strong>nada a ver<\/strong> ou <strong>nada haver<\/strong> com a sua vida?<\/p>\n\n\n\n<p>Aprenda agora qual \u00e9 o certo!<\/p>\n\n\n\n<figure class=\"wp-block-embed is-type-video is-provider-youtube wp-block-embed-youtube wp-embed-aspect-16-9 wp-has-aspect-ratio\"><div class=\"wp-block-embed__wrapper\">\n<iframe title=\"Qual \u00e9 o certo? &quot;Tudo a ver&quot; ou &quot;tudo haver&quot;? &quot;Nada a ver&quot; ou &quot;nada haver&quot;?\" width=\"700\" height=\"394\" src=\"https:\/\/www.youtube.com\/embed\/aF_W1qiHNm4?feature=oembed\" frameborder=\"0\" allow=\"accelerometer; autoplay; clipboard-write; encrypted-media; gyroscope; picture-in-picture\" allowfullscreen><\/iframe>\n<\/div><\/figure>\n\n\n\n<p>Sempre que voc\u00ea quiser dizer que <strong>algo ou algu\u00e9m combina, \u00e9 do interesse ou diz respeito a outro algo ou algu\u00e9m<\/strong>, o certo \u00e9 usar <strong><mark style=\"background-color:rgba(0, 0, 0, 0)\" class=\"has-inline-color has-vivid-green-cyan-color\">tem a ver<\/mark><\/strong>.<\/p>\n\n\n\n<p>Por outro lado, para dizer que <strong>algo ou algu\u00e9m <span style=\"text-decoration: underline;\">n\u00e3o<\/span> combina, <span style=\"text-decoration: underline;\">n\u00e3o<\/span> \u00e9 do interesse ou <span style=\"text-decoration: underline;\">n\u00e3o<\/span> diz respeito a outro algo ou algu\u00e9m<\/strong>, o certo \u00e9 usar a express\u00e3o <strong><mark style=\"background-color:rgba(0, 0, 0, 0)\" class=\"has-inline-color has-vivid-green-cyan-color\">nada a ver<\/mark><\/strong>.<\/p>\n\n\n\n<h2 class=\"wp-block-heading\"><strong><mark style=\"background-color:rgba(0, 0, 0, 0)\" class=\"has-inline-color has-vivid-purple-color\">Escreva \u201ca ver\u201d sempre separado<\/mark><\/strong><\/h2>\n\n\n\n<p>Escrever <strong><mark style=\"background-color:rgba(0, 0, 0, 0)\" class=\"has-inline-color has-vivid-red-color\">tem haver<\/mark><\/strong>, <strong><mark style=\"background-color:rgba(0, 0, 0, 0)\" class=\"has-inline-color has-vivid-red-color\">tudo haver<\/mark><\/strong> e <strong><mark style=\"background-color:rgba(0, 0, 0, 0)\" class=\"has-inline-color has-vivid-red-color\">nada haver<\/mark><\/strong> nesses casos est\u00e1 errado; n\u00e3o tem <strong><mark style=\"background-color:rgba(0, 0, 0, 0)\" class=\"has-inline-color has-vivid-purple-color\">nada a ver<\/mark><\/strong>. \ud83d\ude09<\/p>\n\n\n\n<p>Exemplos:<br><strong>\u2705 Esse filme tem <mark style=\"background-color:rgba(0, 0, 0, 0)\" class=\"has-inline-color has-vivid-green-cyan-color\">tudo a ver<\/mark> comigo.<\/strong><br><strong>\u2705 Ele tem <mark style=\"background-color:rgba(0, 0, 0, 0)\" class=\"has-inline-color has-vivid-green-cyan-color\">tudo a ver<\/mark> comigo.<\/strong><br><strong>\u2705 Esta blusa tem <mark style=\"background-color:rgba(0, 0, 0, 0)\" class=\"has-inline-color has-vivid-green-cyan-color\">tudo a ver<\/mark> comigo.<\/strong><br><strong>\u2705 N\u00e3o tenho <mark style=\"background-color:rgba(0, 0, 0, 0)\" class=\"has-inline-color has-vivid-green-cyan-color\">nada a ver<\/mark> com isso.<\/strong><br><strong>\u2705 Voc\u00ea n\u00e3o tem <mark style=\"background-color:rgba(0, 0, 0, 0)\" class=\"has-inline-color has-vivid-green-cyan-color\">nada a ver<\/mark> com a minha vida.<\/strong><br><strong>\u2705 Este lugar n\u00e3o tem <mark style=\"background-color:rgba(0, 0, 0, 0)\" class=\"has-inline-color has-vivid-green-cyan-color\">nada a ver<\/mark> comigo.<\/strong><br><strong>\u2705 Dar dicas sem refer\u00eancias n\u00e3o tem <mark style=\"background-color:rgba(0, 0, 0, 0)\" class=\"has-inline-color has-vivid-green-cyan-color\">nada a ver<\/mark> com a Moniquinha.<\/strong><\/p>\n\n\n\n<h2 class=\"wp-block-heading\"><strong><mark style=\"background-color:rgba(0, 0, 0, 0)\" class=\"has-inline-color has-vivid-purple-color\">O que dizem os dicion\u00e1rios?<\/mark><\/strong><\/h2>\n\n\n\n<p>Se voc\u00ea pesquisar o verbo <a href=\"https:\/\/michaelis.uol.com.br\/moderno-portugues\/busca\/portugues-brasileiro\/ter\/\" target=\"_blank\" rel=\"noreferrer noopener\"><strong>ter<\/strong><\/a> no dicion\u00e1rio <strong>Michaelis<\/strong> on-line, l\u00e1 na parte de express\u00f5es voc\u00ea encontrar\u00e1 isto aqui:<\/p>\n\n\n\n<blockquote class=\"wp-block-quote is-layout-flow wp-block-quote-is-layout-flow\"><p>\u201cTer a ver com: ter rela\u00e7\u00e3o com; ligar-se, ter que ver.\u201d<\/p><\/blockquote>\n\n\n\n<p>Mas, se voc\u00ea ainda estiver com desconfian\u00e7a, voc\u00ea tamb\u00e9m pode pesquisar o verbo <strong><a href=\"https:\/\/houaiss.uol.com.br\/corporativo\/apps\/uol_www\/v6-0\/html\/index.php#3\" target=\"_blank\" rel=\"noreferrer noopener\">ter<\/a><\/strong> no dicion\u00e1rio <strong>Houaiss<\/strong>. L\u00e1, voc\u00ea encontrar\u00e1 isto aqui:<\/p>\n\n\n\n<blockquote class=\"wp-block-quote is-layout-flow wp-block-quote-is-layout-flow\"><p>\u201cter a ver com:<br>1. ter rela\u00e7\u00e3o com; dizer respeito a, ligar-se a, correlacionar-se com &lt;cinema tem a ver comigo> &lt;uma coisa n\u00e3o tem nada a ver com a outra> &lt;que tem isso a ver conosco?><br>2. fazer, imiscuindo-se em &lt;que \u00e9 que ele tem a ver com a minha vida?>\u201d<\/p><\/blockquote>\n\n\n\n<p>Agora voc\u00ea deve estar pensando:<br>\u201cImiscuindo-se?! Eu l\u00e1 vou saber o que significa imiscuindo-se!&#8221; \ud83e\udd14<\/p>\n\n\n\n<p>Calma! A Moniquinha tem a resposta.<\/p>\n\n\n\n<p>De acordo com o <strong>Michaelis<\/strong>, <a href=\"https:\/\/michaelis.uol.com.br\/moderno-portugues\/busca\/portugues-brasileiro\/imiscuir\/\" target=\"_blank\" rel=\"noreferrer noopener\"><strong>imiscuir-se<\/strong><\/a> significa:<\/p>\n\n\n\n<blockquote class=\"wp-block-quote is-layout-flow wp-block-quote-is-layout-flow\"><p>\u201c1. Participar de ou emitir opini\u00e3o sobre (algo) que n\u00e3o lhe diz respeito; ingerir-se, intervir, intrometer-se: \u00c9 melhor n\u00e3o se imiscuir em assuntos alheios.<br>2. Ligar-se estreitamente a (algo); confundir-se, envolver-se, misturar-se: Imiscuiu-se em neg\u00f3cios escusos e se deu mal.\u201d<\/p><\/blockquote>\n\n\n\n<p>Pronto!<br>Agora voc\u00ea aprendeu que o certo \u00e9 <mark style=\"background-color:rgba(0, 0, 0, 0)\" class=\"has-inline-color has-vivid-purple-color\"><strong>tudo a ver<\/strong><\/mark> e <strong><mark style=\"background-color:rgba(0, 0, 0, 0)\" class=\"has-inline-color has-vivid-purple-color\">nada a ver<\/mark><\/strong>, e tamb\u00e9m aprendeu uma palavrinha nova: <strong>imiscuir-se<\/strong>. \ud83d\ude04<\/p>\n","protected":false},"excerpt":{"rendered":"<p>Quando voc\u00ea quiser dizer que uma pessoa combina com outra, o certo \u00e9 dizer que essas&hellip;<\/p>\n","protected":false},"author":2,"featured_media":1277,"comment_status":"open","ping_status":"open","sticky":false,"template":"","format":"standard","meta":{"_exactmetrics_skip_tracking":false,"_exactmetrics_sitenote_active":false,"_exactmetrics_sitenote_note":"","_exactmetrics_sitenote_category":0,"footnotes":""},"categories":[179,291],"tags":[168,170,171,169],"class_list":["post-1276","post","type-post","status-publish","format-standard","has-post-thumbnail","hentry","category-confusoes-comuns","category-portugues","tag-a-ver","tag-nada-a-ver","tag-ter-a-ver","tag-tudo-a-ver"],"yoast_head":"<!-- This site is optimized with the Yoast SEO plugin v27.5 - https:\/\/yoast.com\/product\/yoast-seo-wordpress\/ -->\n<title>Qual \u00e9 o certo: &quot;tudo a ver&quot; ou &quot;tudo haver&quot;? &#187; Qual \u00e9 o certo?<\/title>\n<meta name=\"description\" content=\"Esta \u00e9 uma das maiores d\u00favidas da humanidade. Qual \u00e9 o certo: tudo a ver ou tudo haver? Venha ver qual \u00e9 o certo!\" \/>\n<meta name=\"robots\" content=\"index, follow, max-snippet:-1, max-image-preview:large, max-video-preview:-1\" \/>\n<link rel=\"canonical\" href=\"https:\/\/monicaguerretta.com\/qualeocerto\/tudo-a-ver-ou-tudo-haver\/\" \/>\n<meta property=\"og:locale\" content=\"pt_BR\" \/>\n<meta property=\"og:type\" content=\"article\" \/>\n<meta property=\"og:title\" content=\"Qual \u00e9 o certo: &quot;tudo a ver&quot; ou &quot;tudo haver&quot;? &#187; Qual \u00e9 o certo?\" \/>\n<meta property=\"og:description\" content=\"Esta \u00e9 uma das maiores d\u00favidas da humanidade. Qual \u00e9 o certo: tudo a ver ou tudo haver? Venha ver qual \u00e9 o certo!\" \/>\n<meta property=\"og:url\" content=\"https:\/\/monicaguerretta.com\/qualeocerto\/tudo-a-ver-ou-tudo-haver\/\" \/>\n<meta property=\"og:site_name\" content=\"Qual \u00e9 o certo?\" \/>\n<meta property=\"article:publisher\" content=\"https:\/\/www.facebook.com\/qualeocerto\" \/>\n<meta property=\"article:published_time\" content=\"2021-06-08T22:48:00+00:00\" \/>\n<meta property=\"article:modified_time\" content=\"2022-12-02T21:51:50+00:00\" \/>\n<meta property=\"og:image\" content=\"https:\/\/monicaguerretta.com\/qualeocerto\/wp-content\/uploads\/2022\/04\/tudo-a-ver-ou-tudo-haver-qual-e-o-certo.png\" \/>\n\t<meta property=\"og:image:width\" content=\"600\" \/>\n\t<meta property=\"og:image:height\" content=\"601\" \/>\n\t<meta property=\"og:image:type\" content=\"image\/png\" \/>\n<meta name=\"author\" content=\"M\u00f4nica Guerretta\" \/>\n<meta name=\"twitter:card\" content=\"summary_large_image\" \/>\n<meta name=\"twitter:label1\" content=\"Escrito por\" \/>\n\t<meta name=\"twitter:data1\" content=\"M\u00f4nica Guerretta\" \/>\n\t<meta name=\"twitter:label2\" content=\"Est. tempo de leitura\" \/>\n\t<meta name=\"twitter:data2\" content=\"3 minutos\" \/>\n<script type=\"application\/ld+json\" class=\"yoast-schema-graph\">{\"@context\":\"https:\\\/\\\/schema.org\",\"@graph\":[{\"@type\":\"Article\",\"@id\":\"https:\\\/\\\/monicaguerretta.com\\\/qualeocerto\\\/tudo-a-ver-ou-tudo-haver\\\/#article\",\"isPartOf\":{\"@id\":\"https:\\\/\\\/monicaguerretta.com\\\/qualeocerto\\\/tudo-a-ver-ou-tudo-haver\\\/\"},\"author\":{\"name\":\"M\u00f4nica Guerretta\",\"@id\":\"https:\\\/\\\/monicaguerretta.com\\\/qualeocerto\\\/#\\\/schema\\\/person\\\/214b5e9a83b11fe11a18ecae0d21f79a\"},\"headline\":\"Qual \u00e9 o certo: &#8220;tudo a ver&#8221; ou &#8220;tudo haver&#8221;?\",\"datePublished\":\"2021-06-08T22:48:00+00:00\",\"dateModified\":\"2022-12-02T21:51:50+00:00\",\"mainEntityOfPage\":{\"@id\":\"https:\\\/\\\/monicaguerretta.com\\\/qualeocerto\\\/tudo-a-ver-ou-tudo-haver\\\/\"},\"wordCount\":435,\"commentCount\":0,\"publisher\":{\"@id\":\"https:\\\/\\\/monicaguerretta.com\\\/qualeocerto\\\/#organization\"},\"image\":{\"@id\":\"https:\\\/\\\/monicaguerretta.com\\\/qualeocerto\\\/tudo-a-ver-ou-tudo-haver\\\/#primaryimage\"},\"thumbnailUrl\":\"https:\\\/\\\/monicaguerretta.com\\\/qualeocerto\\\/wp-content\\\/uploads\\\/2022\\\/04\\\/tudo-a-ver-ou-tudo-haver-qual-e-o-certo.png\",\"keywords\":[\"a ver\",\"nada a ver\",\"ter a ver\",\"tudo a ver\"],\"articleSection\":[\"Confus\u00f5es comuns\",\"Portugu\u00eas\"],\"inLanguage\":\"pt-BR\",\"potentialAction\":[{\"@type\":\"CommentAction\",\"name\":\"Comment\",\"target\":[\"https:\\\/\\\/monicaguerretta.com\\\/qualeocerto\\\/tudo-a-ver-ou-tudo-haver\\\/#respond\"]}]},{\"@type\":\"WebPage\",\"@id\":\"https:\\\/\\\/monicaguerretta.com\\\/qualeocerto\\\/tudo-a-ver-ou-tudo-haver\\\/\",\"url\":\"https:\\\/\\\/monicaguerretta.com\\\/qualeocerto\\\/tudo-a-ver-ou-tudo-haver\\\/\",\"name\":\"Qual \u00e9 o certo: \\\"tudo a ver\\\" ou \\\"tudo haver\\\"? &#187; Qual \u00e9 o certo?\",\"isPartOf\":{\"@id\":\"https:\\\/\\\/monicaguerretta.com\\\/qualeocerto\\\/#website\"},\"primaryImageOfPage\":{\"@id\":\"https:\\\/\\\/monicaguerretta.com\\\/qualeocerto\\\/tudo-a-ver-ou-tudo-haver\\\/#primaryimage\"},\"image\":{\"@id\":\"https:\\\/\\\/monicaguerretta.com\\\/qualeocerto\\\/tudo-a-ver-ou-tudo-haver\\\/#primaryimage\"},\"thumbnailUrl\":\"https:\\\/\\\/monicaguerretta.com\\\/qualeocerto\\\/wp-content\\\/uploads\\\/2022\\\/04\\\/tudo-a-ver-ou-tudo-haver-qual-e-o-certo.png\",\"datePublished\":\"2021-06-08T22:48:00+00:00\",\"dateModified\":\"2022-12-02T21:51:50+00:00\",\"description\":\"Esta \u00e9 uma das maiores d\u00favidas da humanidade. Qual \u00e9 o certo: tudo a ver ou tudo haver? Venha ver qual \u00e9 o certo!\",\"breadcrumb\":{\"@id\":\"https:\\\/\\\/monicaguerretta.com\\\/qualeocerto\\\/tudo-a-ver-ou-tudo-haver\\\/#breadcrumb\"},\"inLanguage\":\"pt-BR\",\"potentialAction\":[{\"@type\":\"ReadAction\",\"target\":[\"https:\\\/\\\/monicaguerretta.com\\\/qualeocerto\\\/tudo-a-ver-ou-tudo-haver\\\/\"]}]},{\"@type\":\"ImageObject\",\"inLanguage\":\"pt-BR\",\"@id\":\"https:\\\/\\\/monicaguerretta.com\\\/qualeocerto\\\/tudo-a-ver-ou-tudo-haver\\\/#primaryimage\",\"url\":\"https:\\\/\\\/monicaguerretta.com\\\/qualeocerto\\\/wp-content\\\/uploads\\\/2022\\\/04\\\/tudo-a-ver-ou-tudo-haver-qual-e-o-certo.png\",\"contentUrl\":\"https:\\\/\\\/monicaguerretta.com\\\/qualeocerto\\\/wp-content\\\/uploads\\\/2022\\\/04\\\/tudo-a-ver-ou-tudo-haver-qual-e-o-certo.png\",\"width\":600,\"height\":601,\"caption\":\"tudo a ver ou tudo haver - qual \u00e9 o certo\"},{\"@type\":\"BreadcrumbList\",\"@id\":\"https:\\\/\\\/monicaguerretta.com\\\/qualeocerto\\\/tudo-a-ver-ou-tudo-haver\\\/#breadcrumb\",\"itemListElement\":[{\"@type\":\"ListItem\",\"position\":1,\"name\":\"In\u00edcio\",\"item\":\"https:\\\/\\\/monicaguerretta.com\\\/qualeocerto\\\/\"},{\"@type\":\"ListItem\",\"position\":2,\"name\":\"Qual \u00e9 o certo: &#8220;tudo a ver&#8221; ou &#8220;tudo haver&#8221;?\"}]},{\"@type\":\"WebSite\",\"@id\":\"https:\\\/\\\/monicaguerretta.com\\\/qualeocerto\\\/#website\",\"url\":\"https:\\\/\\\/monicaguerretta.com\\\/qualeocerto\\\/\",\"name\":\"Qual \u00e9 o Certo?\",\"description\":\"M\u00f4nica Guerretta | Redatora publicit\u00e1ria | Copywriting - UX Writing\",\"publisher\":{\"@id\":\"https:\\\/\\\/monicaguerretta.com\\\/qualeocerto\\\/#organization\"},\"potentialAction\":[{\"@type\":\"SearchAction\",\"target\":{\"@type\":\"EntryPoint\",\"urlTemplate\":\"https:\\\/\\\/monicaguerretta.com\\\/qualeocerto\\\/?s={search_term_string}\"},\"query-input\":{\"@type\":\"PropertyValueSpecification\",\"valueRequired\":true,\"valueName\":\"search_term_string\"}}],\"inLanguage\":\"pt-BR\"},{\"@type\":\"Organization\",\"@id\":\"https:\\\/\\\/monicaguerretta.com\\\/qualeocerto\\\/#organization\",\"name\":\"Qual \u00e9 o certo?\",\"url\":\"https:\\\/\\\/monicaguerretta.com\\\/qualeocerto\\\/\",\"logo\":{\"@type\":\"ImageObject\",\"inLanguage\":\"pt-BR\",\"@id\":\"https:\\\/\\\/monicaguerretta.com\\\/qualeocerto\\\/#\\\/schema\\\/logo\\\/image\\\/\",\"url\":\"https:\\\/\\\/monicaguerretta.com\\\/qualeocerto\\\/wp-content\\\/uploads\\\/2022\\\/08\\\/marca-quale.png\",\"contentUrl\":\"https:\\\/\\\/monicaguerretta.com\\\/qualeocerto\\\/wp-content\\\/uploads\\\/2022\\\/08\\\/marca-quale.png\",\"width\":592,\"height\":315,\"caption\":\"Qual \u00e9 o certo?\"},\"image\":{\"@id\":\"https:\\\/\\\/monicaguerretta.com\\\/qualeocerto\\\/#\\\/schema\\\/logo\\\/image\\\/\"},\"sameAs\":[\"https:\\\/\\\/www.facebook.com\\\/qualeocerto\",\"https:\\\/\\\/www.instagram.com\\\/qualeocerto\\\/\",\"https:\\\/\\\/www.youtube.com\\\/c\\\/qualeocerto\"]},{\"@type\":\"Person\",\"@id\":\"https:\\\/\\\/monicaguerretta.com\\\/qualeocerto\\\/#\\\/schema\\\/person\\\/214b5e9a83b11fe11a18ecae0d21f79a\",\"name\":\"M\u00f4nica Guerretta\",\"image\":{\"@type\":\"ImageObject\",\"inLanguage\":\"pt-BR\",\"@id\":\"https:\\\/\\\/secure.gravatar.com\\\/avatar\\\/cc0028ec5e6e39e7cd7e61c0fa6158a6d7f1edc39c4f536d768ad95ee3e26a8a?s=96&d=mm&r=g\",\"url\":\"https:\\\/\\\/secure.gravatar.com\\\/avatar\\\/cc0028ec5e6e39e7cd7e61c0fa6158a6d7f1edc39c4f536d768ad95ee3e26a8a?s=96&d=mm&r=g\",\"contentUrl\":\"https:\\\/\\\/secure.gravatar.com\\\/avatar\\\/cc0028ec5e6e39e7cd7e61c0fa6158a6d7f1edc39c4f536d768ad95ee3e26a8a?s=96&d=mm&r=g\",\"caption\":\"M\u00f4nica Guerretta\"}}]}<\/script>\n<!-- \/ Yoast SEO plugin. -->","yoast_head_json":{"title":"Qual \u00e9 o certo: \"tudo a ver\" ou \"tudo haver\"? &#187; Qual \u00e9 o certo?","description":"Esta \u00e9 uma das maiores d\u00favidas da humanidade. Qual \u00e9 o certo: tudo a ver ou tudo haver? Venha ver qual \u00e9 o certo!","robots":{"index":"index","follow":"follow","max-snippet":"max-snippet:-1","max-image-preview":"max-image-preview:large","max-video-preview":"max-video-preview:-1"},"canonical":"https:\/\/monicaguerretta.com\/qualeocerto\/tudo-a-ver-ou-tudo-haver\/","og_locale":"pt_BR","og_type":"article","og_title":"Qual \u00e9 o certo: \"tudo a ver\" ou \"tudo haver\"? &#187; Qual \u00e9 o certo?","og_description":"Esta \u00e9 uma das maiores d\u00favidas da humanidade. Qual \u00e9 o certo: tudo a ver ou tudo haver? Venha ver qual \u00e9 o certo!","og_url":"https:\/\/monicaguerretta.com\/qualeocerto\/tudo-a-ver-ou-tudo-haver\/","og_site_name":"Qual \u00e9 o certo?","article_publisher":"https:\/\/www.facebook.com\/qualeocerto","article_published_time":"2021-06-08T22:48:00+00:00","article_modified_time":"2022-12-02T21:51:50+00:00","og_image":[{"width":600,"height":601,"url":"https:\/\/monicaguerretta.com\/qualeocerto\/wp-content\/uploads\/2022\/04\/tudo-a-ver-ou-tudo-haver-qual-e-o-certo.png","type":"image\/png"}],"author":"M\u00f4nica Guerretta","twitter_card":"summary_large_image","twitter_misc":{"Escrito por":"M\u00f4nica Guerretta","Est. tempo de leitura":"3 minutos"},"schema":{"@context":"https:\/\/schema.org","@graph":[{"@type":"Article","@id":"https:\/\/monicaguerretta.com\/qualeocerto\/tudo-a-ver-ou-tudo-haver\/#article","isPartOf":{"@id":"https:\/\/monicaguerretta.com\/qualeocerto\/tudo-a-ver-ou-tudo-haver\/"},"author":{"name":"M\u00f4nica Guerretta","@id":"https:\/\/monicaguerretta.com\/qualeocerto\/#\/schema\/person\/214b5e9a83b11fe11a18ecae0d21f79a"},"headline":"Qual \u00e9 o certo: &#8220;tudo a ver&#8221; ou &#8220;tudo haver&#8221;?","datePublished":"2021-06-08T22:48:00+00:00","dateModified":"2022-12-02T21:51:50+00:00","mainEntityOfPage":{"@id":"https:\/\/monicaguerretta.com\/qualeocerto\/tudo-a-ver-ou-tudo-haver\/"},"wordCount":435,"commentCount":0,"publisher":{"@id":"https:\/\/monicaguerretta.com\/qualeocerto\/#organization"},"image":{"@id":"https:\/\/monicaguerretta.com\/qualeocerto\/tudo-a-ver-ou-tudo-haver\/#primaryimage"},"thumbnailUrl":"https:\/\/monicaguerretta.com\/qualeocerto\/wp-content\/uploads\/2022\/04\/tudo-a-ver-ou-tudo-haver-qual-e-o-certo.png","keywords":["a ver","nada a ver","ter a ver","tudo a ver"],"articleSection":["Confus\u00f5es comuns","Portugu\u00eas"],"inLanguage":"pt-BR","potentialAction":[{"@type":"CommentAction","name":"Comment","target":["https:\/\/monicaguerretta.com\/qualeocerto\/tudo-a-ver-ou-tudo-haver\/#respond"]}]},{"@type":"WebPage","@id":"https:\/\/monicaguerretta.com\/qualeocerto\/tudo-a-ver-ou-tudo-haver\/","url":"https:\/\/monicaguerretta.com\/qualeocerto\/tudo-a-ver-ou-tudo-haver\/","name":"Qual \u00e9 o certo: \"tudo a ver\" ou \"tudo haver\"? &#187; Qual \u00e9 o certo?","isPartOf":{"@id":"https:\/\/monicaguerretta.com\/qualeocerto\/#website"},"primaryImageOfPage":{"@id":"https:\/\/monicaguerretta.com\/qualeocerto\/tudo-a-ver-ou-tudo-haver\/#primaryimage"},"image":{"@id":"https:\/\/monicaguerretta.com\/qualeocerto\/tudo-a-ver-ou-tudo-haver\/#primaryimage"},"thumbnailUrl":"https:\/\/monicaguerretta.com\/qualeocerto\/wp-content\/uploads\/2022\/04\/tudo-a-ver-ou-tudo-haver-qual-e-o-certo.png","datePublished":"2021-06-08T22:48:00+00:00","dateModified":"2022-12-02T21:51:50+00:00","description":"Esta \u00e9 uma das maiores d\u00favidas da humanidade. Qual \u00e9 o certo: tudo a ver ou tudo haver? Venha ver qual \u00e9 o certo!","breadcrumb":{"@id":"https:\/\/monicaguerretta.com\/qualeocerto\/tudo-a-ver-ou-tudo-haver\/#breadcrumb"},"inLanguage":"pt-BR","potentialAction":[{"@type":"ReadAction","target":["https:\/\/monicaguerretta.com\/qualeocerto\/tudo-a-ver-ou-tudo-haver\/"]}]},{"@type":"ImageObject","inLanguage":"pt-BR","@id":"https:\/\/monicaguerretta.com\/qualeocerto\/tudo-a-ver-ou-tudo-haver\/#primaryimage","url":"https:\/\/monicaguerretta.com\/qualeocerto\/wp-content\/uploads\/2022\/04\/tudo-a-ver-ou-tudo-haver-qual-e-o-certo.png","contentUrl":"https:\/\/monicaguerretta.com\/qualeocerto\/wp-content\/uploads\/2022\/04\/tudo-a-ver-ou-tudo-haver-qual-e-o-certo.png","width":600,"height":601,"caption":"tudo a ver ou tudo haver - qual \u00e9 o certo"},{"@type":"BreadcrumbList","@id":"https:\/\/monicaguerretta.com\/qualeocerto\/tudo-a-ver-ou-tudo-haver\/#breadcrumb","itemListElement":[{"@type":"ListItem","position":1,"name":"In\u00edcio","item":"https:\/\/monicaguerretta.com\/qualeocerto\/"},{"@type":"ListItem","position":2,"name":"Qual \u00e9 o certo: &#8220;tudo a ver&#8221; ou &#8220;tudo haver&#8221;?"}]},{"@type":"WebSite","@id":"https:\/\/monicaguerretta.com\/qualeocerto\/#website","url":"https:\/\/monicaguerretta.com\/qualeocerto\/","name":"Qual \u00e9 o Certo?","description":"M\u00f4nica Guerretta | Redatora publicit\u00e1ria | Copywriting - UX Writing","publisher":{"@id":"https:\/\/monicaguerretta.com\/qualeocerto\/#organization"},"potentialAction":[{"@type":"SearchAction","target":{"@type":"EntryPoint","urlTemplate":"https:\/\/monicaguerretta.com\/qualeocerto\/?s={search_term_string}"},"query-input":{"@type":"PropertyValueSpecification","valueRequired":true,"valueName":"search_term_string"}}],"inLanguage":"pt-BR"},{"@type":"Organization","@id":"https:\/\/monicaguerretta.com\/qualeocerto\/#organization","name":"Qual \u00e9 o certo?","url":"https:\/\/monicaguerretta.com\/qualeocerto\/","logo":{"@type":"ImageObject","inLanguage":"pt-BR","@id":"https:\/\/monicaguerretta.com\/qualeocerto\/#\/schema\/logo\/image\/","url":"https:\/\/monicaguerretta.com\/qualeocerto\/wp-content\/uploads\/2022\/08\/marca-quale.png","contentUrl":"https:\/\/monicaguerretta.com\/qualeocerto\/wp-content\/uploads\/2022\/08\/marca-quale.png","width":592,"height":315,"caption":"Qual \u00e9 o certo?"},"image":{"@id":"https:\/\/monicaguerretta.com\/qualeocerto\/#\/schema\/logo\/image\/"},"sameAs":["https:\/\/www.facebook.com\/qualeocerto","https:\/\/www.instagram.com\/qualeocerto\/","https:\/\/www.youtube.com\/c\/qualeocerto"]},{"@type":"Person","@id":"https:\/\/monicaguerretta.com\/qualeocerto\/#\/schema\/person\/214b5e9a83b11fe11a18ecae0d21f79a","name":"M\u00f4nica Guerretta","image":{"@type":"ImageObject","inLanguage":"pt-BR","@id":"https:\/\/secure.gravatar.com\/avatar\/cc0028ec5e6e39e7cd7e61c0fa6158a6d7f1edc39c4f536d768ad95ee3e26a8a?s=96&d=mm&r=g","url":"https:\/\/secure.gravatar.com\/avatar\/cc0028ec5e6e39e7cd7e61c0fa6158a6d7f1edc39c4f536d768ad95ee3e26a8a?s=96&d=mm&r=g","contentUrl":"https:\/\/secure.gravatar.com\/avatar\/cc0028ec5e6e39e7cd7e61c0fa6158a6d7f1edc39c4f536d768ad95ee3e26a8a?s=96&d=mm&r=g","caption":"M\u00f4nica Guerretta"}}]}},"_links":{"self":[{"href":"https:\/\/monicaguerretta.com\/qualeocerto\/wp-json\/wp\/v2\/posts\/1276","targetHints":{"allow":["GET"]}}],"collection":[{"href":"https:\/\/monicaguerretta.com\/qualeocerto\/wp-json\/wp\/v2\/posts"}],"about":[{"href":"https:\/\/monicaguerretta.com\/qualeocerto\/wp-json\/wp\/v2\/types\/post"}],"author":[{"embeddable":true,"href":"https:\/\/monicaguerretta.com\/qualeocerto\/wp-json\/wp\/v2\/users\/2"}],"replies":[{"embeddable":true,"href":"https:\/\/monicaguerretta.com\/qualeocerto\/wp-json\/wp\/v2\/comments?post=1276"}],"version-history":[{"count":9,"href":"https:\/\/monicaguerretta.com\/qualeocerto\/wp-json\/wp\/v2\/posts\/1276\/revisions"}],"predecessor-version":[{"id":2521,"href":"https:\/\/monicaguerretta.com\/qualeocerto\/wp-json\/wp\/v2\/posts\/1276\/revisions\/2521"}],"wp:featuredmedia":[{"embeddable":true,"href":"https:\/\/monicaguerretta.com\/qualeocerto\/wp-json\/wp\/v2\/media\/1277"}],"wp:attachment":[{"href":"https:\/\/monicaguerretta.com\/qualeocerto\/wp-json\/wp\/v2\/media?parent=1276"}],"wp:term":[{"taxonomy":"category","embeddable":true,"href":"https:\/\/monicaguerretta.com\/qualeocerto\/wp-json\/wp\/v2\/categories?post=1276"},{"taxonomy":"post_tag","embeddable":true,"href":"https:\/\/monicaguerretta.com\/qualeocerto\/wp-json\/wp\/v2\/tags?post=1276"}],"curies":[{"name":"wp","href":"https:\/\/api.w.org\/{rel}","templated":true}]}}