{"id":1693,"date":"2022-05-24T23:24:00","date_gmt":"2022-05-24T23:24:00","guid":{"rendered":"https:\/\/monicaguerretta.com\/qualeocerto\/?p=1693"},"modified":"2022-12-02T21:45:46","modified_gmt":"2022-12-02T21:45:46","slug":"palavras-que-perderam-o-acento","status":"publish","type":"post","link":"https:\/\/monicaguerretta.com\/qualeocerto\/palavras-que-perderam-o-acento\/","title":{"rendered":"<strong>Truque para saber quais palavras perderam o acento &#8211; Parte 2<\/strong>"},"content":{"rendered":"\n<p>Voc\u00ea est\u00e1 em p\u00e9?<br>Recomendo que se sente, pois o que vou dizer agora \u00e9 chocante: \ud83d\udc23<br><strong>Faz quase 15 anos que voc\u00ea escreve um monte de palavras errado!<\/strong><\/p>\n\n\n\n<p>\u201cL\u00e1 vem a M\u00f4nica falar, mais uma vez, sobre o <a href=\"https:\/\/monicaguerretta.com\/qualeocerto\/faz-ou-fazem\/\" target=\"_blank\" rel=\"noreferrer noopener\">&#8216;novo&#8217; Acordo Ortogr\u00e1fico<\/a>\u2026\u201d<\/p>\n\n\n\n<p>Sim! Esse \u00e9 o tema que vou tratar neste artigo.<\/p>\n\n\n\n<p>Se voc\u00ea ainda escreve <strong><mark style=\"background-color:rgba(0, 0, 0, 0)\" class=\"has-inline-color has-vivid-purple-color\">voo<\/mark><\/strong> com acento, <strong><mark style=\"background-color:rgba(0, 0, 0, 0)\" class=\"has-inline-color has-vivid-purple-color\">veem<\/mark> <\/strong>com acento, <strong><mark style=\"background-color:rgba(0, 0, 0, 0)\" class=\"has-inline-color has-vivid-purple-color\">enjoo<\/mark> <\/strong>com acento\u2026 continue aqui comigo.<\/p>\n\n\n\n<p>Aprenda agora o truque para voc\u00ea se entender com algumas <strong>palavras que perderam o acento<\/strong>.<\/p>\n\n\n\n<figure class=\"wp-block-embed is-type-video is-provider-youtube wp-block-embed-youtube wp-embed-aspect-16-9 wp-has-aspect-ratio\"><div class=\"wp-block-embed__wrapper\">\n<iframe title=\"Voo sem acento? Truque para saber quais palavras perderam o acento\" width=\"700\" height=\"394\" src=\"https:\/\/www.youtube.com\/embed\/tuBkAsOcDFg?feature=oembed\" frameborder=\"0\" allow=\"accelerometer; autoplay; clipboard-write; encrypted-media; gyroscope; picture-in-picture\" allowfullscreen><\/iframe>\n<\/div><\/figure>\n\n\n\n<p>Aqui est\u00e1 a regra que voc\u00ea precisa armazenar a\u00ed na sua cabecinha:<\/p>\n\n\n\n<p><strong>Todas as palavras terminadas em \u00caEM e \u00d4O perderam o acento.<\/strong><br>Simples assim!<\/p>\n\n\n\n<p>Ent\u00e3o, vamos falar sobre cada uma dessas turminhas de palavras.<\/p>\n\n\n\n<h2 class=\"wp-block-heading\"><strong><mark style=\"background-color:rgba(0, 0, 0, 0)\" class=\"has-inline-color has-vivid-purple-color\">As palavras terminadas em \u00caEM<\/mark><\/strong><\/h2>\n\n\n\n<p>Um exemplo:<br><strong><mark style=\"background-color:rgba(0, 0, 0, 0)\" class=\"has-inline-color has-vivid-purple-color\">Veem<\/mark><\/strong>, do verbo ver.<\/p>\n\n\n\n<p>Eu aposto que voc\u00ea ainda escreve essa palavra com acento. Acertei?<\/p>\n\n\n\n<p>Mas saiba que <strong><mark style=\"background-color:rgba(0, 0, 0, 0)\" class=\"has-inline-color has-vivid-purple-color\">veem<\/mark><\/strong> perdeu o acento. J\u00e1 era!<\/p>\n\n\n\n<p>Bom, se <strong><strong><mark style=\"background-color:rgba(0, 0, 0, 0)\" class=\"has-inline-color has-vivid-purple-color\">veem<\/mark><\/strong><\/strong> perdeu o acento, que outras palavras tamb\u00e9m perderam?<\/p>\n\n\n\n<p>Isso mesmo! Todas as outras que terminam com \u00caEM.<\/p>\n\n\n\n<p>Exemplos:<br><mark style=\"background-color:rgba(0, 0, 0, 0)\" class=\"has-inline-color has-vivid-purple-color\"><strong>creem<\/strong><br><strong>deem<\/strong><br><strong>leem<\/strong><br><strong>preveem<\/strong><\/mark><\/p>\n\n\n\n<p>E tem mais palavras que se encaixam aqui, \u00e9 claro.<br>Afinal, TODAS terminadas em \u00caEM perderam o acento. Sacou?<\/p>\n\n\n\n<p>Agora, vamos falar sobre a outra turma.<\/p>\n\n\n\n<h2 class=\"wp-block-heading\"><strong><mark style=\"background-color:rgba(0, 0, 0, 0)\" class=\"has-inline-color has-vivid-purple-color\">As palavras terminadas em \u00d4O<\/mark><\/strong><\/h2>\n\n\n\n<p><strong><mark style=\"background-color:rgba(0, 0, 0, 0)\" class=\"has-inline-color has-vivid-purple-color\">Voo<\/mark><\/strong> \u00e9 uma palavra que se encaixa aqui, n\u00e3o \u00e9 mesmo?<\/p>\n\n\n\n<p>Isso significa que <strong><mark style=\"background-color:rgba(0, 0, 0, 0)\" class=\"has-inline-color has-vivid-purple-color\">voo<\/mark><\/strong> perdeu o acento.<\/p>\n\n\n\n<p>Se <strong><mark style=\"background-color:rgba(0, 0, 0, 0)\" class=\"has-inline-color has-vivid-purple-color\">voo<\/mark><\/strong> perdeu o acento, que outras palavras tamb\u00e9m perderam?<\/p>\n\n\n\n<p>Muito bem! Todas as outras que terminam com \u00d4O.<\/p>\n\n\n\n<p>Exemplos:<br><mark style=\"background-color:rgba(0, 0, 0, 0)\" class=\"has-inline-color has-vivid-purple-color\"><strong>doo<\/strong><br><strong>enjoo<\/strong><br><strong>perdoo<\/strong><br><strong>aben\u00e7oo<\/strong><\/mark><\/p>\n\n\n\n<p>Aqui a lista tamb\u00e9m continua.<\/p>\n\n\n\n<p>Ah, fale a verdade!<br>Est\u00e1 muito f\u00e1cil armazenar essa regra, n\u00e3o \u00e9 mesmo?<\/p>\n\n\n\n<p>\u26a0\ufe0f <mark style=\"background-color:rgba(0, 0, 0, 0)\" class=\"has-inline-color has-vivid-purple-color\"><strong>Terminou com OO, n\u00e3o tem acento.<\/strong> \u26a0\ufe0f<br>\u26a0\ufe0f<\/mark> <mark style=\"background-color:rgba(0, 0, 0, 0)\" class=\"has-inline-color has-vivid-purple-color\"><strong>Terminou com EEM, n\u00e3o tem acento.<\/strong><\/mark> \u26a0\ufe0f<\/p>\n\n\n\n<p>\u00c9 s\u00f3 voc\u00ea armazenar um exemplo de cada e pronto!<br>Com o tempo voc\u00ea vai associando todas as outras palavras que est\u00e3o dentro da mesma regra.<\/p>\n\n\n\n<p>Legal esse truque, hein!<\/p>\n\n\n\n<p><strong>Voc\u00ea quer saber mais sobre as mudan\u00e7as do \u201cnovo\u201d Acordo Ortogr\u00e1fico?<\/strong><br>Recomendo a leitura deste conte\u00fado:<br><a href=\"https:\/\/monicaguerretta.com\/qualeocerto\/atualize-se-com-o-novo-acordo-ortografico\/\" target=\"_blank\" rel=\"noreferrer noopener\">Atualize-se! O &#8220;novo&#8221; Acordo Ortogr\u00e1fico est\u00e1 valendo desde 2009<\/a><\/p>\n\n\n\n<p><strong>Veja mais palavras que perderam o acento neste artigo:<\/strong><br><a href=\"https:\/\/monicaguerretta.com\/qualeocerto\/quais-palavras-perderam-o-acento\/\" target=\"_blank\" rel=\"noreferrer noopener\">Truque para saber quais palavras perderam o acento &#8211; Parte 1<\/a><\/p>\n\n\n\n<p>Quando voc\u00ea tiver d\u00favida sobre a grafia correta de uma palavra, recomendo que consulte alguma destas fontes:<br>\ud83d\udc49 <a href=\"https:\/\/michaelis.uol.com.br\/\" target=\"_blank\" rel=\"noreferrer noopener\">Dicion\u00e1rio Michaelis<br><\/a>\ud83d\udc49 <a href=\"https:\/\/www.aulete.com.br\/\" target=\"_blank\" rel=\"noreferrer noopener\">Dicion\u00e1rio Caldas Aulete<\/a><br>\ud83d\udc49 <a href=\"https:\/\/houaiss.uol.com.br\/corporativo\/apps\/uol_www\/v6-0\/html\/index.php#3\" target=\"_blank\" rel=\"noreferrer noopener\">Dicion\u00e1rio Houaiss<\/a> (n\u00e3o \u00e9 gratuito, mas \u00e9 o mais completo entre os tr\u00eas)<\/p>\n","protected":false},"excerpt":{"rendered":"<p>Voc\u00ea est\u00e1 em p\u00e9?Recomendo que se sente, pois o que vou dizer agora \u00e9 chocante: \ud83d\udc23Faz&hellip;<\/p>\n","protected":false},"author":2,"featured_media":1694,"comment_status":"open","ping_status":"open","sticky":false,"template":"","format":"standard","meta":{"_exactmetrics_skip_tracking":false,"_exactmetrics_sitenote_active":false,"_exactmetrics_sitenote_note":"","_exactmetrics_sitenote_category":0,"footnotes":""},"categories":[178,183,291],"tags":[92,26,25],"class_list":["post-1693","post","type-post","status-publish","format-standard","has-post-thumbnail","hentry","category-novo-acordo-ortografico","category-acentuacao","category-portugues","tag-acento","tag-palavras-que-perderam-o-acento","tag-perdeu-o-acento"],"yoast_head":"<!-- This site is optimized with the Yoast SEO plugin v27.5 - https:\/\/yoast.com\/product\/yoast-seo-wordpress\/ -->\n<title>Truque para saber quais palavras perderam o acento - Parte 2 &#187; Qual \u00e9 o certo?<\/title>\n<meta name=\"description\" content=\"Voc\u00ea se perde com as mudan\u00e7as do &quot;novo&quot; Acordo Ortogr\u00e1fico? N\u00e3o sabe quais s\u00e3o as palavras que perderam o acento? Aprenda agora um truque!\" \/>\n<meta name=\"robots\" content=\"index, follow, max-snippet:-1, max-image-preview:large, max-video-preview:-1\" \/>\n<link rel=\"canonical\" href=\"https:\/\/monicaguerretta.com\/qualeocerto\/palavras-que-perderam-o-acento\/\" \/>\n<meta property=\"og:locale\" content=\"pt_BR\" \/>\n<meta property=\"og:type\" content=\"article\" \/>\n<meta property=\"og:title\" content=\"Truque para saber quais palavras perderam o acento - Parte 2 &#187; Qual \u00e9 o certo?\" \/>\n<meta property=\"og:description\" content=\"Voc\u00ea se perde com as mudan\u00e7as do &quot;novo&quot; Acordo Ortogr\u00e1fico? N\u00e3o sabe quais s\u00e3o as palavras que perderam o acento? Aprenda agora um truque!\" \/>\n<meta property=\"og:url\" content=\"https:\/\/monicaguerretta.com\/qualeocerto\/palavras-que-perderam-o-acento\/\" \/>\n<meta property=\"og:site_name\" content=\"Qual \u00e9 o certo?\" \/>\n<meta property=\"article:publisher\" content=\"https:\/\/www.facebook.com\/qualeocerto\" \/>\n<meta property=\"article:published_time\" content=\"2022-05-24T23:24:00+00:00\" \/>\n<meta property=\"article:modified_time\" content=\"2022-12-02T21:45:46+00:00\" \/>\n<meta property=\"og:image\" content=\"https:\/\/monicaguerretta.com\/qualeocerto\/wp-content\/uploads\/2022\/05\/palavras-que-perderam-o-acento-qual-e-o-certo.png\" \/>\n\t<meta property=\"og:image:width\" content=\"1080\" \/>\n\t<meta property=\"og:image:height\" content=\"1081\" \/>\n\t<meta property=\"og:image:type\" content=\"image\/png\" \/>\n<meta name=\"author\" content=\"M\u00f4nica Guerretta\" \/>\n<meta name=\"twitter:card\" content=\"summary_large_image\" \/>\n<meta name=\"twitter:label1\" content=\"Escrito por\" \/>\n\t<meta name=\"twitter:data1\" content=\"M\u00f4nica Guerretta\" \/>\n\t<meta name=\"twitter:label2\" content=\"Est. tempo de leitura\" \/>\n\t<meta name=\"twitter:data2\" content=\"3 minutos\" \/>\n<script type=\"application\/ld+json\" class=\"yoast-schema-graph\">{\"@context\":\"https:\\\/\\\/schema.org\",\"@graph\":[{\"@type\":\"Article\",\"@id\":\"https:\\\/\\\/monicaguerretta.com\\\/qualeocerto\\\/palavras-que-perderam-o-acento\\\/#article\",\"isPartOf\":{\"@id\":\"https:\\\/\\\/monicaguerretta.com\\\/qualeocerto\\\/palavras-que-perderam-o-acento\\\/\"},\"author\":{\"name\":\"M\u00f4nica Guerretta\",\"@id\":\"https:\\\/\\\/monicaguerretta.com\\\/qualeocerto\\\/#\\\/schema\\\/person\\\/214b5e9a83b11fe11a18ecae0d21f79a\"},\"headline\":\"Truque para saber quais palavras perderam o acento &#8211; Parte 2\",\"datePublished\":\"2022-05-24T23:24:00+00:00\",\"dateModified\":\"2022-12-02T21:45:46+00:00\",\"mainEntityOfPage\":{\"@id\":\"https:\\\/\\\/monicaguerretta.com\\\/qualeocerto\\\/palavras-que-perderam-o-acento\\\/\"},\"wordCount\":411,\"commentCount\":0,\"publisher\":{\"@id\":\"https:\\\/\\\/monicaguerretta.com\\\/qualeocerto\\\/#organization\"},\"image\":{\"@id\":\"https:\\\/\\\/monicaguerretta.com\\\/qualeocerto\\\/palavras-que-perderam-o-acento\\\/#primaryimage\"},\"thumbnailUrl\":\"https:\\\/\\\/monicaguerretta.com\\\/qualeocerto\\\/wp-content\\\/uploads\\\/2022\\\/05\\\/palavras-que-perderam-o-acento-qual-e-o-certo.png\",\"keywords\":[\"acento\",\"palavras que perderam o acento\",\"perdeu o acento\"],\"articleSection\":[\"\\\"Novo\\\" Acordo Ortogr\u00e1fico\",\"Acentua\u00e7\u00e3o\",\"Portugu\u00eas\"],\"inLanguage\":\"pt-BR\",\"potentialAction\":[{\"@type\":\"CommentAction\",\"name\":\"Comment\",\"target\":[\"https:\\\/\\\/monicaguerretta.com\\\/qualeocerto\\\/palavras-que-perderam-o-acento\\\/#respond\"]}]},{\"@type\":\"WebPage\",\"@id\":\"https:\\\/\\\/monicaguerretta.com\\\/qualeocerto\\\/palavras-que-perderam-o-acento\\\/\",\"url\":\"https:\\\/\\\/monicaguerretta.com\\\/qualeocerto\\\/palavras-que-perderam-o-acento\\\/\",\"name\":\"Truque para saber quais palavras perderam o acento - Parte 2 &#187; Qual \u00e9 o certo?\",\"isPartOf\":{\"@id\":\"https:\\\/\\\/monicaguerretta.com\\\/qualeocerto\\\/#website\"},\"primaryImageOfPage\":{\"@id\":\"https:\\\/\\\/monicaguerretta.com\\\/qualeocerto\\\/palavras-que-perderam-o-acento\\\/#primaryimage\"},\"image\":{\"@id\":\"https:\\\/\\\/monicaguerretta.com\\\/qualeocerto\\\/palavras-que-perderam-o-acento\\\/#primaryimage\"},\"thumbnailUrl\":\"https:\\\/\\\/monicaguerretta.com\\\/qualeocerto\\\/wp-content\\\/uploads\\\/2022\\\/05\\\/palavras-que-perderam-o-acento-qual-e-o-certo.png\",\"datePublished\":\"2022-05-24T23:24:00+00:00\",\"dateModified\":\"2022-12-02T21:45:46+00:00\",\"description\":\"Voc\u00ea se perde com as mudan\u00e7as do \\\"novo\\\" Acordo Ortogr\u00e1fico? N\u00e3o sabe quais s\u00e3o as palavras que perderam o acento? Aprenda agora um truque!\",\"breadcrumb\":{\"@id\":\"https:\\\/\\\/monicaguerretta.com\\\/qualeocerto\\\/palavras-que-perderam-o-acento\\\/#breadcrumb\"},\"inLanguage\":\"pt-BR\",\"potentialAction\":[{\"@type\":\"ReadAction\",\"target\":[\"https:\\\/\\\/monicaguerretta.com\\\/qualeocerto\\\/palavras-que-perderam-o-acento\\\/\"]}]},{\"@type\":\"ImageObject\",\"inLanguage\":\"pt-BR\",\"@id\":\"https:\\\/\\\/monicaguerretta.com\\\/qualeocerto\\\/palavras-que-perderam-o-acento\\\/#primaryimage\",\"url\":\"https:\\\/\\\/monicaguerretta.com\\\/qualeocerto\\\/wp-content\\\/uploads\\\/2022\\\/05\\\/palavras-que-perderam-o-acento-qual-e-o-certo.png\",\"contentUrl\":\"https:\\\/\\\/monicaguerretta.com\\\/qualeocerto\\\/wp-content\\\/uploads\\\/2022\\\/05\\\/palavras-que-perderam-o-acento-qual-e-o-certo.png\",\"width\":1080,\"height\":1081,\"caption\":\"palavras que perderam o acento - qual \u00e9 o certo\"},{\"@type\":\"BreadcrumbList\",\"@id\":\"https:\\\/\\\/monicaguerretta.com\\\/qualeocerto\\\/palavras-que-perderam-o-acento\\\/#breadcrumb\",\"itemListElement\":[{\"@type\":\"ListItem\",\"position\":1,\"name\":\"In\u00edcio\",\"item\":\"https:\\\/\\\/monicaguerretta.com\\\/qualeocerto\\\/\"},{\"@type\":\"ListItem\",\"position\":2,\"name\":\"Truque para saber quais palavras perderam o acento &#8211; Parte 2\"}]},{\"@type\":\"WebSite\",\"@id\":\"https:\\\/\\\/monicaguerretta.com\\\/qualeocerto\\\/#website\",\"url\":\"https:\\\/\\\/monicaguerretta.com\\\/qualeocerto\\\/\",\"name\":\"Qual \u00e9 o Certo?\",\"description\":\"M\u00f4nica Guerretta | Redatora publicit\u00e1ria | Copywriting - UX Writing\",\"publisher\":{\"@id\":\"https:\\\/\\\/monicaguerretta.com\\\/qualeocerto\\\/#organization\"},\"potentialAction\":[{\"@type\":\"SearchAction\",\"target\":{\"@type\":\"EntryPoint\",\"urlTemplate\":\"https:\\\/\\\/monicaguerretta.com\\\/qualeocerto\\\/?s={search_term_string}\"},\"query-input\":{\"@type\":\"PropertyValueSpecification\",\"valueRequired\":true,\"valueName\":\"search_term_string\"}}],\"inLanguage\":\"pt-BR\"},{\"@type\":\"Organization\",\"@id\":\"https:\\\/\\\/monicaguerretta.com\\\/qualeocerto\\\/#organization\",\"name\":\"Qual \u00e9 o certo?\",\"url\":\"https:\\\/\\\/monicaguerretta.com\\\/qualeocerto\\\/\",\"logo\":{\"@type\":\"ImageObject\",\"inLanguage\":\"pt-BR\",\"@id\":\"https:\\\/\\\/monicaguerretta.com\\\/qualeocerto\\\/#\\\/schema\\\/logo\\\/image\\\/\",\"url\":\"https:\\\/\\\/monicaguerretta.com\\\/qualeocerto\\\/wp-content\\\/uploads\\\/2022\\\/08\\\/marca-quale.png\",\"contentUrl\":\"https:\\\/\\\/monicaguerretta.com\\\/qualeocerto\\\/wp-content\\\/uploads\\\/2022\\\/08\\\/marca-quale.png\",\"width\":592,\"height\":315,\"caption\":\"Qual \u00e9 o certo?\"},\"image\":{\"@id\":\"https:\\\/\\\/monicaguerretta.com\\\/qualeocerto\\\/#\\\/schema\\\/logo\\\/image\\\/\"},\"sameAs\":[\"https:\\\/\\\/www.facebook.com\\\/qualeocerto\",\"https:\\\/\\\/www.instagram.com\\\/qualeocerto\\\/\",\"https:\\\/\\\/www.youtube.com\\\/c\\\/qualeocerto\"]},{\"@type\":\"Person\",\"@id\":\"https:\\\/\\\/monicaguerretta.com\\\/qualeocerto\\\/#\\\/schema\\\/person\\\/214b5e9a83b11fe11a18ecae0d21f79a\",\"name\":\"M\u00f4nica Guerretta\",\"image\":{\"@type\":\"ImageObject\",\"inLanguage\":\"pt-BR\",\"@id\":\"https:\\\/\\\/secure.gravatar.com\\\/avatar\\\/cc0028ec5e6e39e7cd7e61c0fa6158a6d7f1edc39c4f536d768ad95ee3e26a8a?s=96&d=mm&r=g\",\"url\":\"https:\\\/\\\/secure.gravatar.com\\\/avatar\\\/cc0028ec5e6e39e7cd7e61c0fa6158a6d7f1edc39c4f536d768ad95ee3e26a8a?s=96&d=mm&r=g\",\"contentUrl\":\"https:\\\/\\\/secure.gravatar.com\\\/avatar\\\/cc0028ec5e6e39e7cd7e61c0fa6158a6d7f1edc39c4f536d768ad95ee3e26a8a?s=96&d=mm&r=g\",\"caption\":\"M\u00f4nica Guerretta\"}}]}<\/script>\n<!-- \/ Yoast SEO plugin. -->","yoast_head_json":{"title":"Truque para saber quais palavras perderam o acento - Parte 2 &#187; Qual \u00e9 o certo?","description":"Voc\u00ea se perde com as mudan\u00e7as do \"novo\" Acordo Ortogr\u00e1fico? N\u00e3o sabe quais s\u00e3o as palavras que perderam o acento? Aprenda agora um truque!","robots":{"index":"index","follow":"follow","max-snippet":"max-snippet:-1","max-image-preview":"max-image-preview:large","max-video-preview":"max-video-preview:-1"},"canonical":"https:\/\/monicaguerretta.com\/qualeocerto\/palavras-que-perderam-o-acento\/","og_locale":"pt_BR","og_type":"article","og_title":"Truque para saber quais palavras perderam o acento - Parte 2 &#187; Qual \u00e9 o certo?","og_description":"Voc\u00ea se perde com as mudan\u00e7as do \"novo\" Acordo Ortogr\u00e1fico? N\u00e3o sabe quais s\u00e3o as palavras que perderam o acento? Aprenda agora um truque!","og_url":"https:\/\/monicaguerretta.com\/qualeocerto\/palavras-que-perderam-o-acento\/","og_site_name":"Qual \u00e9 o certo?","article_publisher":"https:\/\/www.facebook.com\/qualeocerto","article_published_time":"2022-05-24T23:24:00+00:00","article_modified_time":"2022-12-02T21:45:46+00:00","og_image":[{"width":1080,"height":1081,"url":"https:\/\/monicaguerretta.com\/qualeocerto\/wp-content\/uploads\/2022\/05\/palavras-que-perderam-o-acento-qual-e-o-certo.png","type":"image\/png"}],"author":"M\u00f4nica Guerretta","twitter_card":"summary_large_image","twitter_misc":{"Escrito por":"M\u00f4nica Guerretta","Est. tempo de leitura":"3 minutos"},"schema":{"@context":"https:\/\/schema.org","@graph":[{"@type":"Article","@id":"https:\/\/monicaguerretta.com\/qualeocerto\/palavras-que-perderam-o-acento\/#article","isPartOf":{"@id":"https:\/\/monicaguerretta.com\/qualeocerto\/palavras-que-perderam-o-acento\/"},"author":{"name":"M\u00f4nica Guerretta","@id":"https:\/\/monicaguerretta.com\/qualeocerto\/#\/schema\/person\/214b5e9a83b11fe11a18ecae0d21f79a"},"headline":"Truque para saber quais palavras perderam o acento &#8211; Parte 2","datePublished":"2022-05-24T23:24:00+00:00","dateModified":"2022-12-02T21:45:46+00:00","mainEntityOfPage":{"@id":"https:\/\/monicaguerretta.com\/qualeocerto\/palavras-que-perderam-o-acento\/"},"wordCount":411,"commentCount":0,"publisher":{"@id":"https:\/\/monicaguerretta.com\/qualeocerto\/#organization"},"image":{"@id":"https:\/\/monicaguerretta.com\/qualeocerto\/palavras-que-perderam-o-acento\/#primaryimage"},"thumbnailUrl":"https:\/\/monicaguerretta.com\/qualeocerto\/wp-content\/uploads\/2022\/05\/palavras-que-perderam-o-acento-qual-e-o-certo.png","keywords":["acento","palavras que perderam o acento","perdeu o acento"],"articleSection":["\"Novo\" Acordo Ortogr\u00e1fico","Acentua\u00e7\u00e3o","Portugu\u00eas"],"inLanguage":"pt-BR","potentialAction":[{"@type":"CommentAction","name":"Comment","target":["https:\/\/monicaguerretta.com\/qualeocerto\/palavras-que-perderam-o-acento\/#respond"]}]},{"@type":"WebPage","@id":"https:\/\/monicaguerretta.com\/qualeocerto\/palavras-que-perderam-o-acento\/","url":"https:\/\/monicaguerretta.com\/qualeocerto\/palavras-que-perderam-o-acento\/","name":"Truque para saber quais palavras perderam o acento - Parte 2 &#187; Qual \u00e9 o certo?","isPartOf":{"@id":"https:\/\/monicaguerretta.com\/qualeocerto\/#website"},"primaryImageOfPage":{"@id":"https:\/\/monicaguerretta.com\/qualeocerto\/palavras-que-perderam-o-acento\/#primaryimage"},"image":{"@id":"https:\/\/monicaguerretta.com\/qualeocerto\/palavras-que-perderam-o-acento\/#primaryimage"},"thumbnailUrl":"https:\/\/monicaguerretta.com\/qualeocerto\/wp-content\/uploads\/2022\/05\/palavras-que-perderam-o-acento-qual-e-o-certo.png","datePublished":"2022-05-24T23:24:00+00:00","dateModified":"2022-12-02T21:45:46+00:00","description":"Voc\u00ea se perde com as mudan\u00e7as do \"novo\" Acordo Ortogr\u00e1fico? N\u00e3o sabe quais s\u00e3o as palavras que perderam o acento? Aprenda agora um truque!","breadcrumb":{"@id":"https:\/\/monicaguerretta.com\/qualeocerto\/palavras-que-perderam-o-acento\/#breadcrumb"},"inLanguage":"pt-BR","potentialAction":[{"@type":"ReadAction","target":["https:\/\/monicaguerretta.com\/qualeocerto\/palavras-que-perderam-o-acento\/"]}]},{"@type":"ImageObject","inLanguage":"pt-BR","@id":"https:\/\/monicaguerretta.com\/qualeocerto\/palavras-que-perderam-o-acento\/#primaryimage","url":"https:\/\/monicaguerretta.com\/qualeocerto\/wp-content\/uploads\/2022\/05\/palavras-que-perderam-o-acento-qual-e-o-certo.png","contentUrl":"https:\/\/monicaguerretta.com\/qualeocerto\/wp-content\/uploads\/2022\/05\/palavras-que-perderam-o-acento-qual-e-o-certo.png","width":1080,"height":1081,"caption":"palavras que perderam o acento - qual \u00e9 o certo"},{"@type":"BreadcrumbList","@id":"https:\/\/monicaguerretta.com\/qualeocerto\/palavras-que-perderam-o-acento\/#breadcrumb","itemListElement":[{"@type":"ListItem","position":1,"name":"In\u00edcio","item":"https:\/\/monicaguerretta.com\/qualeocerto\/"},{"@type":"ListItem","position":2,"name":"Truque para saber quais palavras perderam o acento &#8211; Parte 2"}]},{"@type":"WebSite","@id":"https:\/\/monicaguerretta.com\/qualeocerto\/#website","url":"https:\/\/monicaguerretta.com\/qualeocerto\/","name":"Qual \u00e9 o Certo?","description":"M\u00f4nica Guerretta | Redatora publicit\u00e1ria | Copywriting - UX Writing","publisher":{"@id":"https:\/\/monicaguerretta.com\/qualeocerto\/#organization"},"potentialAction":[{"@type":"SearchAction","target":{"@type":"EntryPoint","urlTemplate":"https:\/\/monicaguerretta.com\/qualeocerto\/?s={search_term_string}"},"query-input":{"@type":"PropertyValueSpecification","valueRequired":true,"valueName":"search_term_string"}}],"inLanguage":"pt-BR"},{"@type":"Organization","@id":"https:\/\/monicaguerretta.com\/qualeocerto\/#organization","name":"Qual \u00e9 o certo?","url":"https:\/\/monicaguerretta.com\/qualeocerto\/","logo":{"@type":"ImageObject","inLanguage":"pt-BR","@id":"https:\/\/monicaguerretta.com\/qualeocerto\/#\/schema\/logo\/image\/","url":"https:\/\/monicaguerretta.com\/qualeocerto\/wp-content\/uploads\/2022\/08\/marca-quale.png","contentUrl":"https:\/\/monicaguerretta.com\/qualeocerto\/wp-content\/uploads\/2022\/08\/marca-quale.png","width":592,"height":315,"caption":"Qual \u00e9 o certo?"},"image":{"@id":"https:\/\/monicaguerretta.com\/qualeocerto\/#\/schema\/logo\/image\/"},"sameAs":["https:\/\/www.facebook.com\/qualeocerto","https:\/\/www.instagram.com\/qualeocerto\/","https:\/\/www.youtube.com\/c\/qualeocerto"]},{"@type":"Person","@id":"https:\/\/monicaguerretta.com\/qualeocerto\/#\/schema\/person\/214b5e9a83b11fe11a18ecae0d21f79a","name":"M\u00f4nica Guerretta","image":{"@type":"ImageObject","inLanguage":"pt-BR","@id":"https:\/\/secure.gravatar.com\/avatar\/cc0028ec5e6e39e7cd7e61c0fa6158a6d7f1edc39c4f536d768ad95ee3e26a8a?s=96&d=mm&r=g","url":"https:\/\/secure.gravatar.com\/avatar\/cc0028ec5e6e39e7cd7e61c0fa6158a6d7f1edc39c4f536d768ad95ee3e26a8a?s=96&d=mm&r=g","contentUrl":"https:\/\/secure.gravatar.com\/avatar\/cc0028ec5e6e39e7cd7e61c0fa6158a6d7f1edc39c4f536d768ad95ee3e26a8a?s=96&d=mm&r=g","caption":"M\u00f4nica Guerretta"}}]}},"_links":{"self":[{"href":"https:\/\/monicaguerretta.com\/qualeocerto\/wp-json\/wp\/v2\/posts\/1693","targetHints":{"allow":["GET"]}}],"collection":[{"href":"https:\/\/monicaguerretta.com\/qualeocerto\/wp-json\/wp\/v2\/posts"}],"about":[{"href":"https:\/\/monicaguerretta.com\/qualeocerto\/wp-json\/wp\/v2\/types\/post"}],"author":[{"embeddable":true,"href":"https:\/\/monicaguerretta.com\/qualeocerto\/wp-json\/wp\/v2\/users\/2"}],"replies":[{"embeddable":true,"href":"https:\/\/monicaguerretta.com\/qualeocerto\/wp-json\/wp\/v2\/comments?post=1693"}],"version-history":[{"count":4,"href":"https:\/\/monicaguerretta.com\/qualeocerto\/wp-json\/wp\/v2\/posts\/1693\/revisions"}],"predecessor-version":[{"id":2488,"href":"https:\/\/monicaguerretta.com\/qualeocerto\/wp-json\/wp\/v2\/posts\/1693\/revisions\/2488"}],"wp:featuredmedia":[{"embeddable":true,"href":"https:\/\/monicaguerretta.com\/qualeocerto\/wp-json\/wp\/v2\/media\/1694"}],"wp:attachment":[{"href":"https:\/\/monicaguerretta.com\/qualeocerto\/wp-json\/wp\/v2\/media?parent=1693"}],"wp:term":[{"taxonomy":"category","embeddable":true,"href":"https:\/\/monicaguerretta.com\/qualeocerto\/wp-json\/wp\/v2\/categories?post=1693"},{"taxonomy":"post_tag","embeddable":true,"href":"https:\/\/monicaguerretta.com\/qualeocerto\/wp-json\/wp\/v2\/tags?post=1693"}],"curies":[{"name":"wp","href":"https:\/\/api.w.org\/{rel}","templated":true}]}}