{"id":1772,"date":"2020-10-30T19:37:00","date_gmt":"2020-10-30T19:37:00","guid":{"rendered":"https:\/\/monicaguerretta.com\/qualeocerto\/?p=1772"},"modified":"2022-12-02T22:00:39","modified_gmt":"2022-12-02T22:00:39","slug":"comunicados-sem-erros-e-sem-enrolacoes","status":"publish","type":"post","link":"https:\/\/monicaguerretta.com\/qualeocerto\/comunicados-sem-erros-e-sem-enrolacoes\/","title":{"rendered":"<strong>5 dicas para escrever comunicados sem erros e sem enrola\u00e7\u00f5es<\/strong>"},"content":{"rendered":"\n<p class=\"wp-block-paragraph\">Sempre que vejo comunicados, especialmente aqueles que encontramos em elevadores de condom\u00ednios, eu penso:<br>\u2014 Por que as pessoas escrevem comunicados assim, de forma t\u00e3o enrolada?<\/p>\n\n\n\n<p class=\"wp-block-paragraph\">Acredito que quem os escreve apenas segue os padr\u00f5es de sempre; nem se questiona se poderia melhorar algo.<\/p>\n\n\n\n<p class=\"wp-block-paragraph\">Isso sem falar nos <strong>erros de portugu\u00eas<\/strong>\u2026 Existem algumas confus\u00f5es bastante comuns, e as pessoas seguem passando esses erros adiante. \ud83d\ude29<\/p>\n\n\n\n<p class=\"wp-block-paragraph\">Voc\u00ea quer ajudar a acabar com os comunicados entediantes e cheios de erros?<br>Ent\u00e3o, veja agora <strong>5 dicas para escrever comunicados sem erros e sem enrola\u00e7\u00f5es<\/strong>.<\/p>\n\n\n\n<figure class=\"wp-block-embed is-type-video is-provider-youtube wp-block-embed-youtube wp-embed-aspect-16-9 wp-has-aspect-ratio\"><div class=\"wp-block-embed__wrapper\">\n<iframe title=\"5 dicas para criar comunicados mais objetivos, sem erros e sem enrola\u00e7\u00f5es\" width=\"700\" height=\"394\" src=\"https:\/\/www.youtube.com\/embed\/zb3lrslJt_A?feature=oembed\" frameborder=\"0\" allow=\"accelerometer; autoplay; clipboard-write; encrypted-media; gyroscope; picture-in-picture\" allowfullscreen><\/iframe>\n<\/div><\/figure>\n\n\n\n<p class=\"wp-block-paragraph\"><\/p>\n\n\n\n<h2 class=\"has-vivid-purple-color has-text-color wp-block-heading\"><strong>Dica n\u00famero 1:<\/strong><br>Vimos por meio deste<\/h2>\n\n\n\n<p class=\"wp-block-paragraph\">Por que tantas pessoas insistem em iniciar os comunicados com <strong><mark style=\"background-color:rgba(0, 0, 0, 0)\" class=\"has-inline-color has-vivid-purple-color\">vimos por meio deste<\/mark><\/strong>?<\/p>\n\n\n\n<p class=\"wp-block-paragraph\">\u00c9 \u00f3bvio que voc\u00ea foi por meio desse comunicar alguma coisa. Voc\u00ea pode cortar essa parte tranquilamente. Eu garanto que todo mundo vai entender que o comunicado foi usado para comunicar o que voc\u00ea foi comunicar. \ud83d\ude06<\/p>\n\n\n\n<p class=\"wp-block-paragraph\">Voc\u00ea n\u00e3o precisa falar isso. Combinado?<br>Simplifique! Por favor!<\/p>\n\n\n\n<p class=\"wp-block-paragraph\">O pior \u00e9 que muitas pessoas que usam o <strong><strong><mark style=\"background-color:rgba(0, 0, 0, 0)\" class=\"has-inline-color has-vivid-purple-color\">vimos por meio deste<\/mark><\/strong> <\/strong>erram na concord\u00e2ncia.\u00a0<\/p>\n\n\n\n<p class=\"wp-block-paragraph\">Exemplo: imagine que voc\u00ea \u00e9 a s\u00edndica do pr\u00e9dio e vai assinar o comunicado apenas em seu nome. Se voc\u00ea usar <strong><strong><strong><mark style=\"background-color:rgba(0, 0, 0, 0)\" class=\"has-inline-color has-vivid-purple-color\">vimos<\/mark><\/strong><\/strong><\/strong>, vai errar na concord\u00e2ncia. Afinal, voc\u00ea est\u00e1 falando apenas por voc\u00ea. Nesse caso, o certo \u00e9: <strong><mark style=\"background-color:rgba(0, 0, 0, 0)\" class=\"has-inline-color has-vivid-purple-color\">venho por meio deste<\/mark><\/strong>.<\/p>\n\n\n\n<p class=\"wp-block-paragraph\">Mas ainda recomendo pular essa parte para redigir um comunicado mais objetivo. E menos enrolado.<\/p>\n\n\n\n<h2 class=\"has-vivid-purple-color has-text-color wp-block-heading\"><strong>Dica n\u00famero 2:<\/strong><br>\u00c9 proibido x \u00c9 proibida<\/h2>\n\n\n\n<p class=\"wp-block-paragraph\">Olha, essa n\u00f3s aprendemos l\u00e1 no col\u00e9gio, hein!<\/p>\n\n\n\n<p class=\"wp-block-paragraph\">Existem casos em que devemos usar <strong><mark style=\"background-color:rgba(0, 0, 0, 0)\" class=\"has-inline-color has-vivid-purple-color\">proibido<\/mark><\/strong>, invari\u00e1vel; em outros, temos a vers\u00e3o que varia quando aparece um artigo feminino.<\/p>\n\n\n\n<p class=\"wp-block-paragraph\">Vou usar como exemplo um aviso que vemos bastante por a\u00ed, e eu adoro!<\/p>\n\n\n\n<p class=\"wp-block-paragraph\">\u274c <strong><mark style=\"background-color:rgba(0, 0, 0, 0)\" class=\"has-inline-color has-vivid-red-color\"><s>Proibido<\/s><\/mark> <span style=\"text-decoration: underline;\">a<\/span> entrada de pessoas estranhas.<\/strong><\/p>\n\n\n\n<p class=\"wp-block-paragraph\">Poxa, gente! Qual \u00e9 o problema das pessoas estranhas?<br>Uma pessoa n\u00e3o pode mais nem ser estranha em paz?! Ah, me deixa! \ud83d\ude06<\/p>\n\n\n\n<p class=\"wp-block-paragraph\">Bom, mas aprendemos, l\u00e1 na escola, que s\u00f3 devemos usar <strong><strong><mark style=\"background-color:rgba(0, 0, 0, 0)\" class=\"has-inline-color has-vivid-purple-color\">proibido<\/mark><\/strong><\/strong> assim, invari\u00e1vel, quando a frase n\u00e3o tem sujeito.\u00a0Quando houver um sujeito, a palavra <strong><strong><mark style=\"background-color:rgba(0, 0, 0, 0)\" class=\"has-inline-color has-vivid-purple-color\">proibido<\/mark><\/strong><\/strong> \u00e9 vari\u00e1vel e deve concordar com o sujeito.\u00a0<\/p>\n\n\n\n<p class=\"wp-block-paragraph\">E n\u00e3o, o sujeito da frase <strong><mark style=\"background-color:rgba(0, 0, 0, 0)\" class=\"has-inline-color has-vivid-purple-color\">\u201c\u00c9 proibida a entrada de pessoas estranhas.\u201d<\/mark><\/strong> n\u00e3o s\u00e3o as pessoas estranhas. \ud83e\udd2a<br>O sujeito \u00e9 <strong><mark style=\"background-color:rgba(0, 0, 0, 0)\" class=\"has-inline-color has-vivid-purple-color\">a entrada de pessoas estranhas<\/mark><\/strong>.<\/p>\n\n\n\n<p class=\"wp-block-paragraph\">Calma, agora vem uma explica\u00e7\u00e3o mais simples!<br>Troque a ordem da frase para verificar se o certo \u00e9 usar <strong><mark style=\"background-color:rgba(0, 0, 0, 0)\" class=\"has-inline-color has-vivid-purple-color\">proibido<\/mark><\/strong> ou <strong><strong><mark style=\"background-color:rgba(0, 0, 0, 0)\" class=\"has-inline-color has-vivid-purple-color\">proibida<\/mark><\/strong><\/strong>.<\/p>\n\n\n\n<p class=\"wp-block-paragraph\">Exemplo:<br><strong>\u2705 <span style=\"text-decoration: underline;\">A<\/span> entrada de pessoas estranhas \u00e9 <mark style=\"background-color:rgba(0, 0, 0, 0)\" class=\"has-inline-color has-vivid-green-cyan-color\">proibida<\/mark>.<\/strong><\/p>\n\n\n\n<p class=\"wp-block-paragraph\">Voc\u00ea n\u00e3o diria <strong><mark style=\"background-color:rgba(0, 0, 0, 0)\" class=\"has-inline-color has-vivid-purple-color\">\u201cA entrada de pessoas estranhas \u00e9 proibido\u201d<\/mark><\/strong>, certo?<br>Por favor, diga que n\u00e3o. Afinal, a palavra <strong><mark style=\"background-color:rgba(0, 0, 0, 0)\" class=\"has-inline-color has-vivid-purple-color\">proibido<\/mark><\/strong> concorda com <strong><mark style=\"background-color:rgba(0, 0, 0, 0)\" class=\"has-inline-color has-vivid-purple-color\">a entrada<\/mark><\/strong>; <strong><mark style=\"background-color:rgba(0, 0, 0, 0)\" class=\"has-inline-color has-vivid-purple-color\">a entrada \u00e9 proibida<\/mark><\/strong>. Sacou?<\/p>\n\n\n\n<p class=\"wp-block-paragraph\">Ent\u00e3o, o certo \u00e9 dizer:<br><strong>\u2705 \u00c9 <mark style=\"background-color:rgba(0, 0, 0, 0)\" class=\"has-inline-color has-vivid-green-cyan-color\">proibida<\/mark> <span style=\"text-decoration: underline;\">a<\/span> entrada de pessoas estranhas.<\/strong><\/p>\n\n\n\n<p class=\"wp-block-paragraph\">Isso acontece justamente por causa da concord\u00e2ncia; o que muda tudo \u00e9 o artigo <strong><strong><strong><strong><mark style=\"background-color:rgba(0, 0, 0, 0)\" class=\"has-inline-color has-vivid-purple-color\">a<\/mark><\/strong><\/strong><\/strong><\/strong> em <strong><mark style=\"background-color:rgba(0, 0, 0, 0)\" class=\"has-inline-color has-vivid-purple-color\">a entrada<\/mark><\/strong>.<\/p>\n\n\n\n<p class=\"wp-block-paragraph\">No entanto, se voc\u00ea n\u00e3o usar o artigo <strong><strong><mark style=\"background-color:rgba(0, 0, 0, 0)\" class=\"has-inline-color has-vivid-purple-color\">a<\/mark><\/strong><\/strong>, a\u00ed est\u00e1 certo usar <strong><strong><mark style=\"background-color:rgba(0, 0, 0, 0)\" class=\"has-inline-color has-vivid-purple-color\">proibido<\/mark><\/strong><\/strong>, porque voc\u00ea poderia dizer <strong><mark style=\"background-color:rgba(0, 0, 0, 0)\" class=\"has-inline-color has-vivid-purple-color\">\u201cEntrada de pessoas estranhas \u00e9 proibido\u201d<\/mark><\/strong>. <\/p>\n\n\n\n<p class=\"wp-block-paragraph\">Assim, temos mais duas vers\u00f5es corretas:<br><strong>\u2705 \u00c9 <mark style=\"background-color:rgba(0, 0, 0, 0)\" class=\"has-inline-color has-vivid-green-cyan-color\">proibido<\/mark> entrada de pessoas estranhas.<\/strong><br><strong>\u2705 <strong><mark style=\"background-color:rgba(0, 0, 0, 0)\" class=\"has-inline-color has-vivid-green-cyan-color\">Proibido<\/mark><\/strong><\/strong> <strong>entrada de pessoas estranhas.<\/strong><\/p>\n\n\n\n<p class=\"wp-block-paragraph\"><span style=\"text-decoration: underline;\">Sem<\/span> o artigo <strong><strong><strong><strong><mark style=\"background-color:rgba(0, 0, 0, 0)\" class=\"has-inline-color has-vivid-purple-color\">a<\/mark><\/strong><\/strong><\/strong><\/strong>, <strong><strong><strong><mark style=\"background-color:rgba(0, 0, 0, 0)\" class=\"has-inline-color has-vivid-purple-color\">proibido<\/mark><\/strong><\/strong><\/strong> fica invari\u00e1vel. <span style=\"text-decoration: underline;\">Com<\/span> o artigo <strong><strong><strong><strong><mark style=\"background-color:rgba(0, 0, 0, 0)\" class=\"has-inline-color has-vivid-purple-color\">a<\/mark><\/strong><\/strong><\/strong><\/strong>, use <strong><strong><strong><mark style=\"background-color:rgba(0, 0, 0, 0)\" class=\"has-inline-color has-vivid-purple-color\">proibida<\/mark><\/strong><\/strong><\/strong>.<\/p>\n\n\n\n<p class=\"wp-block-paragraph\">Agora voc\u00ea entendeu como funciona, n\u00e3o \u00e9 mesmo?<\/p>\n\n\n\n<h2 class=\"wp-block-heading\"><strong><mark style=\"background-color:rgba(0, 0, 0, 0)\" class=\"has-inline-color has-vivid-purple-color\">Dica n\u00famero 3:<\/mark><\/strong><br><mark style=\"background-color:rgba(0, 0, 0, 0)\" class=\"has-inline-color has-vivid-purple-color\">\u00c9 obrigat\u00f3rio x \u00c9 obrigat\u00f3ria<\/mark><\/h2>\n\n\n\n<p class=\"wp-block-paragraph\">Aqui temos a mesma situa\u00e7\u00e3o que mostrei no t\u00f3pico acima.<\/p>\n\n\n\n<p class=\"wp-block-paragraph\">Considere este exemplo:<br>\u274c <strong>\u00c9 <mark style=\"background-color:rgba(0, 0, 0, 0)\" class=\"has-inline-color has-vivid-red-color\"><s>obrigat\u00f3rio<\/s><\/mark> a utiliza\u00e7\u00e3o de m\u00e1scara nas \u00e1reas comuns do pr\u00e9dio.<\/strong><\/p>\n\n\n\n<p class=\"wp-block-paragraph\">Agora voc\u00ea j\u00e1 sabe como corrigir essa frase, n\u00e3o \u00e9 mesmo?<\/p>\n\n\n\n<p class=\"wp-block-paragraph\">As op\u00e7\u00f5es corretas s\u00e3o:<br><strong>\u2705 \u00c9 <mark style=\"background-color:rgba(0, 0, 0, 0)\" class=\"has-inline-color has-vivid-green-cyan-color\">obrigat\u00f3ria<\/mark> <span style=\"text-decoration: underline;\">a<\/span> utiliza\u00e7\u00e3o de m\u00e1scara nas \u00e1reas comuns do pr\u00e9dio.<br>\u2705 \u00c9 <mark style=\"background-color:rgba(0, 0, 0, 0)\" class=\"has-inline-color has-vivid-green-cyan-color\">obrigat\u00f3rio<\/mark> utiliza\u00e7\u00e3o de m\u00e1scara nas \u00e1reas comuns do pr\u00e9dio.<br>\u2705 <mark style=\"background-color:rgba(0, 0, 0, 0)\" class=\"has-inline-color has-vivid-green-cyan-color\">Obrigat\u00f3rio<\/mark> utiliza\u00e7\u00e3o de m\u00e1scara nas \u00e1reas comuns do pr\u00e9dio.<\/strong><\/p>\n\n\n\n<p class=\"wp-block-paragraph\">Antes de continuarmos com as pr\u00f3ximas dicas, quero compartilhar parte de um comunicado que apareceu aqui no meu pr\u00e9dio:<\/p>\n\n\n\n<blockquote class=\"wp-block-quote is-layout-flow wp-block-quote-is-layout-flow\"><p>COMUNICADO<\/p><p><strong>Vimos por meio <s>desta<\/s><\/strong> comunicar que no dia 28\/10\/2020, no per\u00edodo da tarde, <strong><s>estaremos realizando<\/s><\/strong> o servi\u00e7o de limpeza de caixas-d\u2019\u00e1gua e cisterna do condom\u00ednio.<\/p><p>Devido a <strong><s>este<\/s><\/strong> servi\u00e7o, haver\u00e1 falta de \u00e1gua.<\/p><p>Pedimos aos moradores que armazenem <strong><s>a mesma<\/s><\/strong> para uso durante o momento da limpeza e ap\u00f3s.<\/p><\/blockquote>\n\n\n\n<p class=\"wp-block-paragraph\">Bom, deveria ser <strong><mark style=\"background-color:rgba(0, 0, 0, 0)\" class=\"has-inline-color has-vivid-purple-color\">vimos por meio <span style=\"text-decoration: underline;\">deste<\/span><\/mark><\/strong>, para concordar com <strong><mark style=\"background-color:rgba(0, 0, 0, 0)\" class=\"has-inline-color has-vivid-purple-color\">comunicado<\/mark><\/strong>.<br>Tamb\u00e9m deveria ser <strong><mark style=\"background-color:rgba(0, 0, 0, 0)\" class=\"has-inline-color has-vivid-purple-color\">devido a <span style=\"text-decoration: underline;\">esse<\/span> servi\u00e7o<\/mark><\/strong>, porque a pessoa mencionou o servi\u00e7o e depois o resgatou no texto.<\/p>\n\n\n\n<p class=\"wp-block-paragraph\"><strong>Voc\u00ea quer entender melhor quando usar <span style=\"text-decoration: underline;\">este<\/span> e quando usar <span style=\"text-decoration: underline;\">esse<\/span>?<\/strong><br>Leia este conte\u00fado: <a href=\"https:\/\/monicaguerretta.com\/qualeocerto\/este-ou-esse\/\" target=\"_blank\" rel=\"noreferrer noopener\">&#8220;Este&#8221; ou &#8220;esse&#8221;: quando usar cada um?<\/a><\/p>\n\n\n\n<p class=\"wp-block-paragraph\">Agora, vamos continuar a lista para ver as outras duas dicas.<\/p>\n\n\n\n<h2 class=\"wp-block-heading\"><strong><mark style=\"background-color:rgba(0, 0, 0, 0)\" class=\"has-inline-color has-vivid-purple-color\">Dica n\u00famero 4:<\/mark><\/strong><br><mark style=\"background-color:rgba(0, 0, 0, 0)\" class=\"has-inline-color has-vivid-purple-color\">Usar \u201co mesmo\u201d e suas varia\u00e7\u00f5es para evitar repetir palavras<\/mark><\/h2>\n\n\n\n<p class=\"wp-block-paragraph\">Claramente, o pessoal que trabalha na empresa respons\u00e1vel pela limpeza das caixas-d\u2019\u00e1gua do meu pr\u00e9dio n\u00e3o acompanha as dicas do <a href=\"https:\/\/www.qualeocerto.com\" target=\"_blank\" rel=\"noreferrer noopener\"><strong>Qual \u00e9 o certo?<\/strong><\/a>. \ud83d\ude05<\/p>\n\n\n\n<p class=\"wp-block-paragraph\">J\u00e1 expliquei sobre os usos errados da palavra <strong><mark style=\"background-color:rgba(0, 0, 0, 0)\" class=\"has-inline-color has-vivid-purple-color\">mesmo<\/mark><\/strong> e suas varia\u00e7\u00f5es neste artigo:<br><a href=\"https:\/\/monicaguerretta.com\/qualeocerto\/aprenda-a-usar-o-mesmo-sem-errar\/\" target=\"_blank\" rel=\"noreferrer noopener\">Aprenda a usar \u201co mesmo\u201d e suas varia\u00e7\u00f5es sem errar<\/a><\/p>\n\n\n\n<p class=\"wp-block-paragraph\">Enfim, est\u00e1 errado dizer:<br>\u274c <strong>Haver\u00e1 falta de \u00e1gua. Pedimos aos moradores que armazenem <mark style=\"background-color:rgba(0, 0, 0, 0)\" class=\"has-inline-color has-vivid-red-color\"><s>a mesma<\/s><\/mark> para uso durante o momento da limpeza.<\/strong><\/p>\n\n\n\n<p class=\"wp-block-paragraph\">Esse \u00e9 um erro bem feio!<\/p>\n\n\n\n<p class=\"wp-block-paragraph\">O certo \u00e9:<br><strong>\u2705 Haver\u00e1 falta de \u00e1gua. Pedimos aos moradores que <mark style=\"background-color:rgba(0, 0, 0, 0)\" class=\"has-inline-color has-vivid-green-cyan-color\">a<\/mark> armazenem para uso durante o momento da limpeza.<\/strong><\/p>\n\n\n\n<p class=\"wp-block-paragraph\">Ou, numa vers\u00e3o mais amig\u00e1vel, eu diria:<br><strong>\u2705 Haver\u00e1 falta de \u00e1gua. Pedimos aos moradores que armazenem <mark style=\"background-color:rgba(0, 0, 0, 0)\" class=\"has-inline-color has-vivid-green-cyan-color\">\u00e1gua<\/mark> para us\u00e1-la durante a limpeza.<\/strong><\/p>\n\n\n\n<p class=\"wp-block-paragraph\">Fica mais simp\u00e1tico e sem erro.<\/p>\n\n\n\n<p class=\"wp-block-paragraph\">Entenda: \u00e9 melhor repetir uma palavra do que usar <strong><mark style=\"background-color:rgba(0, 0, 0, 0)\" class=\"has-inline-color has-vivid-purple-color\">o mesmo<\/mark><\/strong> e suas varia\u00e7\u00f5es do jeito errado.<\/p>\n\n\n\n<h2 class=\"wp-block-heading\"><strong><mark style=\"background-color:rgba(0, 0, 0, 0)\" class=\"has-inline-color has-vivid-purple-color\">Dica n\u00famero 5:<\/mark><\/strong><br><mark style=\"background-color:rgba(0, 0, 0, 0)\" class=\"has-inline-color has-vivid-purple-color\">Estaremos realizando x Realizaremos<\/mark><\/h2>\n\n\n\n<p class=\"wp-block-paragraph\">Pelamordedeus! Parem com esse neg\u00f3cio de gerundismo.<\/p>\n\n\n\n<p class=\"wp-block-paragraph\">Voc\u00ea sabe o que \u00e9 gerundismo?<br>Se n\u00e3o sabe, <a href=\"https:\/\/michaelis.uol.com.br\/moderno-portugues\/busca\/portugues-brasileiro\/gerundismo\/\" target=\"_blank\" rel=\"noreferrer noopener\">o Michaelis explica<\/a>:<\/p>\n\n\n\n<blockquote class=\"wp-block-quote is-layout-flow wp-block-quote-is-layout-flow\"><p>\u201cV\u00edcio de linguagem que consiste no uso desnecess\u00e1rio do ger\u00fandio, como, por exemplo, \u2018Vou estar entregando a mercadoria amanh\u00e3\u2019 em vez de \u2018Vou entregar a mercadoria amanh\u00e3\u2019 ou \u2018Entregarei a mercadoria amanh\u00e3\u2019.\u201d<\/p><\/blockquote>\n\n\n\n<p class=\"wp-block-paragraph\">Depois dessa explica\u00e7\u00e3o, voc\u00ea percebeu onde est\u00e1 o erro, certo?<br>\u274c<strong> No per\u00edodo da tarde, <mark style=\"background-color:rgba(0, 0, 0, 0)\" class=\"has-inline-color has-vivid-red-color\"><s>estaremos realizando<\/s><\/mark> o servi\u00e7o de limpeza das caixas-d\u2019\u00e1gua.<\/strong><\/p>\n\n\n\n<p class=\"wp-block-paragraph\">O certo, ent\u00e3o, \u00e9 dizer:<br><strong>\u2705<\/strong> <strong>No per\u00edodo da tarde, <mark style=\"background-color:rgba(0, 0, 0, 0)\" class=\"has-inline-color has-vivid-green-cyan-color\">realizaremos<\/mark> o servi\u00e7o de limpeza das caixas-d\u2019\u00e1gua.<\/strong><\/p>\n\n\n\n<p class=\"wp-block-paragraph\"><strong>Veja mais informa\u00e7\u00f5es e exemplos de gerundismo neste conte\u00fado<\/strong>:<br><a href=\"https:\/\/monicaguerretta.com\/qualeocerto\/gerundismo\/\" target=\"_blank\" rel=\"noreferrer noopener\">Gerundismo: elimine esse v\u00edcio da sua vida<\/a><\/p>\n\n\n\n<p class=\"wp-block-paragraph\"><strong><mark style=\"background-color:rgba(0, 0, 0, 0)\" class=\"has-inline-color has-vivid-purple-color\">Dica extra:<\/mark><\/strong><br>Percebeu que <mark style=\"background-color:rgba(0, 0, 0, 0)\" class=\"has-inline-color has-vivid-purple-color\"><strong>caixa-d\u2019\u00e1gua<\/strong><\/mark> se escreve com h\u00edfen?<br>Voc\u00ea pode confirmar essa informa\u00e7\u00e3o <a href=\"https:\/\/michaelis.uol.com.br\/moderno-portugues\/busca\/portugues-brasileiro\/caixa-d%E2%80%99%C3%A1gua\/\" target=\"_blank\" rel=\"noreferrer noopener\">no Michaelis<\/a>. \ud83d\ude09<\/p>\n","protected":false},"excerpt":{"rendered":"<p>Sempre que vejo comunicados, especialmente aqueles que encontramos em elevadores de condom\u00ednios, eu penso:\u2014 Por que&hellip;<\/p>\n","protected":false},"author":2,"featured_media":1774,"comment_status":"open","ping_status":"open","sticky":false,"template":"","format":"standard","meta":{"_exactmetrics_skip_tracking":false,"_exactmetrics_sitenote_active":false,"_exactmetrics_sitenote_note":"","_exactmetrics_sitenote_category":0,"footnotes":""},"categories":[180,291],"tags":[227,144,11,225,224,226],"class_list":["post-1772","post","type-post","status-publish","format-standard","has-post-thumbnail","hentry","category-escrever-melhor","category-portugues","tag-comunicado","tag-gerundismo","tag-mesmo","tag-obrigatorio","tag-proibido","tag-venho-por-meio-deste"],"yoast_head":"<!-- This site is optimized with the Yoast SEO plugin v28.4 - https:\/\/yoast.com\/product\/yoast-seo-wordpress\/ -->\n<title>5 dicas para escrever comunicados sem erros e sem enrola\u00e7\u00f5es &#187; Qual \u00e9 o certo?<\/title>\n<meta name=\"description\" content=\"Por que os comunicados geralmente s\u00e3o t\u00e3o mal-escritos? Aprenda a escrever comunicados sem erros e sem enrola\u00e7\u00f5es.\" \/>\n<meta name=\"robots\" content=\"index, follow, max-snippet:-1, max-image-preview:large, max-video-preview:-1\" \/>\n<link rel=\"canonical\" href=\"https:\/\/monicaguerretta.com\/qualeocerto\/comunicados-sem-erros-e-sem-enrolacoes\/\" \/>\n<meta property=\"og:locale\" content=\"pt_BR\" \/>\n<meta property=\"og:type\" content=\"article\" \/>\n<meta property=\"og:title\" content=\"5 dicas para escrever comunicados sem erros e sem enrola\u00e7\u00f5es &#187; Qual \u00e9 o certo?\" \/>\n<meta property=\"og:description\" content=\"Por que os comunicados geralmente s\u00e3o t\u00e3o mal-escritos? Aprenda a escrever comunicados sem erros e sem enrola\u00e7\u00f5es.\" \/>\n<meta property=\"og:url\" content=\"https:\/\/monicaguerretta.com\/qualeocerto\/comunicados-sem-erros-e-sem-enrolacoes\/\" \/>\n<meta property=\"og:site_name\" content=\"Qual \u00e9 o certo?\" \/>\n<meta property=\"article:publisher\" content=\"https:\/\/www.facebook.com\/qualeocerto\" \/>\n<meta property=\"article:published_time\" content=\"2020-10-30T19:37:00+00:00\" \/>\n<meta property=\"article:modified_time\" content=\"2022-12-02T22:00:39+00:00\" \/>\n<meta property=\"og:image\" content=\"https:\/\/monicaguerretta.com\/qualeocerto\/wp-content\/uploads\/2022\/06\/escreva-comunicados-sem-erros-qual-e-o-certo.png\" \/>\n\t<meta property=\"og:image:width\" content=\"1080\" \/>\n\t<meta property=\"og:image:height\" content=\"1081\" \/>\n\t<meta property=\"og:image:type\" content=\"image\/png\" \/>\n<meta name=\"author\" content=\"M\u00f4nica Guerretta\" \/>\n<meta name=\"twitter:card\" content=\"summary_large_image\" \/>\n<meta name=\"twitter:label1\" content=\"Escrito por\" \/>\n\t<meta name=\"twitter:data1\" content=\"M\u00f4nica Guerretta\" \/>\n\t<meta name=\"twitter:label2\" content=\"Est. tempo de leitura\" \/>\n\t<meta name=\"twitter:data2\" content=\"6 minutos\" \/>\n<script type=\"application\/ld+json\" class=\"yoast-schema-graph\">{\"@context\":\"https:\\\/\\\/schema.org\",\"@graph\":[{\"@type\":\"Article\",\"@id\":\"https:\\\/\\\/monicaguerretta.com\\\/qualeocerto\\\/comunicados-sem-erros-e-sem-enrolacoes\\\/#article\",\"isPartOf\":{\"@id\":\"https:\\\/\\\/monicaguerretta.com\\\/qualeocerto\\\/comunicados-sem-erros-e-sem-enrolacoes\\\/\"},\"author\":{\"name\":\"M\u00f4nica Guerretta\",\"@id\":\"https:\\\/\\\/monicaguerretta.com\\\/qualeocerto\\\/#\\\/schema\\\/person\\\/118874294430cb7c9b1bc5523f63cbf4\"},\"headline\":\"5 dicas para escrever comunicados sem erros e sem enrola\u00e7\u00f5es\",\"datePublished\":\"2020-10-30T19:37:00+00:00\",\"dateModified\":\"2022-12-02T22:00:39+00:00\",\"mainEntityOfPage\":{\"@id\":\"https:\\\/\\\/monicaguerretta.com\\\/qualeocerto\\\/comunicados-sem-erros-e-sem-enrolacoes\\\/\"},\"wordCount\":1087,\"commentCount\":0,\"publisher\":{\"@id\":\"https:\\\/\\\/monicaguerretta.com\\\/qualeocerto\\\/#organization\"},\"image\":{\"@id\":\"https:\\\/\\\/monicaguerretta.com\\\/qualeocerto\\\/comunicados-sem-erros-e-sem-enrolacoes\\\/#primaryimage\"},\"thumbnailUrl\":\"https:\\\/\\\/monicaguerretta.com\\\/qualeocerto\\\/wp-content\\\/uploads\\\/2022\\\/06\\\/escreva-comunicados-sem-erros-qual-e-o-certo.png\",\"keywords\":[\"comunicado\",\"gerundismo\",\"mesmo\",\"obrigat\u00f3rio\",\"proibido\",\"venho por meio deste\"],\"articleSection\":[\"Escrever melhor\",\"Portugu\u00eas\"],\"inLanguage\":\"pt-BR\",\"potentialAction\":[{\"@type\":\"CommentAction\",\"name\":\"Comment\",\"target\":[\"https:\\\/\\\/monicaguerretta.com\\\/qualeocerto\\\/comunicados-sem-erros-e-sem-enrolacoes\\\/#respond\"]}]},{\"@type\":\"WebPage\",\"@id\":\"https:\\\/\\\/monicaguerretta.com\\\/qualeocerto\\\/comunicados-sem-erros-e-sem-enrolacoes\\\/\",\"url\":\"https:\\\/\\\/monicaguerretta.com\\\/qualeocerto\\\/comunicados-sem-erros-e-sem-enrolacoes\\\/\",\"name\":\"5 dicas para escrever comunicados sem erros e sem enrola\u00e7\u00f5es &#187; Qual \u00e9 o certo?\",\"isPartOf\":{\"@id\":\"https:\\\/\\\/monicaguerretta.com\\\/qualeocerto\\\/#website\"},\"primaryImageOfPage\":{\"@id\":\"https:\\\/\\\/monicaguerretta.com\\\/qualeocerto\\\/comunicados-sem-erros-e-sem-enrolacoes\\\/#primaryimage\"},\"image\":{\"@id\":\"https:\\\/\\\/monicaguerretta.com\\\/qualeocerto\\\/comunicados-sem-erros-e-sem-enrolacoes\\\/#primaryimage\"},\"thumbnailUrl\":\"https:\\\/\\\/monicaguerretta.com\\\/qualeocerto\\\/wp-content\\\/uploads\\\/2022\\\/06\\\/escreva-comunicados-sem-erros-qual-e-o-certo.png\",\"datePublished\":\"2020-10-30T19:37:00+00:00\",\"dateModified\":\"2022-12-02T22:00:39+00:00\",\"description\":\"Por que os comunicados geralmente s\u00e3o t\u00e3o mal-escritos? Aprenda a escrever comunicados sem erros e sem enrola\u00e7\u00f5es.\",\"breadcrumb\":{\"@id\":\"https:\\\/\\\/monicaguerretta.com\\\/qualeocerto\\\/comunicados-sem-erros-e-sem-enrolacoes\\\/#breadcrumb\"},\"inLanguage\":\"pt-BR\",\"potentialAction\":[{\"@type\":\"ReadAction\",\"target\":[\"https:\\\/\\\/monicaguerretta.com\\\/qualeocerto\\\/comunicados-sem-erros-e-sem-enrolacoes\\\/\"]}]},{\"@type\":\"ImageObject\",\"inLanguage\":\"pt-BR\",\"@id\":\"https:\\\/\\\/monicaguerretta.com\\\/qualeocerto\\\/comunicados-sem-erros-e-sem-enrolacoes\\\/#primaryimage\",\"url\":\"https:\\\/\\\/monicaguerretta.com\\\/qualeocerto\\\/wp-content\\\/uploads\\\/2022\\\/06\\\/escreva-comunicados-sem-erros-qual-e-o-certo.png\",\"contentUrl\":\"https:\\\/\\\/monicaguerretta.com\\\/qualeocerto\\\/wp-content\\\/uploads\\\/2022\\\/06\\\/escreva-comunicados-sem-erros-qual-e-o-certo.png\",\"width\":1080,\"height\":1081,\"caption\":\"escreva comunicados sem erros - qual \u00e9 o certo\"},{\"@type\":\"BreadcrumbList\",\"@id\":\"https:\\\/\\\/monicaguerretta.com\\\/qualeocerto\\\/comunicados-sem-erros-e-sem-enrolacoes\\\/#breadcrumb\",\"itemListElement\":[{\"@type\":\"ListItem\",\"position\":1,\"name\":\"In\u00edcio\",\"item\":\"https:\\\/\\\/monicaguerretta.com\\\/qualeocerto\\\/\"},{\"@type\":\"ListItem\",\"position\":2,\"name\":\"5 dicas para escrever comunicados sem erros e sem enrola\u00e7\u00f5es\"}]},{\"@type\":\"WebSite\",\"@id\":\"https:\\\/\\\/monicaguerretta.com\\\/qualeocerto\\\/#website\",\"url\":\"https:\\\/\\\/monicaguerretta.com\\\/qualeocerto\\\/\",\"name\":\"Qual \u00e9 o Certo?\",\"description\":\"M\u00f4nica Guerretta | Redatora publicit\u00e1ria | Copywriting - UX Writing\",\"publisher\":{\"@id\":\"https:\\\/\\\/monicaguerretta.com\\\/qualeocerto\\\/#organization\"},\"potentialAction\":[{\"@type\":\"SearchAction\",\"target\":{\"@type\":\"EntryPoint\",\"urlTemplate\":\"https:\\\/\\\/monicaguerretta.com\\\/qualeocerto\\\/?s={search_term_string}\"},\"query-input\":{\"@type\":\"PropertyValueSpecification\",\"valueRequired\":true,\"valueName\":\"search_term_string\"}}],\"inLanguage\":\"pt-BR\"},{\"@type\":\"Organization\",\"@id\":\"https:\\\/\\\/monicaguerretta.com\\\/qualeocerto\\\/#organization\",\"name\":\"Qual \u00e9 o certo?\",\"url\":\"https:\\\/\\\/monicaguerretta.com\\\/qualeocerto\\\/\",\"logo\":{\"@type\":\"ImageObject\",\"inLanguage\":\"pt-BR\",\"@id\":\"https:\\\/\\\/monicaguerretta.com\\\/qualeocerto\\\/#\\\/schema\\\/logo\\\/image\\\/\",\"url\":\"https:\\\/\\\/monicaguerretta.com\\\/qualeocerto\\\/wp-content\\\/uploads\\\/2022\\\/08\\\/marca-quale.png\",\"contentUrl\":\"https:\\\/\\\/monicaguerretta.com\\\/qualeocerto\\\/wp-content\\\/uploads\\\/2022\\\/08\\\/marca-quale.png\",\"width\":592,\"height\":315,\"caption\":\"Qual \u00e9 o certo?\"},\"image\":{\"@id\":\"https:\\\/\\\/monicaguerretta.com\\\/qualeocerto\\\/#\\\/schema\\\/logo\\\/image\\\/\"},\"sameAs\":[\"https:\\\/\\\/www.facebook.com\\\/qualeocerto\",\"https:\\\/\\\/www.instagram.com\\\/qualeocerto\\\/\",\"https:\\\/\\\/www.youtube.com\\\/c\\\/qualeocerto\"]},{\"@type\":\"Person\",\"@id\":\"https:\\\/\\\/monicaguerretta.com\\\/qualeocerto\\\/#\\\/schema\\\/person\\\/118874294430cb7c9b1bc5523f63cbf4\",\"name\":\"M\u00f4nica Guerretta\",\"image\":{\"@type\":\"ImageObject\",\"inLanguage\":\"pt-BR\",\"@id\":\"https:\\\/\\\/secure.gravatar.com\\\/avatar\\\/cc0028ec5e6e39e7cd7e61c0fa6158a6d7f1edc39c4f536d768ad95ee3e26a8a?s=96&d=mm&r=g\",\"url\":\"https:\\\/\\\/secure.gravatar.com\\\/avatar\\\/cc0028ec5e6e39e7cd7e61c0fa6158a6d7f1edc39c4f536d768ad95ee3e26a8a?s=96&d=mm&r=g\",\"contentUrl\":\"https:\\\/\\\/secure.gravatar.com\\\/avatar\\\/cc0028ec5e6e39e7cd7e61c0fa6158a6d7f1edc39c4f536d768ad95ee3e26a8a?s=96&d=mm&r=g\",\"caption\":\"M\u00f4nica Guerretta\"}}]}<\/script>\n<!-- \/ Yoast SEO plugin. -->","yoast_head_json":{"title":"5 dicas para escrever comunicados sem erros e sem enrola\u00e7\u00f5es &#187; Qual \u00e9 o certo?","description":"Por que os comunicados geralmente s\u00e3o t\u00e3o mal-escritos? Aprenda a escrever comunicados sem erros e sem enrola\u00e7\u00f5es.","robots":{"index":"index","follow":"follow","max-snippet":"max-snippet:-1","max-image-preview":"max-image-preview:large","max-video-preview":"max-video-preview:-1"},"canonical":"https:\/\/monicaguerretta.com\/qualeocerto\/comunicados-sem-erros-e-sem-enrolacoes\/","og_locale":"pt_BR","og_type":"article","og_title":"5 dicas para escrever comunicados sem erros e sem enrola\u00e7\u00f5es &#187; Qual \u00e9 o certo?","og_description":"Por que os comunicados geralmente s\u00e3o t\u00e3o mal-escritos? Aprenda a escrever comunicados sem erros e sem enrola\u00e7\u00f5es.","og_url":"https:\/\/monicaguerretta.com\/qualeocerto\/comunicados-sem-erros-e-sem-enrolacoes\/","og_site_name":"Qual \u00e9 o certo?","article_publisher":"https:\/\/www.facebook.com\/qualeocerto","article_published_time":"2020-10-30T19:37:00+00:00","article_modified_time":"2022-12-02T22:00:39+00:00","og_image":[{"width":1080,"height":1081,"url":"https:\/\/monicaguerretta.com\/qualeocerto\/wp-content\/uploads\/2022\/06\/escreva-comunicados-sem-erros-qual-e-o-certo.png","type":"image\/png"}],"author":"M\u00f4nica Guerretta","twitter_card":"summary_large_image","twitter_misc":{"Escrito por":"M\u00f4nica Guerretta","Est. tempo de leitura":"6 minutos"},"schema":{"@context":"https:\/\/schema.org","@graph":[{"@type":"Article","@id":"https:\/\/monicaguerretta.com\/qualeocerto\/comunicados-sem-erros-e-sem-enrolacoes\/#article","isPartOf":{"@id":"https:\/\/monicaguerretta.com\/qualeocerto\/comunicados-sem-erros-e-sem-enrolacoes\/"},"author":{"name":"M\u00f4nica Guerretta","@id":"https:\/\/monicaguerretta.com\/qualeocerto\/#\/schema\/person\/118874294430cb7c9b1bc5523f63cbf4"},"headline":"5 dicas para escrever comunicados sem erros e sem enrola\u00e7\u00f5es","datePublished":"2020-10-30T19:37:00+00:00","dateModified":"2022-12-02T22:00:39+00:00","mainEntityOfPage":{"@id":"https:\/\/monicaguerretta.com\/qualeocerto\/comunicados-sem-erros-e-sem-enrolacoes\/"},"wordCount":1087,"commentCount":0,"publisher":{"@id":"https:\/\/monicaguerretta.com\/qualeocerto\/#organization"},"image":{"@id":"https:\/\/monicaguerretta.com\/qualeocerto\/comunicados-sem-erros-e-sem-enrolacoes\/#primaryimage"},"thumbnailUrl":"https:\/\/monicaguerretta.com\/qualeocerto\/wp-content\/uploads\/2022\/06\/escreva-comunicados-sem-erros-qual-e-o-certo.png","keywords":["comunicado","gerundismo","mesmo","obrigat\u00f3rio","proibido","venho por meio deste"],"articleSection":["Escrever melhor","Portugu\u00eas"],"inLanguage":"pt-BR","potentialAction":[{"@type":"CommentAction","name":"Comment","target":["https:\/\/monicaguerretta.com\/qualeocerto\/comunicados-sem-erros-e-sem-enrolacoes\/#respond"]}]},{"@type":"WebPage","@id":"https:\/\/monicaguerretta.com\/qualeocerto\/comunicados-sem-erros-e-sem-enrolacoes\/","url":"https:\/\/monicaguerretta.com\/qualeocerto\/comunicados-sem-erros-e-sem-enrolacoes\/","name":"5 dicas para escrever comunicados sem erros e sem enrola\u00e7\u00f5es &#187; Qual \u00e9 o certo?","isPartOf":{"@id":"https:\/\/monicaguerretta.com\/qualeocerto\/#website"},"primaryImageOfPage":{"@id":"https:\/\/monicaguerretta.com\/qualeocerto\/comunicados-sem-erros-e-sem-enrolacoes\/#primaryimage"},"image":{"@id":"https:\/\/monicaguerretta.com\/qualeocerto\/comunicados-sem-erros-e-sem-enrolacoes\/#primaryimage"},"thumbnailUrl":"https:\/\/monicaguerretta.com\/qualeocerto\/wp-content\/uploads\/2022\/06\/escreva-comunicados-sem-erros-qual-e-o-certo.png","datePublished":"2020-10-30T19:37:00+00:00","dateModified":"2022-12-02T22:00:39+00:00","description":"Por que os comunicados geralmente s\u00e3o t\u00e3o mal-escritos? Aprenda a escrever comunicados sem erros e sem enrola\u00e7\u00f5es.","breadcrumb":{"@id":"https:\/\/monicaguerretta.com\/qualeocerto\/comunicados-sem-erros-e-sem-enrolacoes\/#breadcrumb"},"inLanguage":"pt-BR","potentialAction":[{"@type":"ReadAction","target":["https:\/\/monicaguerretta.com\/qualeocerto\/comunicados-sem-erros-e-sem-enrolacoes\/"]}]},{"@type":"ImageObject","inLanguage":"pt-BR","@id":"https:\/\/monicaguerretta.com\/qualeocerto\/comunicados-sem-erros-e-sem-enrolacoes\/#primaryimage","url":"https:\/\/monicaguerretta.com\/qualeocerto\/wp-content\/uploads\/2022\/06\/escreva-comunicados-sem-erros-qual-e-o-certo.png","contentUrl":"https:\/\/monicaguerretta.com\/qualeocerto\/wp-content\/uploads\/2022\/06\/escreva-comunicados-sem-erros-qual-e-o-certo.png","width":1080,"height":1081,"caption":"escreva comunicados sem erros - qual \u00e9 o certo"},{"@type":"BreadcrumbList","@id":"https:\/\/monicaguerretta.com\/qualeocerto\/comunicados-sem-erros-e-sem-enrolacoes\/#breadcrumb","itemListElement":[{"@type":"ListItem","position":1,"name":"In\u00edcio","item":"https:\/\/monicaguerretta.com\/qualeocerto\/"},{"@type":"ListItem","position":2,"name":"5 dicas para escrever comunicados sem erros e sem enrola\u00e7\u00f5es"}]},{"@type":"WebSite","@id":"https:\/\/monicaguerretta.com\/qualeocerto\/#website","url":"https:\/\/monicaguerretta.com\/qualeocerto\/","name":"Qual \u00e9 o Certo?","description":"M\u00f4nica Guerretta | Redatora publicit\u00e1ria | Copywriting - UX Writing","publisher":{"@id":"https:\/\/monicaguerretta.com\/qualeocerto\/#organization"},"potentialAction":[{"@type":"SearchAction","target":{"@type":"EntryPoint","urlTemplate":"https:\/\/monicaguerretta.com\/qualeocerto\/?s={search_term_string}"},"query-input":{"@type":"PropertyValueSpecification","valueRequired":true,"valueName":"search_term_string"}}],"inLanguage":"pt-BR"},{"@type":"Organization","@id":"https:\/\/monicaguerretta.com\/qualeocerto\/#organization","name":"Qual \u00e9 o certo?","url":"https:\/\/monicaguerretta.com\/qualeocerto\/","logo":{"@type":"ImageObject","inLanguage":"pt-BR","@id":"https:\/\/monicaguerretta.com\/qualeocerto\/#\/schema\/logo\/image\/","url":"https:\/\/monicaguerretta.com\/qualeocerto\/wp-content\/uploads\/2022\/08\/marca-quale.png","contentUrl":"https:\/\/monicaguerretta.com\/qualeocerto\/wp-content\/uploads\/2022\/08\/marca-quale.png","width":592,"height":315,"caption":"Qual \u00e9 o certo?"},"image":{"@id":"https:\/\/monicaguerretta.com\/qualeocerto\/#\/schema\/logo\/image\/"},"sameAs":["https:\/\/www.facebook.com\/qualeocerto","https:\/\/www.instagram.com\/qualeocerto\/","https:\/\/www.youtube.com\/c\/qualeocerto"]},{"@type":"Person","@id":"https:\/\/monicaguerretta.com\/qualeocerto\/#\/schema\/person\/118874294430cb7c9b1bc5523f63cbf4","name":"M\u00f4nica Guerretta","image":{"@type":"ImageObject","inLanguage":"pt-BR","@id":"https:\/\/secure.gravatar.com\/avatar\/cc0028ec5e6e39e7cd7e61c0fa6158a6d7f1edc39c4f536d768ad95ee3e26a8a?s=96&d=mm&r=g","url":"https:\/\/secure.gravatar.com\/avatar\/cc0028ec5e6e39e7cd7e61c0fa6158a6d7f1edc39c4f536d768ad95ee3e26a8a?s=96&d=mm&r=g","contentUrl":"https:\/\/secure.gravatar.com\/avatar\/cc0028ec5e6e39e7cd7e61c0fa6158a6d7f1edc39c4f536d768ad95ee3e26a8a?s=96&d=mm&r=g","caption":"M\u00f4nica Guerretta"}}]}},"_links":{"self":[{"href":"https:\/\/monicaguerretta.com\/qualeocerto\/wp-json\/wp\/v2\/posts\/1772","targetHints":{"allow":["GET"]}}],"collection":[{"href":"https:\/\/monicaguerretta.com\/qualeocerto\/wp-json\/wp\/v2\/posts"}],"about":[{"href":"https:\/\/monicaguerretta.com\/qualeocerto\/wp-json\/wp\/v2\/types\/post"}],"author":[{"embeddable":true,"href":"https:\/\/monicaguerretta.com\/qualeocerto\/wp-json\/wp\/v2\/users\/2"}],"replies":[{"embeddable":true,"href":"https:\/\/monicaguerretta.com\/qualeocerto\/wp-json\/wp\/v2\/comments?post=1772"}],"version-history":[{"count":9,"href":"https:\/\/monicaguerretta.com\/qualeocerto\/wp-json\/wp\/v2\/posts\/1772\/revisions"}],"predecessor-version":[{"id":2550,"href":"https:\/\/monicaguerretta.com\/qualeocerto\/wp-json\/wp\/v2\/posts\/1772\/revisions\/2550"}],"wp:featuredmedia":[{"embeddable":true,"href":"https:\/\/monicaguerretta.com\/qualeocerto\/wp-json\/wp\/v2\/media\/1774"}],"wp:attachment":[{"href":"https:\/\/monicaguerretta.com\/qualeocerto\/wp-json\/wp\/v2\/media?parent=1772"}],"wp:term":[{"taxonomy":"category","embeddable":true,"href":"https:\/\/monicaguerretta.com\/qualeocerto\/wp-json\/wp\/v2\/categories?post=1772"},{"taxonomy":"post_tag","embeddable":true,"href":"https:\/\/monicaguerretta.com\/qualeocerto\/wp-json\/wp\/v2\/tags?post=1772"}],"curies":[{"name":"wp","href":"https:\/\/api.w.org\/{rel}","templated":true}]}}