{"id":181,"date":"2019-11-16T16:00:00","date_gmt":"2019-11-16T16:00:00","guid":{"rendered":"http:\/\/monicaguerretta.com\/qualeocerto\/?p=181"},"modified":"2022-12-02T22:06:09","modified_gmt":"2022-12-02T22:06:09","slug":"a-vista-tem-crase","status":"publish","type":"post","link":"https:\/\/monicaguerretta.com\/qualeocerto\/a-vista-tem-crase\/","title":{"rendered":"<strong>Qual \u00e9 o certo: &#8220;\u00e0 vista&#8221; ou &#8220;a vista&#8221;?<\/strong>"},"content":{"rendered":"\n<p class=\"wp-block-paragraph\"><strong>O certo \u00e9 <mark style=\"background-color:rgba(0, 0, 0, 0)\" class=\"has-inline-color has-vivid-green-cyan-color\">&#8220;\u00e0 vista&#8221;<\/mark>, com crase.<\/strong><\/p>\n\n\n\n<figure class=\"wp-block-embed is-type-video is-provider-youtube wp-block-embed-youtube wp-embed-aspect-16-9 wp-has-aspect-ratio\"><div class=\"wp-block-embed__wrapper\">\n<iframe title=\"3 erros com crase muito comuns no varejo\" width=\"700\" height=\"394\" src=\"https:\/\/www.youtube.com\/embed\/ZziVCGF0Tr4?feature=oembed\" frameborder=\"0\" allow=\"accelerometer; autoplay; clipboard-write; encrypted-media; gyroscope; picture-in-picture\" allowfullscreen><\/iframe>\n<\/div><\/figure>\n\n\n\n<p class=\"wp-block-paragraph\">Dizer&nbsp;<strong><mark style=\"background-color:rgba(0, 0, 0, 0)\" class=\"has-inline-color has-vivid-purple-color\">\u201cComprei a vista\u201d<\/mark><\/strong>, sem crase, significa que voc\u00ea comprou o \u00f3rg\u00e3o respons\u00e1vel pela vis\u00e3o. \ud83d\udc40<\/p>\n\n\n<div class=\"wp-block-image\">\n<figure class=\"aligncenter size-large\"><img decoding=\"async\" src=\"https:\/\/thumbs.gfycat.com\/DeepBraveEchidna-size_restricted.gif\" alt=\"\"\/><\/figure>\n<\/div>\n\n\n<p class=\"wp-block-paragraph\"><br>Por\u00e9m, se voc\u00ea diz&nbsp;<strong><mark style=\"background-color:rgba(0, 0, 0, 0)\" class=\"has-inline-color has-vivid-purple-color\">\u201cComprei \u00e0 vista\u201d<\/mark><\/strong>, com crase, significa que <strong>voc\u00ea comprou algo pagando tudo de uma vez, sem parcelar<\/strong>.<\/p>\n\n\n\n<p class=\"wp-block-paragraph\">Ufa! \ud83d\ude05<\/p>\n\n\n\n<p class=\"wp-block-paragraph\"><strong><mark style=\"background-color:rgba(0, 0, 0, 0)\" class=\"has-inline-color has-vivid-purple-color\">Informa\u00e7\u00e3o extra:<\/mark><\/strong><br>Voc\u00ea pode comprar <strong><mark style=\"background-color:rgba(0, 0, 0, 0)\" class=\"has-inline-color has-vivid-purple-color\">\u00e0 vista<\/mark><\/strong> ou <strong><mark style=\"background-color:rgba(0, 0, 0, 0)\" class=\"has-inline-color has-vivid-purple-color\">a prazo<\/mark><\/strong>; o primeiro com crase e o segundo sem. \ud83d\udc4d<\/p>\n\n\n\n<p class=\"wp-block-paragraph\">Para entender <a href=\"https:\/\/monicaguerretta.com\/qualeocerto\/o-uso-dos-porques\/\" target=\"_blank\" rel=\"noreferrer noopener\">por que<\/a> <strong><mark style=\"background-color:rgba(0, 0, 0, 0)\" class=\"has-inline-color has-vivid-purple-color\">a prazo<\/mark><\/strong> n\u00e3o tem crase, leia o artigo <a href=\"https:\/\/monicaguerretta.com\/qualeocerto\/a-prazo-tem-crase\/\">&#8220;\u00e0 prazo&#8221; ou &#8220;a prazo&#8221;?<\/a>.<\/p>\n\n\n\n<p class=\"wp-block-paragraph\"><\/p>\n\n\n\n<p class=\"wp-block-paragraph\">Saiba mais sobre <strong><mark style=\"background-color:rgba(0, 0, 0, 0)\" class=\"has-inline-color has-vivid-purple-color\"><a href=\"https:\/\/monicaguerretta.com\/qualeocerto\/crase-de-clareza-a-crase-que-salva-voce-de-ciladas\/\" target=\"_blank\" rel=\"noreferrer noopener\">a crase de clareza, a crase que salva voc\u00ea de ciladas<\/a><\/mark><\/strong>, neste v\u00eddeo:<\/p>\n\n\n\n<figure class=\"wp-block-embed is-type-video is-provider-youtube wp-block-embed-youtube wp-embed-aspect-16-9 wp-has-aspect-ratio\"><div class=\"wp-block-embed__wrapper\">\n<iframe title=\"Crase de clareza: a crase que salva voc\u00ea de confus\u00f5es\" width=\"700\" height=\"394\" src=\"https:\/\/www.youtube.com\/embed\/HdlVZEhEd-I?feature=oembed\" frameborder=\"0\" allow=\"accelerometer; autoplay; clipboard-write; encrypted-media; gyroscope; picture-in-picture\" allowfullscreen><\/iframe>\n<\/div><\/figure>\n","protected":false},"excerpt":{"rendered":"<p>O certo \u00e9 &#8220;\u00e0 vista&#8221;, com crase. Dizer&nbsp;\u201cComprei a vista\u201d, sem crase, significa que voc\u00ea comprou&hellip;<\/p>\n","protected":false},"author":2,"featured_media":939,"comment_status":"open","ping_status":"open","sticky":false,"template":"","format":"standard","meta":{"_exactmetrics_skip_tracking":false,"_exactmetrics_sitenote_active":false,"_exactmetrics_sitenote_note":"","_exactmetrics_sitenote_category":0,"footnotes":""},"categories":[177,291],"tags":[37,34],"class_list":["post-181","post","type-post","status-publish","format-standard","has-post-thumbnail","hentry","category-crase","category-portugues","tag-a-vista","tag-crase"],"yoast_head":"<!-- This site is optimized with the Yoast SEO plugin v28.4 - https:\/\/yoast.com\/product\/yoast-seo-wordpress\/ -->\n<title>Qual \u00e9 o certo: &quot;\u00e0 vista&quot; ou &quot;a vista&quot;? &#187; Qual \u00e9 o certo?<\/title>\n<meta name=\"description\" content=\"Se voc\u00ea n\u00e3o sabe se o certo \u00e9 &quot;\u00e0 vista&quot; ou &quot;a vista&quot;, saiba que as duas op\u00e7\u00f5es existem no portugu\u00eas. Mas elas t\u00eam significados diferentes.\" \/>\n<meta name=\"robots\" content=\"index, follow, max-snippet:-1, max-image-preview:large, max-video-preview:-1\" \/>\n<link rel=\"canonical\" href=\"https:\/\/monicaguerretta.com\/qualeocerto\/a-vista-tem-crase\/\" \/>\n<meta property=\"og:locale\" content=\"pt_BR\" \/>\n<meta property=\"og:type\" content=\"article\" \/>\n<meta property=\"og:title\" content=\"Qual \u00e9 o certo: &quot;\u00e0 vista&quot; ou &quot;a vista&quot;? &#187; Qual \u00e9 o certo?\" \/>\n<meta property=\"og:description\" content=\"Se voc\u00ea n\u00e3o sabe se o certo \u00e9 &quot;\u00e0 vista&quot; ou &quot;a vista&quot;, saiba que as duas op\u00e7\u00f5es existem no portugu\u00eas. Mas elas t\u00eam significados diferentes.\" \/>\n<meta property=\"og:url\" content=\"https:\/\/monicaguerretta.com\/qualeocerto\/a-vista-tem-crase\/\" \/>\n<meta property=\"og:site_name\" content=\"Qual \u00e9 o certo?\" \/>\n<meta property=\"article:publisher\" content=\"https:\/\/www.facebook.com\/qualeocerto\" \/>\n<meta property=\"article:published_time\" content=\"2019-11-16T16:00:00+00:00\" \/>\n<meta property=\"article:modified_time\" content=\"2022-12-02T22:06:09+00:00\" \/>\n<meta property=\"og:image\" content=\"https:\/\/monicaguerretta.com\/qualeocerto\/wp-content\/uploads\/2019\/11\/a-vista-ou-a-vista-qual-e-o-certo.png\" \/>\n\t<meta property=\"og:image:width\" content=\"600\" \/>\n\t<meta property=\"og:image:height\" content=\"601\" \/>\n\t<meta property=\"og:image:type\" content=\"image\/png\" \/>\n<meta name=\"author\" content=\"M\u00f4nica Guerretta\" \/>\n<meta name=\"twitter:card\" content=\"summary_large_image\" \/>\n<meta name=\"twitter:label1\" content=\"Escrito por\" \/>\n\t<meta name=\"twitter:data1\" content=\"M\u00f4nica Guerretta\" \/>\n\t<meta name=\"twitter:label2\" content=\"Est. tempo de leitura\" \/>\n\t<meta name=\"twitter:data2\" content=\"1 minuto\" \/>\n<script type=\"application\/ld+json\" class=\"yoast-schema-graph\">{\"@context\":\"https:\\\/\\\/schema.org\",\"@graph\":[{\"@type\":\"Article\",\"@id\":\"https:\\\/\\\/monicaguerretta.com\\\/qualeocerto\\\/a-vista-tem-crase\\\/#article\",\"isPartOf\":{\"@id\":\"https:\\\/\\\/monicaguerretta.com\\\/qualeocerto\\\/a-vista-tem-crase\\\/\"},\"author\":{\"name\":\"M\u00f4nica Guerretta\",\"@id\":\"https:\\\/\\\/monicaguerretta.com\\\/qualeocerto\\\/#\\\/schema\\\/person\\\/118874294430cb7c9b1bc5523f63cbf4\"},\"headline\":\"Qual \u00e9 o certo: &#8220;\u00e0 vista&#8221; ou &#8220;a vista&#8221;?\",\"datePublished\":\"2019-11-16T16:00:00+00:00\",\"dateModified\":\"2022-12-02T22:06:09+00:00\",\"mainEntityOfPage\":{\"@id\":\"https:\\\/\\\/monicaguerretta.com\\\/qualeocerto\\\/a-vista-tem-crase\\\/\"},\"wordCount\":115,\"commentCount\":0,\"publisher\":{\"@id\":\"https:\\\/\\\/monicaguerretta.com\\\/qualeocerto\\\/#organization\"},\"image\":{\"@id\":\"https:\\\/\\\/monicaguerretta.com\\\/qualeocerto\\\/a-vista-tem-crase\\\/#primaryimage\"},\"thumbnailUrl\":\"https:\\\/\\\/monicaguerretta.com\\\/qualeocerto\\\/wp-content\\\/uploads\\\/2019\\\/11\\\/a-vista-ou-a-vista-qual-e-o-certo.png\",\"keywords\":[\"\u00e0 vista\",\"crase\"],\"articleSection\":[\"Crase\",\"Portugu\u00eas\"],\"inLanguage\":\"pt-BR\",\"potentialAction\":[{\"@type\":\"CommentAction\",\"name\":\"Comment\",\"target\":[\"https:\\\/\\\/monicaguerretta.com\\\/qualeocerto\\\/a-vista-tem-crase\\\/#respond\"]}]},{\"@type\":\"WebPage\",\"@id\":\"https:\\\/\\\/monicaguerretta.com\\\/qualeocerto\\\/a-vista-tem-crase\\\/\",\"url\":\"https:\\\/\\\/monicaguerretta.com\\\/qualeocerto\\\/a-vista-tem-crase\\\/\",\"name\":\"Qual \u00e9 o certo: \\\"\u00e0 vista\\\" ou \\\"a vista\\\"? &#187; Qual \u00e9 o certo?\",\"isPartOf\":{\"@id\":\"https:\\\/\\\/monicaguerretta.com\\\/qualeocerto\\\/#website\"},\"primaryImageOfPage\":{\"@id\":\"https:\\\/\\\/monicaguerretta.com\\\/qualeocerto\\\/a-vista-tem-crase\\\/#primaryimage\"},\"image\":{\"@id\":\"https:\\\/\\\/monicaguerretta.com\\\/qualeocerto\\\/a-vista-tem-crase\\\/#primaryimage\"},\"thumbnailUrl\":\"https:\\\/\\\/monicaguerretta.com\\\/qualeocerto\\\/wp-content\\\/uploads\\\/2019\\\/11\\\/a-vista-ou-a-vista-qual-e-o-certo.png\",\"datePublished\":\"2019-11-16T16:00:00+00:00\",\"dateModified\":\"2022-12-02T22:06:09+00:00\",\"description\":\"Se voc\u00ea n\u00e3o sabe se o certo \u00e9 \\\"\u00e0 vista\\\" ou \\\"a vista\\\", saiba que as duas op\u00e7\u00f5es existem no portugu\u00eas. Mas elas t\u00eam significados diferentes.\",\"breadcrumb\":{\"@id\":\"https:\\\/\\\/monicaguerretta.com\\\/qualeocerto\\\/a-vista-tem-crase\\\/#breadcrumb\"},\"inLanguage\":\"pt-BR\",\"potentialAction\":[{\"@type\":\"ReadAction\",\"target\":[\"https:\\\/\\\/monicaguerretta.com\\\/qualeocerto\\\/a-vista-tem-crase\\\/\"]}]},{\"@type\":\"ImageObject\",\"inLanguage\":\"pt-BR\",\"@id\":\"https:\\\/\\\/monicaguerretta.com\\\/qualeocerto\\\/a-vista-tem-crase\\\/#primaryimage\",\"url\":\"https:\\\/\\\/monicaguerretta.com\\\/qualeocerto\\\/wp-content\\\/uploads\\\/2019\\\/11\\\/a-vista-ou-a-vista-qual-e-o-certo.png\",\"contentUrl\":\"https:\\\/\\\/monicaguerretta.com\\\/qualeocerto\\\/wp-content\\\/uploads\\\/2019\\\/11\\\/a-vista-ou-a-vista-qual-e-o-certo.png\",\"width\":600,\"height\":601,\"caption\":\"\u00e0 vista ou a vista - qual \u00e9 o certo\"},{\"@type\":\"BreadcrumbList\",\"@id\":\"https:\\\/\\\/monicaguerretta.com\\\/qualeocerto\\\/a-vista-tem-crase\\\/#breadcrumb\",\"itemListElement\":[{\"@type\":\"ListItem\",\"position\":1,\"name\":\"In\u00edcio\",\"item\":\"https:\\\/\\\/monicaguerretta.com\\\/qualeocerto\\\/\"},{\"@type\":\"ListItem\",\"position\":2,\"name\":\"Qual \u00e9 o certo: &#8220;\u00e0 vista&#8221; ou &#8220;a vista&#8221;?\"}]},{\"@type\":\"WebSite\",\"@id\":\"https:\\\/\\\/monicaguerretta.com\\\/qualeocerto\\\/#website\",\"url\":\"https:\\\/\\\/monicaguerretta.com\\\/qualeocerto\\\/\",\"name\":\"Qual \u00e9 o Certo?\",\"description\":\"M\u00f4nica Guerretta | Redatora publicit\u00e1ria | Copywriting - UX Writing\",\"publisher\":{\"@id\":\"https:\\\/\\\/monicaguerretta.com\\\/qualeocerto\\\/#organization\"},\"potentialAction\":[{\"@type\":\"SearchAction\",\"target\":{\"@type\":\"EntryPoint\",\"urlTemplate\":\"https:\\\/\\\/monicaguerretta.com\\\/qualeocerto\\\/?s={search_term_string}\"},\"query-input\":{\"@type\":\"PropertyValueSpecification\",\"valueRequired\":true,\"valueName\":\"search_term_string\"}}],\"inLanguage\":\"pt-BR\"},{\"@type\":\"Organization\",\"@id\":\"https:\\\/\\\/monicaguerretta.com\\\/qualeocerto\\\/#organization\",\"name\":\"Qual \u00e9 o certo?\",\"url\":\"https:\\\/\\\/monicaguerretta.com\\\/qualeocerto\\\/\",\"logo\":{\"@type\":\"ImageObject\",\"inLanguage\":\"pt-BR\",\"@id\":\"https:\\\/\\\/monicaguerretta.com\\\/qualeocerto\\\/#\\\/schema\\\/logo\\\/image\\\/\",\"url\":\"https:\\\/\\\/monicaguerretta.com\\\/qualeocerto\\\/wp-content\\\/uploads\\\/2022\\\/08\\\/marca-quale.png\",\"contentUrl\":\"https:\\\/\\\/monicaguerretta.com\\\/qualeocerto\\\/wp-content\\\/uploads\\\/2022\\\/08\\\/marca-quale.png\",\"width\":592,\"height\":315,\"caption\":\"Qual \u00e9 o certo?\"},\"image\":{\"@id\":\"https:\\\/\\\/monicaguerretta.com\\\/qualeocerto\\\/#\\\/schema\\\/logo\\\/image\\\/\"},\"sameAs\":[\"https:\\\/\\\/www.facebook.com\\\/qualeocerto\",\"https:\\\/\\\/www.instagram.com\\\/qualeocerto\\\/\",\"https:\\\/\\\/www.youtube.com\\\/c\\\/qualeocerto\"]},{\"@type\":\"Person\",\"@id\":\"https:\\\/\\\/monicaguerretta.com\\\/qualeocerto\\\/#\\\/schema\\\/person\\\/118874294430cb7c9b1bc5523f63cbf4\",\"name\":\"M\u00f4nica Guerretta\",\"image\":{\"@type\":\"ImageObject\",\"inLanguage\":\"pt-BR\",\"@id\":\"https:\\\/\\\/secure.gravatar.com\\\/avatar\\\/cc0028ec5e6e39e7cd7e61c0fa6158a6d7f1edc39c4f536d768ad95ee3e26a8a?s=96&d=mm&r=g\",\"url\":\"https:\\\/\\\/secure.gravatar.com\\\/avatar\\\/cc0028ec5e6e39e7cd7e61c0fa6158a6d7f1edc39c4f536d768ad95ee3e26a8a?s=96&d=mm&r=g\",\"contentUrl\":\"https:\\\/\\\/secure.gravatar.com\\\/avatar\\\/cc0028ec5e6e39e7cd7e61c0fa6158a6d7f1edc39c4f536d768ad95ee3e26a8a?s=96&d=mm&r=g\",\"caption\":\"M\u00f4nica Guerretta\"}}]}<\/script>\n<!-- \/ Yoast SEO plugin. -->","yoast_head_json":{"title":"Qual \u00e9 o certo: \"\u00e0 vista\" ou \"a vista\"? &#187; Qual \u00e9 o certo?","description":"Se voc\u00ea n\u00e3o sabe se o certo \u00e9 \"\u00e0 vista\" ou \"a vista\", saiba que as duas op\u00e7\u00f5es existem no portugu\u00eas. Mas elas t\u00eam significados diferentes.","robots":{"index":"index","follow":"follow","max-snippet":"max-snippet:-1","max-image-preview":"max-image-preview:large","max-video-preview":"max-video-preview:-1"},"canonical":"https:\/\/monicaguerretta.com\/qualeocerto\/a-vista-tem-crase\/","og_locale":"pt_BR","og_type":"article","og_title":"Qual \u00e9 o certo: \"\u00e0 vista\" ou \"a vista\"? &#187; Qual \u00e9 o certo?","og_description":"Se voc\u00ea n\u00e3o sabe se o certo \u00e9 \"\u00e0 vista\" ou \"a vista\", saiba que as duas op\u00e7\u00f5es existem no portugu\u00eas. Mas elas t\u00eam significados diferentes.","og_url":"https:\/\/monicaguerretta.com\/qualeocerto\/a-vista-tem-crase\/","og_site_name":"Qual \u00e9 o certo?","article_publisher":"https:\/\/www.facebook.com\/qualeocerto","article_published_time":"2019-11-16T16:00:00+00:00","article_modified_time":"2022-12-02T22:06:09+00:00","og_image":[{"width":600,"height":601,"url":"https:\/\/monicaguerretta.com\/qualeocerto\/wp-content\/uploads\/2019\/11\/a-vista-ou-a-vista-qual-e-o-certo.png","type":"image\/png"}],"author":"M\u00f4nica Guerretta","twitter_card":"summary_large_image","twitter_misc":{"Escrito por":"M\u00f4nica Guerretta","Est. tempo de leitura":"1 minuto"},"schema":{"@context":"https:\/\/schema.org","@graph":[{"@type":"Article","@id":"https:\/\/monicaguerretta.com\/qualeocerto\/a-vista-tem-crase\/#article","isPartOf":{"@id":"https:\/\/monicaguerretta.com\/qualeocerto\/a-vista-tem-crase\/"},"author":{"name":"M\u00f4nica Guerretta","@id":"https:\/\/monicaguerretta.com\/qualeocerto\/#\/schema\/person\/118874294430cb7c9b1bc5523f63cbf4"},"headline":"Qual \u00e9 o certo: &#8220;\u00e0 vista&#8221; ou &#8220;a vista&#8221;?","datePublished":"2019-11-16T16:00:00+00:00","dateModified":"2022-12-02T22:06:09+00:00","mainEntityOfPage":{"@id":"https:\/\/monicaguerretta.com\/qualeocerto\/a-vista-tem-crase\/"},"wordCount":115,"commentCount":0,"publisher":{"@id":"https:\/\/monicaguerretta.com\/qualeocerto\/#organization"},"image":{"@id":"https:\/\/monicaguerretta.com\/qualeocerto\/a-vista-tem-crase\/#primaryimage"},"thumbnailUrl":"https:\/\/monicaguerretta.com\/qualeocerto\/wp-content\/uploads\/2019\/11\/a-vista-ou-a-vista-qual-e-o-certo.png","keywords":["\u00e0 vista","crase"],"articleSection":["Crase","Portugu\u00eas"],"inLanguage":"pt-BR","potentialAction":[{"@type":"CommentAction","name":"Comment","target":["https:\/\/monicaguerretta.com\/qualeocerto\/a-vista-tem-crase\/#respond"]}]},{"@type":"WebPage","@id":"https:\/\/monicaguerretta.com\/qualeocerto\/a-vista-tem-crase\/","url":"https:\/\/monicaguerretta.com\/qualeocerto\/a-vista-tem-crase\/","name":"Qual \u00e9 o certo: \"\u00e0 vista\" ou \"a vista\"? &#187; Qual \u00e9 o certo?","isPartOf":{"@id":"https:\/\/monicaguerretta.com\/qualeocerto\/#website"},"primaryImageOfPage":{"@id":"https:\/\/monicaguerretta.com\/qualeocerto\/a-vista-tem-crase\/#primaryimage"},"image":{"@id":"https:\/\/monicaguerretta.com\/qualeocerto\/a-vista-tem-crase\/#primaryimage"},"thumbnailUrl":"https:\/\/monicaguerretta.com\/qualeocerto\/wp-content\/uploads\/2019\/11\/a-vista-ou-a-vista-qual-e-o-certo.png","datePublished":"2019-11-16T16:00:00+00:00","dateModified":"2022-12-02T22:06:09+00:00","description":"Se voc\u00ea n\u00e3o sabe se o certo \u00e9 \"\u00e0 vista\" ou \"a vista\", saiba que as duas op\u00e7\u00f5es existem no portugu\u00eas. Mas elas t\u00eam significados diferentes.","breadcrumb":{"@id":"https:\/\/monicaguerretta.com\/qualeocerto\/a-vista-tem-crase\/#breadcrumb"},"inLanguage":"pt-BR","potentialAction":[{"@type":"ReadAction","target":["https:\/\/monicaguerretta.com\/qualeocerto\/a-vista-tem-crase\/"]}]},{"@type":"ImageObject","inLanguage":"pt-BR","@id":"https:\/\/monicaguerretta.com\/qualeocerto\/a-vista-tem-crase\/#primaryimage","url":"https:\/\/monicaguerretta.com\/qualeocerto\/wp-content\/uploads\/2019\/11\/a-vista-ou-a-vista-qual-e-o-certo.png","contentUrl":"https:\/\/monicaguerretta.com\/qualeocerto\/wp-content\/uploads\/2019\/11\/a-vista-ou-a-vista-qual-e-o-certo.png","width":600,"height":601,"caption":"\u00e0 vista ou a vista - qual \u00e9 o certo"},{"@type":"BreadcrumbList","@id":"https:\/\/monicaguerretta.com\/qualeocerto\/a-vista-tem-crase\/#breadcrumb","itemListElement":[{"@type":"ListItem","position":1,"name":"In\u00edcio","item":"https:\/\/monicaguerretta.com\/qualeocerto\/"},{"@type":"ListItem","position":2,"name":"Qual \u00e9 o certo: &#8220;\u00e0 vista&#8221; ou &#8220;a vista&#8221;?"}]},{"@type":"WebSite","@id":"https:\/\/monicaguerretta.com\/qualeocerto\/#website","url":"https:\/\/monicaguerretta.com\/qualeocerto\/","name":"Qual \u00e9 o Certo?","description":"M\u00f4nica Guerretta | Redatora publicit\u00e1ria | Copywriting - UX Writing","publisher":{"@id":"https:\/\/monicaguerretta.com\/qualeocerto\/#organization"},"potentialAction":[{"@type":"SearchAction","target":{"@type":"EntryPoint","urlTemplate":"https:\/\/monicaguerretta.com\/qualeocerto\/?s={search_term_string}"},"query-input":{"@type":"PropertyValueSpecification","valueRequired":true,"valueName":"search_term_string"}}],"inLanguage":"pt-BR"},{"@type":"Organization","@id":"https:\/\/monicaguerretta.com\/qualeocerto\/#organization","name":"Qual \u00e9 o certo?","url":"https:\/\/monicaguerretta.com\/qualeocerto\/","logo":{"@type":"ImageObject","inLanguage":"pt-BR","@id":"https:\/\/monicaguerretta.com\/qualeocerto\/#\/schema\/logo\/image\/","url":"https:\/\/monicaguerretta.com\/qualeocerto\/wp-content\/uploads\/2022\/08\/marca-quale.png","contentUrl":"https:\/\/monicaguerretta.com\/qualeocerto\/wp-content\/uploads\/2022\/08\/marca-quale.png","width":592,"height":315,"caption":"Qual \u00e9 o certo?"},"image":{"@id":"https:\/\/monicaguerretta.com\/qualeocerto\/#\/schema\/logo\/image\/"},"sameAs":["https:\/\/www.facebook.com\/qualeocerto","https:\/\/www.instagram.com\/qualeocerto\/","https:\/\/www.youtube.com\/c\/qualeocerto"]},{"@type":"Person","@id":"https:\/\/monicaguerretta.com\/qualeocerto\/#\/schema\/person\/118874294430cb7c9b1bc5523f63cbf4","name":"M\u00f4nica Guerretta","image":{"@type":"ImageObject","inLanguage":"pt-BR","@id":"https:\/\/secure.gravatar.com\/avatar\/cc0028ec5e6e39e7cd7e61c0fa6158a6d7f1edc39c4f536d768ad95ee3e26a8a?s=96&d=mm&r=g","url":"https:\/\/secure.gravatar.com\/avatar\/cc0028ec5e6e39e7cd7e61c0fa6158a6d7f1edc39c4f536d768ad95ee3e26a8a?s=96&d=mm&r=g","contentUrl":"https:\/\/secure.gravatar.com\/avatar\/cc0028ec5e6e39e7cd7e61c0fa6158a6d7f1edc39c4f536d768ad95ee3e26a8a?s=96&d=mm&r=g","caption":"M\u00f4nica Guerretta"}}]}},"_links":{"self":[{"href":"https:\/\/monicaguerretta.com\/qualeocerto\/wp-json\/wp\/v2\/posts\/181","targetHints":{"allow":["GET"]}}],"collection":[{"href":"https:\/\/monicaguerretta.com\/qualeocerto\/wp-json\/wp\/v2\/posts"}],"about":[{"href":"https:\/\/monicaguerretta.com\/qualeocerto\/wp-json\/wp\/v2\/types\/post"}],"author":[{"embeddable":true,"href":"https:\/\/monicaguerretta.com\/qualeocerto\/wp-json\/wp\/v2\/users\/2"}],"replies":[{"embeddable":true,"href":"https:\/\/monicaguerretta.com\/qualeocerto\/wp-json\/wp\/v2\/comments?post=181"}],"version-history":[{"count":16,"href":"https:\/\/monicaguerretta.com\/qualeocerto\/wp-json\/wp\/v2\/posts\/181\/revisions"}],"predecessor-version":[{"id":2577,"href":"https:\/\/monicaguerretta.com\/qualeocerto\/wp-json\/wp\/v2\/posts\/181\/revisions\/2577"}],"wp:featuredmedia":[{"embeddable":true,"href":"https:\/\/monicaguerretta.com\/qualeocerto\/wp-json\/wp\/v2\/media\/939"}],"wp:attachment":[{"href":"https:\/\/monicaguerretta.com\/qualeocerto\/wp-json\/wp\/v2\/media?parent=181"}],"wp:term":[{"taxonomy":"category","embeddable":true,"href":"https:\/\/monicaguerretta.com\/qualeocerto\/wp-json\/wp\/v2\/categories?post=181"},{"taxonomy":"post_tag","embeddable":true,"href":"https:\/\/monicaguerretta.com\/qualeocerto\/wp-json\/wp\/v2\/tags?post=181"}],"curies":[{"name":"wp","href":"https:\/\/api.w.org\/{rel}","templated":true}]}}