{"id":1853,"date":"2022-06-24T18:10:22","date_gmt":"2022-06-24T18:10:22","guid":{"rendered":"https:\/\/monicaguerretta.com\/qualeocerto\/?p=1853"},"modified":"2022-12-02T21:44:05","modified_gmt":"2022-12-02T21:44:05","slug":"lista-palavras-de-transicao","status":"publish","type":"post","link":"https:\/\/monicaguerretta.com\/qualeocerto\/lista-palavras-de-transicao\/","title":{"rendered":"<strong>Lista: Palavras de transi\u00e7\u00e3o do Yoast<\/strong>"},"content":{"rendered":"\t\t<div data-elementor-type=\"wp-post\" data-elementor-id=\"1853\" class=\"elementor elementor-1853\">\n\t\t\t\t\t\t<section class=\"elementor-section elementor-top-section elementor-element elementor-element-2e79f8a5 elementor-section-boxed elementor-section-height-default elementor-section-height-default\" data-id=\"2e79f8a5\" data-element_type=\"section\">\n\t\t\t\t\t\t<div class=\"elementor-container elementor-column-gap-default\">\n\t\t\t\t\t<div class=\"elementor-column elementor-col-100 elementor-top-column elementor-element elementor-element-353a6b7\" data-id=\"353a6b7\" data-element_type=\"column\">\n\t\t\t<div class=\"elementor-widget-wrap elementor-element-populated\">\n\t\t\t\t\t\t<div class=\"elementor-element elementor-element-77a54969 elementor-widget elementor-widget-text-editor\" data-id=\"77a54969\" data-element_type=\"widget\" data-widget_type=\"text-editor.default\">\n\t\t\t\t<div class=\"elementor-widget-container\">\n\t\t\t\t\t\t\t\t\t<p><\/p>\n<p>Quem publica artigos em blogs e <strong>usa o plugin do Yoast para acompanhar o desempenho das publica\u00e7\u00f5es<\/strong>, certamente fica na ansiedade para conseguir ler este aviso:<\/p>\n<p><div class=\"wp-block-image\"><\/p>\n<figure class=\"aligncenter size-full is-resized\"><img decoding=\"async\" class=\"wp-image-1854\" src=\"https:\/\/monicaguerretta.com\/qualeocerto\/wp-content\/uploads\/2022\/06\/palavras-de-transicao-yoast-concluido.png\" alt=\"\" width=\"271\" height=\"40\" \/><\/figure>\n<p><\/div><\/p>\n<h2 class=\"wp-block-heading\"><strong><mark class=\"has-inline-color has-vivid-purple-color\" style=\"background-color: rgba(0, 0, 0, 0);\">Mas o que s\u00e3o palavras de transi\u00e7\u00e3o?<\/mark><\/strong><\/h2>\n<p><\/p>\n<p>S\u00e3o <strong>palavras e express\u00f5es que proporcionam fluidez ao seu texto, que ligam uma frase \u00e0 outra<\/strong>. Assim, elas melhoram a continuidade das informa\u00e7\u00f5es, e o seu conte\u00fado fica com uma leitura mais agrad\u00e1vel.<\/p>\n<p><\/p>\n<p>Voc\u00ea quer um exemplo de como essas palavrinhas deixam um texto melhor?<br \/>Veja abaixo.<\/p>\n<p><\/p>\n<h4 class=\"wp-block-heading\"><strong>Exemplo de texto bem direto:<\/strong><\/h4>\n<p><\/p>\n<p>Muitas pessoas se empolgam ao escrever uma frase, uma senten\u00e7a, e se esquecem de usar o ponto-final. A senten\u00e7a fica maior do que deveria. O texto se torna dif\u00edcil de ler, as informa\u00e7\u00f5es ficam desinteressantes e a pessoa se perde mais f\u00e1cil enquanto l\u00ea, <strong><mark class=\"has-inline-color has-vivid-purple-color\" style=\"background-color: rgba(0, 0, 0, 0);\">mesmo que<\/mark><\/strong> esteja acostumada com uma leitura mais avan\u00e7ada.<\/p>\n<p><\/p>\n<h4 class=\"wp-block-heading\"><strong>Exemplo de texto com mais palavras de transi\u00e7\u00e3o:<\/strong><\/h4>\n<p><\/p>\n<p>Muitas pessoas se empolgam ao escrever uma frase, uma senten\u00e7a, e se esquecem de usar o ponto-final. <strong><mark class=\"has-inline-color has-vivid-purple-color\" style=\"background-color: rgba(0, 0, 0, 0);\">Ou seja<\/mark><\/strong>: a senten\u00e7a fica maior do que deveria. <strong><mark class=\"has-inline-color has-vivid-purple-color\" style=\"background-color: rgba(0, 0, 0, 0);\">Dessa forma<\/mark><\/strong>, o texto se torna dif\u00edcil de ler, as informa\u00e7\u00f5es ficam desinteressantes e a pessoa se perde mais f\u00e1cil enquanto l\u00ea, <strong><mark class=\"has-inline-color has-vivid-purple-color\" style=\"background-color: rgba(0, 0, 0, 0);\">mesmo que<\/mark><\/strong> esteja acostumada com uma leitura mais avan\u00e7ada.<\/p>\n<p><\/p>\n<p>Voc\u00ea percebeu? Com as frases amarradinhas umas \u00e0s outras, seu texto fica muito mais f\u00e1cil de ler. Por consequ\u00eancia, a pessoa passa mais tempo na p\u00e1gina.<\/p>\n<p><\/p>\n<p>Em resumo\u2026<\/p>\n<p><\/p>\n<h2 class=\"wp-block-heading\"><strong><mark class=\"has-inline-color has-vivid-purple-color\" style=\"background-color: rgba(0, 0, 0, 0);\">Palavras de transi\u00e7\u00e3o melhoram a experi\u00eancia do usu\u00e1rio no seu site<\/mark><\/strong><\/h2>\n<p><\/p>\n<p>O Google ranqueia melhor os conte\u00fados que atendem a esse requisito. Afinal, quando a pessoa passa mais tempo no seu site, o Google entende que o p\u00fablico gosta do seu conte\u00fado e passa a mostr\u00e1-lo com mais destaque nas p\u00e1ginas de busca. Sacou? <img decoding=\"async\" class=\"emoji\" role=\"img\" draggable=\"false\" src=\"https:\/\/s.w.org\/images\/core\/emoji\/14.0.0\/svg\/1f609.svg\" alt=\"\ud83d\ude09\" \/><\/p>\n<p><\/p>\n<p>Entendo a dificuldade que muitas pessoas vivem em rela\u00e7\u00e3o a essa t\u00e9cnica de SEO (eu tamb\u00e9m me incluo no grupo <img decoding=\"async\" class=\"emoji\" role=\"img\" draggable=\"false\" src=\"https:\/\/s.w.org\/images\/core\/emoji\/14.0.0\/svg\/1f64b-1f3fb-200d-2640-fe0f.svg\" alt=\"\ud83d\ude4b\ud83c\udffb\u200d\u2640\ufe0f\" \/>). Por isso preparei uma <strong>lista com TODAS as palavras que o Yoast reconhece como palavras de transi\u00e7\u00e3o<\/strong>.<\/p>\n<p><\/p>\n<p>Existem outras palavras e express\u00f5es desse tipo? Sim, existem.<\/p>\n<p><\/p>\n<p>No entanto, como n\u00f3s \u2014 pessoas que produzem conte\u00fados para blogs \u2014 precisamos atender a essa miss\u00e3o que o Yoast nos d\u00e1 a cada publica\u00e7\u00e3o, criei esta <a href=\"https:\/\/yoast.com\/help\/transition-words-in-your-language\/#portuguese\" target=\"_blank\" rel=\"noreferrer noopener\">lista com as palavras oficiais<\/a> separadas por categorias.<\/p>\n<p><\/p>\n<p>Ah! Al\u00e9m disso, mostro os significados das op\u00e7\u00f5es menos usadas e menos conhecidas. Inclusive, tem explica\u00e7\u00e3o para ajudar quem confunde <strong><mark class=\"has-inline-color has-vivid-purple-color\" style=\"background-color: rgba(0, 0, 0, 0);\">a princ\u00edpio<\/mark><\/strong> com <strong><mark class=\"has-inline-color has-vivid-purple-color\" style=\"background-color: rgba(0, 0, 0, 0);\">em princ\u00edpio<\/mark><\/strong>.<\/p>\n<p><\/p>\n<p>Voc\u00ea encontrar\u00e1 tamb\u00e9m coment\u00e1rios meus sobre algumas express\u00f5es que est\u00e3o listadas, e desabafos sobre palavras que deveriam estar. <img decoding=\"async\" class=\"emoji\" role=\"img\" draggable=\"false\" src=\"https:\/\/s.w.org\/images\/core\/emoji\/14.0.0\/svg\/1f601.svg\" alt=\"\ud83d\ude01\" \/><\/p>\n<p><\/p>\n<h2 class=\"wp-block-heading\"><strong><mark class=\"has-inline-color has-vivid-purple-color\" style=\"background-color: rgba(0, 0, 0, 0);\">Lista de express\u00f5es e palavras de transi\u00e7\u00e3o do Yoast<\/mark><\/strong><\/h2>\n<p><\/p>\n<h3 class=\"wp-block-heading\"><strong><mark class=\"has-inline-color has-white-color\" style=\"background-color: #9b51e0;\">Introdu\u00e7\u00e3o:<\/mark><\/strong><\/h3>\n<p><\/p>\n<figure class=\"wp-block-table is-style-stripes\">\n<table class=\"has-vivid-purple-color has-text-color has-fixed-layout\">\n<tbody>\n<tr>\n<td><strong>acima de tudo<\/strong><\/td>\n<td><strong>antes de mais nada<\/strong><\/td>\n<td><strong>antes de tudo<\/strong><\/td>\n<\/tr>\n<tr>\n<td><strong>antes que<\/strong><\/td>\n<td><strong>a princ\u00edpio<\/strong><\/td>\n<td><strong>em primeiro lugar<\/strong><\/td>\n<\/tr>\n<tr>\n<td><strong>em princ\u00edpio<\/strong><\/td>\n<td><strong>principalmente<\/strong><\/td>\n<td><strong>primeiramente<\/strong><\/td>\n<\/tr>\n<tr>\n<td><strong>primordialmente<\/strong><\/td>\n<td><strong>sobretudo<\/strong><\/td>\n<td>\u00a0<\/td>\n<\/tr>\n<\/tbody>\n<\/table>\n<\/figure>\n<p><\/p>\n<p>Antes que voc\u00ea se confunda, j\u00e1 explico: <img decoding=\"async\" class=\"emoji\" role=\"img\" draggable=\"false\" src=\"https:\/\/s.w.org\/images\/core\/emoji\/14.0.0\/svg\/1f605.svg\" alt=\"\ud83d\ude05\" \/><\/p>\n<p><\/p>\n<ul class=\"wp-block-list\">\n<li><strong><mark class=\"has-inline-color has-vivid-purple-color\" style=\"background-color: rgba(0, 0, 0, 0);\">a princ\u00edpio<\/mark><\/strong> = inicialmente, no princ\u00edpio<\/li>\n<li><strong><mark class=\"has-inline-color has-vivid-purple-color\" style=\"background-color: rgba(0, 0, 0, 0);\">em princ\u00edpio<\/mark><\/strong> = de maneira geral, de forma geral, antes de qualquer considera\u00e7\u00e3o<\/li>\n<\/ul>\n<p><\/p>\n<p><\/p>\n<h3 class=\"wp-block-heading\"><strong><mark class=\"has-inline-color has-white-color\" style=\"background-color: #9b51e0;\">Continua\u00e7\u00e3o:<\/mark><\/strong><\/h3>\n<p><\/p>\n<figure class=\"wp-block-table is-style-stripes\">\n<table class=\"has-vivid-purple-color has-text-color has-fixed-layout\">\n<tbody>\n<tr>\n<td><strong>ademais<\/strong><\/td>\n<td><strong>a fim de<\/strong><\/td>\n<td><strong>a fim de que<\/strong><\/td>\n<\/tr>\n<tr>\n<td><strong>ainda assim<\/strong><\/td>\n<td><strong>ainda mais<\/strong><\/td>\n<td><strong>ainda que<\/strong><\/td>\n<\/tr>\n<tr>\n<td><strong>al\u00e9m disso<\/strong><\/td>\n<td><strong>ali\u00e1s<\/strong><\/td>\n<td><strong>a menos que<\/strong><\/td>\n<\/tr>\n<tr>\n<td><strong>ao passo que<\/strong><\/td>\n<td><strong>ao prop\u00f3sito<\/strong><\/td>\n<td><strong>apesar de<\/strong><\/td>\n<\/tr>\n<tr>\n<td><strong>a saber<\/strong><\/td>\n<td><strong>assim que<\/strong><\/td>\n<td><strong>assim sendo<\/strong><\/td>\n<\/tr>\n<tr>\n<td><strong>bem como<\/strong><\/td>\n<td><strong>com a finalidade de<\/strong><\/td>\n<td><strong>com efeito<\/strong><\/td>\n<\/tr>\n<tr>\n<td><strong>com o fim de<\/strong><\/td>\n<td><strong>com o intuito de<\/strong><\/td>\n<td><strong>com o prop\u00f3sito de<\/strong><\/td>\n<\/tr>\n<tr>\n<td><strong>com toda a certeza<\/strong><\/td>\n<td><strong>certamente<\/strong><\/td>\n<td><strong>decerto<\/strong><\/td>\n<\/tr>\n<tr>\n<td><strong>de fato<\/strong><\/td>\n<td><strong>dessa forma<\/strong><\/td>\n<td><strong>dessa maneira<\/strong><\/td>\n<\/tr>\n<tr>\n<td><strong>desse modo<\/strong><\/td>\n<td><strong>desde que<\/strong><\/td>\n<td><strong>de tal forma que<\/strong><\/td>\n<\/tr>\n<tr>\n<td><strong>de tal sorte que<\/strong><\/td>\n<td><strong>em outras palavras<\/strong><\/td>\n<td><strong>em segundo lugar<\/strong><\/td>\n<\/tr>\n<tr>\n<td><strong>em terceiro lugar<\/strong><\/td>\n<td><strong>em virtude de<\/strong><\/td>\n<td><strong>ent\u00e3o<\/strong><\/td>\n<\/tr>\n<tr>\n<td><strong>\u00e9 prov\u00e1vel<\/strong><\/td>\n<td><strong>eventualmente<\/strong><\/td>\n<td><strong>inegavelmente<\/strong><\/td>\n<\/tr>\n<tr>\n<td><strong>isto \u00e9<\/strong><\/td>\n<td><strong>j\u00e1 que<\/strong><\/td>\n<td><strong>mesmo que<\/strong><\/td>\n<\/tr>\n<tr>\n<td><strong>n\u00e3o apenas<\/strong><\/td>\n<td><strong>nesse sentido<\/strong><\/td>\n<td><strong>ou por outra<\/strong><\/td>\n<\/tr>\n<tr>\n<td><strong>ou seja<\/strong><\/td>\n<td><strong>para que<\/strong><\/td>\n<td><strong>pois<\/strong><\/td>\n<\/tr>\n<tr>\n<td><strong>por causa de<\/strong><\/td>\n<td><strong>por certo<\/strong><\/td>\n<td><strong>por consequ\u00eancia<\/strong><\/td>\n<\/tr>\n<tr>\n<td><strong>por exemplo<\/strong><\/td>\n<td><strong>por isso<\/strong><\/td>\n<td><strong>por mais que<\/strong><\/td>\n<\/tr>\n<tr>\n<td><strong>por menos que<\/strong><\/td>\n<td><strong>porque<\/strong><\/td>\n<td><strong>porquanto<\/strong><\/td>\n<\/tr>\n<tr>\n<td><strong>precipuamente<\/strong><\/td>\n<td><strong>salvo<\/strong><\/td>\n<td><strong>se acaso<\/strong><\/td>\n<\/tr>\n<tr>\n<td><strong>se bem que<\/strong><\/td>\n<td><strong>seja como for<\/strong><\/td>\n<td><strong>sem d\u00favida<\/strong><\/td>\n<\/tr>\n<tr>\n<td><strong>s\u00f3 para exemplificar<\/strong><\/td>\n<td><strong>s\u00f3 para ilustrar<\/strong><\/td>\n<td><strong>s\u00f3 que<\/strong><\/td>\n<\/tr>\n<tr>\n<td><strong>uma vez que<\/strong><\/td>\n<td><strong>visto que<\/strong><\/td>\n<td><strong>talvez provavelmente<\/strong><\/td>\n<\/tr>\n<\/tbody>\n<\/table>\n<\/figure>\n<p><\/p>\n<p>Socorro! Na lista do Yoast aparece <strong><mark class=\"has-inline-color has-vivid-purple-color\" style=\"background-color: rgba(0, 0, 0, 0);\">talvez provavelmente<\/mark><\/strong>, as duas palavras juntas. Se voc\u00ea testar us\u00e1-las sozinhas, ver\u00e1 que n\u00e3o ser\u00e3o reconhecidas como palavras de transi\u00e7\u00e3o (sim, eu fiz esse teste). Bom, mas eu jamais usaria as duas palavras juntas. <img decoding=\"async\" class=\"emoji\" role=\"img\" draggable=\"false\" src=\"https:\/\/s.w.org\/images\/core\/emoji\/14.0.0\/svg\/1f631.svg\" alt=\"\ud83d\ude31\" \/><\/p>\n<p><\/p>\n<p>Voc\u00ea ficou com d\u00favida em rela\u00e7\u00e3o \u00e0s op\u00e7\u00f5es menos usadas? Eu ajudo:<\/p>\n<p><\/p>\n<ul class=\"wp-block-list\">\n<li><strong><mark class=\"has-inline-color has-vivid-purple-color\" style=\"background-color: rgba(0, 0, 0, 0);\">ademais<\/mark><\/strong> = al\u00e9m disso, al\u00e9m do mais<\/li>\n<li><strong><mark class=\"has-inline-color has-vivid-purple-color\" style=\"background-color: rgba(0, 0, 0, 0);\">ao passo que<\/mark><\/strong> = \u00e0 medida que<\/li>\n<li><strong><mark class=\"has-inline-color has-vivid-purple-color\" style=\"background-color: rgba(0, 0, 0, 0);\">com efeito<\/mark><\/strong> = de fato, efetivamente<\/li>\n<li><strong><mark class=\"has-inline-color has-vivid-purple-color\" style=\"background-color: rgba(0, 0, 0, 0);\">de tal sorte que<\/mark><\/strong> = de tal forma que<\/li>\n<li><strong><mark class=\"has-inline-color has-vivid-purple-color\" style=\"background-color: rgba(0, 0, 0, 0);\">ou por outra<\/mark><\/strong> = quer dizer, de outra forma<\/li>\n<li><strong><mark class=\"has-inline-color has-vivid-purple-color\" style=\"background-color: rgba(0, 0, 0, 0);\">porquanto<\/mark><\/strong> = porque, visto que, j\u00e1 que<\/li>\n<li><strong><mark class=\"has-inline-color has-vivid-purple-color\" style=\"background-color: rgba(0, 0, 0, 0);\">precipuamente<\/mark><\/strong> = de forma importante, de forma inerente<\/li>\n<li><strong><mark class=\"has-inline-color has-vivid-purple-color\" style=\"background-color: rgba(0, 0, 0, 0);\">salvo<\/mark><\/strong> = exceto<\/li>\n<li><strong><mark class=\"has-inline-color has-vivid-purple-color\" style=\"background-color: rgba(0, 0, 0, 0);\">se bem que<\/mark><\/strong> = apesar de, n\u00e3o obstante<\/li>\n<\/ul>\n<p><\/p>\n<h3 class=\"wp-block-heading\"><strong><mark class=\"has-inline-color has-white-color\" style=\"background-color: #9b51e0;\">Compara\u00e7\u00e3o:<\/mark><\/strong><\/h3>\n<p><\/p>\n<figure class=\"wp-block-table is-style-stripes\">\n<table class=\"has-vivid-purple-color has-text-color has-fixed-layout\">\n<tbody>\n<tr>\n<td><strong>analogamente<\/strong><\/td>\n<td><strong>assim como<\/strong><\/td>\n<td><strong>assim tamb\u00e9m<\/strong><\/td>\n<\/tr>\n<tr>\n<td><strong>bem como<\/strong><\/td>\n<td><strong>conforme<\/strong><\/td>\n<td><strong>como se<\/strong><\/td>\n<\/tr>\n<tr>\n<td><strong>da mesma forma<\/strong><\/td>\n<td><strong>de acordo com<\/strong><\/td>\n<td><strong>de conformidade com<\/strong><\/td>\n<\/tr>\n<tr>\n<td><strong>de maneira id\u00eantica<\/strong><\/td>\n<td><strong>do mesmo modo<\/strong><\/td>\n<td><strong>em contraste com<\/strong><\/td>\n<\/tr>\n<tr>\n<td><strong>igualmente<\/strong><\/td>\n<td><strong>outrossim<\/strong><\/td>\n<td><strong>por analogia<\/strong><\/td>\n<\/tr>\n<tr>\n<td><strong>por outro lado<\/strong><\/td>\n<td><strong>semelhantemente<\/strong><\/td>\n<td><strong>similarmente<\/strong><\/td>\n<\/tr>\n<tr>\n<td><strong>sob o mesmo ponto de vista<\/strong><\/td>\n<td><strong>tanto quanto<\/strong><\/td>\n<td>\u00a0<\/td>\n<\/tr>\n<\/tbody>\n<\/table>\n<\/figure>\n<p><\/p>\n<p>Apareceram outras palavras menos comuns, n\u00e3o \u00e9 mesmo?<br \/>Aqui est\u00e3o os sin\u00f4nimos:<\/p>\n<p><\/p>\n<ul class=\"wp-block-list\">\n<li><strong><mark class=\"has-inline-color has-vivid-purple-color\" style=\"background-color: rgba(0, 0, 0, 0);\">analogamente<\/mark><\/strong> = de forma semelhante, de forma parecida<\/li>\n<li><strong><mark class=\"has-inline-color has-vivid-purple-color\" style=\"background-color: rgba(0, 0, 0, 0);\">outrossim<\/mark><\/strong> = do mesmo modo, igualmente<\/li>\n<\/ul>\n<p><\/p>\n<h3 class=\"wp-block-heading\"><strong><mark class=\"has-inline-color has-white-color\" style=\"background-color: #9b51e0;\">Mudan\u00e7a:<\/mark><\/strong><\/h3>\n<p><\/p>\n<figure class=\"wp-block-table is-style-stripes\">\n<table class=\"has-vivid-purple-color has-text-color has-fixed-layout\">\n<tbody>\n<tr>\n<td><strong>conquanto<\/strong><\/td>\n<td><strong>contudo<\/strong><\/td>\n<td><strong>embora<\/strong><\/td>\n<\/tr>\n<tr>\n<td><strong>em contrapartida<\/strong><\/td>\n<td><strong>entretanto<\/strong><\/td>\n<td><strong>inesperadamente<\/strong><\/td>\n<\/tr>\n<tr>\n<td><strong>mas<\/strong><\/td>\n<td><strong>no entanto<\/strong><\/td>\n<td><strong>pelo contr\u00e1rio<\/strong><\/td>\n<\/tr>\n<tr>\n<td><strong>posto que<\/strong><\/td>\n<td><strong>surpreendentemente<\/strong><\/td>\n<td><strong>todavia<\/strong><\/td>\n<\/tr>\n<\/tbody>\n<\/table>\n<\/figure>\n<p><\/p>\n<p>Mais sin\u00f4nimos, para facilitar a sua vida:<\/p>\n<p><\/p>\n<ul class=\"wp-block-list\">\n<li><strong><mark class=\"has-inline-color has-vivid-purple-color\" style=\"background-color: rgba(0, 0, 0, 0);\">conquanto<\/mark><\/strong> = embora, ainda que<\/li>\n<li><strong><mark class=\"has-inline-color has-vivid-purple-color\" style=\"background-color: rgba(0, 0, 0, 0);\">posto que<\/mark><\/strong> = embora, ainda que<\/li>\n<\/ul>\n<p><\/p>\n<p>Algu\u00e9m me explica por que <strong>por\u00e9m<\/strong> n\u00e3o est\u00e1 na lista do Yoast? <img decoding=\"async\" class=\"emoji\" role=\"img\" draggable=\"false\" src=\"https:\/\/s.w.org\/images\/core\/emoji\/14.0.0\/svg\/1f914.svg\" alt=\"\ud83e\udd14\" \/><\/p>\n<p><\/p>\n<h3 class=\"wp-block-heading\"><strong><mark class=\"has-inline-color has-white-color\" style=\"background-color: #9b51e0;\">Tempo:<\/mark><\/strong><\/h3>\n<p><\/p>\n<figure class=\"wp-block-table is-style-stripes\">\n<table class=\"has-vivid-purple-color has-text-color has-fixed-layout\">\n<tbody>\n<tr>\n<td><strong>anteriormente<\/strong><\/td>\n<td><strong>ao mesmo tempo<\/strong><\/td>\n<td><strong>ao passo que<\/strong><\/td>\n<\/tr>\n<tr>\n<td><strong>\u00e0s vezes<\/strong><\/td>\n<td><strong>depois que<\/strong><\/td>\n<td><strong>desde que<\/strong><\/td>\n<\/tr>\n<tr>\n<td><strong>em seguida<\/strong><\/td>\n<td><strong>enquanto<\/strong><\/td>\n<td><strong>ent\u00e3o<\/strong><\/td>\n<\/tr>\n<tr>\n<td><strong>entretanto<\/strong><\/td>\n<td><strong>logo ap\u00f3s<\/strong><\/td>\n<td><strong>logo depois<\/strong><\/td>\n<\/tr>\n<tr>\n<td><strong>logo que<\/strong><\/td>\n<td><strong>nesse hiato<\/strong><\/td>\n<td><strong>nesse \u00ednterim<\/strong><\/td>\n<\/tr>\n<tr>\n<td><strong>nesse meio-tempo<\/strong><\/td>\n<td><strong>no entanto<\/strong><\/td>\n<td><strong>no momento em que<\/strong><\/td>\n<\/tr>\n<tr>\n<td><strong>posteriormente<\/strong><\/td>\n<td><strong>finalmente agora atualmente<\/strong><\/td>\n<td>\u00a0<\/td>\n<\/tr>\n<\/tbody>\n<\/table>\n<\/figure>\n<p><\/p>\n<p><span style=\"text-decoration: underline;\"><strong>Informa\u00e7\u00e3o surpreendente:<\/strong><\/span> Se usarmos <strong>finalmente<\/strong>, <strong>agora<\/strong> e <strong>atualmente<\/strong> sozinhas, o Yoast n\u00e3o as reconhece como palavras de transi\u00e7\u00e3o.<br \/>Fiquei chocada <img decoding=\"async\" class=\"emoji\" role=\"img\" draggable=\"false\" src=\"https:\/\/s.w.org\/images\/core\/emoji\/14.0.0\/svg\/1f423.svg\" alt=\"\ud83d\udc23\" \/> quando descobri isso.\u00a0E n\u00e3o recomendo que voc\u00ea coloque um <mark class=\"has-inline-color has-vivid-purple-color\" style=\"background-color: rgba(0, 0, 0, 0);\"><strong>finalmente<\/strong> <strong>agora<\/strong> <strong>atualmente<\/strong><\/mark> no seu texto, viu?!<\/p>\n<p><\/p>\n<p>Mais um sin\u00f4nimo para ajudar voc\u00ea:<\/p>\n<p><\/p>\n<ul class=\"wp-block-list\">\n<li><strong><mark class=\"has-inline-color has-vivid-purple-color\" style=\"background-color: rgba(0, 0, 0, 0);\">ao passo que<\/mark><\/strong> = enquanto<\/li>\n<\/ul>\n<p><\/p>\n<h3 class=\"wp-block-heading\"><strong><mark class=\"has-inline-color has-white-color\" style=\"background-color: #9b51e0;\">Palavras de transi\u00e7\u00e3o em duas partes:<\/mark><\/strong><\/h3>\n<p><\/p>\n<figure class=\"wp-block-table is-style-stripes\">\n<table class=\"has-vivid-purple-color has-text-color has-fixed-layout\">\n<tbody>\n<tr>\n<td><strong>n\u00e3o apenas\u2026 como tamb\u00e9m\u2026<\/strong><\/td>\n<td><strong>n\u00e3o s\u00f3\u2026 bem como\u2026<\/strong><\/td>\n<\/tr>\n<tr>\n<td><strong>n\u00e3o s\u00f3\u2026 como tamb\u00e9m\u2026<\/strong><\/td>\n<td><strong>n\u00e3o s\u00f3\u2026 mas tamb\u00e9m\u2026<\/strong><\/td>\n<\/tr>\n<tr>\n<td><strong>ora\u2026 ora\u2026<\/strong><\/td>\n<td><strong>ou\u2026 ou\u2026<\/strong><\/td>\n<\/tr>\n<tr>\n<td><strong>quer\u2026 quer\u2026<\/strong><\/td>\n<td>\u00a0<\/td>\n<\/tr>\n<\/tbody>\n<\/table>\n<\/figure>\n<p><\/p>\n<h3 class=\"wp-block-heading\"><strong><mark class=\"has-inline-color has-white-color\" style=\"background-color: #9b51e0;\">Conclus\u00e3o:<\/mark><\/strong><\/h3>\n<p><\/p>\n<figure class=\"wp-block-table is-style-stripes\">\n<table class=\"has-vivid-purple-color has-text-color has-fixed-layout\">\n<tbody>\n<tr>\n<td><strong>afinal<\/strong><\/td>\n<td><strong>assim<\/strong><\/td>\n<td><strong>como resultado<\/strong><\/td>\n<\/tr>\n<tr>\n<td><strong>dessa forma<\/strong><\/td>\n<td><strong>dessa maneira<\/strong><\/td>\n<td><strong>desse modo<\/strong><\/td>\n<\/tr>\n<tr>\n<td><strong>em conclus\u00e3o<\/strong><\/td>\n<td><strong>em resumo<\/strong><\/td>\n<td><strong>em s\u00edntese<\/strong><\/td>\n<\/tr>\n<tr>\n<td><strong>em suma<\/strong><\/td>\n<td><strong>enfim<\/strong><\/td>\n<td><strong>por conseguinte<\/strong><\/td>\n<\/tr>\n<tr>\n<td><strong>por fim<\/strong><\/td>\n<td><strong>portanto<\/strong><\/td>\n<td>\u00a0<\/td>\n<\/tr>\n<\/tbody>\n<\/table>\n<\/figure>\n<p><\/p>\n<p>\u00daltimo sin\u00f4nimo da lista:<\/p>\n<p><\/p>\n<ul class=\"wp-block-list\">\n<li><strong><mark class=\"has-inline-color has-vivid-purple-color\" style=\"background-color: rgba(0, 0, 0, 0);\">por conseguinte<\/mark><\/strong> = portanto<\/li>\n<\/ul>\n<p><\/p>\n<p>Os significados das palavras e express\u00f5es menos usadas s\u00e3o do <a href=\"https:\/\/houaiss.uol.com.br\/corporativo\/apps\/uol_www\/v6-0\/html\/index.php#3\" target=\"_blank\" rel=\"noreferrer noopener\">dicion\u00e1rio Houaiss<\/a>. <img decoding=\"async\" class=\"emoji\" role=\"img\" draggable=\"false\" src=\"https:\/\/s.w.org\/images\/core\/emoji\/14.0.0\/svg\/1f609.svg\" alt=\"\ud83d\ude09\" \/><\/p>\n<p><\/p>\n<h2 class=\"wp-block-heading\"><strong><mark class=\"has-inline-color has-vivid-purple-color\" style=\"background-color: rgba(0, 0, 0, 0);\">Por fim, minhas considera\u00e7\u00f5es<\/mark><\/strong><\/h2>\n<p><\/p>\n<p>Em alguns conte\u00fados aqui no blog, o Yoast n\u00e3o me mostra a t\u00e3o desejada mensagem \u201cconclu\u00eddo!\u201d com a bolinha verde para as palavras de transi\u00e7\u00e3o. Isso acontece porque, nos meus textos, <a href=\"https:\/\/monicaguerretta.com\/qualeocerto\/prezar-pelo-esta-errado\/\" target=\"_blank\" rel=\"noreferrer noopener\">prezo<\/a> tamb\u00e9m a leitura mais direto ao ponto em muitos momentos.<\/p>\n<p><\/p>\n<p>Por exemplo: inicio diversos t\u00f3picos com <img decoding=\"async\" class=\"emoji\" role=\"img\" draggable=\"false\" src=\"https:\/\/s.w.org\/images\/core\/emoji\/14.0.0\/svg\/2705.svg\" alt=\"\u2705\" \/> e <img decoding=\"async\" class=\"emoji\" role=\"img\" draggable=\"false\" src=\"https:\/\/s.w.org\/images\/core\/emoji\/14.0.0\/svg\/274c.svg\" alt=\"\u274c\" \/> para facilitar a sua vida na hora de entender o que est\u00e1 certo e errado. Por\u00e9m, isso bagun\u00e7a a an\u00e1lise do Yoast. <img decoding=\"async\" class=\"emoji\" role=\"img\" draggable=\"false\" src=\"https:\/\/s.w.org\/images\/core\/emoji\/14.0.0\/svg\/1f92d.svg\" alt=\"\ud83e\udd2d\" \/><\/p>\n<p><\/p>\n<p>Tamb\u00e9m evito usar as palavras menos comuns e fujo de reunir muitos adv\u00e9rbios terminados em mente, porque <mark class=\"has-inline-color has-vivid-purple-color\" style=\"background-color: rgba(0, 0, 0, 0);\"><strong>consequentemente<\/strong><\/mark> a leitura parece <mark class=\"has-inline-color has-vivid-purple-color\" style=\"background-color: rgba(0, 0, 0, 0);\"><strong>surpreendentemente<\/strong><\/mark> fazer alguns rodeios em vez de ficar mais fluida \u2014 <mark class=\"has-inline-color has-vivid-purple-color\" style=\"background-color: rgba(0, 0, 0, 0);\"><strong>certamente<\/strong><\/mark> voc\u00ea percebeu que acabei de mostrar isso, n\u00e3o \u00e9 mesmo?<\/p>\n<p><\/p>\n<p>O Yoast reconheceu o par\u00e1grafo acima como \u201cok\u201d, mas \u00e9 de bom-tom encher seu texto de palavras de transi\u00e7\u00e3o? N\u00e3o, n\u00e3o \u00e9 de <a href=\"https:\/\/michaelis.uol.com.br\/moderno-portugues\/busca\/portugues-brasileiro\/bom-tom\/\" target=\"_blank\" rel=\"noreferrer noopener\">bom-tom<\/a>. <img decoding=\"async\" class=\"emoji\" role=\"img\" draggable=\"false\" src=\"https:\/\/s.w.org\/images\/core\/emoji\/14.0.0\/svg\/1f606.svg\" alt=\"\ud83d\ude06\" \/><\/p>\n<p><\/p>\n<p>Pense mais em deixar seu texto agrad\u00e1vel, fluido e leve. Cuidado para n\u00e3o exagerar nas palavras de transi\u00e7\u00e3o. Afinal, dessa forma, seu texto pode ficar cansativo e enrolado, o que afasta as pessoas do seu conte\u00fado.<\/p>\n<p><\/p>\n<p>Enfim, desejo que essa lista de palavras de transi\u00e7\u00e3o do Yoast seja muito \u00fatil para voc\u00ea \u2014 e que salve sua vida nos pr\u00f3ximos conte\u00fados. <img decoding=\"async\" class=\"emoji\" role=\"img\" draggable=\"false\" src=\"https:\/\/s.w.org\/images\/core\/emoji\/14.0.0\/svg\/1f970.svg\" alt=\"\ud83e\udd70\" \/><\/p>\n<p><\/p>\t\t\t\t\t\t\t\t<\/div>\n\t\t\t\t<\/div>\n\t\t\t\t\t<\/div>\n\t\t<\/div>\n\t\t\t\t\t<\/div>\n\t\t<\/section>\n\t\t\t\t<section class=\"elementor-section elementor-top-section elementor-element elementor-element-fec4887 elementor-section-boxed elementor-section-height-default elementor-section-height-default\" data-id=\"fec4887\" data-element_type=\"section\">\n\t\t\t\t\t\t<div class=\"elementor-container elementor-column-gap-default\">\n\t\t\t\t\t<div class=\"elementor-column elementor-col-33 elementor-top-column elementor-element elementor-element-1c46095\" data-id=\"1c46095\" data-element_type=\"column\">\n\t\t\t<div class=\"elementor-widget-wrap elementor-element-populated\">\n\t\t\t\t\t\t<div class=\"elementor-element elementor-element-82f906c elementor-invisible elementor-widget elementor-widget-image\" data-id=\"82f906c\" data-element_type=\"widget\" data-settings=\"{&quot;_animation&quot;:&quot;slideInLeft&quot;}\" data-widget_type=\"image.default\">\n\t\t\t\t<div class=\"elementor-widget-container\">\n\t\t\t\t\t\t\t\t\t\t\t\t\t\t\t<img fetchpriority=\"high\" decoding=\"async\" width=\"681\" height=\"1024\" src=\"https:\/\/monicaguerretta.com\/qualeocerto\/wp-content\/uploads\/2022\/07\/Monica-Guerretta-Qual-e-o-certo-681x1024.jpg\" class=\"attachment-large size-large wp-image-1980\" alt=\"M\u00f4nica-Guerretta-Qual-\u00e9-o-certo\" srcset=\"https:\/\/monicaguerretta.com\/qualeocerto\/wp-content\/uploads\/2022\/07\/Monica-Guerretta-Qual-e-o-certo-681x1024.jpg 681w, https:\/\/monicaguerretta.com\/qualeocerto\/wp-content\/uploads\/2022\/07\/Monica-Guerretta-Qual-e-o-certo-200x300.jpg 200w, https:\/\/monicaguerretta.com\/qualeocerto\/wp-content\/uploads\/2022\/07\/Monica-Guerretta-Qual-e-o-certo-768x1155.jpg 768w, https:\/\/monicaguerretta.com\/qualeocerto\/wp-content\/uploads\/2022\/07\/Monica-Guerretta-Qual-e-o-certo-1022x1536.jpg 1022w, https:\/\/monicaguerretta.com\/qualeocerto\/wp-content\/uploads\/2022\/07\/Monica-Guerretta-Qual-e-o-certo-1362x2048.jpg 1362w, https:\/\/monicaguerretta.com\/qualeocerto\/wp-content\/uploads\/2022\/07\/Monica-Guerretta-Qual-e-o-certo-scaled.jpg 1703w\" sizes=\"(max-width: 681px) 100vw, 681px\" \/>\t\t\t\t\t\t\t\t\t\t\t\t\t\t\t<\/div>\n\t\t\t\t<\/div>\n\t\t\t\t\t<\/div>\n\t\t<\/div>\n\t\t\t\t<div class=\"elementor-column elementor-col-66 elementor-top-column elementor-element elementor-element-a3dfd27\" data-id=\"a3dfd27\" data-element_type=\"column\">\n\t\t\t<div class=\"elementor-widget-wrap elementor-element-populated\">\n\t\t\t\t\t\t<div class=\"elementor-element elementor-element-28535a1 elementor-invisible elementor-widget elementor-widget-text-editor\" data-id=\"28535a1\" data-element_type=\"widget\" data-settings=\"{&quot;_animation&quot;:&quot;slideInRight&quot;}\" data-widget_type=\"text-editor.default\">\n\t\t\t\t<div class=\"elementor-widget-container\">\n\t\t\t\t\t\t\t\t\t<p><b>Minha explica\u00e7\u00e3o ajudou voc\u00ea a fazer as pazes com as palavras de transi\u00e7\u00e3o?\u00a0<br \/><\/b><span style=\"font-weight: 400;\">Ent\u00e3o apoie o Qual \u00e9 o certo?, por favorzinho. \ud83d\udc99<\/span><\/p>\n<ul>\n<li><a href=\"https:\/\/www.youtube.com\/c\/qualeocerto\" target=\"_blank\" rel=\"noopener\"><span style=\"font-weight: 400;\">Inscreva-se no canal do YouTube<\/span><\/a><\/li>\n<li><a href=\"https:\/\/www.instagram.com\/qualeocerto\/\" target=\"_blank\" rel=\"noopener\"><span style=\"font-weight: 400;\">Siga no Instagram<\/span><\/a><\/li>\n<li><a href=\"https:\/\/www.linkedin.com\/in\/monicaguerretta\/\"><span style=\"font-weight: 400;\">Acompanhe no LinkedIn<\/span><\/a><\/li>\n<li><a href=\"https:\/\/monicaguerretta.com\/qualeocerto\/vamos-conversar\/\" target=\"_blank\" rel=\"noopener\"><span style=\"font-weight: 400;\">Pague um cafezinho para mim<\/span><\/a><\/li>\n<li><span style=\"font-weight: 400;\">Compartilhe este conte\u00fado <\/span><\/li>\n<\/ul>\t\t\t\t\t\t\t\t<\/div>\n\t\t\t\t<\/div>\n\t\t\t\t\t<\/div>\n\t\t<\/div>\n\t\t\t\t\t<\/div>\n\t\t<\/section>\n\t\t\t\t<section class=\"elementor-section elementor-top-section elementor-element elementor-element-0492719 elementor-section-boxed elementor-section-height-default elementor-section-height-default\" data-id=\"0492719\" data-element_type=\"section\">\n\t\t\t\t\t\t<div class=\"elementor-container elementor-column-gap-default\">\n\t\t\t\t\t<div class=\"elementor-column elementor-col-100 elementor-top-column elementor-element elementor-element-e280d55\" data-id=\"e280d55\" data-element_type=\"column\">\n\t\t\t<div class=\"elementor-widget-wrap elementor-element-populated\">\n\t\t\t\t\t\t<div class=\"elementor-element elementor-element-6d766c8 elementor-widget elementor-widget-text-editor\" data-id=\"6d766c8\" data-element_type=\"widget\" data-widget_type=\"text-editor.default\">\n\t\t\t\t<div class=\"elementor-widget-container\">\n\t\t\t\t\t\t\t\t\t<p><strong>Separei estes artigos para ajudar voc\u00ea a escrever melhor:<\/strong><br \/><a href=\"https:\/\/monicaguerretta.com\/qualeocerto\/adverbios\/\" target=\"_blank\" rel=\"noreferrer noopener\">Por que voc\u00ea precisa entender o que s\u00e3o adv\u00e9rbios?<\/a><br \/><a href=\"https:\/\/monicaguerretta.com\/qualeocerto\/prezar-pelo-esta-errado\/\" target=\"_blank\" rel=\"noreferrer noopener\">&#8220;Prezar pelo&#8221; est\u00e1 errado? S\u00e9rio mesmo?!<\/a><br \/><a href=\"https:\/\/monicaguerretta.com\/qualeocerto\/use-mais-o-ponto-final\/\" target=\"_blank\" rel=\"noreferrer noopener\">Use mais o ponto-final para escrever textos melhores<\/a><\/p>\t\t\t\t\t\t\t\t<\/div>\n\t\t\t\t<\/div>\n\t\t\t\t\t<\/div>\n\t\t<\/div>\n\t\t\t\t\t<\/div>\n\t\t<\/section>\n\t\t\t\t<\/div>\n\t\t","protected":false},"excerpt":{"rendered":"<p>Quem publica artigos em blogs e usa o plugin do Yoast para acompanhar o desempenho das&hellip;<\/p>\n","protected":false},"author":2,"featured_media":1860,"comment_status":"open","ping_status":"open","sticky":true,"template":"","format":"standard","meta":{"_exactmetrics_skip_tracking":false,"_exactmetrics_sitenote_active":false,"_exactmetrics_sitenote_note":"","_exactmetrics_sitenote_category":0,"footnotes":""},"categories":[180,291,292],"tags":[242,239,240,243],"class_list":["post-1853","post","type-post","status-publish","format-standard","has-post-thumbnail","hentry","category-escrever-melhor","category-portugues","category-publicidade-e-copywriting","tag-palavras-de-transicao","tag-seo","tag-tecnicas-de-seo","tag-yoast"],"yoast_head":"<!-- This site is optimized with the Yoast SEO plugin v27.5 - https:\/\/yoast.com\/product\/yoast-seo-wordpress\/ -->\n<title>Lista: Palavras de transi\u00e7\u00e3o do Yoast &#187; Qual \u00e9 o certo?<\/title>\n<meta name=\"description\" content=\"Al\u00f4, voc\u00ea, que produz conte\u00fados! Aqui est\u00e1 a lista de palavras de transi\u00e7\u00e3o do Yoast, com direito a significados das palavras menos comuns.\" \/>\n<meta name=\"robots\" content=\"index, follow, max-snippet:-1, max-image-preview:large, max-video-preview:-1\" \/>\n<link rel=\"canonical\" href=\"https:\/\/monicaguerretta.com\/qualeocerto\/lista-palavras-de-transicao\/\" \/>\n<meta property=\"og:locale\" content=\"pt_BR\" \/>\n<meta property=\"og:type\" content=\"article\" \/>\n<meta property=\"og:title\" content=\"Lista: Palavras de transi\u00e7\u00e3o do Yoast &#187; Qual \u00e9 o certo?\" \/>\n<meta property=\"og:description\" content=\"Al\u00f4, voc\u00ea, que produz conte\u00fados! Aqui est\u00e1 a lista de palavras de transi\u00e7\u00e3o do Yoast, com direito a significados das palavras menos comuns.\" \/>\n<meta property=\"og:url\" content=\"https:\/\/monicaguerretta.com\/qualeocerto\/lista-palavras-de-transicao\/\" \/>\n<meta property=\"og:site_name\" content=\"Qual \u00e9 o certo?\" \/>\n<meta property=\"article:publisher\" content=\"https:\/\/www.facebook.com\/qualeocerto\" \/>\n<meta property=\"article:published_time\" content=\"2022-06-24T18:10:22+00:00\" \/>\n<meta property=\"article:modified_time\" content=\"2022-12-02T21:44:05+00:00\" \/>\n<meta property=\"og:image\" content=\"https:\/\/monicaguerretta.com\/qualeocerto\/wp-content\/uploads\/2022\/06\/lista-palavras-de-transicao-qual-e-o-certo.png\" \/>\n\t<meta property=\"og:image:width\" content=\"1080\" \/>\n\t<meta property=\"og:image:height\" content=\"1081\" \/>\n\t<meta property=\"og:image:type\" content=\"image\/png\" \/>\n<meta name=\"author\" content=\"M\u00f4nica Guerretta\" \/>\n<meta name=\"twitter:card\" content=\"summary_large_image\" \/>\n<meta name=\"twitter:label1\" content=\"Escrito por\" \/>\n\t<meta name=\"twitter:data1\" content=\"M\u00f4nica Guerretta\" \/>\n\t<meta name=\"twitter:label2\" content=\"Est. tempo de leitura\" \/>\n\t<meta name=\"twitter:data2\" content=\"11 minutos\" \/>\n<script type=\"application\/ld+json\" class=\"yoast-schema-graph\">{\"@context\":\"https:\\\/\\\/schema.org\",\"@graph\":[{\"@type\":\"Article\",\"@id\":\"https:\\\/\\\/monicaguerretta.com\\\/qualeocerto\\\/lista-palavras-de-transicao\\\/#article\",\"isPartOf\":{\"@id\":\"https:\\\/\\\/monicaguerretta.com\\\/qualeocerto\\\/lista-palavras-de-transicao\\\/\"},\"author\":{\"name\":\"M\u00f4nica Guerretta\",\"@id\":\"https:\\\/\\\/monicaguerretta.com\\\/qualeocerto\\\/#\\\/schema\\\/person\\\/214b5e9a83b11fe11a18ecae0d21f79a\"},\"headline\":\"Lista: Palavras de transi\u00e7\u00e3o do Yoast\",\"datePublished\":\"2022-06-24T18:10:22+00:00\",\"dateModified\":\"2022-12-02T21:44:05+00:00\",\"mainEntityOfPage\":{\"@id\":\"https:\\\/\\\/monicaguerretta.com\\\/qualeocerto\\\/lista-palavras-de-transicao\\\/\"},\"wordCount\":1422,\"commentCount\":0,\"publisher\":{\"@id\":\"https:\\\/\\\/monicaguerretta.com\\\/qualeocerto\\\/#organization\"},\"image\":{\"@id\":\"https:\\\/\\\/monicaguerretta.com\\\/qualeocerto\\\/lista-palavras-de-transicao\\\/#primaryimage\"},\"thumbnailUrl\":\"https:\\\/\\\/monicaguerretta.com\\\/qualeocerto\\\/wp-content\\\/uploads\\\/2022\\\/06\\\/lista-palavras-de-transicao-qual-e-o-certo.png\",\"keywords\":[\"palavras de transi\u00e7\u00e3o\",\"SEO\",\"t\u00e9cnicas de SEO\",\"Yoast\"],\"articleSection\":[\"Escrever melhor\",\"Portugu\u00eas\",\"Publicidade &amp; Copywriting\"],\"inLanguage\":\"pt-BR\",\"potentialAction\":[{\"@type\":\"CommentAction\",\"name\":\"Comment\",\"target\":[\"https:\\\/\\\/monicaguerretta.com\\\/qualeocerto\\\/lista-palavras-de-transicao\\\/#respond\"]}]},{\"@type\":\"WebPage\",\"@id\":\"https:\\\/\\\/monicaguerretta.com\\\/qualeocerto\\\/lista-palavras-de-transicao\\\/\",\"url\":\"https:\\\/\\\/monicaguerretta.com\\\/qualeocerto\\\/lista-palavras-de-transicao\\\/\",\"name\":\"Lista: Palavras de transi\u00e7\u00e3o do Yoast &#187; Qual \u00e9 o certo?\",\"isPartOf\":{\"@id\":\"https:\\\/\\\/monicaguerretta.com\\\/qualeocerto\\\/#website\"},\"primaryImageOfPage\":{\"@id\":\"https:\\\/\\\/monicaguerretta.com\\\/qualeocerto\\\/lista-palavras-de-transicao\\\/#primaryimage\"},\"image\":{\"@id\":\"https:\\\/\\\/monicaguerretta.com\\\/qualeocerto\\\/lista-palavras-de-transicao\\\/#primaryimage\"},\"thumbnailUrl\":\"https:\\\/\\\/monicaguerretta.com\\\/qualeocerto\\\/wp-content\\\/uploads\\\/2022\\\/06\\\/lista-palavras-de-transicao-qual-e-o-certo.png\",\"datePublished\":\"2022-06-24T18:10:22+00:00\",\"dateModified\":\"2022-12-02T21:44:05+00:00\",\"description\":\"Al\u00f4, voc\u00ea, que produz conte\u00fados! Aqui est\u00e1 a lista de palavras de transi\u00e7\u00e3o do Yoast, com direito a significados das palavras menos comuns.\",\"breadcrumb\":{\"@id\":\"https:\\\/\\\/monicaguerretta.com\\\/qualeocerto\\\/lista-palavras-de-transicao\\\/#breadcrumb\"},\"inLanguage\":\"pt-BR\",\"potentialAction\":[{\"@type\":\"ReadAction\",\"target\":[\"https:\\\/\\\/monicaguerretta.com\\\/qualeocerto\\\/lista-palavras-de-transicao\\\/\"]}]},{\"@type\":\"ImageObject\",\"inLanguage\":\"pt-BR\",\"@id\":\"https:\\\/\\\/monicaguerretta.com\\\/qualeocerto\\\/lista-palavras-de-transicao\\\/#primaryimage\",\"url\":\"https:\\\/\\\/monicaguerretta.com\\\/qualeocerto\\\/wp-content\\\/uploads\\\/2022\\\/06\\\/lista-palavras-de-transicao-qual-e-o-certo.png\",\"contentUrl\":\"https:\\\/\\\/monicaguerretta.com\\\/qualeocerto\\\/wp-content\\\/uploads\\\/2022\\\/06\\\/lista-palavras-de-transicao-qual-e-o-certo.png\",\"width\":1080,\"height\":1081,\"caption\":\"lista palavras de transi\u00e7\u00e3o - qual \u00e9 o certo\"},{\"@type\":\"BreadcrumbList\",\"@id\":\"https:\\\/\\\/monicaguerretta.com\\\/qualeocerto\\\/lista-palavras-de-transicao\\\/#breadcrumb\",\"itemListElement\":[{\"@type\":\"ListItem\",\"position\":1,\"name\":\"In\u00edcio\",\"item\":\"https:\\\/\\\/monicaguerretta.com\\\/qualeocerto\\\/\"},{\"@type\":\"ListItem\",\"position\":2,\"name\":\"Lista: Palavras de transi\u00e7\u00e3o do Yoast\"}]},{\"@type\":\"WebSite\",\"@id\":\"https:\\\/\\\/monicaguerretta.com\\\/qualeocerto\\\/#website\",\"url\":\"https:\\\/\\\/monicaguerretta.com\\\/qualeocerto\\\/\",\"name\":\"Qual \u00e9 o Certo?\",\"description\":\"M\u00f4nica Guerretta | Redatora publicit\u00e1ria | Copywriting - UX Writing\",\"publisher\":{\"@id\":\"https:\\\/\\\/monicaguerretta.com\\\/qualeocerto\\\/#organization\"},\"potentialAction\":[{\"@type\":\"SearchAction\",\"target\":{\"@type\":\"EntryPoint\",\"urlTemplate\":\"https:\\\/\\\/monicaguerretta.com\\\/qualeocerto\\\/?s={search_term_string}\"},\"query-input\":{\"@type\":\"PropertyValueSpecification\",\"valueRequired\":true,\"valueName\":\"search_term_string\"}}],\"inLanguage\":\"pt-BR\"},{\"@type\":\"Organization\",\"@id\":\"https:\\\/\\\/monicaguerretta.com\\\/qualeocerto\\\/#organization\",\"name\":\"Qual \u00e9 o certo?\",\"url\":\"https:\\\/\\\/monicaguerretta.com\\\/qualeocerto\\\/\",\"logo\":{\"@type\":\"ImageObject\",\"inLanguage\":\"pt-BR\",\"@id\":\"https:\\\/\\\/monicaguerretta.com\\\/qualeocerto\\\/#\\\/schema\\\/logo\\\/image\\\/\",\"url\":\"https:\\\/\\\/monicaguerretta.com\\\/qualeocerto\\\/wp-content\\\/uploads\\\/2022\\\/08\\\/marca-quale.png\",\"contentUrl\":\"https:\\\/\\\/monicaguerretta.com\\\/qualeocerto\\\/wp-content\\\/uploads\\\/2022\\\/08\\\/marca-quale.png\",\"width\":592,\"height\":315,\"caption\":\"Qual \u00e9 o certo?\"},\"image\":{\"@id\":\"https:\\\/\\\/monicaguerretta.com\\\/qualeocerto\\\/#\\\/schema\\\/logo\\\/image\\\/\"},\"sameAs\":[\"https:\\\/\\\/www.facebook.com\\\/qualeocerto\",\"https:\\\/\\\/www.instagram.com\\\/qualeocerto\\\/\",\"https:\\\/\\\/www.youtube.com\\\/c\\\/qualeocerto\"]},{\"@type\":\"Person\",\"@id\":\"https:\\\/\\\/monicaguerretta.com\\\/qualeocerto\\\/#\\\/schema\\\/person\\\/214b5e9a83b11fe11a18ecae0d21f79a\",\"name\":\"M\u00f4nica Guerretta\",\"image\":{\"@type\":\"ImageObject\",\"inLanguage\":\"pt-BR\",\"@id\":\"https:\\\/\\\/secure.gravatar.com\\\/avatar\\\/cc0028ec5e6e39e7cd7e61c0fa6158a6d7f1edc39c4f536d768ad95ee3e26a8a?s=96&d=mm&r=g\",\"url\":\"https:\\\/\\\/secure.gravatar.com\\\/avatar\\\/cc0028ec5e6e39e7cd7e61c0fa6158a6d7f1edc39c4f536d768ad95ee3e26a8a?s=96&d=mm&r=g\",\"contentUrl\":\"https:\\\/\\\/secure.gravatar.com\\\/avatar\\\/cc0028ec5e6e39e7cd7e61c0fa6158a6d7f1edc39c4f536d768ad95ee3e26a8a?s=96&d=mm&r=g\",\"caption\":\"M\u00f4nica Guerretta\"}}]}<\/script>\n<!-- \/ Yoast SEO plugin. -->","yoast_head_json":{"title":"Lista: Palavras de transi\u00e7\u00e3o do Yoast &#187; Qual \u00e9 o certo?","description":"Al\u00f4, voc\u00ea, que produz conte\u00fados! Aqui est\u00e1 a lista de palavras de transi\u00e7\u00e3o do Yoast, com direito a significados das palavras menos comuns.","robots":{"index":"index","follow":"follow","max-snippet":"max-snippet:-1","max-image-preview":"max-image-preview:large","max-video-preview":"max-video-preview:-1"},"canonical":"https:\/\/monicaguerretta.com\/qualeocerto\/lista-palavras-de-transicao\/","og_locale":"pt_BR","og_type":"article","og_title":"Lista: Palavras de transi\u00e7\u00e3o do Yoast &#187; Qual \u00e9 o certo?","og_description":"Al\u00f4, voc\u00ea, que produz conte\u00fados! Aqui est\u00e1 a lista de palavras de transi\u00e7\u00e3o do Yoast, com direito a significados das palavras menos comuns.","og_url":"https:\/\/monicaguerretta.com\/qualeocerto\/lista-palavras-de-transicao\/","og_site_name":"Qual \u00e9 o certo?","article_publisher":"https:\/\/www.facebook.com\/qualeocerto","article_published_time":"2022-06-24T18:10:22+00:00","article_modified_time":"2022-12-02T21:44:05+00:00","og_image":[{"width":1080,"height":1081,"url":"https:\/\/monicaguerretta.com\/qualeocerto\/wp-content\/uploads\/2022\/06\/lista-palavras-de-transicao-qual-e-o-certo.png","type":"image\/png"}],"author":"M\u00f4nica Guerretta","twitter_card":"summary_large_image","twitter_misc":{"Escrito por":"M\u00f4nica Guerretta","Est. tempo de leitura":"11 minutos"},"schema":{"@context":"https:\/\/schema.org","@graph":[{"@type":"Article","@id":"https:\/\/monicaguerretta.com\/qualeocerto\/lista-palavras-de-transicao\/#article","isPartOf":{"@id":"https:\/\/monicaguerretta.com\/qualeocerto\/lista-palavras-de-transicao\/"},"author":{"name":"M\u00f4nica Guerretta","@id":"https:\/\/monicaguerretta.com\/qualeocerto\/#\/schema\/person\/214b5e9a83b11fe11a18ecae0d21f79a"},"headline":"Lista: Palavras de transi\u00e7\u00e3o do Yoast","datePublished":"2022-06-24T18:10:22+00:00","dateModified":"2022-12-02T21:44:05+00:00","mainEntityOfPage":{"@id":"https:\/\/monicaguerretta.com\/qualeocerto\/lista-palavras-de-transicao\/"},"wordCount":1422,"commentCount":0,"publisher":{"@id":"https:\/\/monicaguerretta.com\/qualeocerto\/#organization"},"image":{"@id":"https:\/\/monicaguerretta.com\/qualeocerto\/lista-palavras-de-transicao\/#primaryimage"},"thumbnailUrl":"https:\/\/monicaguerretta.com\/qualeocerto\/wp-content\/uploads\/2022\/06\/lista-palavras-de-transicao-qual-e-o-certo.png","keywords":["palavras de transi\u00e7\u00e3o","SEO","t\u00e9cnicas de SEO","Yoast"],"articleSection":["Escrever melhor","Portugu\u00eas","Publicidade &amp; Copywriting"],"inLanguage":"pt-BR","potentialAction":[{"@type":"CommentAction","name":"Comment","target":["https:\/\/monicaguerretta.com\/qualeocerto\/lista-palavras-de-transicao\/#respond"]}]},{"@type":"WebPage","@id":"https:\/\/monicaguerretta.com\/qualeocerto\/lista-palavras-de-transicao\/","url":"https:\/\/monicaguerretta.com\/qualeocerto\/lista-palavras-de-transicao\/","name":"Lista: Palavras de transi\u00e7\u00e3o do Yoast &#187; Qual \u00e9 o certo?","isPartOf":{"@id":"https:\/\/monicaguerretta.com\/qualeocerto\/#website"},"primaryImageOfPage":{"@id":"https:\/\/monicaguerretta.com\/qualeocerto\/lista-palavras-de-transicao\/#primaryimage"},"image":{"@id":"https:\/\/monicaguerretta.com\/qualeocerto\/lista-palavras-de-transicao\/#primaryimage"},"thumbnailUrl":"https:\/\/monicaguerretta.com\/qualeocerto\/wp-content\/uploads\/2022\/06\/lista-palavras-de-transicao-qual-e-o-certo.png","datePublished":"2022-06-24T18:10:22+00:00","dateModified":"2022-12-02T21:44:05+00:00","description":"Al\u00f4, voc\u00ea, que produz conte\u00fados! Aqui est\u00e1 a lista de palavras de transi\u00e7\u00e3o do Yoast, com direito a significados das palavras menos comuns.","breadcrumb":{"@id":"https:\/\/monicaguerretta.com\/qualeocerto\/lista-palavras-de-transicao\/#breadcrumb"},"inLanguage":"pt-BR","potentialAction":[{"@type":"ReadAction","target":["https:\/\/monicaguerretta.com\/qualeocerto\/lista-palavras-de-transicao\/"]}]},{"@type":"ImageObject","inLanguage":"pt-BR","@id":"https:\/\/monicaguerretta.com\/qualeocerto\/lista-palavras-de-transicao\/#primaryimage","url":"https:\/\/monicaguerretta.com\/qualeocerto\/wp-content\/uploads\/2022\/06\/lista-palavras-de-transicao-qual-e-o-certo.png","contentUrl":"https:\/\/monicaguerretta.com\/qualeocerto\/wp-content\/uploads\/2022\/06\/lista-palavras-de-transicao-qual-e-o-certo.png","width":1080,"height":1081,"caption":"lista palavras de transi\u00e7\u00e3o - qual \u00e9 o certo"},{"@type":"BreadcrumbList","@id":"https:\/\/monicaguerretta.com\/qualeocerto\/lista-palavras-de-transicao\/#breadcrumb","itemListElement":[{"@type":"ListItem","position":1,"name":"In\u00edcio","item":"https:\/\/monicaguerretta.com\/qualeocerto\/"},{"@type":"ListItem","position":2,"name":"Lista: Palavras de transi\u00e7\u00e3o do Yoast"}]},{"@type":"WebSite","@id":"https:\/\/monicaguerretta.com\/qualeocerto\/#website","url":"https:\/\/monicaguerretta.com\/qualeocerto\/","name":"Qual \u00e9 o Certo?","description":"M\u00f4nica Guerretta | Redatora publicit\u00e1ria | Copywriting - UX Writing","publisher":{"@id":"https:\/\/monicaguerretta.com\/qualeocerto\/#organization"},"potentialAction":[{"@type":"SearchAction","target":{"@type":"EntryPoint","urlTemplate":"https:\/\/monicaguerretta.com\/qualeocerto\/?s={search_term_string}"},"query-input":{"@type":"PropertyValueSpecification","valueRequired":true,"valueName":"search_term_string"}}],"inLanguage":"pt-BR"},{"@type":"Organization","@id":"https:\/\/monicaguerretta.com\/qualeocerto\/#organization","name":"Qual \u00e9 o certo?","url":"https:\/\/monicaguerretta.com\/qualeocerto\/","logo":{"@type":"ImageObject","inLanguage":"pt-BR","@id":"https:\/\/monicaguerretta.com\/qualeocerto\/#\/schema\/logo\/image\/","url":"https:\/\/monicaguerretta.com\/qualeocerto\/wp-content\/uploads\/2022\/08\/marca-quale.png","contentUrl":"https:\/\/monicaguerretta.com\/qualeocerto\/wp-content\/uploads\/2022\/08\/marca-quale.png","width":592,"height":315,"caption":"Qual \u00e9 o certo?"},"image":{"@id":"https:\/\/monicaguerretta.com\/qualeocerto\/#\/schema\/logo\/image\/"},"sameAs":["https:\/\/www.facebook.com\/qualeocerto","https:\/\/www.instagram.com\/qualeocerto\/","https:\/\/www.youtube.com\/c\/qualeocerto"]},{"@type":"Person","@id":"https:\/\/monicaguerretta.com\/qualeocerto\/#\/schema\/person\/214b5e9a83b11fe11a18ecae0d21f79a","name":"M\u00f4nica Guerretta","image":{"@type":"ImageObject","inLanguage":"pt-BR","@id":"https:\/\/secure.gravatar.com\/avatar\/cc0028ec5e6e39e7cd7e61c0fa6158a6d7f1edc39c4f536d768ad95ee3e26a8a?s=96&d=mm&r=g","url":"https:\/\/secure.gravatar.com\/avatar\/cc0028ec5e6e39e7cd7e61c0fa6158a6d7f1edc39c4f536d768ad95ee3e26a8a?s=96&d=mm&r=g","contentUrl":"https:\/\/secure.gravatar.com\/avatar\/cc0028ec5e6e39e7cd7e61c0fa6158a6d7f1edc39c4f536d768ad95ee3e26a8a?s=96&d=mm&r=g","caption":"M\u00f4nica Guerretta"}}]}},"_links":{"self":[{"href":"https:\/\/monicaguerretta.com\/qualeocerto\/wp-json\/wp\/v2\/posts\/1853","targetHints":{"allow":["GET"]}}],"collection":[{"href":"https:\/\/monicaguerretta.com\/qualeocerto\/wp-json\/wp\/v2\/posts"}],"about":[{"href":"https:\/\/monicaguerretta.com\/qualeocerto\/wp-json\/wp\/v2\/types\/post"}],"author":[{"embeddable":true,"href":"https:\/\/monicaguerretta.com\/qualeocerto\/wp-json\/wp\/v2\/users\/2"}],"replies":[{"embeddable":true,"href":"https:\/\/monicaguerretta.com\/qualeocerto\/wp-json\/wp\/v2\/comments?post=1853"}],"version-history":[{"count":45,"href":"https:\/\/monicaguerretta.com\/qualeocerto\/wp-json\/wp\/v2\/posts\/1853\/revisions"}],"predecessor-version":[{"id":2740,"href":"https:\/\/monicaguerretta.com\/qualeocerto\/wp-json\/wp\/v2\/posts\/1853\/revisions\/2740"}],"wp:featuredmedia":[{"embeddable":true,"href":"https:\/\/monicaguerretta.com\/qualeocerto\/wp-json\/wp\/v2\/media\/1860"}],"wp:attachment":[{"href":"https:\/\/monicaguerretta.com\/qualeocerto\/wp-json\/wp\/v2\/media?parent=1853"}],"wp:term":[{"taxonomy":"category","embeddable":true,"href":"https:\/\/monicaguerretta.com\/qualeocerto\/wp-json\/wp\/v2\/categories?post=1853"},{"taxonomy":"post_tag","embeddable":true,"href":"https:\/\/monicaguerretta.com\/qualeocerto\/wp-json\/wp\/v2\/tags?post=1853"}],"curies":[{"name":"wp","href":"https:\/\/api.w.org\/{rel}","templated":true}]}}