{"id":2001,"date":"2022-07-12T22:52:00","date_gmt":"2022-07-12T22:52:00","guid":{"rendered":"https:\/\/monicaguerretta.com\/qualeocerto\/?p=2001"},"modified":"2022-12-02T21:43:24","modified_gmt":"2022-12-02T21:43:24","slug":"lembrar-ou-lembrar-se","status":"publish","type":"post","link":"https:\/\/monicaguerretta.com\/qualeocerto\/lembrar-ou-lembrar-se\/","title":{"rendered":"<strong>Qual \u00e9 o certo: &#8220;lembrar&#8221; ou &#8220;lembrar-se&#8221;?<\/strong>"},"content":{"rendered":"\t\t<div data-elementor-type=\"wp-post\" data-elementor-id=\"2001\" class=\"elementor elementor-2001\">\n\t\t\t\t\t\t<section class=\"elementor-section elementor-top-section elementor-element elementor-element-6ed75bc elementor-section-boxed elementor-section-height-default elementor-section-height-default\" data-id=\"6ed75bc\" data-element_type=\"section\">\n\t\t\t\t\t\t<div class=\"elementor-container elementor-column-gap-default\">\n\t\t\t\t\t<div class=\"elementor-column elementor-col-100 elementor-top-column elementor-element elementor-element-58fbc54\" data-id=\"58fbc54\" data-element_type=\"column\">\n\t\t\t<div class=\"elementor-widget-wrap elementor-element-populated\">\n\t\t\t\t\t\t<div class=\"elementor-element elementor-element-cf9f1cc elementor-widget elementor-widget-text-editor\" data-id=\"cf9f1cc\" data-element_type=\"widget\" data-widget_type=\"text-editor.default\">\n\t\t\t\t<div class=\"elementor-widget-container\">\n\t\t\t\t\t\t\t\t\t<p>Vamos conversar sobre as confus\u00f5es com o verbo <strong><mark class=\"has-inline-color has-vivid-purple-color\" style=\"background-color: rgba(0, 0, 0, 0);\">lembrar<\/mark><\/strong>?<br \/>Afinal, qual \u00e9 o certo: <strong>lembrar<\/strong> tal coisa, <strong>lembrar de<\/strong> tal coisa ou <strong>lembrar-se de<\/strong> tal coisa?<\/p>\n<p><!-- \/wp:paragraph --><!-- wp:paragraph --><\/p>\n<p>Eu sei que todo mundo se perde \u2014 ou j\u00e1 se perdeu um bocado de vezes \ud83d\ude05 \u2014 com o uso do verbo <strong><mark class=\"has-inline-color has-vivid-purple-color\" style=\"background-color: rgba(0, 0, 0, 0);\">lembrar<\/mark><\/strong>. Por isso, chegou o momento de exterminar essas confus\u00f5es da sua vida.<\/p>\t\t\t\t\t\t\t\t<\/div>\n\t\t\t\t<\/div>\n\t\t\t\t\t<\/div>\n\t\t<\/div>\n\t\t\t\t\t<\/div>\n\t\t<\/section>\n\t\t\t\t<section class=\"elementor-section elementor-top-section elementor-element elementor-element-1bf9aa2 elementor-section-boxed elementor-section-height-default elementor-section-height-default\" data-id=\"1bf9aa2\" data-element_type=\"section\">\n\t\t\t\t\t\t<div class=\"elementor-container elementor-column-gap-default\">\n\t\t\t\t\t<div class=\"elementor-column elementor-col-100 elementor-top-column elementor-element elementor-element-9645e5a\" data-id=\"9645e5a\" data-element_type=\"column\">\n\t\t\t<div class=\"elementor-widget-wrap elementor-element-populated\">\n\t\t\t\t\t\t<div class=\"elementor-element elementor-element-2138d54 elementor-widget elementor-widget-video\" data-id=\"2138d54\" data-element_type=\"widget\" data-settings=\"{&quot;youtube_url&quot;:&quot;https:\\\/\\\/youtu.be\\\/obrm_U4nlWE&quot;,&quot;video_type&quot;:&quot;youtube&quot;,&quot;controls&quot;:&quot;yes&quot;}\" data-widget_type=\"video.default\">\n\t\t\t\t<div class=\"elementor-widget-container\">\n\t\t\t\t\t\t\t<div class=\"elementor-wrapper elementor-open-inline\">\n\t\t\t<div class=\"elementor-video\"><\/div>\t\t<\/div>\n\t\t\t\t\t\t<\/div>\n\t\t\t\t<\/div>\n\t\t\t\t\t<\/div>\n\t\t<\/div>\n\t\t\t\t\t<\/div>\n\t\t<\/section>\n\t\t\t\t<section class=\"elementor-section elementor-top-section elementor-element elementor-element-bc5329a elementor-section-boxed elementor-section-height-default elementor-section-height-default\" data-id=\"bc5329a\" data-element_type=\"section\">\n\t\t\t\t\t\t<div class=\"elementor-container elementor-column-gap-default\">\n\t\t\t\t\t<div class=\"elementor-column elementor-col-100 elementor-top-column elementor-element elementor-element-33dec0f8\" data-id=\"33dec0f8\" data-element_type=\"column\">\n\t\t\t<div class=\"elementor-widget-wrap elementor-element-populated\">\n\t\t\t\t\t\t<div class=\"elementor-element elementor-element-76c9ce9f elementor-widget elementor-widget-text-editor\" data-id=\"76c9ce9f\" data-element_type=\"widget\" data-widget_type=\"text-editor.default\">\n\t\t\t\t<div class=\"elementor-widget-container\">\n\t\t\t\t\t\t\t\t\t<!-- wp:paragraph -->\n<figure class=\"wp-block-embed is-type-video is-provider-youtube wp-block-embed-youtube wp-embed-aspect-16-9 wp-has-aspect-ratio\">\n<div class=\"wp-block-embed__wrapper\">\u00a0<\/div>\n<\/figure>\n<!-- \/wp:embed --><!-- wp:heading {\"textColor\":\"vivid-purple\"} -->\n<h2 class=\"has-vivid-purple-color has-text-color\"><strong>O significado de <span style=\"text-decoration: underline;\">lembrar<\/span><\/strong><\/h2>\n<!-- \/wp:heading --><!-- wp:paragraph -->\n<p>Antes de mais nada, precisamos entender que, quando falamos sobre <strong>recordar<\/strong>, <strong>guardar algo ou algu\u00e9m na lembran\u00e7a<\/strong>, podemos usar o verbo <strong><strong><mark class=\"has-inline-color has-vivid-purple-color\" style=\"background-color: rgba(0, 0, 0, 0);\">lembrar<\/mark><\/strong><\/strong> de duas formas.<\/p>\n<!-- \/wp:paragraph --><!-- wp:paragraph -->\n<p>Nesse sentido, veja <a href=\"https:\/\/houaiss.uol.com.br\/corporativo\/apps\/uol_www\/v6-0\/html\/index.php#1\" target=\"_blank\" rel=\"noreferrer noopener\">o que nos mostra o dicion\u00e1rio Houaiss<\/a>:<\/p>\n<!-- \/wp:paragraph --><!-- wp:quote -->\n<blockquote class=\"wp-block-quote\">\n<p>\u201ctransitivo direto e pronominal (preposi\u00e7\u00e3o: de) guardar ou ter na lembran\u00e7a; recordar(-se) \u2039lembravam a figura do Jo\u00e3o com saudade\u203a \u2039lembro-me da figura do Jo\u00e3o com saudade\u203a\u201d<\/p>\n<\/blockquote>\n<!-- \/wp:quote --><!-- wp:paragraph -->\n<p>Os exemplos nos ajudam bastante, n\u00e3o \u00e9 mesmo?<br \/>Ent\u00e3o, vamos conversar sobre eles separadamente.<\/p>\n<!-- \/wp:paragraph --><!-- wp:paragraph -->\n<p><strong>\u2705 <mark class=\"has-inline-color has-vivid-green-cyan-color\" style=\"background-color: rgba(0, 0, 0, 0);\">Lembravam a<\/mark> figura do Jo\u00e3o com saudade.<\/strong><br \/>Aqui, temos o uso do verbo <strong><mark class=\"has-inline-color has-vivid-purple-color\" style=\"background-color: rgba(0, 0, 0, 0);\">lembrar<\/mark><\/strong> em sua vers\u00e3o como um <strong>verbo transitivo direto<\/strong>. Ou seja, sem o uso da preposi\u00e7\u00e3o <strong><mark class=\"has-inline-color has-vivid-purple-color\" style=\"background-color: rgba(0, 0, 0, 0);\">de<\/mark><\/strong> e, portanto, sem nenhum pronome.<\/p>\n<!-- \/wp:paragraph --><!-- wp:paragraph -->\n<p><strong>\u2705 <mark class=\"has-inline-color has-vivid-green-cyan-color\" style=\"background-color: rgba(0, 0, 0, 0);\">Lembro-me da<\/mark> figura do Jo\u00e3o com saudade.<\/strong><br \/>Agora, <strong><mark class=\"has-inline-color has-vivid-purple-color\" style=\"background-color: rgba(0, 0, 0, 0);\">lembrar<\/mark><\/strong> aparece como um <strong>verbo pronominal<\/strong>, junto da preposi\u00e7\u00e3o <strong><mark class=\"has-inline-color has-vivid-purple-color\" style=\"background-color: rgba(0, 0, 0, 0);\">de<\/mark><\/strong>. Ou seja, precisamos usar o pronome, que no exemplo \u00e9 o <strong>me<\/strong>: <strong>lembro-<span style=\"text-decoration: underline;\">me<\/span> <span style=\"text-decoration: underline;\">da<\/span><\/strong>.<\/p>\n<!-- \/wp:paragraph --><!-- wp:heading {\"textColor\":\"vivid-purple\"} -->\n<h2 class=\"has-vivid-purple-color has-text-color\"><strong>Mais exemplos com <span style=\"text-decoration: underline;\">lembrar<\/span> e <span style=\"text-decoration: underline;\">lembrar-se<\/span><\/strong><\/h2>\n<!-- \/wp:heading --><!-- wp:paragraph -->\n<p>Eu sei que muitas pessoas se perdem quando falamos em <strong>preposi\u00e7\u00e3o<\/strong>, <strong>pronome<\/strong>, <strong>pronominal<\/strong> e tal. \ud83d\ude23\u00a0Mas os exemplos sempre nos ajudam a absorver as informa\u00e7\u00f5es.<\/p>\n<!-- \/wp:paragraph --><!-- wp:paragraph -->\n<p>Por isso eu trouxe mais algumas frases para ajudar voc\u00ea a entender melhor:<br \/><strong>\u2705 <mark class=\"has-inline-color has-vivid-green-cyan-color\" style=\"background-color: rgba(0, 0, 0, 0);\">Lembrei a<\/mark> \u00e9poca em que caminhava pela praia todos os dias.<br \/>\u2705 <mark class=\"has-inline-color has-vivid-green-cyan-color\" style=\"background-color: rgba(0, 0, 0, 0);\">Lembrei-<span style=\"text-decoration: underline;\">me<\/span> <span style=\"text-decoration: underline;\">da<\/span><\/mark> \u00e9poca em que caminhava pela praia todos os dias.<br \/>\u2705 Voc\u00ea <mark class=\"has-inline-color has-vivid-green-cyan-color\" style=\"background-color: rgba(0, 0, 0, 0);\"><span style=\"text-decoration: underline;\">se<\/span> lembra <span style=\"text-decoration: underline;\">de<\/span><\/mark> mim?<br \/>\u2705 N\u00e3o <mark class=\"has-inline-color has-vivid-green-cyan-color\" style=\"background-color: rgba(0, 0, 0, 0);\">lembro o<\/mark> nome dele.<br \/>\u2705 N\u00e3o <mark class=\"has-inline-color has-vivid-green-cyan-color\" style=\"background-color: rgba(0, 0, 0, 0);\"><span style=\"text-decoration: underline;\">me<\/span> lembro <span style=\"text-decoration: underline;\">do<\/span><\/mark> nome dele.<br \/>\u2705 Eu n\u00e3o <mark class=\"has-inline-color has-vivid-green-cyan-color\" style=\"background-color: rgba(0, 0, 0, 0);\"><span style=\"text-decoration: underline;\">me<\/span> lembrei <span style=\"text-decoration: underline;\">de<\/span><\/mark> tirar o lixo quando sa\u00ed de casa.<br \/>\u2705 <mark class=\"has-inline-color has-vivid-green-cyan-color\" style=\"background-color: rgba(0, 0, 0, 0);\">Lembre-<span style=\"text-decoration: underline;\">se<\/span> <span style=\"text-decoration: underline;\">de<\/span><\/mark> tirar o lixo quando sair.<\/strong><\/p>\n<!-- \/wp:paragraph --><!-- wp:heading {\"textColor\":\"vivid-purple\"} -->\n<h2 class=\"has-vivid-purple-color has-text-color\"><strong>Voc\u00ea vai usar a preposi\u00e7\u00e3o <span style=\"text-decoration: underline;\">de<\/span>? Use o pronome<\/strong><\/h2>\n<!-- \/wp:heading --><!-- wp:paragraph -->\n<p>Em resumo, quando falamos sobre <strong>recordar, guardar ou ter na lembran\u00e7a<\/strong>, ao usarmos a preposi\u00e7\u00e3o <strong><mark class=\"has-inline-color has-vivid-purple-color\" style=\"background-color: rgba(0, 0, 0, 0);\">de<\/mark><\/strong> precisamos sempre usar o pronome <strong><mark class=\"has-inline-color has-vivid-purple-color\" style=\"background-color: rgba(0, 0, 0, 0);\">me<\/mark><\/strong>, o <strong><mark class=\"has-inline-color has-vivid-purple-color\" style=\"background-color: rgba(0, 0, 0, 0);\">se<\/mark><\/strong> ou aquele que fizer sentido, de acordo com a pessoa associada ao verbo <strong><mark class=\"has-inline-color has-vivid-purple-color\" style=\"background-color: rgba(0, 0, 0, 0);\">lembrar<\/mark><\/strong>.<\/p>\n<!-- \/wp:paragraph --><!-- wp:paragraph -->\n<p><strong>\u2705 Eu <mark class=\"has-inline-color has-vivid-green-cyan-color\" style=\"background-color: rgba(0, 0, 0, 0);\"><span style=\"text-decoration: underline;\">me<\/span> lembrei <span style=\"text-decoration: underline;\">de<\/span><\/mark><br \/>\u2705 Ele <mark class=\"has-inline-color has-vivid-green-cyan-color\" style=\"background-color: rgba(0, 0, 0, 0);\"><span style=\"text-decoration: underline;\">se<\/span> lembrou <span style=\"text-decoration: underline;\">de<\/span><\/mark><br \/>\u2705 N\u00f3s <mark class=\"has-inline-color has-vivid-green-cyan-color\" style=\"background-color: rgba(0, 0, 0, 0);\"><span style=\"text-decoration: underline;\">nos<\/span> lembramos <span style=\"text-decoration: underline;\">de<\/span><\/mark><\/strong><br \/>E assim por diante.<\/p>\n<!-- \/wp:paragraph --><!-- wp:paragraph -->\n<p>Entendido?<br \/>Voc\u00ea promete para mim que vai sempre <span style=\"text-decoration: underline;\">se<\/span> lembrar <span style=\"text-decoration: underline;\">de<\/span> usar o verbo <strong><mark class=\"has-inline-color has-vivid-purple-color\" style=\"background-color: rgba(0, 0, 0, 0);\">lembrar<\/mark><\/strong> corretamente? \ud83d\ude01<\/p>\n<!-- \/wp:paragraph -->\t\t\t\t\t\t\t\t<\/div>\n\t\t\t\t<\/div>\n\t\t\t\t\t<\/div>\n\t\t<\/div>\n\t\t\t\t\t<\/div>\n\t\t<\/section>\n\t\t\t\t<section class=\"elementor-section elementor-top-section elementor-element elementor-element-8b6cc2f elementor-section-boxed elementor-section-height-default elementor-section-height-default\" data-id=\"8b6cc2f\" data-element_type=\"section\">\n\t\t\t\t\t\t<div class=\"elementor-container elementor-column-gap-default\">\n\t\t\t\t\t<div class=\"elementor-column elementor-col-33 elementor-top-column elementor-element elementor-element-3854ca4\" data-id=\"3854ca4\" data-element_type=\"column\">\n\t\t\t<div class=\"elementor-widget-wrap elementor-element-populated\">\n\t\t\t\t\t\t<div class=\"elementor-element elementor-element-8a91787 elementor-invisible elementor-widget elementor-widget-image\" data-id=\"8a91787\" data-element_type=\"widget\" data-settings=\"{&quot;_animation&quot;:&quot;slideInLeft&quot;}\" data-widget_type=\"image.default\">\n\t\t\t\t<div class=\"elementor-widget-container\">\n\t\t\t\t\t\t\t\t\t\t\t\t\t\t\t<img fetchpriority=\"high\" decoding=\"async\" width=\"681\" height=\"1024\" src=\"https:\/\/monicaguerretta.com\/qualeocerto\/wp-content\/uploads\/2022\/07\/Monica-Guerretta-Qual-e-o-certo-681x1024.jpg\" class=\"attachment-large size-large wp-image-1980\" alt=\"M\u00f4nica-Guerretta-Qual-\u00e9-o-certo\" srcset=\"https:\/\/monicaguerretta.com\/qualeocerto\/wp-content\/uploads\/2022\/07\/Monica-Guerretta-Qual-e-o-certo-681x1024.jpg 681w, https:\/\/monicaguerretta.com\/qualeocerto\/wp-content\/uploads\/2022\/07\/Monica-Guerretta-Qual-e-o-certo-200x300.jpg 200w, https:\/\/monicaguerretta.com\/qualeocerto\/wp-content\/uploads\/2022\/07\/Monica-Guerretta-Qual-e-o-certo-768x1155.jpg 768w, https:\/\/monicaguerretta.com\/qualeocerto\/wp-content\/uploads\/2022\/07\/Monica-Guerretta-Qual-e-o-certo-1022x1536.jpg 1022w, https:\/\/monicaguerretta.com\/qualeocerto\/wp-content\/uploads\/2022\/07\/Monica-Guerretta-Qual-e-o-certo-1362x2048.jpg 1362w, https:\/\/monicaguerretta.com\/qualeocerto\/wp-content\/uploads\/2022\/07\/Monica-Guerretta-Qual-e-o-certo-scaled.jpg 1703w\" sizes=\"(max-width: 681px) 100vw, 681px\" \/>\t\t\t\t\t\t\t\t\t\t\t\t\t\t\t<\/div>\n\t\t\t\t<\/div>\n\t\t\t\t\t<\/div>\n\t\t<\/div>\n\t\t\t\t<div class=\"elementor-column elementor-col-66 elementor-top-column elementor-element elementor-element-e59460a\" data-id=\"e59460a\" data-element_type=\"column\">\n\t\t\t<div class=\"elementor-widget-wrap elementor-element-populated\">\n\t\t\t\t\t\t<div class=\"elementor-element elementor-element-579e587 elementor-invisible elementor-widget elementor-widget-text-editor\" data-id=\"579e587\" data-element_type=\"widget\" data-settings=\"{&quot;_animation&quot;:&quot;slideInRight&quot;}\" data-widget_type=\"text-editor.default\">\n\t\t\t\t<div class=\"elementor-widget-container\">\n\t\t\t\t\t\t\t\t\t<p><b>Minha explica\u00e7\u00e3o ajudou voc\u00ea a fazer as pazes com o portugu\u00eas?\u00a0<br \/><\/b><span style=\"font-weight: 400;\">Ent\u00e3o apoie o Qual \u00e9 o certo?, por favorzinho. \ud83d\udc99<br \/><\/span><span style=\"font-weight: 400;\">\u2705 <\/span><a href=\"https:\/\/www.youtube.com\/c\/qualeocerto\" target=\"_blank\" rel=\"noopener\"><span style=\"font-weight: 400;\">Inscreva-se no canal do YouTube<\/span><\/a><br \/><span style=\"font-weight: 400;\">\u2705 <\/span><a href=\"https:\/\/www.instagram.com\/qualeocerto\/\" target=\"_blank\" rel=\"noopener\"><span style=\"font-weight: 400;\">Siga no Instagram<\/span><\/a><br \/><span style=\"font-weight: 400;\">\u2705 <\/span><a href=\"https:\/\/www.linkedin.com\/in\/monicaguerretta\/\"><span style=\"font-weight: 400;\">Acompanhe no LinkedIn<\/span><\/a><br \/><span style=\"font-weight: 400;\">\u2705 <\/span><a href=\"https:\/\/monicaguerretta.com\/qualeocerto\/vamos-conversar\/\" target=\"_blank\" rel=\"noopener\"><span style=\"font-weight: 400;\">Pague um cafezinho para mim<\/span><\/a><br \/><span style=\"font-weight: 400;\">\u2705 Compartilhe este conte\u00fado <\/span><\/p>\t\t\t\t\t\t\t\t<\/div>\n\t\t\t\t<\/div>\n\t\t\t\t\t<\/div>\n\t\t<\/div>\n\t\t\t\t\t<\/div>\n\t\t<\/section>\n\t\t\t\t<section class=\"elementor-section elementor-top-section elementor-element elementor-element-0fea973 elementor-section-boxed elementor-section-height-default elementor-section-height-default\" data-id=\"0fea973\" data-element_type=\"section\">\n\t\t\t\t\t\t<div class=\"elementor-container elementor-column-gap-default\">\n\t\t\t\t\t<div class=\"elementor-column elementor-col-100 elementor-top-column elementor-element elementor-element-61a9474\" data-id=\"61a9474\" data-element_type=\"column\">\n\t\t\t<div class=\"elementor-widget-wrap elementor-element-populated\">\n\t\t\t\t\t\t<div class=\"elementor-element elementor-element-2892275 elementor-widget elementor-widget-text-editor\" data-id=\"2892275\" data-element_type=\"widget\" data-widget_type=\"text-editor.default\">\n\t\t\t\t<div class=\"elementor-widget-container\">\n\t\t\t\t\t\t\t\t\t<p><strong>Veja mais conte\u00fados para exterminar suas d\u00favidas de portugu\u00eas:<br \/><\/strong><a href=\"https:\/\/monicaguerretta.com\/qualeocerto\/na-mesa-ou-a-mesa\/\" target=\"_blank\" rel=\"noopener\">Qual \u00e9 o certo: sentar-se \u201cna mesa\u201d ou \u201c\u00e0 mesa\u201d?<\/a><br \/><a href=\"https:\/\/monicaguerretta.com\/qualeocerto\/ir-em-ou-ir-a\/\" target=\"_blank\" rel=\"noopener\">Qual \u00e9 o certo: &#8220;ir em&#8221; ou &#8220;ir a&#8221;?<\/a><br \/><a href=\"https:\/\/monicaguerretta.com\/qualeocerto\/chegar-em-ou-chegar-a\/\" target=\"_blank\" rel=\"noopener\">Qual \u00e9 o certo: \u201cchegar em\u201d ou \u201cchegar a\u201d?<\/a><\/p>\t\t\t\t\t\t\t\t<\/div>\n\t\t\t\t<\/div>\n\t\t\t\t\t<\/div>\n\t\t<\/div>\n\t\t\t\t\t<\/div>\n\t\t<\/section>\n\t\t\t\t<\/div>\n\t\t","protected":false},"excerpt":{"rendered":"<p>Vamos conversar sobre as confus\u00f5es com o verbo lembrar?Afinal, qual \u00e9 o certo: lembrar tal coisa,&hellip;<\/p>\n","protected":false},"author":2,"featured_media":2002,"comment_status":"open","ping_status":"open","sticky":false,"template":"","format":"standard","meta":{"_exactmetrics_skip_tracking":false,"_exactmetrics_sitenote_active":false,"_exactmetrics_sitenote_note":"","_exactmetrics_sitenote_category":0,"footnotes":""},"categories":[179,291,185],"tags":[258,259],"class_list":["post-2001","post","type-post","status-publish","format-standard","has-post-thumbnail","hentry","category-confusoes-comuns","category-portugues","category-verbos","tag-lembrar","tag-lembrar-se"],"yoast_head":"<!-- This site is optimized with the Yoast SEO plugin v27.5 - https:\/\/yoast.com\/product\/yoast-seo-wordpress\/ -->\n<title>Qual \u00e9 o certo: &quot;lembrar&quot; ou &quot;lembrar-se&quot;? &#187; Qual \u00e9 o certo?<\/title>\n<meta name=\"description\" content=\"Depois desta explica\u00e7\u00e3o, est\u00e1 proibido ficar na d\u00favida entre usar &quot;lembrar&quot; ou &quot;lembrar-se&quot;. Aprenda agora.\" \/>\n<meta name=\"robots\" content=\"index, follow, max-snippet:-1, max-image-preview:large, max-video-preview:-1\" \/>\n<link rel=\"canonical\" href=\"https:\/\/monicaguerretta.com\/qualeocerto\/lembrar-ou-lembrar-se\/\" \/>\n<meta property=\"og:locale\" content=\"pt_BR\" \/>\n<meta property=\"og:type\" content=\"article\" \/>\n<meta property=\"og:title\" content=\"Qual \u00e9 o certo: &quot;lembrar&quot; ou &quot;lembrar-se&quot;? &#187; Qual \u00e9 o certo?\" \/>\n<meta property=\"og:description\" content=\"Depois desta explica\u00e7\u00e3o, est\u00e1 proibido ficar na d\u00favida entre usar &quot;lembrar&quot; ou &quot;lembrar-se&quot;. Aprenda agora.\" \/>\n<meta property=\"og:url\" content=\"https:\/\/monicaguerretta.com\/qualeocerto\/lembrar-ou-lembrar-se\/\" \/>\n<meta property=\"og:site_name\" content=\"Qual \u00e9 o certo?\" \/>\n<meta property=\"article:publisher\" content=\"https:\/\/www.facebook.com\/qualeocerto\" \/>\n<meta property=\"article:published_time\" content=\"2022-07-12T22:52:00+00:00\" \/>\n<meta property=\"article:modified_time\" content=\"2022-12-02T21:43:24+00:00\" \/>\n<meta property=\"og:image\" content=\"https:\/\/monicaguerretta.com\/qualeocerto\/wp-content\/uploads\/2022\/07\/lembrar-ou-lembrar-se-qual-e-o-certo.png\" \/>\n\t<meta property=\"og:image:width\" content=\"1080\" \/>\n\t<meta property=\"og:image:height\" content=\"1081\" \/>\n\t<meta property=\"og:image:type\" content=\"image\/png\" \/>\n<meta name=\"author\" content=\"M\u00f4nica Guerretta\" \/>\n<meta name=\"twitter:card\" content=\"summary_large_image\" \/>\n<meta name=\"twitter:label1\" content=\"Escrito por\" \/>\n\t<meta name=\"twitter:data1\" content=\"M\u00f4nica Guerretta\" \/>\n\t<meta name=\"twitter:label2\" content=\"Est. tempo de leitura\" \/>\n\t<meta name=\"twitter:data2\" content=\"7 minutos\" \/>\n<script type=\"application\/ld+json\" class=\"yoast-schema-graph\">{\"@context\":\"https:\\\/\\\/schema.org\",\"@graph\":[{\"@type\":\"Article\",\"@id\":\"https:\\\/\\\/monicaguerretta.com\\\/qualeocerto\\\/lembrar-ou-lembrar-se\\\/#article\",\"isPartOf\":{\"@id\":\"https:\\\/\\\/monicaguerretta.com\\\/qualeocerto\\\/lembrar-ou-lembrar-se\\\/\"},\"author\":{\"name\":\"M\u00f4nica Guerretta\",\"@id\":\"https:\\\/\\\/monicaguerretta.com\\\/qualeocerto\\\/#\\\/schema\\\/person\\\/214b5e9a83b11fe11a18ecae0d21f79a\"},\"headline\":\"Qual \u00e9 o certo: &#8220;lembrar&#8221; ou &#8220;lembrar-se&#8221;?\",\"datePublished\":\"2022-07-12T22:52:00+00:00\",\"dateModified\":\"2022-12-02T21:43:24+00:00\",\"mainEntityOfPage\":{\"@id\":\"https:\\\/\\\/monicaguerretta.com\\\/qualeocerto\\\/lembrar-ou-lembrar-se\\\/\"},\"wordCount\":498,\"commentCount\":0,\"publisher\":{\"@id\":\"https:\\\/\\\/monicaguerretta.com\\\/qualeocerto\\\/#organization\"},\"image\":{\"@id\":\"https:\\\/\\\/monicaguerretta.com\\\/qualeocerto\\\/lembrar-ou-lembrar-se\\\/#primaryimage\"},\"thumbnailUrl\":\"https:\\\/\\\/monicaguerretta.com\\\/qualeocerto\\\/wp-content\\\/uploads\\\/2022\\\/07\\\/lembrar-ou-lembrar-se-qual-e-o-certo.png\",\"keywords\":[\"lembrar\",\"lembrar-se\"],\"articleSection\":[\"Confus\u00f5es comuns\",\"Portugu\u00eas\",\"Verbos\"],\"inLanguage\":\"pt-BR\",\"potentialAction\":[{\"@type\":\"CommentAction\",\"name\":\"Comment\",\"target\":[\"https:\\\/\\\/monicaguerretta.com\\\/qualeocerto\\\/lembrar-ou-lembrar-se\\\/#respond\"]}]},{\"@type\":\"WebPage\",\"@id\":\"https:\\\/\\\/monicaguerretta.com\\\/qualeocerto\\\/lembrar-ou-lembrar-se\\\/\",\"url\":\"https:\\\/\\\/monicaguerretta.com\\\/qualeocerto\\\/lembrar-ou-lembrar-se\\\/\",\"name\":\"Qual \u00e9 o certo: \\\"lembrar\\\" ou \\\"lembrar-se\\\"? &#187; Qual \u00e9 o certo?\",\"isPartOf\":{\"@id\":\"https:\\\/\\\/monicaguerretta.com\\\/qualeocerto\\\/#website\"},\"primaryImageOfPage\":{\"@id\":\"https:\\\/\\\/monicaguerretta.com\\\/qualeocerto\\\/lembrar-ou-lembrar-se\\\/#primaryimage\"},\"image\":{\"@id\":\"https:\\\/\\\/monicaguerretta.com\\\/qualeocerto\\\/lembrar-ou-lembrar-se\\\/#primaryimage\"},\"thumbnailUrl\":\"https:\\\/\\\/monicaguerretta.com\\\/qualeocerto\\\/wp-content\\\/uploads\\\/2022\\\/07\\\/lembrar-ou-lembrar-se-qual-e-o-certo.png\",\"datePublished\":\"2022-07-12T22:52:00+00:00\",\"dateModified\":\"2022-12-02T21:43:24+00:00\",\"description\":\"Depois desta explica\u00e7\u00e3o, est\u00e1 proibido ficar na d\u00favida entre usar \\\"lembrar\\\" ou \\\"lembrar-se\\\". Aprenda agora.\",\"breadcrumb\":{\"@id\":\"https:\\\/\\\/monicaguerretta.com\\\/qualeocerto\\\/lembrar-ou-lembrar-se\\\/#breadcrumb\"},\"inLanguage\":\"pt-BR\",\"potentialAction\":[{\"@type\":\"ReadAction\",\"target\":[\"https:\\\/\\\/monicaguerretta.com\\\/qualeocerto\\\/lembrar-ou-lembrar-se\\\/\"]}]},{\"@type\":\"ImageObject\",\"inLanguage\":\"pt-BR\",\"@id\":\"https:\\\/\\\/monicaguerretta.com\\\/qualeocerto\\\/lembrar-ou-lembrar-se\\\/#primaryimage\",\"url\":\"https:\\\/\\\/monicaguerretta.com\\\/qualeocerto\\\/wp-content\\\/uploads\\\/2022\\\/07\\\/lembrar-ou-lembrar-se-qual-e-o-certo.png\",\"contentUrl\":\"https:\\\/\\\/monicaguerretta.com\\\/qualeocerto\\\/wp-content\\\/uploads\\\/2022\\\/07\\\/lembrar-ou-lembrar-se-qual-e-o-certo.png\",\"width\":1080,\"height\":1081,\"caption\":\"lembrar ou lembrar-se - qual \u00e9 o certo\"},{\"@type\":\"BreadcrumbList\",\"@id\":\"https:\\\/\\\/monicaguerretta.com\\\/qualeocerto\\\/lembrar-ou-lembrar-se\\\/#breadcrumb\",\"itemListElement\":[{\"@type\":\"ListItem\",\"position\":1,\"name\":\"In\u00edcio\",\"item\":\"https:\\\/\\\/monicaguerretta.com\\\/qualeocerto\\\/\"},{\"@type\":\"ListItem\",\"position\":2,\"name\":\"Qual \u00e9 o certo: &#8220;lembrar&#8221; ou &#8220;lembrar-se&#8221;?\"}]},{\"@type\":\"WebSite\",\"@id\":\"https:\\\/\\\/monicaguerretta.com\\\/qualeocerto\\\/#website\",\"url\":\"https:\\\/\\\/monicaguerretta.com\\\/qualeocerto\\\/\",\"name\":\"Qual \u00e9 o Certo?\",\"description\":\"M\u00f4nica Guerretta | Redatora publicit\u00e1ria | Copywriting - UX Writing\",\"publisher\":{\"@id\":\"https:\\\/\\\/monicaguerretta.com\\\/qualeocerto\\\/#organization\"},\"potentialAction\":[{\"@type\":\"SearchAction\",\"target\":{\"@type\":\"EntryPoint\",\"urlTemplate\":\"https:\\\/\\\/monicaguerretta.com\\\/qualeocerto\\\/?s={search_term_string}\"},\"query-input\":{\"@type\":\"PropertyValueSpecification\",\"valueRequired\":true,\"valueName\":\"search_term_string\"}}],\"inLanguage\":\"pt-BR\"},{\"@type\":\"Organization\",\"@id\":\"https:\\\/\\\/monicaguerretta.com\\\/qualeocerto\\\/#organization\",\"name\":\"Qual \u00e9 o certo?\",\"url\":\"https:\\\/\\\/monicaguerretta.com\\\/qualeocerto\\\/\",\"logo\":{\"@type\":\"ImageObject\",\"inLanguage\":\"pt-BR\",\"@id\":\"https:\\\/\\\/monicaguerretta.com\\\/qualeocerto\\\/#\\\/schema\\\/logo\\\/image\\\/\",\"url\":\"https:\\\/\\\/monicaguerretta.com\\\/qualeocerto\\\/wp-content\\\/uploads\\\/2022\\\/08\\\/marca-quale.png\",\"contentUrl\":\"https:\\\/\\\/monicaguerretta.com\\\/qualeocerto\\\/wp-content\\\/uploads\\\/2022\\\/08\\\/marca-quale.png\",\"width\":592,\"height\":315,\"caption\":\"Qual \u00e9 o certo?\"},\"image\":{\"@id\":\"https:\\\/\\\/monicaguerretta.com\\\/qualeocerto\\\/#\\\/schema\\\/logo\\\/image\\\/\"},\"sameAs\":[\"https:\\\/\\\/www.facebook.com\\\/qualeocerto\",\"https:\\\/\\\/www.instagram.com\\\/qualeocerto\\\/\",\"https:\\\/\\\/www.youtube.com\\\/c\\\/qualeocerto\"]},{\"@type\":\"Person\",\"@id\":\"https:\\\/\\\/monicaguerretta.com\\\/qualeocerto\\\/#\\\/schema\\\/person\\\/214b5e9a83b11fe11a18ecae0d21f79a\",\"name\":\"M\u00f4nica Guerretta\",\"image\":{\"@type\":\"ImageObject\",\"inLanguage\":\"pt-BR\",\"@id\":\"https:\\\/\\\/secure.gravatar.com\\\/avatar\\\/cc0028ec5e6e39e7cd7e61c0fa6158a6d7f1edc39c4f536d768ad95ee3e26a8a?s=96&d=mm&r=g\",\"url\":\"https:\\\/\\\/secure.gravatar.com\\\/avatar\\\/cc0028ec5e6e39e7cd7e61c0fa6158a6d7f1edc39c4f536d768ad95ee3e26a8a?s=96&d=mm&r=g\",\"contentUrl\":\"https:\\\/\\\/secure.gravatar.com\\\/avatar\\\/cc0028ec5e6e39e7cd7e61c0fa6158a6d7f1edc39c4f536d768ad95ee3e26a8a?s=96&d=mm&r=g\",\"caption\":\"M\u00f4nica Guerretta\"}}]}<\/script>\n<!-- \/ Yoast SEO plugin. -->","yoast_head_json":{"title":"Qual \u00e9 o certo: \"lembrar\" ou \"lembrar-se\"? &#187; Qual \u00e9 o certo?","description":"Depois desta explica\u00e7\u00e3o, est\u00e1 proibido ficar na d\u00favida entre usar \"lembrar\" ou \"lembrar-se\". Aprenda agora.","robots":{"index":"index","follow":"follow","max-snippet":"max-snippet:-1","max-image-preview":"max-image-preview:large","max-video-preview":"max-video-preview:-1"},"canonical":"https:\/\/monicaguerretta.com\/qualeocerto\/lembrar-ou-lembrar-se\/","og_locale":"pt_BR","og_type":"article","og_title":"Qual \u00e9 o certo: \"lembrar\" ou \"lembrar-se\"? &#187; Qual \u00e9 o certo?","og_description":"Depois desta explica\u00e7\u00e3o, est\u00e1 proibido ficar na d\u00favida entre usar \"lembrar\" ou \"lembrar-se\". Aprenda agora.","og_url":"https:\/\/monicaguerretta.com\/qualeocerto\/lembrar-ou-lembrar-se\/","og_site_name":"Qual \u00e9 o certo?","article_publisher":"https:\/\/www.facebook.com\/qualeocerto","article_published_time":"2022-07-12T22:52:00+00:00","article_modified_time":"2022-12-02T21:43:24+00:00","og_image":[{"width":1080,"height":1081,"url":"https:\/\/monicaguerretta.com\/qualeocerto\/wp-content\/uploads\/2022\/07\/lembrar-ou-lembrar-se-qual-e-o-certo.png","type":"image\/png"}],"author":"M\u00f4nica Guerretta","twitter_card":"summary_large_image","twitter_misc":{"Escrito por":"M\u00f4nica Guerretta","Est. tempo de leitura":"7 minutos"},"schema":{"@context":"https:\/\/schema.org","@graph":[{"@type":"Article","@id":"https:\/\/monicaguerretta.com\/qualeocerto\/lembrar-ou-lembrar-se\/#article","isPartOf":{"@id":"https:\/\/monicaguerretta.com\/qualeocerto\/lembrar-ou-lembrar-se\/"},"author":{"name":"M\u00f4nica Guerretta","@id":"https:\/\/monicaguerretta.com\/qualeocerto\/#\/schema\/person\/214b5e9a83b11fe11a18ecae0d21f79a"},"headline":"Qual \u00e9 o certo: &#8220;lembrar&#8221; ou &#8220;lembrar-se&#8221;?","datePublished":"2022-07-12T22:52:00+00:00","dateModified":"2022-12-02T21:43:24+00:00","mainEntityOfPage":{"@id":"https:\/\/monicaguerretta.com\/qualeocerto\/lembrar-ou-lembrar-se\/"},"wordCount":498,"commentCount":0,"publisher":{"@id":"https:\/\/monicaguerretta.com\/qualeocerto\/#organization"},"image":{"@id":"https:\/\/monicaguerretta.com\/qualeocerto\/lembrar-ou-lembrar-se\/#primaryimage"},"thumbnailUrl":"https:\/\/monicaguerretta.com\/qualeocerto\/wp-content\/uploads\/2022\/07\/lembrar-ou-lembrar-se-qual-e-o-certo.png","keywords":["lembrar","lembrar-se"],"articleSection":["Confus\u00f5es comuns","Portugu\u00eas","Verbos"],"inLanguage":"pt-BR","potentialAction":[{"@type":"CommentAction","name":"Comment","target":["https:\/\/monicaguerretta.com\/qualeocerto\/lembrar-ou-lembrar-se\/#respond"]}]},{"@type":"WebPage","@id":"https:\/\/monicaguerretta.com\/qualeocerto\/lembrar-ou-lembrar-se\/","url":"https:\/\/monicaguerretta.com\/qualeocerto\/lembrar-ou-lembrar-se\/","name":"Qual \u00e9 o certo: \"lembrar\" ou \"lembrar-se\"? &#187; Qual \u00e9 o certo?","isPartOf":{"@id":"https:\/\/monicaguerretta.com\/qualeocerto\/#website"},"primaryImageOfPage":{"@id":"https:\/\/monicaguerretta.com\/qualeocerto\/lembrar-ou-lembrar-se\/#primaryimage"},"image":{"@id":"https:\/\/monicaguerretta.com\/qualeocerto\/lembrar-ou-lembrar-se\/#primaryimage"},"thumbnailUrl":"https:\/\/monicaguerretta.com\/qualeocerto\/wp-content\/uploads\/2022\/07\/lembrar-ou-lembrar-se-qual-e-o-certo.png","datePublished":"2022-07-12T22:52:00+00:00","dateModified":"2022-12-02T21:43:24+00:00","description":"Depois desta explica\u00e7\u00e3o, est\u00e1 proibido ficar na d\u00favida entre usar \"lembrar\" ou \"lembrar-se\". Aprenda agora.","breadcrumb":{"@id":"https:\/\/monicaguerretta.com\/qualeocerto\/lembrar-ou-lembrar-se\/#breadcrumb"},"inLanguage":"pt-BR","potentialAction":[{"@type":"ReadAction","target":["https:\/\/monicaguerretta.com\/qualeocerto\/lembrar-ou-lembrar-se\/"]}]},{"@type":"ImageObject","inLanguage":"pt-BR","@id":"https:\/\/monicaguerretta.com\/qualeocerto\/lembrar-ou-lembrar-se\/#primaryimage","url":"https:\/\/monicaguerretta.com\/qualeocerto\/wp-content\/uploads\/2022\/07\/lembrar-ou-lembrar-se-qual-e-o-certo.png","contentUrl":"https:\/\/monicaguerretta.com\/qualeocerto\/wp-content\/uploads\/2022\/07\/lembrar-ou-lembrar-se-qual-e-o-certo.png","width":1080,"height":1081,"caption":"lembrar ou lembrar-se - qual \u00e9 o certo"},{"@type":"BreadcrumbList","@id":"https:\/\/monicaguerretta.com\/qualeocerto\/lembrar-ou-lembrar-se\/#breadcrumb","itemListElement":[{"@type":"ListItem","position":1,"name":"In\u00edcio","item":"https:\/\/monicaguerretta.com\/qualeocerto\/"},{"@type":"ListItem","position":2,"name":"Qual \u00e9 o certo: &#8220;lembrar&#8221; ou &#8220;lembrar-se&#8221;?"}]},{"@type":"WebSite","@id":"https:\/\/monicaguerretta.com\/qualeocerto\/#website","url":"https:\/\/monicaguerretta.com\/qualeocerto\/","name":"Qual \u00e9 o Certo?","description":"M\u00f4nica Guerretta | Redatora publicit\u00e1ria | Copywriting - UX Writing","publisher":{"@id":"https:\/\/monicaguerretta.com\/qualeocerto\/#organization"},"potentialAction":[{"@type":"SearchAction","target":{"@type":"EntryPoint","urlTemplate":"https:\/\/monicaguerretta.com\/qualeocerto\/?s={search_term_string}"},"query-input":{"@type":"PropertyValueSpecification","valueRequired":true,"valueName":"search_term_string"}}],"inLanguage":"pt-BR"},{"@type":"Organization","@id":"https:\/\/monicaguerretta.com\/qualeocerto\/#organization","name":"Qual \u00e9 o certo?","url":"https:\/\/monicaguerretta.com\/qualeocerto\/","logo":{"@type":"ImageObject","inLanguage":"pt-BR","@id":"https:\/\/monicaguerretta.com\/qualeocerto\/#\/schema\/logo\/image\/","url":"https:\/\/monicaguerretta.com\/qualeocerto\/wp-content\/uploads\/2022\/08\/marca-quale.png","contentUrl":"https:\/\/monicaguerretta.com\/qualeocerto\/wp-content\/uploads\/2022\/08\/marca-quale.png","width":592,"height":315,"caption":"Qual \u00e9 o certo?"},"image":{"@id":"https:\/\/monicaguerretta.com\/qualeocerto\/#\/schema\/logo\/image\/"},"sameAs":["https:\/\/www.facebook.com\/qualeocerto","https:\/\/www.instagram.com\/qualeocerto\/","https:\/\/www.youtube.com\/c\/qualeocerto"]},{"@type":"Person","@id":"https:\/\/monicaguerretta.com\/qualeocerto\/#\/schema\/person\/214b5e9a83b11fe11a18ecae0d21f79a","name":"M\u00f4nica Guerretta","image":{"@type":"ImageObject","inLanguage":"pt-BR","@id":"https:\/\/secure.gravatar.com\/avatar\/cc0028ec5e6e39e7cd7e61c0fa6158a6d7f1edc39c4f536d768ad95ee3e26a8a?s=96&d=mm&r=g","url":"https:\/\/secure.gravatar.com\/avatar\/cc0028ec5e6e39e7cd7e61c0fa6158a6d7f1edc39c4f536d768ad95ee3e26a8a?s=96&d=mm&r=g","contentUrl":"https:\/\/secure.gravatar.com\/avatar\/cc0028ec5e6e39e7cd7e61c0fa6158a6d7f1edc39c4f536d768ad95ee3e26a8a?s=96&d=mm&r=g","caption":"M\u00f4nica Guerretta"}}]}},"_links":{"self":[{"href":"https:\/\/monicaguerretta.com\/qualeocerto\/wp-json\/wp\/v2\/posts\/2001","targetHints":{"allow":["GET"]}}],"collection":[{"href":"https:\/\/monicaguerretta.com\/qualeocerto\/wp-json\/wp\/v2\/posts"}],"about":[{"href":"https:\/\/monicaguerretta.com\/qualeocerto\/wp-json\/wp\/v2\/types\/post"}],"author":[{"embeddable":true,"href":"https:\/\/monicaguerretta.com\/qualeocerto\/wp-json\/wp\/v2\/users\/2"}],"replies":[{"embeddable":true,"href":"https:\/\/monicaguerretta.com\/qualeocerto\/wp-json\/wp\/v2\/comments?post=2001"}],"version-history":[{"count":21,"href":"https:\/\/monicaguerretta.com\/qualeocerto\/wp-json\/wp\/v2\/posts\/2001\/revisions"}],"predecessor-version":[{"id":2480,"href":"https:\/\/monicaguerretta.com\/qualeocerto\/wp-json\/wp\/v2\/posts\/2001\/revisions\/2480"}],"wp:featuredmedia":[{"embeddable":true,"href":"https:\/\/monicaguerretta.com\/qualeocerto\/wp-json\/wp\/v2\/media\/2002"}],"wp:attachment":[{"href":"https:\/\/monicaguerretta.com\/qualeocerto\/wp-json\/wp\/v2\/media?parent=2001"}],"wp:term":[{"taxonomy":"category","embeddable":true,"href":"https:\/\/monicaguerretta.com\/qualeocerto\/wp-json\/wp\/v2\/categories?post=2001"},{"taxonomy":"post_tag","embeddable":true,"href":"https:\/\/monicaguerretta.com\/qualeocerto\/wp-json\/wp\/v2\/tags?post=2001"}],"curies":[{"name":"wp","href":"https:\/\/api.w.org\/{rel}","templated":true}]}}