{"id":2042,"date":"2022-07-19T00:00:00","date_gmt":"2022-07-19T00:00:00","guid":{"rendered":"https:\/\/monicaguerretta.com\/qualeocerto\/?p=2042"},"modified":"2022-12-02T21:43:13","modified_gmt":"2022-12-02T21:43:13","slug":"instagram-reels","status":"publish","type":"post","link":"https:\/\/monicaguerretta.com\/qualeocerto\/instagram-reels\/","title":{"rendered":"<strong>Instagram Reels: &#8220;reels&#8221; tem vers\u00e3o diferente no singular?<\/strong>"},"content":{"rendered":"\t\t<div data-elementor-type=\"wp-post\" data-elementor-id=\"2042\" class=\"elementor elementor-2042\">\n\t\t\t\t\t\t<section class=\"elementor-section elementor-top-section elementor-element elementor-element-fe279a5 elementor-section-boxed elementor-section-height-default elementor-section-height-default\" data-id=\"fe279a5\" data-element_type=\"section\">\n\t\t\t\t\t\t<div class=\"elementor-container elementor-column-gap-default\">\n\t\t\t\t\t<div class=\"elementor-column elementor-col-100 elementor-top-column elementor-element elementor-element-3dd6224\" data-id=\"3dd6224\" data-element_type=\"column\">\n\t\t\t<div class=\"elementor-widget-wrap elementor-element-populated\">\n\t\t\t\t\t\t<div class=\"elementor-element elementor-element-922cbca elementor-widget elementor-widget-text-editor\" data-id=\"922cbca\" data-element_type=\"widget\" data-widget_type=\"text-editor.default\">\n\t\t\t\t<div class=\"elementor-widget-container\">\n\t\t\t\t\t\t\t\t\t<p>Eu j\u00e1 trouxe, aqui para o blog, a confus\u00e3o que as pessoas cometem ao falar sobre o recurso <strong>Instagram Stories<\/strong>. Tem gente que fala <strong><mark class=\"has-inline-color has-vivid-red-color\" style=\"background-color: rgba(0, 0, 0, 0);\">um stories<\/mark><\/strong>, <strong><mark class=\"has-inline-color has-vivid-red-color\" style=\"background-color: rgba(0, 0, 0, 0);\">history<\/mark><\/strong> e por a\u00ed vai.<\/p>\n<p><!-- \/wp:paragraph --><!-- wp:paragraph --><\/p>\n<p>Mas neste conte\u00fado vou falar sobre o irm\u00e3ozinho dele: o <strong><mark class=\"has-inline-color has-vivid-purple-color\" style=\"background-color: rgba(0, 0, 0, 0);\">Instagram Reels<\/mark><\/strong>.<\/p>\n<p><!-- \/wp:paragraph --><!-- wp:paragraph --><\/p>\n<p>Voc\u00ea est\u00e1 no time das pessoas que falam <strong>um reels<\/strong>, <strong>dois reels<\/strong>, <strong>v\u00e1rios reels<\/strong>?<br \/>Ent\u00e3o continue aqui, porque este conte\u00fado foi feito para voc\u00ea. \ud83d\udc99<\/p>\t\t\t\t\t\t\t\t<\/div>\n\t\t\t\t<\/div>\n\t\t\t\t\t<\/div>\n\t\t<\/div>\n\t\t\t\t\t<\/div>\n\t\t<\/section>\n\t\t\t\t<section class=\"elementor-section elementor-top-section elementor-element elementor-element-71763b0 elementor-section-boxed elementor-section-height-default elementor-section-height-default\" data-id=\"71763b0\" data-element_type=\"section\">\n\t\t\t\t\t\t<div class=\"elementor-container elementor-column-gap-default\">\n\t\t\t\t\t<div class=\"elementor-column elementor-col-100 elementor-top-column elementor-element elementor-element-d45e8b5\" data-id=\"d45e8b5\" data-element_type=\"column\">\n\t\t\t<div class=\"elementor-widget-wrap elementor-element-populated\">\n\t\t\t\t\t\t<div class=\"elementor-element elementor-element-2391311 elementor-widget elementor-widget-video\" data-id=\"2391311\" data-element_type=\"widget\" data-settings=\"{&quot;youtube_url&quot;:&quot;https:\\\/\\\/youtu.be\\\/neTmdk-iGeU&quot;,&quot;video_type&quot;:&quot;youtube&quot;,&quot;controls&quot;:&quot;yes&quot;}\" data-widget_type=\"video.default\">\n\t\t\t\t<div class=\"elementor-widget-container\">\n\t\t\t\t\t\t\t<div class=\"elementor-wrapper elementor-open-inline\">\n\t\t\t<div class=\"elementor-video\"><\/div>\t\t<\/div>\n\t\t\t\t\t\t<\/div>\n\t\t\t\t<\/div>\n\t\t\t\t\t<\/div>\n\t\t<\/div>\n\t\t\t\t\t<\/div>\n\t\t<\/section>\n\t\t\t\t<section class=\"elementor-section elementor-top-section elementor-element elementor-element-6159fcca elementor-section-boxed elementor-section-height-default elementor-section-height-default\" data-id=\"6159fcca\" data-element_type=\"section\">\n\t\t\t\t\t\t<div class=\"elementor-container elementor-column-gap-default\">\n\t\t\t\t\t<div class=\"elementor-column elementor-col-100 elementor-top-column elementor-element elementor-element-594859b7\" data-id=\"594859b7\" data-element_type=\"column\">\n\t\t\t<div class=\"elementor-widget-wrap elementor-element-populated\">\n\t\t\t\t\t\t<div class=\"elementor-element elementor-element-3e251fbc elementor-widget elementor-widget-text-editor\" data-id=\"3e251fbc\" data-element_type=\"widget\" data-widget_type=\"text-editor.default\">\n\t\t\t\t<div class=\"elementor-widget-container\">\n\t\t\t\t\t\t\t\t\t<!-- wp:paragraph --><!-- \/wp:paragraph --><!-- wp:paragraph --><!-- \/wp:paragraph --><!-- wp:paragraph -->\n<p>Para come\u00e7ar\u2026<\/p>\n<!-- \/wp:paragraph --><!-- wp:heading {\"textColor\":\"vivid-purple\"} -->\n<h2 class=\"has-vivid-purple-color has-text-color\"><strong>O que significa <span style=\"text-decoration: underline;\">reels<\/span>?<\/strong><\/h2>\n<!-- \/wp:heading --><!-- wp:paragraph -->\n<p>Veja agora o que significa <strong><mark class=\"has-inline-color has-vivid-purple-color\" style=\"background-color: rgba(0, 0, 0, 0);\">reel<\/mark><\/strong>, conforme a <strong>teacher Thuany<\/strong> \u2014 professora de ingl\u00eas e criadora da <a href=\"https:\/\/www.instagram.com\/thunderenglishschool\/\" target=\"_blank\" rel=\"noreferrer noopener\"><strong>Thunder English School<\/strong><\/a> \u2014 nos explica no v\u00eddeo acima.<\/p>\n<!-- \/wp:paragraph --><!-- wp:paragraph -->\n<p>A palavra <strong><mark class=\"has-inline-color has-vivid-purple-color\" style=\"background-color: rgba(0, 0, 0, 0);\">reel<\/mark><\/strong> \u00e9 usada em portugu\u00eas para definir alguns objetos, como: <strong>bobina<\/strong>, <strong>molinete<\/strong>, <strong>carretel<\/strong> e, inclusive, o <strong>rolo de pel\u00edcula cinematogr\u00e1fica<\/strong>.<\/p>\n<!-- \/wp:paragraph --><!-- wp:paragraph -->\n<p>Voc\u00ea sacou o que todos esses objetos t\u00eam em comum?<br \/>Todos possuem algum tipo de fio ou material enrolado ao seu redor, e se diferenciam uns dos outros de acordo com o contexto em que cada um aparece.<\/p>\n<!-- \/wp:paragraph --><!-- wp:paragraph -->\n<p>O objeto que nos interessa aqui, como voc\u00ea j\u00e1 deve imaginar, s\u00e3o:<\/p>\n<!-- \/wp:paragraph --><!-- wp:heading {\"textColor\":\"vivid-purple\"} -->\n<h2 class=\"has-vivid-purple-color has-text-color\"><strong>Os rolos de pel\u00edcula cinematogr\u00e1fica<\/strong><\/h2>\n<!-- \/wp:heading --><!-- wp:paragraph -->\n<p>Esses rolos, reconhecidos no mundo todo como s\u00edmbolos do cinema, s\u00e3o os <strong><mark class=\"has-inline-color has-vivid-purple-color\" style=\"background-color: rgba(0, 0, 0, 0);\">film reels<\/mark><\/strong>, em ingl\u00eas.<\/p>\n<!-- \/wp:paragraph --><!-- wp:paragraph -->\n<p>Por mais que sejam um recurso antigo, e os cinemas exibam apenas c\u00f3pias digitais h\u00e1 d\u00e9cadas, <a href=\"https:\/\/kodakdigitizing.com\/blogs\/news\/are-film-reels-still-being-used-today\" target=\"_blank\" rel=\"noreferrer noopener\">ainda existem filmes que s\u00e3o produzidos em rolos, como La La Land (2016) e Mulherzinhas (2019)<\/a>.\u00a0<\/p>\n<!-- \/wp:paragraph --><!-- wp:paragraph -->\n<p>D\u00e9cadas atr\u00e1s, filmar algo ou algu\u00e9m era um privil\u00e9gio <a href=\"https:\/\/monicaguerretta.com\/qualeocerto\/como-usar-o-qual\/\" target=\"_blank\" rel=\"noreferrer noopener\">ao qual<\/a> poucas pessoas tinham acesso. Por outro lado, hoje, com a populariza\u00e7\u00e3o dos smartphones, qualquer pessoa pode criar, editar e postar v\u00eddeos nas redes sociais.<\/p>\n<!-- \/wp:paragraph --><!-- wp:paragraph -->\n<p>Ent\u00e3o, nada mais po\u00e9tico que batizar esse recurso com o nome de algo que \u00e9 refer\u00eancia visual no assunto. Nesse sentido, surgiu o <strong><mark class=\"has-inline-color has-vivid-purple-color\" style=\"background-color: rgba(0, 0, 0, 0);\">Instagram Reels<\/mark><\/strong>.<\/p>\n<!-- \/wp:paragraph --><!-- wp:heading {\"textColor\":\"vivid-purple\"} -->\n<h2 class=\"has-vivid-purple-color has-text-color\"><strong>Quando usar <span style=\"text-decoration: underline;\">reel<\/span> ou <span style=\"text-decoration: underline;\">reels<\/span>?<\/strong><\/h2>\n<!-- \/wp:heading --><!-- wp:paragraph -->\n<p>Como <a href=\"https:\/\/www.macmillandictionary.com\/dictionary\/british\/reel_1\" target=\"_blank\" rel=\"noreferrer noopener\">podemos ver no Macmillan Dictionary<\/a>, a palavra <strong><mark class=\"has-inline-color has-vivid-purple-color\" style=\"background-color: rgba(0, 0, 0, 0);\">reel<\/mark><\/strong> \u00e9 um substantivo cont\u00e1vel \u2014 em ingl\u00eas, <em>countable noun<\/em>. Por esse motivo, a palavrinha possui uma vers\u00e3o no singular e outra no plural.<\/p>\n<!-- \/wp:paragraph --><!-- wp:image {\"align\":\"center\",\"id\":2044,\"sizeSlug\":\"full\",\"linkDestination\":\"none\"} -->\n<figure class=\"wp-block-image aligncenter size-full\"><img decoding=\"async\" width=\"267\" height=\"175\" class=\"wp-image-2044\" src=\"https:\/\/monicaguerretta.com\/qualeocerto\/wp-content\/uploads\/2022\/07\/reel-macmillan-qual-e-o-certo.png\" alt=\"reel macmillan - qual \u00e9 o certo\" \/><\/figure>\n<!-- \/wp:image --><!-- wp:paragraph -->\n<p>Para termos um exemplo, vamos resgatar o filme <a href=\"https:\/\/www.imdb.com\/title\/tt0071562\/technical\" target=\"_blank\" rel=\"noreferrer noopener\">O Poderoso Chef\u00e3o 2, que tem 12 <strong><mark class=\"has-inline-color has-vivid-purple-color\" style=\"background-color: rgba(0, 0, 0, 0);\">reels<\/mark><\/strong> de dura\u00e7\u00e3o<\/a>. Ou seja, as 3 horas e 22 minutos de filme foram distribu\u00eddas em doze rolos de pel\u00edcula cinematogr\u00e1fica.\u00a0<\/p>\n<!-- \/wp:paragraph --><!-- wp:paragraph -->\n<p>Isso quer dizer que a quantidade importa e faz diferen\u00e7a para essa palavra. \u00c9 por essa raz\u00e3o que dizemos <strong><mark class=\"has-inline-color has-vivid-purple-color\" style=\"background-color: rgba(0, 0, 0, 0);\">um reel<\/mark><\/strong>, <strong><mark class=\"has-inline-color has-vivid-purple-color\" style=\"background-color: rgba(0, 0, 0, 0);\">dois reels<\/mark><\/strong>, <strong><mark class=\"has-inline-color has-vivid-purple-color\" style=\"background-color: rgba(0, 0, 0, 0);\">tr\u00eas reels<\/mark><\/strong> e assim por diante.<\/p>\n<!-- \/wp:paragraph --><!-- wp:paragraph -->\n<p><strong><mark class=\"has-inline-color has-vivid-purple-color\" style=\"background-color: rgba(0, 0, 0, 0);\">Dica extra:<\/mark><\/strong> Falar <strong><mark class=\"has-inline-color has-vivid-red-color\" style=\"background-color: rgba(0, 0, 0, 0);\">um reels<\/mark><\/strong> \u00e9 como se estiv\u00e9ssemos falando <strong><mark class=\"has-inline-color has-vivid-red-color\" style=\"background-color: rgba(0, 0, 0, 0);\">um carros<\/mark><\/strong>, <strong><mark class=\"has-inline-color has-vivid-red-color\" style=\"background-color: rgba(0, 0, 0, 0);\">um c\u00e3es<\/mark><\/strong> ou <strong><mark class=\"has-inline-color has-vivid-red-color\" style=\"background-color: rgba(0, 0, 0, 0);\">uma mulheres<\/mark><\/strong>. Da mesma forma que fazemos adequa\u00e7\u00f5es para usar esses substantivos no singular quando mencionamos apenas um deles \u2014 <strong><mark class=\"has-inline-color has-vivid-green-cyan-color\" style=\"background-color: rgba(0, 0, 0, 0);\">um carro<\/mark><\/strong>, <strong><mark class=\"has-inline-color has-vivid-green-cyan-color\" style=\"background-color: rgba(0, 0, 0, 0);\">um c\u00e3o<\/mark><\/strong> e <strong><mark class=\"has-inline-color has-vivid-green-cyan-color\" style=\"background-color: rgba(0, 0, 0, 0);\">uma mulher<\/mark><\/strong> \u2014 precisamos usar tamb\u00e9m a palavra <strong><mark class=\"has-inline-color has-vivid-purple-color\" style=\"background-color: rgba(0, 0, 0, 0);\">reel<\/mark><\/strong> no singular quando falamos de apenas um. Ou seja: <strong><mark class=\"has-inline-color has-vivid-green-cyan-color\" style=\"background-color: rgba(0, 0, 0, 0);\">um reel<\/mark><\/strong>.<\/p>\n<!-- \/wp:paragraph --><!-- wp:heading {\"textColor\":\"vivid-purple\"} -->\n<h2 class=\"has-vivid-purple-color has-text-color\"><strong>Sobre o nome do recurso <span style=\"text-decoration: underline;\">Instagram Reels<\/span><\/strong><\/h2>\n<!-- \/wp:heading --><!-- wp:paragraph -->\n<p>Mas, afinal, por que ent\u00e3o se usa <strong><mark class=\"has-inline-color has-vivid-purple-color\" style=\"background-color: rgba(0, 0, 0, 0);\">Instagram Reels<\/mark><\/strong>, no plural, como nome do recurso?<\/p>\n<!-- \/wp:paragraph --><!-- wp:paragraph -->\n<p>Porque existem v\u00e1rios <strong><strong><mark class=\"has-inline-color has-vivid-purple-color\" style=\"background-color: rgba(0, 0, 0, 0);\">reels<\/mark><\/strong><\/strong>, n\u00e3o apenas um. Portanto, faz sentido que o nome do recurso seja no plural. No entanto, <a href=\"https:\/\/monicaguerretta.com\/qualeocerto\/lembrar-ou-lembrar-se\/\" target=\"_blank\" rel=\"noreferrer noopener\">lembre-se de<\/a> que, quando falamos sobre <span style=\"text-decoration: underline;\">um<\/span> v\u00eddeo espec\u00edfico, o certo \u00e9 usar a vers\u00e3o no singular, <strong><strong><mark class=\"has-inline-color has-vivid-purple-color\" style=\"background-color: rgba(0, 0, 0, 0);\">reel<\/mark><\/strong><\/strong>.<\/p>\n<!-- \/wp:paragraph --><!-- wp:paragraph -->\n<p>Enfim, ap\u00f3s essa explica\u00e7\u00e3o voc\u00ea percebeu que a palavra <strong><strong><mark class=\"has-inline-color has-vivid-purple-color\" style=\"background-color: rgba(0, 0, 0, 0);\">reel<\/mark><\/strong><\/strong> funciona da mesma forma que a palavra <strong><mark class=\"has-inline-color has-vivid-purple-color\" style=\"background-color: rgba(0, 0, 0, 0);\">stories<\/mark><\/strong>, n\u00e3o \u00e9 mesmo? Caso voc\u00ea ainda n\u00e3o tenha visto esse conte\u00fado, convido voc\u00ea a ler este artigo:<br \/><a href=\"https:\/\/monicaguerretta.com\/qualeocerto\/instagram-stories\/\" target=\"_blank\" rel=\"noreferrer noopener\">Instagram Stories: story, stories e a pron\u00fancia correta<\/a><\/p>\n<!-- \/wp:paragraph --><!-- wp:paragraph -->\n<p>Se voc\u00ea gosta tamb\u00e9m de acompanhar dicas de ingl\u00eas por aqui, tem mais este conte\u00fado que criei em parceria com a <strong>teacher Thuany<\/strong>:<br \/><a href=\"https:\/\/monicaguerretta.com\/qualeocerto\/fake-news\/\" target=\"_blank\" rel=\"noreferrer noopener\">Por que &#8220;fake news&#8221; \u00e9 um termo contradit\u00f3rio?<\/a><\/p>\n<!-- \/wp:paragraph -->\t\t\t\t\t\t\t\t<\/div>\n\t\t\t\t<\/div>\n\t\t\t\t\t<\/div>\n\t\t<\/div>\n\t\t\t\t\t<\/div>\n\t\t<\/section>\n\t\t\t\t<section class=\"elementor-section elementor-top-section elementor-element elementor-element-31904e4 elementor-section-boxed elementor-section-height-default elementor-section-height-default\" data-id=\"31904e4\" data-element_type=\"section\">\n\t\t\t\t\t\t<div class=\"elementor-container elementor-column-gap-default\">\n\t\t\t\t\t<div class=\"elementor-column elementor-col-33 elementor-top-column elementor-element elementor-element-3c865d5\" data-id=\"3c865d5\" data-element_type=\"column\">\n\t\t\t<div class=\"elementor-widget-wrap elementor-element-populated\">\n\t\t\t\t\t\t<div class=\"elementor-element elementor-element-ae2ca5b elementor-invisible elementor-widget elementor-widget-image\" data-id=\"ae2ca5b\" data-element_type=\"widget\" data-settings=\"{&quot;_animation&quot;:&quot;slideInLeft&quot;}\" data-widget_type=\"image.default\">\n\t\t\t\t<div class=\"elementor-widget-container\">\n\t\t\t\t\t\t\t\t\t\t\t\t\t\t\t<img fetchpriority=\"high\" decoding=\"async\" width=\"681\" height=\"1024\" src=\"https:\/\/monicaguerretta.com\/qualeocerto\/wp-content\/uploads\/2022\/07\/Monica-Guerretta-Qual-e-o-certo-681x1024.jpg\" class=\"attachment-large size-large wp-image-1980\" alt=\"M\u00f4nica-Guerretta-Qual-\u00e9-o-certo\" srcset=\"https:\/\/monicaguerretta.com\/qualeocerto\/wp-content\/uploads\/2022\/07\/Monica-Guerretta-Qual-e-o-certo-681x1024.jpg 681w, https:\/\/monicaguerretta.com\/qualeocerto\/wp-content\/uploads\/2022\/07\/Monica-Guerretta-Qual-e-o-certo-200x300.jpg 200w, https:\/\/monicaguerretta.com\/qualeocerto\/wp-content\/uploads\/2022\/07\/Monica-Guerretta-Qual-e-o-certo-768x1155.jpg 768w, https:\/\/monicaguerretta.com\/qualeocerto\/wp-content\/uploads\/2022\/07\/Monica-Guerretta-Qual-e-o-certo-1022x1536.jpg 1022w, https:\/\/monicaguerretta.com\/qualeocerto\/wp-content\/uploads\/2022\/07\/Monica-Guerretta-Qual-e-o-certo-1362x2048.jpg 1362w, https:\/\/monicaguerretta.com\/qualeocerto\/wp-content\/uploads\/2022\/07\/Monica-Guerretta-Qual-e-o-certo-scaled.jpg 1703w\" sizes=\"(max-width: 681px) 100vw, 681px\" \/>\t\t\t\t\t\t\t\t\t\t\t\t\t\t\t<\/div>\n\t\t\t\t<\/div>\n\t\t\t\t\t<\/div>\n\t\t<\/div>\n\t\t\t\t<div class=\"elementor-column elementor-col-66 elementor-top-column elementor-element elementor-element-1608263\" data-id=\"1608263\" data-element_type=\"column\">\n\t\t\t<div class=\"elementor-widget-wrap elementor-element-populated\">\n\t\t\t\t\t\t<div class=\"elementor-element elementor-element-a5c096d elementor-invisible elementor-widget elementor-widget-text-editor\" data-id=\"a5c096d\" data-element_type=\"widget\" data-settings=\"{&quot;_animation&quot;:&quot;slideInRight&quot;}\" data-widget_type=\"text-editor.default\">\n\t\t\t\t<div class=\"elementor-widget-container\">\n\t\t\t\t\t\t\t\t\t<p><b>Voc\u00ea gostou dessa explica\u00e7\u00e3o?\u00a0<br \/><\/b><span style=\"font-weight: 400;\">Ent\u00e3o apoie o Qual \u00e9 o certo?, por favorzinho. \ud83d\udc99<br \/><\/span><span style=\"font-weight: 400;\">\u2705 <\/span><a href=\"https:\/\/www.youtube.com\/c\/qualeocerto\" target=\"_blank\" rel=\"noopener\"><span style=\"font-weight: 400;\">Inscreva-se no canal do YouTube<\/span><\/a><br \/><span style=\"font-weight: 400;\">\u2705 <\/span><a href=\"https:\/\/www.instagram.com\/qualeocerto\/\" target=\"_blank\" rel=\"noopener\"><span style=\"font-weight: 400;\">Siga no Instagram<\/span><\/a><br \/><span style=\"font-weight: 400;\">\u2705 <\/span><a href=\"https:\/\/www.linkedin.com\/in\/monicaguerretta\/\"><span style=\"font-weight: 400;\">Acompanhe no LinkedIn<\/span><\/a><br \/><span style=\"font-weight: 400;\">\u2705 <\/span><a href=\"https:\/\/monicaguerretta.com\/qualeocerto\/vamos-conversar\/\" target=\"_blank\" rel=\"noopener\"><span style=\"font-weight: 400;\">Pague um cafezinho para mim<\/span><\/a><br \/><span style=\"font-weight: 400;\">\u2705 Compartilhe este conte\u00fado <\/span><\/p>\t\t\t\t\t\t\t\t<\/div>\n\t\t\t\t<\/div>\n\t\t\t\t\t<\/div>\n\t\t<\/div>\n\t\t\t\t\t<\/div>\n\t\t<\/section>\n\t\t\t\t<\/div>\n\t\t","protected":false},"excerpt":{"rendered":"<p>Eu j\u00e1 trouxe, aqui para o blog, a confus\u00e3o que as pessoas cometem ao falar sobre&hellip;<\/p>\n","protected":false},"author":2,"featured_media":2043,"comment_status":"open","ping_status":"open","sticky":false,"template":"","format":"standard","meta":{"_exactmetrics_skip_tracking":false,"_exactmetrics_sitenote_active":false,"_exactmetrics_sitenote_note":"","_exactmetrics_sitenote_category":0,"footnotes":""},"categories":[179,291],"tags":[260,261,262],"class_list":["post-2042","post","type-post","status-publish","format-standard","has-post-thumbnail","hentry","category-confusoes-comuns","category-portugues","tag-instagram-reels","tag-reel","tag-reels"],"yoast_head":"<!-- This site is optimized with the Yoast SEO plugin v27.5 - https:\/\/yoast.com\/product\/yoast-seo-wordpress\/ -->\n<title>Instagram Reels: &quot;reels&quot; tem vers\u00e3o diferente no singular? &#187; Qual \u00e9 o certo?<\/title>\n<meta name=\"description\" content=\"Vamos conversar sobre o Instagram Reels? A maioria das pessoas usa a palavra reels errado e nem faz ideia. Entenda agora.\" \/>\n<meta name=\"robots\" content=\"index, follow, max-snippet:-1, max-image-preview:large, max-video-preview:-1\" \/>\n<link rel=\"canonical\" href=\"https:\/\/monicaguerretta.com\/qualeocerto\/instagram-reels\/\" \/>\n<meta property=\"og:locale\" content=\"pt_BR\" \/>\n<meta property=\"og:type\" content=\"article\" \/>\n<meta property=\"og:title\" content=\"Instagram Reels: &quot;reels&quot; tem vers\u00e3o diferente no singular? &#187; Qual \u00e9 o certo?\" \/>\n<meta property=\"og:description\" content=\"Vamos conversar sobre o Instagram Reels? A maioria das pessoas usa a palavra reels errado e nem faz ideia. Entenda agora.\" \/>\n<meta property=\"og:url\" content=\"https:\/\/monicaguerretta.com\/qualeocerto\/instagram-reels\/\" \/>\n<meta property=\"og:site_name\" content=\"Qual \u00e9 o certo?\" \/>\n<meta property=\"article:publisher\" content=\"https:\/\/www.facebook.com\/qualeocerto\" \/>\n<meta property=\"article:published_time\" content=\"2022-07-19T00:00:00+00:00\" \/>\n<meta property=\"article:modified_time\" content=\"2022-12-02T21:43:13+00:00\" \/>\n<meta property=\"og:image\" content=\"https:\/\/monicaguerretta.com\/qualeocerto\/wp-content\/uploads\/2022\/07\/instagram-reels-qual-e-o-certo.png\" \/>\n\t<meta property=\"og:image:width\" content=\"1080\" \/>\n\t<meta property=\"og:image:height\" content=\"1081\" \/>\n\t<meta property=\"og:image:type\" content=\"image\/png\" \/>\n<meta name=\"author\" content=\"M\u00f4nica Guerretta\" \/>\n<meta name=\"twitter:card\" content=\"summary_large_image\" \/>\n<meta name=\"twitter:label1\" content=\"Escrito por\" \/>\n\t<meta name=\"twitter:data1\" content=\"M\u00f4nica Guerretta\" \/>\n\t<meta name=\"twitter:label2\" content=\"Est. tempo de leitura\" \/>\n\t<meta name=\"twitter:data2\" content=\"6 minutos\" \/>\n<script type=\"application\/ld+json\" class=\"yoast-schema-graph\">{\"@context\":\"https:\\\/\\\/schema.org\",\"@graph\":[{\"@type\":\"Article\",\"@id\":\"https:\\\/\\\/monicaguerretta.com\\\/qualeocerto\\\/instagram-reels\\\/#article\",\"isPartOf\":{\"@id\":\"https:\\\/\\\/monicaguerretta.com\\\/qualeocerto\\\/instagram-reels\\\/\"},\"author\":{\"name\":\"M\u00f4nica Guerretta\",\"@id\":\"https:\\\/\\\/monicaguerretta.com\\\/qualeocerto\\\/#\\\/schema\\\/person\\\/214b5e9a83b11fe11a18ecae0d21f79a\"},\"headline\":\"Instagram Reels: &#8220;reels&#8221; tem vers\u00e3o diferente no singular?\",\"datePublished\":\"2022-07-19T00:00:00+00:00\",\"dateModified\":\"2022-12-02T21:43:13+00:00\",\"mainEntityOfPage\":{\"@id\":\"https:\\\/\\\/monicaguerretta.com\\\/qualeocerto\\\/instagram-reels\\\/\"},\"wordCount\":671,\"commentCount\":0,\"publisher\":{\"@id\":\"https:\\\/\\\/monicaguerretta.com\\\/qualeocerto\\\/#organization\"},\"image\":{\"@id\":\"https:\\\/\\\/monicaguerretta.com\\\/qualeocerto\\\/instagram-reels\\\/#primaryimage\"},\"thumbnailUrl\":\"https:\\\/\\\/monicaguerretta.com\\\/qualeocerto\\\/wp-content\\\/uploads\\\/2022\\\/07\\\/instagram-reels-qual-e-o-certo.png\",\"keywords\":[\"Instagram Reels\",\"reel\",\"reels\"],\"articleSection\":[\"Confus\u00f5es comuns\",\"Portugu\u00eas\"],\"inLanguage\":\"pt-BR\",\"potentialAction\":[{\"@type\":\"CommentAction\",\"name\":\"Comment\",\"target\":[\"https:\\\/\\\/monicaguerretta.com\\\/qualeocerto\\\/instagram-reels\\\/#respond\"]}]},{\"@type\":\"WebPage\",\"@id\":\"https:\\\/\\\/monicaguerretta.com\\\/qualeocerto\\\/instagram-reels\\\/\",\"url\":\"https:\\\/\\\/monicaguerretta.com\\\/qualeocerto\\\/instagram-reels\\\/\",\"name\":\"Instagram Reels: \\\"reels\\\" tem vers\u00e3o diferente no singular? &#187; Qual \u00e9 o certo?\",\"isPartOf\":{\"@id\":\"https:\\\/\\\/monicaguerretta.com\\\/qualeocerto\\\/#website\"},\"primaryImageOfPage\":{\"@id\":\"https:\\\/\\\/monicaguerretta.com\\\/qualeocerto\\\/instagram-reels\\\/#primaryimage\"},\"image\":{\"@id\":\"https:\\\/\\\/monicaguerretta.com\\\/qualeocerto\\\/instagram-reels\\\/#primaryimage\"},\"thumbnailUrl\":\"https:\\\/\\\/monicaguerretta.com\\\/qualeocerto\\\/wp-content\\\/uploads\\\/2022\\\/07\\\/instagram-reels-qual-e-o-certo.png\",\"datePublished\":\"2022-07-19T00:00:00+00:00\",\"dateModified\":\"2022-12-02T21:43:13+00:00\",\"description\":\"Vamos conversar sobre o Instagram Reels? A maioria das pessoas usa a palavra reels errado e nem faz ideia. Entenda agora.\",\"breadcrumb\":{\"@id\":\"https:\\\/\\\/monicaguerretta.com\\\/qualeocerto\\\/instagram-reels\\\/#breadcrumb\"},\"inLanguage\":\"pt-BR\",\"potentialAction\":[{\"@type\":\"ReadAction\",\"target\":[\"https:\\\/\\\/monicaguerretta.com\\\/qualeocerto\\\/instagram-reels\\\/\"]}]},{\"@type\":\"ImageObject\",\"inLanguage\":\"pt-BR\",\"@id\":\"https:\\\/\\\/monicaguerretta.com\\\/qualeocerto\\\/instagram-reels\\\/#primaryimage\",\"url\":\"https:\\\/\\\/monicaguerretta.com\\\/qualeocerto\\\/wp-content\\\/uploads\\\/2022\\\/07\\\/instagram-reels-qual-e-o-certo.png\",\"contentUrl\":\"https:\\\/\\\/monicaguerretta.com\\\/qualeocerto\\\/wp-content\\\/uploads\\\/2022\\\/07\\\/instagram-reels-qual-e-o-certo.png\",\"width\":1080,\"height\":1081,\"caption\":\"instagram reels - qual \u00e9 o certo\"},{\"@type\":\"BreadcrumbList\",\"@id\":\"https:\\\/\\\/monicaguerretta.com\\\/qualeocerto\\\/instagram-reels\\\/#breadcrumb\",\"itemListElement\":[{\"@type\":\"ListItem\",\"position\":1,\"name\":\"In\u00edcio\",\"item\":\"https:\\\/\\\/monicaguerretta.com\\\/qualeocerto\\\/\"},{\"@type\":\"ListItem\",\"position\":2,\"name\":\"Instagram Reels: &#8220;reels&#8221; tem vers\u00e3o diferente no singular?\"}]},{\"@type\":\"WebSite\",\"@id\":\"https:\\\/\\\/monicaguerretta.com\\\/qualeocerto\\\/#website\",\"url\":\"https:\\\/\\\/monicaguerretta.com\\\/qualeocerto\\\/\",\"name\":\"Qual \u00e9 o Certo?\",\"description\":\"M\u00f4nica Guerretta | Redatora publicit\u00e1ria | Copywriting - UX Writing\",\"publisher\":{\"@id\":\"https:\\\/\\\/monicaguerretta.com\\\/qualeocerto\\\/#organization\"},\"potentialAction\":[{\"@type\":\"SearchAction\",\"target\":{\"@type\":\"EntryPoint\",\"urlTemplate\":\"https:\\\/\\\/monicaguerretta.com\\\/qualeocerto\\\/?s={search_term_string}\"},\"query-input\":{\"@type\":\"PropertyValueSpecification\",\"valueRequired\":true,\"valueName\":\"search_term_string\"}}],\"inLanguage\":\"pt-BR\"},{\"@type\":\"Organization\",\"@id\":\"https:\\\/\\\/monicaguerretta.com\\\/qualeocerto\\\/#organization\",\"name\":\"Qual \u00e9 o certo?\",\"url\":\"https:\\\/\\\/monicaguerretta.com\\\/qualeocerto\\\/\",\"logo\":{\"@type\":\"ImageObject\",\"inLanguage\":\"pt-BR\",\"@id\":\"https:\\\/\\\/monicaguerretta.com\\\/qualeocerto\\\/#\\\/schema\\\/logo\\\/image\\\/\",\"url\":\"https:\\\/\\\/monicaguerretta.com\\\/qualeocerto\\\/wp-content\\\/uploads\\\/2022\\\/08\\\/marca-quale.png\",\"contentUrl\":\"https:\\\/\\\/monicaguerretta.com\\\/qualeocerto\\\/wp-content\\\/uploads\\\/2022\\\/08\\\/marca-quale.png\",\"width\":592,\"height\":315,\"caption\":\"Qual \u00e9 o certo?\"},\"image\":{\"@id\":\"https:\\\/\\\/monicaguerretta.com\\\/qualeocerto\\\/#\\\/schema\\\/logo\\\/image\\\/\"},\"sameAs\":[\"https:\\\/\\\/www.facebook.com\\\/qualeocerto\",\"https:\\\/\\\/www.instagram.com\\\/qualeocerto\\\/\",\"https:\\\/\\\/www.youtube.com\\\/c\\\/qualeocerto\"]},{\"@type\":\"Person\",\"@id\":\"https:\\\/\\\/monicaguerretta.com\\\/qualeocerto\\\/#\\\/schema\\\/person\\\/214b5e9a83b11fe11a18ecae0d21f79a\",\"name\":\"M\u00f4nica Guerretta\",\"image\":{\"@type\":\"ImageObject\",\"inLanguage\":\"pt-BR\",\"@id\":\"https:\\\/\\\/secure.gravatar.com\\\/avatar\\\/cc0028ec5e6e39e7cd7e61c0fa6158a6d7f1edc39c4f536d768ad95ee3e26a8a?s=96&d=mm&r=g\",\"url\":\"https:\\\/\\\/secure.gravatar.com\\\/avatar\\\/cc0028ec5e6e39e7cd7e61c0fa6158a6d7f1edc39c4f536d768ad95ee3e26a8a?s=96&d=mm&r=g\",\"contentUrl\":\"https:\\\/\\\/secure.gravatar.com\\\/avatar\\\/cc0028ec5e6e39e7cd7e61c0fa6158a6d7f1edc39c4f536d768ad95ee3e26a8a?s=96&d=mm&r=g\",\"caption\":\"M\u00f4nica Guerretta\"}}]}<\/script>\n<!-- \/ Yoast SEO plugin. -->","yoast_head_json":{"title":"Instagram Reels: \"reels\" tem vers\u00e3o diferente no singular? &#187; Qual \u00e9 o certo?","description":"Vamos conversar sobre o Instagram Reels? A maioria das pessoas usa a palavra reels errado e nem faz ideia. Entenda agora.","robots":{"index":"index","follow":"follow","max-snippet":"max-snippet:-1","max-image-preview":"max-image-preview:large","max-video-preview":"max-video-preview:-1"},"canonical":"https:\/\/monicaguerretta.com\/qualeocerto\/instagram-reels\/","og_locale":"pt_BR","og_type":"article","og_title":"Instagram Reels: \"reels\" tem vers\u00e3o diferente no singular? &#187; Qual \u00e9 o certo?","og_description":"Vamos conversar sobre o Instagram Reels? A maioria das pessoas usa a palavra reels errado e nem faz ideia. Entenda agora.","og_url":"https:\/\/monicaguerretta.com\/qualeocerto\/instagram-reels\/","og_site_name":"Qual \u00e9 o certo?","article_publisher":"https:\/\/www.facebook.com\/qualeocerto","article_published_time":"2022-07-19T00:00:00+00:00","article_modified_time":"2022-12-02T21:43:13+00:00","og_image":[{"width":1080,"height":1081,"url":"https:\/\/monicaguerretta.com\/qualeocerto\/wp-content\/uploads\/2022\/07\/instagram-reels-qual-e-o-certo.png","type":"image\/png"}],"author":"M\u00f4nica Guerretta","twitter_card":"summary_large_image","twitter_misc":{"Escrito por":"M\u00f4nica Guerretta","Est. tempo de leitura":"6 minutos"},"schema":{"@context":"https:\/\/schema.org","@graph":[{"@type":"Article","@id":"https:\/\/monicaguerretta.com\/qualeocerto\/instagram-reels\/#article","isPartOf":{"@id":"https:\/\/monicaguerretta.com\/qualeocerto\/instagram-reels\/"},"author":{"name":"M\u00f4nica Guerretta","@id":"https:\/\/monicaguerretta.com\/qualeocerto\/#\/schema\/person\/214b5e9a83b11fe11a18ecae0d21f79a"},"headline":"Instagram Reels: &#8220;reels&#8221; tem vers\u00e3o diferente no singular?","datePublished":"2022-07-19T00:00:00+00:00","dateModified":"2022-12-02T21:43:13+00:00","mainEntityOfPage":{"@id":"https:\/\/monicaguerretta.com\/qualeocerto\/instagram-reels\/"},"wordCount":671,"commentCount":0,"publisher":{"@id":"https:\/\/monicaguerretta.com\/qualeocerto\/#organization"},"image":{"@id":"https:\/\/monicaguerretta.com\/qualeocerto\/instagram-reels\/#primaryimage"},"thumbnailUrl":"https:\/\/monicaguerretta.com\/qualeocerto\/wp-content\/uploads\/2022\/07\/instagram-reels-qual-e-o-certo.png","keywords":["Instagram Reels","reel","reels"],"articleSection":["Confus\u00f5es comuns","Portugu\u00eas"],"inLanguage":"pt-BR","potentialAction":[{"@type":"CommentAction","name":"Comment","target":["https:\/\/monicaguerretta.com\/qualeocerto\/instagram-reels\/#respond"]}]},{"@type":"WebPage","@id":"https:\/\/monicaguerretta.com\/qualeocerto\/instagram-reels\/","url":"https:\/\/monicaguerretta.com\/qualeocerto\/instagram-reels\/","name":"Instagram Reels: \"reels\" tem vers\u00e3o diferente no singular? &#187; Qual \u00e9 o certo?","isPartOf":{"@id":"https:\/\/monicaguerretta.com\/qualeocerto\/#website"},"primaryImageOfPage":{"@id":"https:\/\/monicaguerretta.com\/qualeocerto\/instagram-reels\/#primaryimage"},"image":{"@id":"https:\/\/monicaguerretta.com\/qualeocerto\/instagram-reels\/#primaryimage"},"thumbnailUrl":"https:\/\/monicaguerretta.com\/qualeocerto\/wp-content\/uploads\/2022\/07\/instagram-reels-qual-e-o-certo.png","datePublished":"2022-07-19T00:00:00+00:00","dateModified":"2022-12-02T21:43:13+00:00","description":"Vamos conversar sobre o Instagram Reels? A maioria das pessoas usa a palavra reels errado e nem faz ideia. Entenda agora.","breadcrumb":{"@id":"https:\/\/monicaguerretta.com\/qualeocerto\/instagram-reels\/#breadcrumb"},"inLanguage":"pt-BR","potentialAction":[{"@type":"ReadAction","target":["https:\/\/monicaguerretta.com\/qualeocerto\/instagram-reels\/"]}]},{"@type":"ImageObject","inLanguage":"pt-BR","@id":"https:\/\/monicaguerretta.com\/qualeocerto\/instagram-reels\/#primaryimage","url":"https:\/\/monicaguerretta.com\/qualeocerto\/wp-content\/uploads\/2022\/07\/instagram-reels-qual-e-o-certo.png","contentUrl":"https:\/\/monicaguerretta.com\/qualeocerto\/wp-content\/uploads\/2022\/07\/instagram-reels-qual-e-o-certo.png","width":1080,"height":1081,"caption":"instagram reels - qual \u00e9 o certo"},{"@type":"BreadcrumbList","@id":"https:\/\/monicaguerretta.com\/qualeocerto\/instagram-reels\/#breadcrumb","itemListElement":[{"@type":"ListItem","position":1,"name":"In\u00edcio","item":"https:\/\/monicaguerretta.com\/qualeocerto\/"},{"@type":"ListItem","position":2,"name":"Instagram Reels: &#8220;reels&#8221; tem vers\u00e3o diferente no singular?"}]},{"@type":"WebSite","@id":"https:\/\/monicaguerretta.com\/qualeocerto\/#website","url":"https:\/\/monicaguerretta.com\/qualeocerto\/","name":"Qual \u00e9 o Certo?","description":"M\u00f4nica Guerretta | Redatora publicit\u00e1ria | Copywriting - UX Writing","publisher":{"@id":"https:\/\/monicaguerretta.com\/qualeocerto\/#organization"},"potentialAction":[{"@type":"SearchAction","target":{"@type":"EntryPoint","urlTemplate":"https:\/\/monicaguerretta.com\/qualeocerto\/?s={search_term_string}"},"query-input":{"@type":"PropertyValueSpecification","valueRequired":true,"valueName":"search_term_string"}}],"inLanguage":"pt-BR"},{"@type":"Organization","@id":"https:\/\/monicaguerretta.com\/qualeocerto\/#organization","name":"Qual \u00e9 o certo?","url":"https:\/\/monicaguerretta.com\/qualeocerto\/","logo":{"@type":"ImageObject","inLanguage":"pt-BR","@id":"https:\/\/monicaguerretta.com\/qualeocerto\/#\/schema\/logo\/image\/","url":"https:\/\/monicaguerretta.com\/qualeocerto\/wp-content\/uploads\/2022\/08\/marca-quale.png","contentUrl":"https:\/\/monicaguerretta.com\/qualeocerto\/wp-content\/uploads\/2022\/08\/marca-quale.png","width":592,"height":315,"caption":"Qual \u00e9 o certo?"},"image":{"@id":"https:\/\/monicaguerretta.com\/qualeocerto\/#\/schema\/logo\/image\/"},"sameAs":["https:\/\/www.facebook.com\/qualeocerto","https:\/\/www.instagram.com\/qualeocerto\/","https:\/\/www.youtube.com\/c\/qualeocerto"]},{"@type":"Person","@id":"https:\/\/monicaguerretta.com\/qualeocerto\/#\/schema\/person\/214b5e9a83b11fe11a18ecae0d21f79a","name":"M\u00f4nica Guerretta","image":{"@type":"ImageObject","inLanguage":"pt-BR","@id":"https:\/\/secure.gravatar.com\/avatar\/cc0028ec5e6e39e7cd7e61c0fa6158a6d7f1edc39c4f536d768ad95ee3e26a8a?s=96&d=mm&r=g","url":"https:\/\/secure.gravatar.com\/avatar\/cc0028ec5e6e39e7cd7e61c0fa6158a6d7f1edc39c4f536d768ad95ee3e26a8a?s=96&d=mm&r=g","contentUrl":"https:\/\/secure.gravatar.com\/avatar\/cc0028ec5e6e39e7cd7e61c0fa6158a6d7f1edc39c4f536d768ad95ee3e26a8a?s=96&d=mm&r=g","caption":"M\u00f4nica Guerretta"}}]}},"_links":{"self":[{"href":"https:\/\/monicaguerretta.com\/qualeocerto\/wp-json\/wp\/v2\/posts\/2042","targetHints":{"allow":["GET"]}}],"collection":[{"href":"https:\/\/monicaguerretta.com\/qualeocerto\/wp-json\/wp\/v2\/posts"}],"about":[{"href":"https:\/\/monicaguerretta.com\/qualeocerto\/wp-json\/wp\/v2\/types\/post"}],"author":[{"embeddable":true,"href":"https:\/\/monicaguerretta.com\/qualeocerto\/wp-json\/wp\/v2\/users\/2"}],"replies":[{"embeddable":true,"href":"https:\/\/monicaguerretta.com\/qualeocerto\/wp-json\/wp\/v2\/comments?post=2042"}],"version-history":[{"count":15,"href":"https:\/\/monicaguerretta.com\/qualeocerto\/wp-json\/wp\/v2\/posts\/2042\/revisions"}],"predecessor-version":[{"id":2479,"href":"https:\/\/monicaguerretta.com\/qualeocerto\/wp-json\/wp\/v2\/posts\/2042\/revisions\/2479"}],"wp:featuredmedia":[{"embeddable":true,"href":"https:\/\/monicaguerretta.com\/qualeocerto\/wp-json\/wp\/v2\/media\/2043"}],"wp:attachment":[{"href":"https:\/\/monicaguerretta.com\/qualeocerto\/wp-json\/wp\/v2\/media?parent=2042"}],"wp:term":[{"taxonomy":"category","embeddable":true,"href":"https:\/\/monicaguerretta.com\/qualeocerto\/wp-json\/wp\/v2\/categories?post=2042"},{"taxonomy":"post_tag","embeddable":true,"href":"https:\/\/monicaguerretta.com\/qualeocerto\/wp-json\/wp\/v2\/tags?post=2042"}],"curies":[{"name":"wp","href":"https:\/\/api.w.org\/{rel}","templated":true}]}}