{"id":2078,"date":"2022-07-26T21:00:05","date_gmt":"2022-07-26T21:00:05","guid":{"rendered":"https:\/\/monicaguerretta.com\/qualeocerto\/?p=2078"},"modified":"2022-12-02T21:43:00","modified_gmt":"2022-12-02T21:43:00","slug":"demais-ou-de-mais","status":"publish","type":"post","link":"https:\/\/monicaguerretta.com\/qualeocerto\/demais-ou-de-mais\/","title":{"rendered":"<strong>Qual \u00e9 o certo: &#8220;demais&#8221; ou &#8220;de mais&#8221;? Quando usar cada um?<\/strong>"},"content":{"rendered":"\t\t<div data-elementor-type=\"wp-post\" data-elementor-id=\"2078\" class=\"elementor elementor-2078\">\n\t\t\t\t\t\t<section class=\"elementor-section elementor-top-section elementor-element elementor-element-f39d81b elementor-section-boxed elementor-section-height-default elementor-section-height-default\" data-id=\"f39d81b\" data-element_type=\"section\">\n\t\t\t\t\t\t<div class=\"elementor-container elementor-column-gap-default\">\n\t\t\t\t\t<div class=\"elementor-column elementor-col-100 elementor-top-column elementor-element elementor-element-96f8edc\" data-id=\"96f8edc\" data-element_type=\"column\">\n\t\t\t<div class=\"elementor-widget-wrap elementor-element-populated\">\n\t\t\t\t\t\t<div class=\"elementor-element elementor-element-329a3aa elementor-widget elementor-widget-text-editor\" data-id=\"329a3aa\" data-element_type=\"widget\" data-widget_type=\"text-editor.default\">\n\t\t\t\t<div class=\"elementor-widget-container\">\n\t\t\t\t\t\t\t\t\t<p>Tenho certeza de que esta d\u00favida j\u00e1 passou pela sua cabe\u00e7a um bocado de vezes: quando usar <strong><mark class=\"has-inline-color has-vivid-purple-color\" style=\"background-color: rgba(0, 0, 0, 0);\">demais<\/mark><\/strong> e quando usar <strong><mark class=\"has-inline-color has-vivid-purple-color\" style=\"background-color: rgba(0, 0, 0, 0);\">de mais<\/mark><\/strong>?<\/p>\n<p><!-- \/wp:paragraph --><!-- wp:paragraph --><\/p>\n<p>Agora vou responder bem direitinho, para voc\u00ea nunca mais confundir.<\/p>\n<p><!-- \/wp:paragraph --><!-- wp:paragraph --><\/p>\n<p>Se bem que, talvez, ainda possa se confundir algumas vezes, porque vou mostrar informa\u00e7\u00f5es surpreendentes. \ud83d\ude31<\/p>\n<p><iframe title=\"Qual \u00e9 o certo: demais ou de mais? Quando usar cada um?\" width=\"700\" height=\"394\" src=\"https:\/\/www.youtube.com\/embed\/X11KtcFlJVI?feature=oembed\" frameborder=\"0\" allow=\"accelerometer; autoplay; clipboard-write; encrypted-media; gyroscope; picture-in-picture\" allowfullscreen><\/iframe><\/p>\t\t\t\t\t\t\t\t<\/div>\n\t\t\t\t<\/div>\n\t\t\t\t\t<\/div>\n\t\t<\/div>\n\t\t\t\t\t<\/div>\n\t\t<\/section>\n\t\t\t\t<section class=\"elementor-section elementor-top-section elementor-element elementor-element-fbec993 elementor-section-boxed elementor-section-height-default elementor-section-height-default\" data-id=\"fbec993\" data-element_type=\"section\">\n\t\t\t\t\t\t<div class=\"elementor-container elementor-column-gap-default\">\n\t\t\t\t\t<div class=\"elementor-column elementor-col-100 elementor-top-column elementor-element elementor-element-5bdcc1c2\" data-id=\"5bdcc1c2\" data-element_type=\"column\">\n\t\t\t<div class=\"elementor-widget-wrap elementor-element-populated\">\n\t\t\t\t\t\t<div class=\"elementor-element elementor-element-6e126a9c elementor-widget elementor-widget-text-editor\" data-id=\"6e126a9c\" data-element_type=\"widget\" data-widget_type=\"text-editor.default\">\n\t\t\t\t<div class=\"elementor-widget-container\">\n\t\t\t\t\t\t\t\t\t<!-- wp:paragraph --><!-- \/wp:embed --><!-- wp:paragraph -->\n<p>Bom, a melhor ajuda que podemos ter para exterminar essa d\u00favida s\u00e3o os dicion\u00e1rios on-line.<\/p>\n<!-- \/wp:paragraph --><!-- wp:heading -->\n<h2><strong><mark class=\"has-inline-color has-vivid-purple-color\" style=\"background-color: rgba(0, 0, 0, 0);\">Quando usar <span style=\"text-decoration: underline;\">demais<\/span>?<\/mark><\/strong><\/h2>\n<!-- \/wp:heading --><!-- wp:paragraph -->\n<p>O <a href=\"https:\/\/michaelis.uol.com.br\/moderno-portugues\/busca\/portugues-brasileiro\/demais\/\" target=\"_blank\" rel=\"noreferrer noopener\">Michaelis on-line<\/a> nos mostra os seguintes significados para a palavra <strong><strong><strong><mark class=\"has-inline-color has-vivid-purple-color\" style=\"background-color: rgba(0, 0, 0, 0);\">demais<\/mark><\/strong><\/strong><\/strong>:<\/p>\n<!-- \/wp:paragraph --><!-- wp:quote -->\n<blockquote class=\"wp-block-quote\">\n<p>\u201cadv\u00e9rbio<br \/>1. Em demasia: <em>\u2018[\u2026] acho que voc\u00ea se exp\u00f4s demais quando falou de sua vida pessoal [\u2026]<\/em>\u2019 (TB1).<br \/>2. De forma muito agressiva: <em>O lutador bateu demais no seu advers\u00e1rio.<\/em><br \/>3. De forma excessiva: <em>\u2018O tempo passou depressa demais\u2019<\/em> (Z1).<br \/>4. Al\u00e9m disso: <em>\u2018N\u00e3o \u00e9 o meu tipo, o meu ideal! Demais, ainda n\u00e3o penso em casamento, nem sei se algum dia pensarei nisso!\u2019<\/em> (AA2).\u201d<\/p>\n<\/blockquote>\n<!-- \/wp:quote --><!-- wp:paragraph -->\n<p>Al\u00e9m de ver os significados e exemplos de uso dessa palavrinha, voc\u00ea descobriu que <strong><strong><strong><mark class=\"has-inline-color has-vivid-purple-color\" style=\"background-color: rgba(0, 0, 0, 0);\">demais<\/mark><\/strong><\/strong><\/strong>, nos casos acima, \u00e9 um <a href=\"https:\/\/monicaguerretta.com\/qualeocerto\/adverbios\/\" target=\"_blank\" rel=\"noreferrer noopener\">adv\u00e9rbio<\/a>.<\/p>\n<!-- \/wp:paragraph --><!-- wp:paragraph --><!-- \/wp:paragraph --><!-- wp:paragraph -->\n<p>No entanto, al\u00e9m de essa palavrinha aparecer como um adv\u00e9rbio, o Michaelis nos mostra que ela tamb\u00e9m pode ser usada como um:<\/p>\n<!-- \/wp:paragraph --><!-- wp:quote -->\n<blockquote class=\"wp-block-quote\">\n<p>\u201cpronome indefinido plural<br \/>1. Os outros: <em>\u2018Entre vender sapatos e terrenos, ser banc\u00e1rio ou banqueiro, continuarei a ser jornalista. \u00c9 um of\u00edcio, como todos os demais [\u2026]\u2019<\/em> (CA).<br \/>2. Os que s\u00e3o escolhidos: <em>Ela j\u00e1 foi eliminada, as demais devem aguardar na sala.<\/em>\u201d<\/p>\n<\/blockquote>\n<!-- \/wp:quote --><!-- wp:paragraph -->\n<p>Depois dessa explica\u00e7\u00e3o do Michaelis, ficou bem claro em que situa\u00e7\u00f5es podemos usar <strong><strong><strong><mark class=\"has-inline-color has-vivid-purple-color\" style=\"background-color: rgba(0, 0, 0, 0);\">demais<\/mark><\/strong><\/strong><\/strong> junto, n\u00e3o \u00e9 mesmo?<\/p>\n<!-- \/wp:paragraph --><!-- wp:paragraph -->\n<p>Agora, quero resgatar o \u00faltimo significado que vimos para a palavra <strong><strong><strong><mark class=\"has-inline-color has-vivid-purple-color\" style=\"background-color: rgba(0, 0, 0, 0);\">demais<\/mark><\/strong><\/strong><\/strong> quando ela aparece como um adv\u00e9rbio. Para isso, eu trouxe mais uma refer\u00eancia.<\/p>\n<!-- \/wp:paragraph --><!-- wp:heading -->\n<h2><strong><mark class=\"has-inline-color has-vivid-purple-color\" style=\"background-color: rgba(0, 0, 0, 0);\">Dica extra: Quando usar <span style=\"text-decoration: underline;\">ademais<\/span>?<\/mark><\/strong><\/h2>\n<!-- \/wp:heading --><!-- wp:paragraph -->\n<p>O <a href=\"https:\/\/houaiss.uol.com.br\/corporativo\/apps\/uol_www\/v6-0\/html\/index.php#1\" target=\"_blank\" rel=\"noreferrer noopener\">dicion\u00e1rio Houaiss<\/a> refor\u00e7a o uso de <strong><strong><strong><mark class=\"has-inline-color has-vivid-purple-color\" style=\"background-color: rgba(0, 0, 0, 0);\">demais<\/mark><\/strong><\/strong><\/strong> como sin\u00f4nimo de <strong>al\u00e9m disso<\/strong>, que tamb\u00e9m \u00e9 sin\u00f4nimo de <strong><mark class=\"has-inline-color has-vivid-purple-color\" style=\"background-color: rgba(0, 0, 0, 0);\">ademais<\/mark><\/strong>. \ud83d\ude2f<\/p>\n<!-- \/wp:paragraph --><!-- wp:paragraph -->\n<p>Veja esta explica\u00e7\u00e3o:<\/p>\n<!-- \/wp:paragraph --><!-- wp:quote -->\n<blockquote class=\"wp-block-quote\">\n<p>\u201cal\u00e9m disso, al\u00e9m deste fato; ademais \u2039n\u00e3o veio ao conselho; demais, n\u00e3o pretendia voltar ao Pa\u00e7o\u203a\u201d<\/p>\n<\/blockquote>\n<!-- \/wp:quote --><!-- wp:paragraph -->\n<p>E a\u00ed, voc\u00ea gostou de aprender tamb\u00e9m a usar a palavra <strong><mark class=\"has-inline-color has-vivid-purple-color\" style=\"background-color: rgba(0, 0, 0, 0);\">ademais<\/mark><\/strong>?<br \/>Pois \u00e9, <strong><mark class=\"has-inline-color has-vivid-purple-color\" style=\"background-color: rgba(0, 0, 0, 0);\">ademais<\/mark><\/strong> \u00e9 sin\u00f4nimo de <strong><strong><strong><mark class=\"has-inline-color has-vivid-purple-color\" style=\"background-color: rgba(0, 0, 0, 0);\">demais<\/mark><\/strong><\/strong><\/strong> \u2014 em alguns casos \u2014 e de <strong>al\u00e9m disso<\/strong>.<\/p>\n<!-- \/wp:paragraph --><!-- wp:paragraph -->\n<p>Bom, agora que voc\u00ea j\u00e1 sabe usar as palavras <strong><strong><mark class=\"has-inline-color has-vivid-purple-color\" style=\"background-color: rgba(0, 0, 0, 0);\">demais<\/mark><\/strong><\/strong> e <strong><mark class=\"has-inline-color has-vivid-purple-color\" style=\"background-color: rgba(0, 0, 0, 0);\">ademais<\/mark><\/strong>, vamos ao <strong><strong><strong><mark class=\"has-inline-color has-vivid-purple-color\" style=\"background-color: rgba(0, 0, 0, 0);\">de mais<\/mark><\/strong><\/strong><\/strong>, separado.<\/p>\n<!-- \/wp:paragraph --><!-- wp:heading -->\n<h2><strong><mark class=\"has-inline-color has-vivid-purple-color\" style=\"background-color: rgba(0, 0, 0, 0);\">Quando usar <span style=\"text-decoration: underline;\">de mais<\/span>?<\/mark><\/strong><\/h2>\n<!-- \/wp:heading --><!-- wp:paragraph -->\n<p><strong><mark class=\"has-inline-color has-vivid-purple-color\" style=\"background-color: rgba(0, 0, 0, 0);\">De mais<\/mark><\/strong>, <a href=\"https:\/\/houaiss.uol.com.br\/corporativo\/apps\/uol_www\/v6-0\/html\/index.php#2\" target=\"_blank\" rel=\"noreferrer noopener\">segundo o Houaiss<\/a>:<br \/>Olha! Rimou! \ud83d\ude06<\/p>\n<!-- \/wp:paragraph --><!-- wp:quote -->\n<blockquote class=\"wp-block-quote\">\n<p>\u201cem excesso; al\u00e9m da conta; al\u00e9m da justa medida; demais \u2039justifica\u00e7\u00f5es de mais aborrecem\u203a \u2039n\u00e3o vejo nada de mais em agir assim\u203a\u201d<\/p>\n<\/blockquote>\n<!-- \/wp:quote --><!-- wp:paragraph -->\n<p>Eita! Voc\u00ea percebeu que <strong><strong><strong><mark class=\"has-inline-color has-vivid-purple-color\" style=\"background-color: rgba(0, 0, 0, 0);\">demais<\/mark><\/strong><\/strong><\/strong> junto aparece como sin\u00f4nimo de <strong><strong><mark class=\"has-inline-color has-vivid-purple-color\" style=\"background-color: rgba(0, 0, 0, 0);\">de mais<\/mark><\/strong><\/strong> separado?<\/p>\n<!-- \/wp:paragraph --><!-- wp:paragraph -->\n<p>Poxa vida! Eu vim at\u00e9 aqui criar este conte\u00fado para mostrar a voc\u00ea as diferen\u00e7as entre <strong><strong><strong><mark class=\"has-inline-color has-vivid-purple-color\" style=\"background-color: rgba(0, 0, 0, 0);\">demais<\/mark><\/strong><\/strong><\/strong> junto e <strong><strong><mark class=\"has-inline-color has-vivid-purple-color\" style=\"background-color: rgba(0, 0, 0, 0);\">de mais<\/mark><\/strong><\/strong> separado. A\u00ed vem o Houaiss, zoeirinho, e mete um <strong><strong><mark class=\"has-inline-color has-vivid-purple-color\" style=\"background-color: rgba(0, 0, 0, 0);\">demais<\/mark><\/strong><\/strong> como sin\u00f4nimo de <strong><strong><mark class=\"has-inline-color has-vivid-purple-color\" style=\"background-color: rgba(0, 0, 0, 0);\">de mais<\/mark><\/strong><\/strong>?! \ud83d\ude05<\/p>\n<!-- \/wp:paragraph --><!-- wp:paragraph -->\n<p>Calma, o Houaiss explica!<\/p>\n<!-- \/wp:paragraph --><!-- wp:quote -->\n<blockquote class=\"wp-block-quote\">\n<p>\u201c<em>de mais<\/em> \u00e9 mais usado em Portugal; no Brasil, o corrente \u00e9 a forma <em>demais<\/em> neste sentido\u201d<\/p>\n<\/blockquote>\n<!-- \/wp:quote --><!-- wp:paragraph -->\n<p>Mais uma vez, a Moniquinha mostra aqui no blog que os dicion\u00e1rios v\u00e3o se atualizando junto a n\u00f3s, falantes. Interessante, n\u00e3o \u00e9 mesmo?<\/p>\n<!-- \/wp:paragraph --><!-- wp:paragraph -->\n<p>Seja como for, para complementar a explica\u00e7\u00e3o sobre o uso do <strong><strong><mark class=\"has-inline-color has-vivid-purple-color\" style=\"background-color: rgba(0, 0, 0, 0);\">de mais<\/mark><\/strong><\/strong> separado, eu tenho uma dica \u00f3tima.<\/p>\n<!-- \/wp:paragraph --><!-- wp:paragraph -->\n<p>O oposto de <strong><mark class=\"has-inline-color has-vivid-purple-color\" style=\"background-color: rgba(0, 0, 0, 0);\">de mais<\/mark><\/strong>, separado, \u00e9 <strong><mark class=\"has-inline-color has-vivid-purple-color\" style=\"background-color: rgba(0, 0, 0, 0);\">de menos<\/mark><\/strong>. Armazene essa informa\u00e7\u00e3o a\u00ed na sua cabecinha, porque ela ajudar\u00e1 voc\u00ea a saber quando usar <strong><strong><mark class=\"has-inline-color has-vivid-purple-color\" style=\"background-color: rgba(0, 0, 0, 0);\">de mais<\/mark><\/strong><\/strong>.<\/p>\n<!-- \/wp:paragraph --><!-- wp:paragraph -->\n<p>Considere este exemplo:<br \/><strong>\u2705 Ela escreveu <mark class=\"has-inline-color has-vivid-green-cyan-color\" style=\"background-color: rgba(0, 0, 0, 0);\">de mais<\/mark> no trabalho.<\/strong><\/p>\n<!-- \/wp:paragraph --><!-- wp:paragraph -->\n<p>Voc\u00ea sabe que aqui precisa usar o <strong><strong><mark class=\"has-inline-color has-vivid-purple-color\" style=\"background-color: rgba(0, 0, 0, 0);\">de mais<\/mark><\/strong><\/strong> separado porque o oposto seria:<br \/><strong>\u2705 Ela escreveu <mark class=\"has-inline-color has-vivid-green-cyan-color\" style=\"background-color: rgba(0, 0, 0, 0);\">de menos<\/mark> no trabalho.<\/strong><\/p>\n<!-- \/wp:paragraph --><!-- wp:paragraph -->\n<p>Mais um exemplo:<br \/>\u2705<strong> Eles deram explica\u00e7\u00f5es <mark class=\"has-inline-color has-vivid-green-cyan-color\" style=\"background-color: rgba(0, 0, 0, 0);\">de mais<\/mark>.<\/strong><\/p>\n<!-- \/wp:paragraph --><!-- wp:paragraph -->\n<p>Aqui tamb\u00e9m se escreve separado, porque o oposto seria:<br \/>\u2705<strong> Eles deram explica\u00e7\u00f5es <mark class=\"has-inline-color has-vivid-green-cyan-color\" style=\"background-color: rgba(0, 0, 0, 0);\">de menos<\/mark>.<\/strong><\/p>\n<!-- \/wp:paragraph --><!-- wp:paragraph -->\n<p>F\u00e1cil, n\u00e3o \u00e9 mesmo?<\/p>\n<!-- \/wp:paragraph --><!-- wp:paragraph -->\n<p><a href=\"https:\/\/monicaguerretta.com\/qualeocerto\/as-vezes-tem-crase\/\" target=\"_blank\" rel=\"noreferrer noopener\">\u00c0s vezes<\/a> os dicion\u00e1rios mostram informa\u00e7\u00f5es que deixam todo mundo chocado. \ud83d\udc23<br \/>Mas, sem d\u00favidas, eles nos ajudam muito a fazer as pazes com o portugu\u00eas. \ud83d\ude42<\/p>\n<!-- \/wp:paragraph --><!-- wp:paragraph -->\n<p><strong>Falando em se entender com a l\u00edngua portuguesa, separei mais estes conte\u00fados para voc\u00ea:<\/strong><br \/><a href=\"https:\/\/monicaguerretta.com\/qualeocerto\/adverbios\/\" target=\"_blank\" rel=\"noreferrer noopener\">Por que voc\u00ea precisa entender o que s\u00e3o adv\u00e9rbios?<\/a><br \/><a href=\"https:\/\/monicaguerretta.com\/qualeocerto\/as-vezes-tem-crase\/\" target=\"_blank\" rel=\"noreferrer noopener\">Qual \u00e9 o certo: \u201cas vezes\u201d ou \u201c\u00e0s vezes\u201d?<\/a><br \/><a href=\"https:\/\/monicaguerretta.com\/qualeocerto\/a-voces-tem-crase\/\" target=\"_blank\" rel=\"noreferrer noopener\">Qual \u00e9 o certo: \u201ca voc\u00eas\u201d ou \u201c\u00e0 voc\u00eas\u201d?<\/a><\/p>\n<!-- \/wp:paragraph -->\t\t\t\t\t\t\t\t<\/div>\n\t\t\t\t<\/div>\n\t\t\t\t\t<\/div>\n\t\t<\/div>\n\t\t\t\t\t<\/div>\n\t\t<\/section>\n\t\t\t\t<section class=\"elementor-section elementor-top-section elementor-element elementor-element-b13618e elementor-section-boxed elementor-section-height-default elementor-section-height-default\" data-id=\"b13618e\" data-element_type=\"section\">\n\t\t\t\t\t\t<div class=\"elementor-container elementor-column-gap-default\">\n\t\t\t\t\t<div class=\"elementor-column elementor-col-33 elementor-top-column elementor-element elementor-element-1bf460a\" data-id=\"1bf460a\" data-element_type=\"column\">\n\t\t\t<div class=\"elementor-widget-wrap elementor-element-populated\">\n\t\t\t\t\t\t<div class=\"elementor-element elementor-element-308d123 elementor-invisible elementor-widget elementor-widget-image\" data-id=\"308d123\" data-element_type=\"widget\" data-settings=\"{&quot;_animation&quot;:&quot;slideInLeft&quot;}\" data-widget_type=\"image.default\">\n\t\t\t\t<div class=\"elementor-widget-container\">\n\t\t\t\t\t\t\t\t\t\t\t\t\t\t\t<img fetchpriority=\"high\" decoding=\"async\" width=\"681\" height=\"1024\" src=\"https:\/\/monicaguerretta.com\/qualeocerto\/wp-content\/uploads\/2022\/07\/Monica-Guerretta-Qual-e-o-certo-681x1024.jpg\" class=\"attachment-large size-large wp-image-1980\" alt=\"M\u00f4nica-Guerretta-Qual-\u00e9-o-certo\" srcset=\"https:\/\/monicaguerretta.com\/qualeocerto\/wp-content\/uploads\/2022\/07\/Monica-Guerretta-Qual-e-o-certo-681x1024.jpg 681w, https:\/\/monicaguerretta.com\/qualeocerto\/wp-content\/uploads\/2022\/07\/Monica-Guerretta-Qual-e-o-certo-200x300.jpg 200w, https:\/\/monicaguerretta.com\/qualeocerto\/wp-content\/uploads\/2022\/07\/Monica-Guerretta-Qual-e-o-certo-768x1155.jpg 768w, https:\/\/monicaguerretta.com\/qualeocerto\/wp-content\/uploads\/2022\/07\/Monica-Guerretta-Qual-e-o-certo-1022x1536.jpg 1022w, https:\/\/monicaguerretta.com\/qualeocerto\/wp-content\/uploads\/2022\/07\/Monica-Guerretta-Qual-e-o-certo-1362x2048.jpg 1362w, https:\/\/monicaguerretta.com\/qualeocerto\/wp-content\/uploads\/2022\/07\/Monica-Guerretta-Qual-e-o-certo-scaled.jpg 1703w\" sizes=\"(max-width: 681px) 100vw, 681px\" \/>\t\t\t\t\t\t\t\t\t\t\t\t\t\t\t<\/div>\n\t\t\t\t<\/div>\n\t\t\t\t\t<\/div>\n\t\t<\/div>\n\t\t\t\t<div class=\"elementor-column elementor-col-66 elementor-top-column elementor-element elementor-element-7d3bc3a\" data-id=\"7d3bc3a\" data-element_type=\"column\">\n\t\t\t<div class=\"elementor-widget-wrap elementor-element-populated\">\n\t\t\t\t\t\t<div class=\"elementor-element elementor-element-8a78dbc elementor-invisible elementor-widget elementor-widget-text-editor\" data-id=\"8a78dbc\" data-element_type=\"widget\" data-settings=\"{&quot;_animation&quot;:&quot;slideInRight&quot;}\" data-widget_type=\"text-editor.default\">\n\t\t\t\t<div class=\"elementor-widget-container\">\n\t\t\t\t\t\t\t\t\t<p><b>Voc\u00ea gostou dessa explica\u00e7\u00e3o?\u00a0<br \/><\/b><span style=\"font-weight: 400;\">Ent\u00e3o apoie o Qual \u00e9 o certo?, por favorzinho. \ud83d\udc99<br \/><\/span><span style=\"font-weight: 400;\">\u2705 <\/span><a href=\"https:\/\/www.youtube.com\/c\/qualeocerto\" target=\"_blank\" rel=\"noopener\"><span style=\"font-weight: 400;\">Inscreva-se no canal do YouTube<\/span><\/a><br \/><span style=\"font-weight: 400;\">\u2705 <\/span><a href=\"https:\/\/www.instagram.com\/qualeocerto\/\" target=\"_blank\" rel=\"noopener\"><span style=\"font-weight: 400;\">Siga no Instagram<\/span><\/a><br \/><span style=\"font-weight: 400;\">\u2705 <\/span><a href=\"https:\/\/www.linkedin.com\/in\/monicaguerretta\/\"><span style=\"font-weight: 400;\">Acompanhe no LinkedIn<\/span><\/a><br \/><span style=\"font-weight: 400;\">\u2705 <\/span><a href=\"https:\/\/monicaguerretta.com\/qualeocerto\/vamos-conversar\/\" target=\"_blank\" rel=\"noopener\"><span style=\"font-weight: 400;\">Pague um cafezinho para mim<\/span><\/a><br \/><span style=\"font-weight: 400;\">\u2705 Compartilhe este conte\u00fado <\/span><\/p>\t\t\t\t\t\t\t\t<\/div>\n\t\t\t\t<\/div>\n\t\t\t\t\t<\/div>\n\t\t<\/div>\n\t\t\t\t\t<\/div>\n\t\t<\/section>\n\t\t\t\t<\/div>\n\t\t","protected":false},"excerpt":{"rendered":"<p>Tenho certeza de que esta d\u00favida j\u00e1 passou pela sua cabe\u00e7a um bocado de vezes: quando&hellip;<\/p>\n","protected":false},"author":2,"featured_media":2079,"comment_status":"open","ping_status":"open","sticky":false,"template":"","format":"standard","meta":{"_exactmetrics_skip_tracking":false,"_exactmetrics_sitenote_active":false,"_exactmetrics_sitenote_note":"","_exactmetrics_sitenote_category":0,"footnotes":""},"categories":[179,291],"tags":[268,267,266],"class_list":["post-2078","post","type-post","status-publish","format-standard","has-post-thumbnail","hentry","category-confusoes-comuns","category-portugues","tag-ademais","tag-de-mais","tag-demais"],"yoast_head":"<!-- This site is optimized with the Yoast SEO plugin v27.5 - https:\/\/yoast.com\/product\/yoast-seo-wordpress\/ -->\n<title>Qual \u00e9 o certo: &quot;demais&quot; ou &quot;de mais&quot;? Quando usar cada um? &#187; Qual \u00e9 o certo?<\/title>\n<meta name=\"description\" content=\"Voc\u00ea sempre se perde ao escrever &quot;demais&quot;? Sempre fica em d\u00favida se o certo \u00e9 demais ou de mais? Agora voc\u00ea vai aprender quando usar cada um.\" \/>\n<meta name=\"robots\" content=\"index, follow, max-snippet:-1, max-image-preview:large, max-video-preview:-1\" \/>\n<link rel=\"canonical\" href=\"https:\/\/monicaguerretta.com\/qualeocerto\/demais-ou-de-mais\/\" \/>\n<meta property=\"og:locale\" content=\"pt_BR\" \/>\n<meta property=\"og:type\" content=\"article\" \/>\n<meta property=\"og:title\" content=\"Qual \u00e9 o certo: &quot;demais&quot; ou &quot;de mais&quot;? Quando usar cada um? &#187; Qual \u00e9 o certo?\" \/>\n<meta property=\"og:description\" content=\"Voc\u00ea sempre se perde ao escrever &quot;demais&quot;? Sempre fica em d\u00favida se o certo \u00e9 demais ou de mais? Agora voc\u00ea vai aprender quando usar cada um.\" \/>\n<meta property=\"og:url\" content=\"https:\/\/monicaguerretta.com\/qualeocerto\/demais-ou-de-mais\/\" \/>\n<meta property=\"og:site_name\" content=\"Qual \u00e9 o certo?\" \/>\n<meta property=\"article:publisher\" content=\"https:\/\/www.facebook.com\/qualeocerto\" \/>\n<meta property=\"article:published_time\" content=\"2022-07-26T21:00:05+00:00\" \/>\n<meta property=\"article:modified_time\" content=\"2022-12-02T21:43:00+00:00\" \/>\n<meta property=\"og:image\" content=\"https:\/\/monicaguerretta.com\/qualeocerto\/wp-content\/uploads\/2022\/07\/demais-ou-de-mais-qual-e-o-certo.png\" \/>\n\t<meta property=\"og:image:width\" content=\"1080\" \/>\n\t<meta property=\"og:image:height\" content=\"1081\" \/>\n\t<meta property=\"og:image:type\" content=\"image\/png\" \/>\n<meta name=\"author\" content=\"M\u00f4nica Guerretta\" \/>\n<meta name=\"twitter:card\" content=\"summary_large_image\" \/>\n<meta name=\"twitter:label1\" content=\"Escrito por\" \/>\n\t<meta name=\"twitter:data1\" content=\"M\u00f4nica Guerretta\" \/>\n\t<meta name=\"twitter:label2\" content=\"Est. tempo de leitura\" \/>\n\t<meta name=\"twitter:data2\" content=\"8 minutos\" \/>\n<script type=\"application\/ld+json\" class=\"yoast-schema-graph\">{\"@context\":\"https:\\\/\\\/schema.org\",\"@graph\":[{\"@type\":\"Article\",\"@id\":\"https:\\\/\\\/monicaguerretta.com\\\/qualeocerto\\\/demais-ou-de-mais\\\/#article\",\"isPartOf\":{\"@id\":\"https:\\\/\\\/monicaguerretta.com\\\/qualeocerto\\\/demais-ou-de-mais\\\/\"},\"author\":{\"name\":\"M\u00f4nica Guerretta\",\"@id\":\"https:\\\/\\\/monicaguerretta.com\\\/qualeocerto\\\/#\\\/schema\\\/person\\\/214b5e9a83b11fe11a18ecae0d21f79a\"},\"headline\":\"Qual \u00e9 o certo: &#8220;demais&#8221; ou &#8220;de mais&#8221;? Quando usar cada um?\",\"datePublished\":\"2022-07-26T21:00:05+00:00\",\"dateModified\":\"2022-12-02T21:43:00+00:00\",\"mainEntityOfPage\":{\"@id\":\"https:\\\/\\\/monicaguerretta.com\\\/qualeocerto\\\/demais-ou-de-mais\\\/\"},\"wordCount\":746,\"commentCount\":0,\"publisher\":{\"@id\":\"https:\\\/\\\/monicaguerretta.com\\\/qualeocerto\\\/#organization\"},\"image\":{\"@id\":\"https:\\\/\\\/monicaguerretta.com\\\/qualeocerto\\\/demais-ou-de-mais\\\/#primaryimage\"},\"thumbnailUrl\":\"https:\\\/\\\/monicaguerretta.com\\\/qualeocerto\\\/wp-content\\\/uploads\\\/2022\\\/07\\\/demais-ou-de-mais-qual-e-o-certo.png\",\"keywords\":[\"ademais\",\"de mais\",\"demais\"],\"articleSection\":[\"Confus\u00f5es comuns\",\"Portugu\u00eas\"],\"inLanguage\":\"pt-BR\",\"potentialAction\":[{\"@type\":\"CommentAction\",\"name\":\"Comment\",\"target\":[\"https:\\\/\\\/monicaguerretta.com\\\/qualeocerto\\\/demais-ou-de-mais\\\/#respond\"]}]},{\"@type\":\"WebPage\",\"@id\":\"https:\\\/\\\/monicaguerretta.com\\\/qualeocerto\\\/demais-ou-de-mais\\\/\",\"url\":\"https:\\\/\\\/monicaguerretta.com\\\/qualeocerto\\\/demais-ou-de-mais\\\/\",\"name\":\"Qual \u00e9 o certo: \\\"demais\\\" ou \\\"de mais\\\"? Quando usar cada um? &#187; Qual \u00e9 o certo?\",\"isPartOf\":{\"@id\":\"https:\\\/\\\/monicaguerretta.com\\\/qualeocerto\\\/#website\"},\"primaryImageOfPage\":{\"@id\":\"https:\\\/\\\/monicaguerretta.com\\\/qualeocerto\\\/demais-ou-de-mais\\\/#primaryimage\"},\"image\":{\"@id\":\"https:\\\/\\\/monicaguerretta.com\\\/qualeocerto\\\/demais-ou-de-mais\\\/#primaryimage\"},\"thumbnailUrl\":\"https:\\\/\\\/monicaguerretta.com\\\/qualeocerto\\\/wp-content\\\/uploads\\\/2022\\\/07\\\/demais-ou-de-mais-qual-e-o-certo.png\",\"datePublished\":\"2022-07-26T21:00:05+00:00\",\"dateModified\":\"2022-12-02T21:43:00+00:00\",\"description\":\"Voc\u00ea sempre se perde ao escrever \\\"demais\\\"? Sempre fica em d\u00favida se o certo \u00e9 demais ou de mais? Agora voc\u00ea vai aprender quando usar cada um.\",\"breadcrumb\":{\"@id\":\"https:\\\/\\\/monicaguerretta.com\\\/qualeocerto\\\/demais-ou-de-mais\\\/#breadcrumb\"},\"inLanguage\":\"pt-BR\",\"potentialAction\":[{\"@type\":\"ReadAction\",\"target\":[\"https:\\\/\\\/monicaguerretta.com\\\/qualeocerto\\\/demais-ou-de-mais\\\/\"]}]},{\"@type\":\"ImageObject\",\"inLanguage\":\"pt-BR\",\"@id\":\"https:\\\/\\\/monicaguerretta.com\\\/qualeocerto\\\/demais-ou-de-mais\\\/#primaryimage\",\"url\":\"https:\\\/\\\/monicaguerretta.com\\\/qualeocerto\\\/wp-content\\\/uploads\\\/2022\\\/07\\\/demais-ou-de-mais-qual-e-o-certo.png\",\"contentUrl\":\"https:\\\/\\\/monicaguerretta.com\\\/qualeocerto\\\/wp-content\\\/uploads\\\/2022\\\/07\\\/demais-ou-de-mais-qual-e-o-certo.png\",\"width\":1080,\"height\":1081,\"caption\":\"demais ou de mais - qual \u00e9 o certo\"},{\"@type\":\"BreadcrumbList\",\"@id\":\"https:\\\/\\\/monicaguerretta.com\\\/qualeocerto\\\/demais-ou-de-mais\\\/#breadcrumb\",\"itemListElement\":[{\"@type\":\"ListItem\",\"position\":1,\"name\":\"In\u00edcio\",\"item\":\"https:\\\/\\\/monicaguerretta.com\\\/qualeocerto\\\/\"},{\"@type\":\"ListItem\",\"position\":2,\"name\":\"Qual \u00e9 o certo: &#8220;demais&#8221; ou &#8220;de mais&#8221;? Quando usar cada um?\"}]},{\"@type\":\"WebSite\",\"@id\":\"https:\\\/\\\/monicaguerretta.com\\\/qualeocerto\\\/#website\",\"url\":\"https:\\\/\\\/monicaguerretta.com\\\/qualeocerto\\\/\",\"name\":\"Qual \u00e9 o Certo?\",\"description\":\"M\u00f4nica Guerretta | Redatora publicit\u00e1ria | Copywriting - UX Writing\",\"publisher\":{\"@id\":\"https:\\\/\\\/monicaguerretta.com\\\/qualeocerto\\\/#organization\"},\"potentialAction\":[{\"@type\":\"SearchAction\",\"target\":{\"@type\":\"EntryPoint\",\"urlTemplate\":\"https:\\\/\\\/monicaguerretta.com\\\/qualeocerto\\\/?s={search_term_string}\"},\"query-input\":{\"@type\":\"PropertyValueSpecification\",\"valueRequired\":true,\"valueName\":\"search_term_string\"}}],\"inLanguage\":\"pt-BR\"},{\"@type\":\"Organization\",\"@id\":\"https:\\\/\\\/monicaguerretta.com\\\/qualeocerto\\\/#organization\",\"name\":\"Qual \u00e9 o certo?\",\"url\":\"https:\\\/\\\/monicaguerretta.com\\\/qualeocerto\\\/\",\"logo\":{\"@type\":\"ImageObject\",\"inLanguage\":\"pt-BR\",\"@id\":\"https:\\\/\\\/monicaguerretta.com\\\/qualeocerto\\\/#\\\/schema\\\/logo\\\/image\\\/\",\"url\":\"https:\\\/\\\/monicaguerretta.com\\\/qualeocerto\\\/wp-content\\\/uploads\\\/2022\\\/08\\\/marca-quale.png\",\"contentUrl\":\"https:\\\/\\\/monicaguerretta.com\\\/qualeocerto\\\/wp-content\\\/uploads\\\/2022\\\/08\\\/marca-quale.png\",\"width\":592,\"height\":315,\"caption\":\"Qual \u00e9 o certo?\"},\"image\":{\"@id\":\"https:\\\/\\\/monicaguerretta.com\\\/qualeocerto\\\/#\\\/schema\\\/logo\\\/image\\\/\"},\"sameAs\":[\"https:\\\/\\\/www.facebook.com\\\/qualeocerto\",\"https:\\\/\\\/www.instagram.com\\\/qualeocerto\\\/\",\"https:\\\/\\\/www.youtube.com\\\/c\\\/qualeocerto\"]},{\"@type\":\"Person\",\"@id\":\"https:\\\/\\\/monicaguerretta.com\\\/qualeocerto\\\/#\\\/schema\\\/person\\\/214b5e9a83b11fe11a18ecae0d21f79a\",\"name\":\"M\u00f4nica Guerretta\",\"image\":{\"@type\":\"ImageObject\",\"inLanguage\":\"pt-BR\",\"@id\":\"https:\\\/\\\/secure.gravatar.com\\\/avatar\\\/cc0028ec5e6e39e7cd7e61c0fa6158a6d7f1edc39c4f536d768ad95ee3e26a8a?s=96&d=mm&r=g\",\"url\":\"https:\\\/\\\/secure.gravatar.com\\\/avatar\\\/cc0028ec5e6e39e7cd7e61c0fa6158a6d7f1edc39c4f536d768ad95ee3e26a8a?s=96&d=mm&r=g\",\"contentUrl\":\"https:\\\/\\\/secure.gravatar.com\\\/avatar\\\/cc0028ec5e6e39e7cd7e61c0fa6158a6d7f1edc39c4f536d768ad95ee3e26a8a?s=96&d=mm&r=g\",\"caption\":\"M\u00f4nica Guerretta\"}}]}<\/script>\n<!-- \/ Yoast SEO plugin. -->","yoast_head_json":{"title":"Qual \u00e9 o certo: \"demais\" ou \"de mais\"? Quando usar cada um? &#187; Qual \u00e9 o certo?","description":"Voc\u00ea sempre se perde ao escrever \"demais\"? Sempre fica em d\u00favida se o certo \u00e9 demais ou de mais? Agora voc\u00ea vai aprender quando usar cada um.","robots":{"index":"index","follow":"follow","max-snippet":"max-snippet:-1","max-image-preview":"max-image-preview:large","max-video-preview":"max-video-preview:-1"},"canonical":"https:\/\/monicaguerretta.com\/qualeocerto\/demais-ou-de-mais\/","og_locale":"pt_BR","og_type":"article","og_title":"Qual \u00e9 o certo: \"demais\" ou \"de mais\"? Quando usar cada um? &#187; Qual \u00e9 o certo?","og_description":"Voc\u00ea sempre se perde ao escrever \"demais\"? Sempre fica em d\u00favida se o certo \u00e9 demais ou de mais? Agora voc\u00ea vai aprender quando usar cada um.","og_url":"https:\/\/monicaguerretta.com\/qualeocerto\/demais-ou-de-mais\/","og_site_name":"Qual \u00e9 o certo?","article_publisher":"https:\/\/www.facebook.com\/qualeocerto","article_published_time":"2022-07-26T21:00:05+00:00","article_modified_time":"2022-12-02T21:43:00+00:00","og_image":[{"width":1080,"height":1081,"url":"https:\/\/monicaguerretta.com\/qualeocerto\/wp-content\/uploads\/2022\/07\/demais-ou-de-mais-qual-e-o-certo.png","type":"image\/png"}],"author":"M\u00f4nica Guerretta","twitter_card":"summary_large_image","twitter_misc":{"Escrito por":"M\u00f4nica Guerretta","Est. tempo de leitura":"8 minutos"},"schema":{"@context":"https:\/\/schema.org","@graph":[{"@type":"Article","@id":"https:\/\/monicaguerretta.com\/qualeocerto\/demais-ou-de-mais\/#article","isPartOf":{"@id":"https:\/\/monicaguerretta.com\/qualeocerto\/demais-ou-de-mais\/"},"author":{"name":"M\u00f4nica Guerretta","@id":"https:\/\/monicaguerretta.com\/qualeocerto\/#\/schema\/person\/214b5e9a83b11fe11a18ecae0d21f79a"},"headline":"Qual \u00e9 o certo: &#8220;demais&#8221; ou &#8220;de mais&#8221;? Quando usar cada um?","datePublished":"2022-07-26T21:00:05+00:00","dateModified":"2022-12-02T21:43:00+00:00","mainEntityOfPage":{"@id":"https:\/\/monicaguerretta.com\/qualeocerto\/demais-ou-de-mais\/"},"wordCount":746,"commentCount":0,"publisher":{"@id":"https:\/\/monicaguerretta.com\/qualeocerto\/#organization"},"image":{"@id":"https:\/\/monicaguerretta.com\/qualeocerto\/demais-ou-de-mais\/#primaryimage"},"thumbnailUrl":"https:\/\/monicaguerretta.com\/qualeocerto\/wp-content\/uploads\/2022\/07\/demais-ou-de-mais-qual-e-o-certo.png","keywords":["ademais","de mais","demais"],"articleSection":["Confus\u00f5es comuns","Portugu\u00eas"],"inLanguage":"pt-BR","potentialAction":[{"@type":"CommentAction","name":"Comment","target":["https:\/\/monicaguerretta.com\/qualeocerto\/demais-ou-de-mais\/#respond"]}]},{"@type":"WebPage","@id":"https:\/\/monicaguerretta.com\/qualeocerto\/demais-ou-de-mais\/","url":"https:\/\/monicaguerretta.com\/qualeocerto\/demais-ou-de-mais\/","name":"Qual \u00e9 o certo: \"demais\" ou \"de mais\"? Quando usar cada um? &#187; Qual \u00e9 o certo?","isPartOf":{"@id":"https:\/\/monicaguerretta.com\/qualeocerto\/#website"},"primaryImageOfPage":{"@id":"https:\/\/monicaguerretta.com\/qualeocerto\/demais-ou-de-mais\/#primaryimage"},"image":{"@id":"https:\/\/monicaguerretta.com\/qualeocerto\/demais-ou-de-mais\/#primaryimage"},"thumbnailUrl":"https:\/\/monicaguerretta.com\/qualeocerto\/wp-content\/uploads\/2022\/07\/demais-ou-de-mais-qual-e-o-certo.png","datePublished":"2022-07-26T21:00:05+00:00","dateModified":"2022-12-02T21:43:00+00:00","description":"Voc\u00ea sempre se perde ao escrever \"demais\"? Sempre fica em d\u00favida se o certo \u00e9 demais ou de mais? Agora voc\u00ea vai aprender quando usar cada um.","breadcrumb":{"@id":"https:\/\/monicaguerretta.com\/qualeocerto\/demais-ou-de-mais\/#breadcrumb"},"inLanguage":"pt-BR","potentialAction":[{"@type":"ReadAction","target":["https:\/\/monicaguerretta.com\/qualeocerto\/demais-ou-de-mais\/"]}]},{"@type":"ImageObject","inLanguage":"pt-BR","@id":"https:\/\/monicaguerretta.com\/qualeocerto\/demais-ou-de-mais\/#primaryimage","url":"https:\/\/monicaguerretta.com\/qualeocerto\/wp-content\/uploads\/2022\/07\/demais-ou-de-mais-qual-e-o-certo.png","contentUrl":"https:\/\/monicaguerretta.com\/qualeocerto\/wp-content\/uploads\/2022\/07\/demais-ou-de-mais-qual-e-o-certo.png","width":1080,"height":1081,"caption":"demais ou de mais - qual \u00e9 o certo"},{"@type":"BreadcrumbList","@id":"https:\/\/monicaguerretta.com\/qualeocerto\/demais-ou-de-mais\/#breadcrumb","itemListElement":[{"@type":"ListItem","position":1,"name":"In\u00edcio","item":"https:\/\/monicaguerretta.com\/qualeocerto\/"},{"@type":"ListItem","position":2,"name":"Qual \u00e9 o certo: &#8220;demais&#8221; ou &#8220;de mais&#8221;? Quando usar cada um?"}]},{"@type":"WebSite","@id":"https:\/\/monicaguerretta.com\/qualeocerto\/#website","url":"https:\/\/monicaguerretta.com\/qualeocerto\/","name":"Qual \u00e9 o Certo?","description":"M\u00f4nica Guerretta | Redatora publicit\u00e1ria | Copywriting - UX Writing","publisher":{"@id":"https:\/\/monicaguerretta.com\/qualeocerto\/#organization"},"potentialAction":[{"@type":"SearchAction","target":{"@type":"EntryPoint","urlTemplate":"https:\/\/monicaguerretta.com\/qualeocerto\/?s={search_term_string}"},"query-input":{"@type":"PropertyValueSpecification","valueRequired":true,"valueName":"search_term_string"}}],"inLanguage":"pt-BR"},{"@type":"Organization","@id":"https:\/\/monicaguerretta.com\/qualeocerto\/#organization","name":"Qual \u00e9 o certo?","url":"https:\/\/monicaguerretta.com\/qualeocerto\/","logo":{"@type":"ImageObject","inLanguage":"pt-BR","@id":"https:\/\/monicaguerretta.com\/qualeocerto\/#\/schema\/logo\/image\/","url":"https:\/\/monicaguerretta.com\/qualeocerto\/wp-content\/uploads\/2022\/08\/marca-quale.png","contentUrl":"https:\/\/monicaguerretta.com\/qualeocerto\/wp-content\/uploads\/2022\/08\/marca-quale.png","width":592,"height":315,"caption":"Qual \u00e9 o certo?"},"image":{"@id":"https:\/\/monicaguerretta.com\/qualeocerto\/#\/schema\/logo\/image\/"},"sameAs":["https:\/\/www.facebook.com\/qualeocerto","https:\/\/www.instagram.com\/qualeocerto\/","https:\/\/www.youtube.com\/c\/qualeocerto"]},{"@type":"Person","@id":"https:\/\/monicaguerretta.com\/qualeocerto\/#\/schema\/person\/214b5e9a83b11fe11a18ecae0d21f79a","name":"M\u00f4nica Guerretta","image":{"@type":"ImageObject","inLanguage":"pt-BR","@id":"https:\/\/secure.gravatar.com\/avatar\/cc0028ec5e6e39e7cd7e61c0fa6158a6d7f1edc39c4f536d768ad95ee3e26a8a?s=96&d=mm&r=g","url":"https:\/\/secure.gravatar.com\/avatar\/cc0028ec5e6e39e7cd7e61c0fa6158a6d7f1edc39c4f536d768ad95ee3e26a8a?s=96&d=mm&r=g","contentUrl":"https:\/\/secure.gravatar.com\/avatar\/cc0028ec5e6e39e7cd7e61c0fa6158a6d7f1edc39c4f536d768ad95ee3e26a8a?s=96&d=mm&r=g","caption":"M\u00f4nica Guerretta"}}]}},"_links":{"self":[{"href":"https:\/\/monicaguerretta.com\/qualeocerto\/wp-json\/wp\/v2\/posts\/2078","targetHints":{"allow":["GET"]}}],"collection":[{"href":"https:\/\/monicaguerretta.com\/qualeocerto\/wp-json\/wp\/v2\/posts"}],"about":[{"href":"https:\/\/monicaguerretta.com\/qualeocerto\/wp-json\/wp\/v2\/types\/post"}],"author":[{"embeddable":true,"href":"https:\/\/monicaguerretta.com\/qualeocerto\/wp-json\/wp\/v2\/users\/2"}],"replies":[{"embeddable":true,"href":"https:\/\/monicaguerretta.com\/qualeocerto\/wp-json\/wp\/v2\/comments?post=2078"}],"version-history":[{"count":9,"href":"https:\/\/monicaguerretta.com\/qualeocerto\/wp-json\/wp\/v2\/posts\/2078\/revisions"}],"predecessor-version":[{"id":2478,"href":"https:\/\/monicaguerretta.com\/qualeocerto\/wp-json\/wp\/v2\/posts\/2078\/revisions\/2478"}],"wp:featuredmedia":[{"embeddable":true,"href":"https:\/\/monicaguerretta.com\/qualeocerto\/wp-json\/wp\/v2\/media\/2079"}],"wp:attachment":[{"href":"https:\/\/monicaguerretta.com\/qualeocerto\/wp-json\/wp\/v2\/media?parent=2078"}],"wp:term":[{"taxonomy":"category","embeddable":true,"href":"https:\/\/monicaguerretta.com\/qualeocerto\/wp-json\/wp\/v2\/categories?post=2078"},{"taxonomy":"post_tag","embeddable":true,"href":"https:\/\/monicaguerretta.com\/qualeocerto\/wp-json\/wp\/v2\/tags?post=2078"}],"curies":[{"name":"wp","href":"https:\/\/api.w.org\/{rel}","templated":true}]}}