{"id":2158,"date":"2022-08-16T14:34:15","date_gmt":"2022-08-16T14:34:15","guid":{"rendered":"https:\/\/monicaguerretta.com\/qualeocerto\/?p=2158"},"modified":"2022-12-02T21:42:28","modified_gmt":"2022-12-02T21:42:28","slug":"crase-com-horas","status":"publish","type":"post","link":"https:\/\/monicaguerretta.com\/qualeocerto\/crase-com-horas\/","title":{"rendered":"<strong>Crase com horas? Nem sempre<\/strong>"},"content":{"rendered":"\t\t<div data-elementor-type=\"wp-post\" data-elementor-id=\"2158\" class=\"elementor elementor-2158\">\n\t\t\t\t\t\t<section class=\"elementor-section elementor-top-section elementor-element elementor-element-12f7fa0 elementor-section-boxed elementor-section-height-default elementor-section-height-default\" data-id=\"12f7fa0\" data-element_type=\"section\">\n\t\t\t\t\t\t<div class=\"elementor-container elementor-column-gap-default\">\n\t\t\t\t\t<div class=\"elementor-column elementor-col-100 elementor-top-column elementor-element elementor-element-583dced\" data-id=\"583dced\" data-element_type=\"column\">\n\t\t\t<div class=\"elementor-widget-wrap elementor-element-populated\">\n\t\t\t\t\t\t<div class=\"elementor-element elementor-element-1c91123 elementor-widget elementor-widget-text-editor\" data-id=\"1c91123\" data-element_type=\"widget\" data-widget_type=\"text-editor.default\">\n\t\t\t\t<div class=\"elementor-widget-container\">\n\t\t\t\t\t\t\t\t\t<p>Agora voc\u00ea vai aprender como funciona o uso da <strong><mark class=\"has-inline-color has-vivid-purple-color\" style=\"background-color: rgba(0, 0, 0, 0);\">crase com horas<\/mark><\/strong>. At\u00e9 porque, n\u00e9\u2026 J\u00e1 passou da <span style=\"text-decoration: underline;\">hora<\/span> de voc\u00ea aprender a usar a crase direitinho. \ud83d\ude05<\/p>\n<p><!-- \/wp:paragraph --><!-- wp:paragraph --><\/p>\n<p>Antes que voc\u00ea pense:<br \/>\u2014 U\u00e9, mas n\u00e3o \u00e9 pra usar sempre? Aprendi que sempre se usa crase antes de hor\u00e1rios.<\/p>\n<p><!-- \/wp:paragraph --><!-- wp:paragraph --><\/p>\n<p>J\u00e1 respondo:<br \/>\u2014 N\u00e3o, nem sempre.<\/p>\n<p><!-- \/wp:paragraph --><!-- wp:paragraph --><\/p>\n<p>Mas n\u00e3o se preocupe! Depois da minha explica\u00e7\u00e3o, voc\u00ea vai ver como \u00e9 simples saber <strong>quando usar e quando n\u00e3o usar a crase<\/strong>.<\/p>\t\t\t\t\t\t\t\t<\/div>\n\t\t\t\t<\/div>\n\t\t\t\t\t<\/div>\n\t\t<\/div>\n\t\t\t\t\t<\/div>\n\t\t<\/section>\n\t\t\t\t<section class=\"elementor-section elementor-top-section elementor-element elementor-element-345cb02 elementor-section-boxed elementor-section-height-default elementor-section-height-default\" data-id=\"345cb02\" data-element_type=\"section\">\n\t\t\t\t\t\t<div class=\"elementor-container elementor-column-gap-default\">\n\t\t\t\t\t<div class=\"elementor-column elementor-col-100 elementor-top-column elementor-element elementor-element-a2fafbf\" data-id=\"a2fafbf\" data-element_type=\"column\">\n\t\t\t<div class=\"elementor-widget-wrap elementor-element-populated\">\n\t\t\t\t\t\t<div class=\"elementor-element elementor-element-3f6eb70 elementor-widget elementor-widget-video\" data-id=\"3f6eb70\" data-element_type=\"widget\" data-settings=\"{&quot;youtube_url&quot;:&quot;https:\\\/\\\/youtu.be\\\/JBYMX-ij0p4&quot;,&quot;video_type&quot;:&quot;youtube&quot;,&quot;controls&quot;:&quot;yes&quot;}\" data-widget_type=\"video.default\">\n\t\t\t\t<div class=\"elementor-widget-container\">\n\t\t\t\t\t\t\t<div class=\"elementor-wrapper elementor-open-inline\">\n\t\t\t<div class=\"elementor-video\"><\/div>\t\t<\/div>\n\t\t\t\t\t\t<\/div>\n\t\t\t\t<\/div>\n\t\t\t\t\t<\/div>\n\t\t<\/div>\n\t\t\t\t\t<\/div>\n\t\t<\/section>\n\t\t\t\t<section class=\"elementor-section elementor-top-section elementor-element elementor-element-45ae1275 elementor-section-boxed elementor-section-height-default elementor-section-height-default\" data-id=\"45ae1275\" data-element_type=\"section\">\n\t\t\t\t\t\t<div class=\"elementor-container elementor-column-gap-default\">\n\t\t\t\t\t<div class=\"elementor-column elementor-col-100 elementor-top-column elementor-element elementor-element-6f1563e6\" data-id=\"6f1563e6\" data-element_type=\"column\">\n\t\t\t<div class=\"elementor-widget-wrap elementor-element-populated\">\n\t\t\t\t\t\t<div class=\"elementor-element elementor-element-238fd2d2 elementor-widget elementor-widget-text-editor\" data-id=\"238fd2d2\" data-element_type=\"widget\" data-widget_type=\"text-editor.default\">\n\t\t\t\t<div class=\"elementor-widget-container\">\n\t\t\t\t\t\t\t\t\t<!-- wp:paragraph --><!-- \/wp:paragraph --><!-- wp:paragraph --><!-- \/wp:paragraph --><!-- wp:heading {\"textColor\":\"vivid-purple\"} -->\n<h2 class=\"has-vivid-purple-color has-text-color\"><strong>Quando usar a crase antes de horas?<\/strong><\/h2>\n<!-- \/wp:heading --><!-- wp:paragraph -->\n<p>Primeiramente, voc\u00ea precisa saber que deve usar a crase ao falar de eventos que acontecem ou acontecer\u00e3o em hor\u00e1rios determinados.<\/p>\n<!-- \/wp:paragraph --><!-- wp:paragraph -->\n<p>Veja estes exemplos:<\/p>\n<!-- \/wp:paragraph --><!-- wp:list -->\n<ul>\n<li><strong>\u2705 A reuni\u00e3o come\u00e7ar\u00e1 <mark class=\"has-inline-color has-vivid-green-cyan-color\" style=\"background-color: rgba(0, 0, 0, 0);\">\u00e0s<\/mark> 14h.<\/strong><\/li>\n<li><strong>\u2705 Nosso hor\u00e1rio de atendimento \u00e9 das 9h <strong><mark class=\"has-inline-color has-vivid-green-cyan-color\" style=\"background-color: rgba(0, 0, 0, 0);\">\u00e0s<\/mark><\/strong> 18h.<\/strong><\/li>\n<li><strong>\u2705 A loja abre <strong><mark class=\"has-inline-color has-vivid-green-cyan-color\" style=\"background-color: rgba(0, 0, 0, 0);\">\u00e0s<\/mark><\/strong> 10h.<\/strong><\/li>\n<li><strong>\u2705 Encontro voc\u00eas no sagu\u00e3o <strong><mark class=\"has-inline-color has-vivid-green-cyan-color\" style=\"background-color: rgba(0, 0, 0, 0);\">\u00e0s<\/mark><\/strong> 16h.<\/strong><\/li>\n<\/ul>\n<!-- \/wp:list --><!-- wp:paragraph -->\n<p><strong><mark class=\"has-inline-color has-vivid-purple-color\" style=\"background-color: rgba(0, 0, 0, 0);\">Truque para voc\u00ea confirmar que precisa usar crase:<\/mark><\/strong> troque qualquer hor\u00e1rio por <strong>meio-dia<\/strong>.<br \/>Desse modo, se voc\u00ea usar <strong>ao<\/strong> antes de <strong>meio-dia<\/strong>, que \u00e9 um substantivo masculino, por consequ\u00eancia voc\u00ea precisa usar <strong>\u00e0<\/strong> ou <strong>\u00e0s<\/strong> com os outros hor\u00e1rios, que s\u00e3o substantivos femininos.<\/p>\n<!-- \/wp:paragraph --><!-- wp:paragraph -->\n<p>Veja como fica:<\/p>\n<!-- \/wp:paragraph --><!-- wp:list -->\n<ul>\n<li><strong>\u2705 A reuni\u00e3o come\u00e7ar\u00e1 <mark class=\"has-inline-color has-vivid-green-cyan-color\" style=\"background-color: rgba(0, 0, 0, 0);\">ao<\/mark> meio-dia.<\/strong><\/li>\n<li><strong>\u2705 Nosso hor\u00e1rio de atendimento \u00e9 das 9h <strong><mark class=\"has-inline-color has-vivid-green-cyan-color\" style=\"background-color: rgba(0, 0, 0, 0);\">ao<\/mark><\/strong> meio-dia.<\/strong><\/li>\n<li><strong>\u2705 A loja abre <strong><mark class=\"has-inline-color has-vivid-green-cyan-color\" style=\"background-color: rgba(0, 0, 0, 0);\">ao<\/mark><\/strong> meio-dia.<\/strong><\/li>\n<li><strong>\u2705 Encontro voc\u00eas no sagu\u00e3o <strong><mark class=\"has-inline-color has-vivid-green-cyan-color\" style=\"background-color: rgba(0, 0, 0, 0);\">ao<\/mark><\/strong> meio-dia.<\/strong><\/li>\n<\/ul>\n<!-- \/wp:list --><!-- wp:paragraph -->\n<p>Pronto! Dessa forma voc\u00ea confirmou que precisa usar crase em todos os exemplos que mostrei antes. <br \/>Viu como \u00e9 f\u00e1cil?! \ud83e\udd70<\/p>\n<!-- \/wp:paragraph --><!-- wp:paragraph -->\n<p>Vamos, agora, para a pr\u00f3xima situa\u00e7\u00e3o.<\/p>\n<!-- \/wp:paragraph --><!-- wp:heading {\"textColor\":\"vivid-purple\"} -->\n<h2 class=\"has-vivid-purple-color has-text-color\"><strong>Quando a crase antes de horas \u00e9 opcional?<\/strong><\/h2>\n<!-- \/wp:heading --><!-- wp:paragraph -->\n<p>Se a palavra <strong><mark class=\"has-inline-color has-vivid-purple-color\" style=\"background-color: rgba(0, 0, 0, 0);\">at\u00e9<\/mark><\/strong> aparecer antes de um hor\u00e1rio, voc\u00ea tem a op\u00e7\u00e3o de usar a crase ou n\u00e3o. Quem confirma essa informa\u00e7\u00e3o \u00e9 a <strong><a href=\"https:\/\/www.amazon.com.br\/Gram%C3%A1tica-Houaiss-L%C3%ADngua-Portuguesa-Azeredo\/dp\/859411110X\" target=\"_blank\" rel=\"noreferrer noopener\">Gram\u00e1tica Houaiss da L\u00edngua Portuguesa<\/a><\/strong>:<\/p>\n<!-- \/wp:paragraph --><!-- wp:quote -->\n<blockquote class=\"wp-block-quote\">\n<p>\u201c\u00c9 (&#8230;) facultativo o uso do sinal grave indicativo de crase:<br \/>(&#8230;)<br \/>ap\u00f3s a preposi\u00e7\u00e3o <em>at\u00e9<\/em> usada para significar limite de um movimento (no tempo ou no espa\u00e7o): (&#8230;)<em> A loja ficar\u00e1 aberta hoje at\u00e9 <\/em><strong><em>\u00e0s<\/em><\/strong><em> (ou <\/em><strong><em>as<\/em><\/strong><em>) dez horas.<\/em>\u201d<\/p>\n<\/blockquote>\n<!-- \/wp:quote --><!-- wp:paragraph -->\n<p>Ent\u00e3o, sempre que aparecer a palavra <strong><strong><mark class=\"has-inline-color has-vivid-purple-color\" style=\"background-color: rgba(0, 0, 0, 0);\">at\u00e9<\/mark><\/strong><\/strong>, voc\u00ea pode ou n\u00e3o usar a crase. Ou seja: siga o seu cora\u00e7\u00e3o. \ud83d\udc99<\/p>\n<!-- \/wp:paragraph --><!-- wp:paragraph -->\n<p>Exemplos:<\/p>\n<!-- \/wp:paragraph --><!-- wp:list -->\n<ul>\n<li><strong>\u2705 A loja estar\u00e1 aberta <mark class=\"has-inline-color has-vivid-green-cyan-color\" style=\"background-color: rgba(0, 0, 0, 0);\">at\u00e9 as<\/mark> 20h.<\/strong><\/li>\n<li><strong>\u2705 A loja estar\u00e1 aberta <mark class=\"has-inline-color has-vivid-green-cyan-color\" style=\"background-color: rgba(0, 0, 0, 0);\">at\u00e9 \u00e0s<\/mark> 20h.<\/strong><\/li>\n<\/ul>\n<!-- \/wp:list --><!-- wp:paragraph -->\n<p>As duas vers\u00f5es est\u00e3o corretas.<\/p>\n<!-- \/wp:paragraph --><!-- wp:paragraph -->\n<p>Inclusive, aqui voc\u00ea tamb\u00e9m pode usar a dica de trocar o hor\u00e1rio por <strong>meio-dia<\/strong>.<\/p>\n<!-- \/wp:paragraph --><!-- wp:paragraph -->\n<p>Dessa maneira voc\u00ea ver\u00e1 que poderia dizer:<\/p>\n<!-- \/wp:paragraph --><!-- wp:list -->\n<ul>\n<li><strong>\u2705 A loja estar\u00e1 aberta <mark class=\"has-inline-color has-vivid-green-cyan-color\" style=\"background-color: rgba(0, 0, 0, 0);\">at\u00e9 o<\/mark> meio-dia.<\/strong><\/li>\n<li><strong>\u2705 A loja estar\u00e1 aberta <strong><mark class=\"has-inline-color has-vivid-green-cyan-color\" style=\"background-color: rgba(0, 0, 0, 0);\">at\u00e9 ao<\/mark><\/strong> meio-dia.<\/strong><\/li>\n<\/ul>\n<!-- \/wp:list --><!-- wp:paragraph -->\n<p>Por fim, chegou o momento de aprender:<\/p>\n<!-- \/wp:paragraph --><!-- wp:heading {\"textColor\":\"vivid-purple\"} -->\n<h2 class=\"has-vivid-purple-color has-text-color\"><strong>Quando n\u00e3o usar a crase com hor\u00e1rios?<\/strong><\/h2>\n<!-- \/wp:heading --><!-- wp:paragraph -->\n<p>Voc\u00ea n\u00e3o pode usar crase antes de horas quando aparecer alguma destas palavras: <strong><mark class=\"has-inline-color has-vivid-purple-color\" style=\"background-color: rgba(0, 0, 0, 0);\">para<\/mark>, <mark class=\"has-inline-color has-vivid-purple-color\" style=\"background-color: rgba(0, 0, 0, 0);\">desde<\/mark>, <mark class=\"has-inline-color has-vivid-purple-color\" style=\"background-color: rgba(0, 0, 0, 0);\">ap\u00f3s<\/mark> e <mark class=\"has-inline-color has-vivid-purple-color\" style=\"background-color: rgba(0, 0, 0, 0);\">entre<\/mark><\/strong>.<\/p>\n<!-- \/wp:paragraph --><!-- wp:paragraph -->\n<p>Veja os exemplos:<\/p>\n<!-- \/wp:paragraph --><!-- wp:list -->\n<ul>\n<li><strong>\u2705 A reuni\u00e3o est\u00e1 marcada <mark class=\"has-inline-color has-vivid-green-cyan-color\" style=\"background-color: rgba(0, 0, 0, 0);\">para as<\/mark> 11h.<\/strong><\/li>\n<li><strong>\u2705 Estou esperando algu\u00e9m chegar <mark class=\"has-inline-color has-vivid-green-cyan-color\" style=\"background-color: rgba(0, 0, 0, 0);\">desde as<\/mark> 10h.<\/strong><\/li>\n<li><strong>\u2705 A reuni\u00e3o acabou <mark class=\"has-inline-color has-vivid-green-cyan-color\" style=\"background-color: rgba(0, 0, 0, 0);\">ap\u00f3s as<\/mark> 18h.<\/strong><\/li>\n<li><strong>\u2705 Sempre chego ao trabalho <mark class=\"has-inline-color has-vivid-green-cyan-color\" style=\"background-color: rgba(0, 0, 0, 0);\">entre as<\/mark> 7h e <strong><mark class=\"has-inline-color has-vivid-green-cyan-color\" style=\"background-color: rgba(0, 0, 0, 0);\">as<\/mark><\/strong> 8h.<\/strong><\/li>\n<\/ul>\n<!-- \/wp:list --><!-- wp:paragraph -->\n<p>N\u00e3o se usa crase nesses exemplos porque s\u00f3 o que temos neles \u00e9 o artigo <strong>as<\/strong>; n\u00e3o h\u00e1 preposi\u00e7\u00e3o.<\/p>\n<!-- \/wp:paragraph --><!-- wp:paragraph -->\n<p>Aqui novamente funciona o truque que ensinei: troque qualquer hor\u00e1rio por <strong>meio-dia<\/strong>. Dessa forma, voc\u00ea vai perceber que s\u00f3 aparecer\u00e1 o artigo <strong>o<\/strong>, sem preposi\u00e7\u00e3o.<\/p>\n<!-- \/wp:paragraph --><!-- wp:paragraph -->\n<p>Veja como fica a aplica\u00e7\u00e3o dessa dica:<\/p>\n<!-- \/wp:paragraph --><!-- wp:list -->\n<ul>\n<li><strong>\u2705 A reuni\u00e3o est\u00e1 marcada <mark class=\"has-inline-color has-vivid-green-cyan-color\" style=\"background-color: rgba(0, 0, 0, 0);\">para o<\/mark> meio-dia.<\/strong><\/li>\n<li><strong>\u2705 Estou esperando algu\u00e9m chegar <mark class=\"has-inline-color has-vivid-green-cyan-color\" style=\"background-color: rgba(0, 0, 0, 0);\">desde o<\/mark> meio-dia.<\/strong><\/li>\n<li><strong>\u2705 A reuni\u00e3o acabou <mark class=\"has-inline-color has-vivid-green-cyan-color\" style=\"background-color: rgba(0, 0, 0, 0);\">ap\u00f3s o<\/mark> meio-dia.<\/strong><\/li>\n<li><strong>\u2705 Sempre chego ao trabalho <mark class=\"has-inline-color has-vivid-green-cyan-color\" style=\"background-color: rgba(0, 0, 0, 0);\">entre o<\/mark> meio-dia e <strong><mark class=\"has-inline-color has-vivid-green-cyan-color\" style=\"background-color: rgba(0, 0, 0, 0);\">o<\/mark><\/strong> meio-dia e meia.<\/strong><\/li>\n<\/ul>\n<!-- \/wp:list --><!-- wp:paragraph -->\n<p>Pronto! Com essas dicas, a partir de agora voc\u00ea saber\u00e1 direitinho quando usar crase com as horas e quando n\u00e3o usar. \ud83d\ude09<\/p>\n<!-- \/wp:paragraph --><!-- wp:paragraph -->\n<p>E lembre-se:<br \/>Nos casos em que voc\u00ea disser <strong>ao meio-dia<\/strong>, voc\u00ea precisa usar crase com os outros hor\u00e1rios. Se disser <strong>o meio-dia<\/strong>, n\u00e3o use crase com os outros hor\u00e1rios. \ud83d\ude01<\/p>\n<!-- \/wp:paragraph --><!-- wp:paragraph -->\n<p><strong>Separei tamb\u00e9m estes conte\u00fados para voc\u00ea n\u00e3o errar mais:<\/strong><br \/><a href=\"https:\/\/monicaguerretta.com\/qualeocerto\/abreviacao-de-horas\/\" target=\"_blank\" rel=\"noreferrer noopener\">Abrevia\u00e7\u00e3o de horas: &#8220;h&#8221;, &#8220;hs&#8221;, &#8220;hrs&#8221; ou &#8220;H&#8221;?<\/a><br \/><a href=\"https:\/\/monicaguerretta.com\/qualeocerto\/meio-dia-e-meio-ou-meio-dia-e-meia\/\" target=\"_blank\" rel=\"noreferrer noopener\">Qual \u00e9 o certo: \u201cmeio-dia e meio\u201d ou \u201cmeio-dia e meia\u201d?<\/a><\/p>\n<!-- \/wp:paragraph -->\t\t\t\t\t\t\t\t<\/div>\n\t\t\t\t<\/div>\n\t\t\t\t\t<\/div>\n\t\t<\/div>\n\t\t\t\t\t<\/div>\n\t\t<\/section>\n\t\t\t\t<section class=\"elementor-section elementor-top-section elementor-element elementor-element-da285df elementor-section-boxed elementor-section-height-default elementor-section-height-default\" data-id=\"da285df\" data-element_type=\"section\">\n\t\t\t\t\t\t<div class=\"elementor-container elementor-column-gap-default\">\n\t\t\t\t\t<div class=\"elementor-column elementor-col-33 elementor-top-column elementor-element elementor-element-e17a220\" data-id=\"e17a220\" data-element_type=\"column\">\n\t\t\t<div class=\"elementor-widget-wrap elementor-element-populated\">\n\t\t\t\t\t\t<div class=\"elementor-element elementor-element-700110f elementor-invisible elementor-widget elementor-widget-image\" data-id=\"700110f\" data-element_type=\"widget\" data-settings=\"{&quot;_animation&quot;:&quot;slideInLeft&quot;}\" data-widget_type=\"image.default\">\n\t\t\t\t<div class=\"elementor-widget-container\">\n\t\t\t\t\t\t\t\t\t\t\t\t\t\t\t<img fetchpriority=\"high\" decoding=\"async\" width=\"681\" height=\"1024\" src=\"https:\/\/monicaguerretta.com\/qualeocerto\/wp-content\/uploads\/2022\/07\/Monica-Guerretta-Qual-e-o-certo-681x1024.jpg\" class=\"attachment-large size-large wp-image-1980\" alt=\"M\u00f4nica-Guerretta-Qual-\u00e9-o-certo\" srcset=\"https:\/\/monicaguerretta.com\/qualeocerto\/wp-content\/uploads\/2022\/07\/Monica-Guerretta-Qual-e-o-certo-681x1024.jpg 681w, https:\/\/monicaguerretta.com\/qualeocerto\/wp-content\/uploads\/2022\/07\/Monica-Guerretta-Qual-e-o-certo-200x300.jpg 200w, https:\/\/monicaguerretta.com\/qualeocerto\/wp-content\/uploads\/2022\/07\/Monica-Guerretta-Qual-e-o-certo-768x1155.jpg 768w, https:\/\/monicaguerretta.com\/qualeocerto\/wp-content\/uploads\/2022\/07\/Monica-Guerretta-Qual-e-o-certo-1022x1536.jpg 1022w, https:\/\/monicaguerretta.com\/qualeocerto\/wp-content\/uploads\/2022\/07\/Monica-Guerretta-Qual-e-o-certo-1362x2048.jpg 1362w, https:\/\/monicaguerretta.com\/qualeocerto\/wp-content\/uploads\/2022\/07\/Monica-Guerretta-Qual-e-o-certo-scaled.jpg 1703w\" sizes=\"(max-width: 681px) 100vw, 681px\" \/>\t\t\t\t\t\t\t\t\t\t\t\t\t\t\t<\/div>\n\t\t\t\t<\/div>\n\t\t\t\t\t<\/div>\n\t\t<\/div>\n\t\t\t\t<div class=\"elementor-column elementor-col-66 elementor-top-column elementor-element elementor-element-45423cf\" data-id=\"45423cf\" data-element_type=\"column\">\n\t\t\t<div class=\"elementor-widget-wrap elementor-element-populated\">\n\t\t\t\t\t\t<div class=\"elementor-element elementor-element-f36240e elementor-invisible elementor-widget elementor-widget-text-editor\" data-id=\"f36240e\" data-element_type=\"widget\" data-settings=\"{&quot;_animation&quot;:&quot;slideInRight&quot;}\" data-widget_type=\"text-editor.default\">\n\t\t\t\t<div class=\"elementor-widget-container\">\n\t\t\t\t\t\t\t\t\t<p><b>Minha explica\u00e7\u00e3o ajudou voc\u00ea a fazer as pazes com o portugu\u00eas?\u00a0<br \/><\/b><span style=\"font-weight: 400;\">Ent\u00e3o apoie o Qual \u00e9 o certo?, por favorzinho. \ud83d\udc99<\/span><\/p>\n<ul>\n<li><a href=\"https:\/\/www.youtube.com\/c\/qualeocerto\" target=\"_blank\" rel=\"noopener\"><span style=\"font-weight: 400;\">Inscreva-se no canal do YouTube<\/span><\/a><\/li>\n<li><a href=\"https:\/\/www.instagram.com\/qualeocerto\/\" target=\"_blank\" rel=\"noopener\"><span style=\"font-weight: 400;\">Siga no Instagram<\/span><\/a><\/li>\n<li><a href=\"https:\/\/www.linkedin.com\/in\/monicaguerretta\/\"><span style=\"font-weight: 400;\">Acompanhe no LinkedIn<\/span><\/a><\/li>\n<li><a href=\"https:\/\/monicaguerretta.com\/qualeocerto\/vamos-conversar\/\" target=\"_blank\" rel=\"noopener\"><span style=\"font-weight: 400;\">Pague um cafezinho para mim<\/span><\/a><\/li>\n<li><span style=\"font-weight: 400;\">Compartilhe este conte\u00fado <\/span><\/li>\n<\/ul>\t\t\t\t\t\t\t\t<\/div>\n\t\t\t\t<\/div>\n\t\t\t\t\t<\/div>\n\t\t<\/div>\n\t\t\t\t\t<\/div>\n\t\t<\/section>\n\t\t\t\t<\/div>\n\t\t","protected":false},"excerpt":{"rendered":"<p>Agora voc\u00ea vai aprender como funciona o uso da crase com horas. At\u00e9 porque, n\u00e9\u2026 J\u00e1&hellip;<\/p>\n","protected":false},"author":2,"featured_media":2159,"comment_status":"open","ping_status":"open","sticky":false,"template":"","format":"standard","meta":{"_exactmetrics_skip_tracking":false,"_exactmetrics_sitenote_active":false,"_exactmetrics_sitenote_note":"","_exactmetrics_sitenote_category":0,"footnotes":""},"categories":[177,291],"tags":[34,276,275],"class_list":["post-2158","post","type-post","status-publish","format-standard","has-post-thumbnail","hentry","category-crase","category-portugues","tag-crase","tag-crase-com-horarios","tag-crase-com-horas"],"yoast_head":"<!-- This site is optimized with the Yoast SEO plugin v27.5 - https:\/\/yoast.com\/product\/yoast-seo-wordpress\/ -->\n<title>Crase com horas? Nem sempre &#187; Qual \u00e9 o certo?<\/title>\n<meta name=\"description\" content=\"Voc\u00ea acha que sempre deve usar a crase com horas? Aqui voc\u00ea ver\u00e1 que nem sempre... Aprenda quando usar, n\u00e3o usar e quando a crase \u00e9 opcional.\" \/>\n<meta name=\"robots\" content=\"index, follow, max-snippet:-1, max-image-preview:large, max-video-preview:-1\" \/>\n<link rel=\"canonical\" href=\"https:\/\/monicaguerretta.com\/qualeocerto\/crase-com-horas\/\" \/>\n<meta property=\"og:locale\" content=\"pt_BR\" \/>\n<meta property=\"og:type\" content=\"article\" \/>\n<meta property=\"og:title\" content=\"Crase com horas? Nem sempre &#187; Qual \u00e9 o certo?\" \/>\n<meta property=\"og:description\" content=\"Voc\u00ea acha que sempre deve usar a crase com horas? Aqui voc\u00ea ver\u00e1 que nem sempre... Aprenda quando usar, n\u00e3o usar e quando a crase \u00e9 opcional.\" \/>\n<meta property=\"og:url\" content=\"https:\/\/monicaguerretta.com\/qualeocerto\/crase-com-horas\/\" \/>\n<meta property=\"og:site_name\" content=\"Qual \u00e9 o certo?\" \/>\n<meta property=\"article:publisher\" content=\"https:\/\/www.facebook.com\/qualeocerto\" \/>\n<meta property=\"article:published_time\" content=\"2022-08-16T14:34:15+00:00\" \/>\n<meta property=\"article:modified_time\" content=\"2022-12-02T21:42:28+00:00\" \/>\n<meta property=\"og:image\" content=\"https:\/\/monicaguerretta.com\/qualeocerto\/wp-content\/uploads\/2022\/08\/crase-com-horas-qual-e-o-certo.png\" \/>\n\t<meta property=\"og:image:width\" content=\"1080\" \/>\n\t<meta property=\"og:image:height\" content=\"1081\" \/>\n\t<meta property=\"og:image:type\" content=\"image\/png\" \/>\n<meta name=\"author\" content=\"M\u00f4nica Guerretta\" \/>\n<meta name=\"twitter:card\" content=\"summary_large_image\" \/>\n<meta name=\"twitter:label1\" content=\"Escrito por\" \/>\n\t<meta name=\"twitter:data1\" content=\"M\u00f4nica Guerretta\" \/>\n\t<meta name=\"twitter:label2\" content=\"Est. tempo de leitura\" \/>\n\t<meta name=\"twitter:data2\" content=\"9 minutos\" \/>\n<script type=\"application\/ld+json\" class=\"yoast-schema-graph\">{\"@context\":\"https:\\\/\\\/schema.org\",\"@graph\":[{\"@type\":\"Article\",\"@id\":\"https:\\\/\\\/monicaguerretta.com\\\/qualeocerto\\\/crase-com-horas\\\/#article\",\"isPartOf\":{\"@id\":\"https:\\\/\\\/monicaguerretta.com\\\/qualeocerto\\\/crase-com-horas\\\/\"},\"author\":{\"name\":\"M\u00f4nica Guerretta\",\"@id\":\"https:\\\/\\\/monicaguerretta.com\\\/qualeocerto\\\/#\\\/schema\\\/person\\\/214b5e9a83b11fe11a18ecae0d21f79a\"},\"headline\":\"Crase com horas? Nem sempre\",\"datePublished\":\"2022-08-16T14:34:15+00:00\",\"dateModified\":\"2022-12-02T21:42:28+00:00\",\"mainEntityOfPage\":{\"@id\":\"https:\\\/\\\/monicaguerretta.com\\\/qualeocerto\\\/crase-com-horas\\\/\"},\"wordCount\":710,\"commentCount\":0,\"publisher\":{\"@id\":\"https:\\\/\\\/monicaguerretta.com\\\/qualeocerto\\\/#organization\"},\"image\":{\"@id\":\"https:\\\/\\\/monicaguerretta.com\\\/qualeocerto\\\/crase-com-horas\\\/#primaryimage\"},\"thumbnailUrl\":\"https:\\\/\\\/monicaguerretta.com\\\/qualeocerto\\\/wp-content\\\/uploads\\\/2022\\\/08\\\/crase-com-horas-qual-e-o-certo.png\",\"keywords\":[\"crase\",\"crase com hor\u00e1rios\",\"crase com horas\"],\"articleSection\":[\"Crase\",\"Portugu\u00eas\"],\"inLanguage\":\"pt-BR\",\"potentialAction\":[{\"@type\":\"CommentAction\",\"name\":\"Comment\",\"target\":[\"https:\\\/\\\/monicaguerretta.com\\\/qualeocerto\\\/crase-com-horas\\\/#respond\"]}]},{\"@type\":\"WebPage\",\"@id\":\"https:\\\/\\\/monicaguerretta.com\\\/qualeocerto\\\/crase-com-horas\\\/\",\"url\":\"https:\\\/\\\/monicaguerretta.com\\\/qualeocerto\\\/crase-com-horas\\\/\",\"name\":\"Crase com horas? Nem sempre &#187; Qual \u00e9 o certo?\",\"isPartOf\":{\"@id\":\"https:\\\/\\\/monicaguerretta.com\\\/qualeocerto\\\/#website\"},\"primaryImageOfPage\":{\"@id\":\"https:\\\/\\\/monicaguerretta.com\\\/qualeocerto\\\/crase-com-horas\\\/#primaryimage\"},\"image\":{\"@id\":\"https:\\\/\\\/monicaguerretta.com\\\/qualeocerto\\\/crase-com-horas\\\/#primaryimage\"},\"thumbnailUrl\":\"https:\\\/\\\/monicaguerretta.com\\\/qualeocerto\\\/wp-content\\\/uploads\\\/2022\\\/08\\\/crase-com-horas-qual-e-o-certo.png\",\"datePublished\":\"2022-08-16T14:34:15+00:00\",\"dateModified\":\"2022-12-02T21:42:28+00:00\",\"description\":\"Voc\u00ea acha que sempre deve usar a crase com horas? Aqui voc\u00ea ver\u00e1 que nem sempre... Aprenda quando usar, n\u00e3o usar e quando a crase \u00e9 opcional.\",\"breadcrumb\":{\"@id\":\"https:\\\/\\\/monicaguerretta.com\\\/qualeocerto\\\/crase-com-horas\\\/#breadcrumb\"},\"inLanguage\":\"pt-BR\",\"potentialAction\":[{\"@type\":\"ReadAction\",\"target\":[\"https:\\\/\\\/monicaguerretta.com\\\/qualeocerto\\\/crase-com-horas\\\/\"]}]},{\"@type\":\"ImageObject\",\"inLanguage\":\"pt-BR\",\"@id\":\"https:\\\/\\\/monicaguerretta.com\\\/qualeocerto\\\/crase-com-horas\\\/#primaryimage\",\"url\":\"https:\\\/\\\/monicaguerretta.com\\\/qualeocerto\\\/wp-content\\\/uploads\\\/2022\\\/08\\\/crase-com-horas-qual-e-o-certo.png\",\"contentUrl\":\"https:\\\/\\\/monicaguerretta.com\\\/qualeocerto\\\/wp-content\\\/uploads\\\/2022\\\/08\\\/crase-com-horas-qual-e-o-certo.png\",\"width\":1080,\"height\":1081,\"caption\":\"crase com horas - qual \u00e9 o certo\"},{\"@type\":\"BreadcrumbList\",\"@id\":\"https:\\\/\\\/monicaguerretta.com\\\/qualeocerto\\\/crase-com-horas\\\/#breadcrumb\",\"itemListElement\":[{\"@type\":\"ListItem\",\"position\":1,\"name\":\"In\u00edcio\",\"item\":\"https:\\\/\\\/monicaguerretta.com\\\/qualeocerto\\\/\"},{\"@type\":\"ListItem\",\"position\":2,\"name\":\"Crase com horas? Nem sempre\"}]},{\"@type\":\"WebSite\",\"@id\":\"https:\\\/\\\/monicaguerretta.com\\\/qualeocerto\\\/#website\",\"url\":\"https:\\\/\\\/monicaguerretta.com\\\/qualeocerto\\\/\",\"name\":\"Qual \u00e9 o Certo?\",\"description\":\"M\u00f4nica Guerretta | Redatora publicit\u00e1ria | Copywriting - UX Writing\",\"publisher\":{\"@id\":\"https:\\\/\\\/monicaguerretta.com\\\/qualeocerto\\\/#organization\"},\"potentialAction\":[{\"@type\":\"SearchAction\",\"target\":{\"@type\":\"EntryPoint\",\"urlTemplate\":\"https:\\\/\\\/monicaguerretta.com\\\/qualeocerto\\\/?s={search_term_string}\"},\"query-input\":{\"@type\":\"PropertyValueSpecification\",\"valueRequired\":true,\"valueName\":\"search_term_string\"}}],\"inLanguage\":\"pt-BR\"},{\"@type\":\"Organization\",\"@id\":\"https:\\\/\\\/monicaguerretta.com\\\/qualeocerto\\\/#organization\",\"name\":\"Qual \u00e9 o certo?\",\"url\":\"https:\\\/\\\/monicaguerretta.com\\\/qualeocerto\\\/\",\"logo\":{\"@type\":\"ImageObject\",\"inLanguage\":\"pt-BR\",\"@id\":\"https:\\\/\\\/monicaguerretta.com\\\/qualeocerto\\\/#\\\/schema\\\/logo\\\/image\\\/\",\"url\":\"https:\\\/\\\/monicaguerretta.com\\\/qualeocerto\\\/wp-content\\\/uploads\\\/2022\\\/08\\\/marca-quale.png\",\"contentUrl\":\"https:\\\/\\\/monicaguerretta.com\\\/qualeocerto\\\/wp-content\\\/uploads\\\/2022\\\/08\\\/marca-quale.png\",\"width\":592,\"height\":315,\"caption\":\"Qual \u00e9 o certo?\"},\"image\":{\"@id\":\"https:\\\/\\\/monicaguerretta.com\\\/qualeocerto\\\/#\\\/schema\\\/logo\\\/image\\\/\"},\"sameAs\":[\"https:\\\/\\\/www.facebook.com\\\/qualeocerto\",\"https:\\\/\\\/www.instagram.com\\\/qualeocerto\\\/\",\"https:\\\/\\\/www.youtube.com\\\/c\\\/qualeocerto\"]},{\"@type\":\"Person\",\"@id\":\"https:\\\/\\\/monicaguerretta.com\\\/qualeocerto\\\/#\\\/schema\\\/person\\\/214b5e9a83b11fe11a18ecae0d21f79a\",\"name\":\"M\u00f4nica Guerretta\",\"image\":{\"@type\":\"ImageObject\",\"inLanguage\":\"pt-BR\",\"@id\":\"https:\\\/\\\/secure.gravatar.com\\\/avatar\\\/cc0028ec5e6e39e7cd7e61c0fa6158a6d7f1edc39c4f536d768ad95ee3e26a8a?s=96&d=mm&r=g\",\"url\":\"https:\\\/\\\/secure.gravatar.com\\\/avatar\\\/cc0028ec5e6e39e7cd7e61c0fa6158a6d7f1edc39c4f536d768ad95ee3e26a8a?s=96&d=mm&r=g\",\"contentUrl\":\"https:\\\/\\\/secure.gravatar.com\\\/avatar\\\/cc0028ec5e6e39e7cd7e61c0fa6158a6d7f1edc39c4f536d768ad95ee3e26a8a?s=96&d=mm&r=g\",\"caption\":\"M\u00f4nica Guerretta\"}}]}<\/script>\n<!-- \/ Yoast SEO plugin. -->","yoast_head_json":{"title":"Crase com horas? Nem sempre &#187; Qual \u00e9 o certo?","description":"Voc\u00ea acha que sempre deve usar a crase com horas? Aqui voc\u00ea ver\u00e1 que nem sempre... Aprenda quando usar, n\u00e3o usar e quando a crase \u00e9 opcional.","robots":{"index":"index","follow":"follow","max-snippet":"max-snippet:-1","max-image-preview":"max-image-preview:large","max-video-preview":"max-video-preview:-1"},"canonical":"https:\/\/monicaguerretta.com\/qualeocerto\/crase-com-horas\/","og_locale":"pt_BR","og_type":"article","og_title":"Crase com horas? Nem sempre &#187; Qual \u00e9 o certo?","og_description":"Voc\u00ea acha que sempre deve usar a crase com horas? Aqui voc\u00ea ver\u00e1 que nem sempre... Aprenda quando usar, n\u00e3o usar e quando a crase \u00e9 opcional.","og_url":"https:\/\/monicaguerretta.com\/qualeocerto\/crase-com-horas\/","og_site_name":"Qual \u00e9 o certo?","article_publisher":"https:\/\/www.facebook.com\/qualeocerto","article_published_time":"2022-08-16T14:34:15+00:00","article_modified_time":"2022-12-02T21:42:28+00:00","og_image":[{"width":1080,"height":1081,"url":"https:\/\/monicaguerretta.com\/qualeocerto\/wp-content\/uploads\/2022\/08\/crase-com-horas-qual-e-o-certo.png","type":"image\/png"}],"author":"M\u00f4nica Guerretta","twitter_card":"summary_large_image","twitter_misc":{"Escrito por":"M\u00f4nica Guerretta","Est. tempo de leitura":"9 minutos"},"schema":{"@context":"https:\/\/schema.org","@graph":[{"@type":"Article","@id":"https:\/\/monicaguerretta.com\/qualeocerto\/crase-com-horas\/#article","isPartOf":{"@id":"https:\/\/monicaguerretta.com\/qualeocerto\/crase-com-horas\/"},"author":{"name":"M\u00f4nica Guerretta","@id":"https:\/\/monicaguerretta.com\/qualeocerto\/#\/schema\/person\/214b5e9a83b11fe11a18ecae0d21f79a"},"headline":"Crase com horas? Nem sempre","datePublished":"2022-08-16T14:34:15+00:00","dateModified":"2022-12-02T21:42:28+00:00","mainEntityOfPage":{"@id":"https:\/\/monicaguerretta.com\/qualeocerto\/crase-com-horas\/"},"wordCount":710,"commentCount":0,"publisher":{"@id":"https:\/\/monicaguerretta.com\/qualeocerto\/#organization"},"image":{"@id":"https:\/\/monicaguerretta.com\/qualeocerto\/crase-com-horas\/#primaryimage"},"thumbnailUrl":"https:\/\/monicaguerretta.com\/qualeocerto\/wp-content\/uploads\/2022\/08\/crase-com-horas-qual-e-o-certo.png","keywords":["crase","crase com hor\u00e1rios","crase com horas"],"articleSection":["Crase","Portugu\u00eas"],"inLanguage":"pt-BR","potentialAction":[{"@type":"CommentAction","name":"Comment","target":["https:\/\/monicaguerretta.com\/qualeocerto\/crase-com-horas\/#respond"]}]},{"@type":"WebPage","@id":"https:\/\/monicaguerretta.com\/qualeocerto\/crase-com-horas\/","url":"https:\/\/monicaguerretta.com\/qualeocerto\/crase-com-horas\/","name":"Crase com horas? Nem sempre &#187; Qual \u00e9 o certo?","isPartOf":{"@id":"https:\/\/monicaguerretta.com\/qualeocerto\/#website"},"primaryImageOfPage":{"@id":"https:\/\/monicaguerretta.com\/qualeocerto\/crase-com-horas\/#primaryimage"},"image":{"@id":"https:\/\/monicaguerretta.com\/qualeocerto\/crase-com-horas\/#primaryimage"},"thumbnailUrl":"https:\/\/monicaguerretta.com\/qualeocerto\/wp-content\/uploads\/2022\/08\/crase-com-horas-qual-e-o-certo.png","datePublished":"2022-08-16T14:34:15+00:00","dateModified":"2022-12-02T21:42:28+00:00","description":"Voc\u00ea acha que sempre deve usar a crase com horas? Aqui voc\u00ea ver\u00e1 que nem sempre... Aprenda quando usar, n\u00e3o usar e quando a crase \u00e9 opcional.","breadcrumb":{"@id":"https:\/\/monicaguerretta.com\/qualeocerto\/crase-com-horas\/#breadcrumb"},"inLanguage":"pt-BR","potentialAction":[{"@type":"ReadAction","target":["https:\/\/monicaguerretta.com\/qualeocerto\/crase-com-horas\/"]}]},{"@type":"ImageObject","inLanguage":"pt-BR","@id":"https:\/\/monicaguerretta.com\/qualeocerto\/crase-com-horas\/#primaryimage","url":"https:\/\/monicaguerretta.com\/qualeocerto\/wp-content\/uploads\/2022\/08\/crase-com-horas-qual-e-o-certo.png","contentUrl":"https:\/\/monicaguerretta.com\/qualeocerto\/wp-content\/uploads\/2022\/08\/crase-com-horas-qual-e-o-certo.png","width":1080,"height":1081,"caption":"crase com horas - qual \u00e9 o certo"},{"@type":"BreadcrumbList","@id":"https:\/\/monicaguerretta.com\/qualeocerto\/crase-com-horas\/#breadcrumb","itemListElement":[{"@type":"ListItem","position":1,"name":"In\u00edcio","item":"https:\/\/monicaguerretta.com\/qualeocerto\/"},{"@type":"ListItem","position":2,"name":"Crase com horas? Nem sempre"}]},{"@type":"WebSite","@id":"https:\/\/monicaguerretta.com\/qualeocerto\/#website","url":"https:\/\/monicaguerretta.com\/qualeocerto\/","name":"Qual \u00e9 o Certo?","description":"M\u00f4nica Guerretta | Redatora publicit\u00e1ria | Copywriting - UX Writing","publisher":{"@id":"https:\/\/monicaguerretta.com\/qualeocerto\/#organization"},"potentialAction":[{"@type":"SearchAction","target":{"@type":"EntryPoint","urlTemplate":"https:\/\/monicaguerretta.com\/qualeocerto\/?s={search_term_string}"},"query-input":{"@type":"PropertyValueSpecification","valueRequired":true,"valueName":"search_term_string"}}],"inLanguage":"pt-BR"},{"@type":"Organization","@id":"https:\/\/monicaguerretta.com\/qualeocerto\/#organization","name":"Qual \u00e9 o certo?","url":"https:\/\/monicaguerretta.com\/qualeocerto\/","logo":{"@type":"ImageObject","inLanguage":"pt-BR","@id":"https:\/\/monicaguerretta.com\/qualeocerto\/#\/schema\/logo\/image\/","url":"https:\/\/monicaguerretta.com\/qualeocerto\/wp-content\/uploads\/2022\/08\/marca-quale.png","contentUrl":"https:\/\/monicaguerretta.com\/qualeocerto\/wp-content\/uploads\/2022\/08\/marca-quale.png","width":592,"height":315,"caption":"Qual \u00e9 o certo?"},"image":{"@id":"https:\/\/monicaguerretta.com\/qualeocerto\/#\/schema\/logo\/image\/"},"sameAs":["https:\/\/www.facebook.com\/qualeocerto","https:\/\/www.instagram.com\/qualeocerto\/","https:\/\/www.youtube.com\/c\/qualeocerto"]},{"@type":"Person","@id":"https:\/\/monicaguerretta.com\/qualeocerto\/#\/schema\/person\/214b5e9a83b11fe11a18ecae0d21f79a","name":"M\u00f4nica Guerretta","image":{"@type":"ImageObject","inLanguage":"pt-BR","@id":"https:\/\/secure.gravatar.com\/avatar\/cc0028ec5e6e39e7cd7e61c0fa6158a6d7f1edc39c4f536d768ad95ee3e26a8a?s=96&d=mm&r=g","url":"https:\/\/secure.gravatar.com\/avatar\/cc0028ec5e6e39e7cd7e61c0fa6158a6d7f1edc39c4f536d768ad95ee3e26a8a?s=96&d=mm&r=g","contentUrl":"https:\/\/secure.gravatar.com\/avatar\/cc0028ec5e6e39e7cd7e61c0fa6158a6d7f1edc39c4f536d768ad95ee3e26a8a?s=96&d=mm&r=g","caption":"M\u00f4nica Guerretta"}}]}},"_links":{"self":[{"href":"https:\/\/monicaguerretta.com\/qualeocerto\/wp-json\/wp\/v2\/posts\/2158","targetHints":{"allow":["GET"]}}],"collection":[{"href":"https:\/\/monicaguerretta.com\/qualeocerto\/wp-json\/wp\/v2\/posts"}],"about":[{"href":"https:\/\/monicaguerretta.com\/qualeocerto\/wp-json\/wp\/v2\/types\/post"}],"author":[{"embeddable":true,"href":"https:\/\/monicaguerretta.com\/qualeocerto\/wp-json\/wp\/v2\/users\/2"}],"replies":[{"embeddable":true,"href":"https:\/\/monicaguerretta.com\/qualeocerto\/wp-json\/wp\/v2\/comments?post=2158"}],"version-history":[{"count":13,"href":"https:\/\/monicaguerretta.com\/qualeocerto\/wp-json\/wp\/v2\/posts\/2158\/revisions"}],"predecessor-version":[{"id":2475,"href":"https:\/\/monicaguerretta.com\/qualeocerto\/wp-json\/wp\/v2\/posts\/2158\/revisions\/2475"}],"wp:featuredmedia":[{"embeddable":true,"href":"https:\/\/monicaguerretta.com\/qualeocerto\/wp-json\/wp\/v2\/media\/2159"}],"wp:attachment":[{"href":"https:\/\/monicaguerretta.com\/qualeocerto\/wp-json\/wp\/v2\/media?parent=2158"}],"wp:term":[{"taxonomy":"category","embeddable":true,"href":"https:\/\/monicaguerretta.com\/qualeocerto\/wp-json\/wp\/v2\/categories?post=2158"},{"taxonomy":"post_tag","embeddable":true,"href":"https:\/\/monicaguerretta.com\/qualeocerto\/wp-json\/wp\/v2\/tags?post=2158"}],"curies":[{"name":"wp","href":"https:\/\/api.w.org\/{rel}","templated":true}]}}