{"id":2219,"date":"2022-08-09T16:32:00","date_gmt":"2022-08-09T16:32:00","guid":{"rendered":"https:\/\/monicaguerretta.com\/qualeocerto\/?p=2219"},"modified":"2022-12-02T21:42:38","modified_gmt":"2022-12-02T21:42:38","slug":"extensao-e-estender","status":"publish","type":"post","link":"https:\/\/monicaguerretta.com\/qualeocerto\/extensao-e-estender\/","title":{"rendered":"<strong>Por que extens\u00e3o se escreve com X e estender com S?<\/strong>"},"content":{"rendered":"\t\t<div data-elementor-type=\"wp-post\" data-elementor-id=\"2219\" class=\"elementor elementor-2219\">\n\t\t\t\t\t\t<section class=\"elementor-section elementor-top-section elementor-element elementor-element-638ec45 elementor-section-boxed elementor-section-height-default elementor-section-height-default\" data-id=\"638ec45\" data-element_type=\"section\">\n\t\t\t\t\t\t<div class=\"elementor-container elementor-column-gap-default\">\n\t\t\t\t\t<div class=\"elementor-column elementor-col-100 elementor-top-column elementor-element elementor-element-86e3769\" data-id=\"86e3769\" data-element_type=\"column\">\n\t\t\t<div class=\"elementor-widget-wrap elementor-element-populated\">\n\t\t\t\t\t\t<div class=\"elementor-element elementor-element-f8beda4 elementor-widget elementor-widget-text-editor\" data-id=\"f8beda4\" data-element_type=\"widget\" data-widget_type=\"text-editor.default\">\n\t\t\t\t<div class=\"elementor-widget-container\">\n\t\t\t\t\t\t\t\t\t<p>Volta e meia, alguma quest\u00e3o sobre o portugu\u00eas surge na minha cabe\u00e7a, e eu penso:<br \/>\u2014 U\u00e9, por que ser\u00e1 que \u00e9 assim que funciona? Por que aconteceu isso?<\/p>\n<p><!-- \/wp:paragraph --><!-- wp:paragraph --><\/p>\n<p>Mas, claro, como uma boa curiosa que sou, sempre que isso acontece, vou logo pesquisar para acabar com essa agonia que aflige meu cora\u00e7\u00e3ozinho. \ud83d\ude05<\/p>\n<p><!-- \/wp:paragraph --><!-- wp:paragraph --><\/p>\n<p>Uma dessas quest\u00f5es \u2014 que, eu sei, tamb\u00e9m intriga muita gente \u2014 \u00e9: por que <strong><mark class=\"has-inline-color has-vivid-purple-color\" style=\"background-color: rgba(0, 0, 0, 0);\">extens\u00e3o<\/mark><\/strong> \u00e9 com X e <strong><mark class=\"has-inline-color has-vivid-purple-color\" style=\"background-color: rgba(0, 0, 0, 0);\">estender<\/mark><\/strong> \u00e9 com S?<\/p>\n<p><!-- \/wp:paragraph --><!-- wp:paragraph --><\/p>\n<p>Eu coloco essa d\u00favida carinhosamente na categoria \u201cmaluquices do portugu\u00eas\u201d, e voc\u00ea j\u00e1 vai entender <a href=\"https:\/\/monicaguerretta.com\/qualeocerto\/o-uso-dos-porques\/\" target=\"_blank\" rel=\"noreferrer noopener\">por qu\u00ea<\/a>.<\/p>\t\t\t\t\t\t\t\t<\/div>\n\t\t\t\t<\/div>\n\t\t\t\t\t<\/div>\n\t\t<\/div>\n\t\t\t\t\t<\/div>\n\t\t<\/section>\n\t\t\t\t<section class=\"elementor-section elementor-top-section elementor-element elementor-element-48a9e4d elementor-section-boxed elementor-section-height-default elementor-section-height-default\" data-id=\"48a9e4d\" data-element_type=\"section\">\n\t\t\t\t\t\t<div class=\"elementor-container elementor-column-gap-default\">\n\t\t\t\t\t<div class=\"elementor-column elementor-col-100 elementor-top-column elementor-element elementor-element-a59405e\" data-id=\"a59405e\" data-element_type=\"column\">\n\t\t\t<div class=\"elementor-widget-wrap elementor-element-populated\">\n\t\t\t\t\t\t<div class=\"elementor-element elementor-element-92aff14 elementor-widget elementor-widget-video\" data-id=\"92aff14\" data-element_type=\"widget\" data-settings=\"{&quot;youtube_url&quot;:&quot;https:\\\/\\\/youtu.be\\\/a3YgBbHjkyw&quot;,&quot;video_type&quot;:&quot;youtube&quot;,&quot;controls&quot;:&quot;yes&quot;}\" data-widget_type=\"video.default\">\n\t\t\t\t<div class=\"elementor-widget-container\">\n\t\t\t\t\t\t\t<div class=\"elementor-wrapper elementor-open-inline\">\n\t\t\t<div class=\"elementor-video\"><\/div>\t\t<\/div>\n\t\t\t\t\t\t<\/div>\n\t\t\t\t<\/div>\n\t\t\t\t\t<\/div>\n\t\t<\/div>\n\t\t\t\t\t<\/div>\n\t\t<\/section>\n\t\t\t\t<section class=\"elementor-section elementor-top-section elementor-element elementor-element-1c5dbdc2 elementor-section-boxed elementor-section-height-default elementor-section-height-default\" data-id=\"1c5dbdc2\" data-element_type=\"section\">\n\t\t\t\t\t\t<div class=\"elementor-container elementor-column-gap-default\">\n\t\t\t\t\t<div class=\"elementor-column elementor-col-100 elementor-top-column elementor-element elementor-element-14f032b8\" data-id=\"14f032b8\" data-element_type=\"column\">\n\t\t\t<div class=\"elementor-widget-wrap elementor-element-populated\">\n\t\t\t\t\t\t<div class=\"elementor-element elementor-element-565509f4 elementor-widget elementor-widget-text-editor\" data-id=\"565509f4\" data-element_type=\"widget\" data-widget_type=\"text-editor.default\">\n\t\t\t\t<div class=\"elementor-widget-container\">\n\t\t\t\t\t\t\t\t\t<!-- wp:paragraph -->\n<figure class=\"wp-block-embed is-type-video is-provider-youtube wp-block-embed-youtube wp-embed-aspect-16-9 wp-has-aspect-ratio\">\n<div class=\"wp-block-embed__wrapper\">\u00a0<\/div>\n<\/figure>\n<!-- \/wp:embed --><!-- wp:heading {\"textColor\":\"vivid-purple\"} -->\n<h2 class=\"has-vivid-purple-color has-text-color\"><strong>A origem das palavras <span style=\"text-decoration: underline;\">extens\u00e3o<\/span> e <span style=\"text-decoration: underline;\">estender<\/span><\/strong><\/h2>\n<!-- \/wp:heading --><!-- wp:paragraph -->\n<p>Em primeiro lugar, precisamos conhecer a origem das duas palavras. Encontramos essa informa\u00e7\u00e3o nos dicion\u00e1rios, que nos mostram algo muito curioso.<\/p>\n<!-- \/wp:paragraph --><!-- wp:paragraph -->\n<p>O Michaelis diz que <a href=\"https:\/\/michaelis.uol.com.br\/moderno-portugues\/busca\/portugues-brasileiro\/extens%C3%A3o\/\" target=\"_blank\" rel=\"noreferrer noopener\"><strong>extens\u00e3o<\/strong> vem do latim: <strong><em>extensio<\/em><\/strong><\/a>. Como voc\u00ea pode ver, <strong><em>extensio<\/em><\/strong> se escreve com X.<\/p>\n<!-- \/wp:paragraph --><!-- wp:paragraph -->\n<p>Portanto, <strong><mark class=\"has-inline-color has-vivid-purple-color\" style=\"background-color: rgba(0, 0, 0, 0);\">extens\u00e3o<\/mark><\/strong> apenas herdou o X de sua predecessora, ou seja, da palavra que deu origem a ela.<\/p>\n<!-- \/wp:paragraph --><!-- wp:paragraph -->\n<p>J\u00e1 a <a href=\"https:\/\/michaelis.uol.com.br\/moderno-portugues\/busca\/portugues-brasileiro\/estender\/\" target=\"_blank\" rel=\"noreferrer noopener\">palavra <strong>estender<\/strong>, que se escreve com S<\/a> \u2014 s\u00f3 para refor\u00e7ar \u2014, vem do latim <strong><em>extendere<\/em><\/strong>.<br \/>U\u00e9! E <strong><em>extendere<\/em><\/strong> tamb\u00e9m se escreve com X. \ud83e\udd14<\/p>\n<!-- \/wp:paragraph --><!-- wp:paragraph -->\n<p>Ah! E vale lembrar que <strong><mark class=\"has-inline-color has-vivid-purple-color\" style=\"background-color: rgba(0, 0, 0, 0);\">extens\u00e3o<\/mark><\/strong> \u00e9, tamb\u00e9m, o ato de <strong><mark class=\"has-inline-color has-vivid-purple-color\" style=\"background-color: rgba(0, 0, 0, 0);\">estender<\/mark><\/strong>, como confirma o Michaelis:<\/p>\n<!-- \/wp:paragraph --><!-- wp:quote -->\n<blockquote class=\"wp-block-quote\">\n<p>\u201c<strong>extens\u00e3o<\/strong><br \/>sf<\/p>\n<p>1. Ato ou efeito de estender(-se).\u201d<\/p>\n<\/blockquote>\n<!-- \/wp:quote --><!-- wp:paragraph -->\n<p>Dessa forma, vemos que <strong><mark class=\"has-inline-color has-vivid-purple-color\" style=\"background-color: rgba(0, 0, 0, 0);\">extens\u00e3o<\/mark><\/strong> e <strong><mark class=\"has-inline-color has-vivid-purple-color\" style=\"background-color: rgba(0, 0, 0, 0);\">estender<\/mark><\/strong> t\u00eam os seus sentidos associados \u2014 elas realmente possuem uma liga\u00e7\u00e3o \u2014, e ambas t\u00eam origem em palavras que usam o X em sua grafia.<\/p>\n<!-- \/wp:paragraph --><!-- wp:heading {\"textColor\":\"vivid-purple\"} -->\n<h2 class=\"has-vivid-purple-color has-text-color\"><strong>Ent\u00e3o o que aconteceu no meio do caminho?<\/strong><\/h2>\n<!-- \/wp:heading --><!-- wp:paragraph -->\n<p>Bom, eu pesquisei e encontrei duas refer\u00eancias sobre essa maluquice do nosso portugu\u00eas que se complementam.<\/p>\n<!-- \/wp:paragraph --><!-- wp:paragraph -->\n<p><a href=\"https:\/\/veja.abril.com.br\/coluna\/sobre-palavras\/por-que-estender-e-com-s-e-extensao-com-x\/\" target=\"_blank\" rel=\"noreferrer noopener\">A primeira explica\u00e7\u00e3o \u00e9 do S\u00e9rgio Rodrigues<\/a>, colunista da Veja. Ele diz que esse caso se resume a:<\/p>\n<!-- \/wp:paragraph --><!-- wp:quote -->\n<blockquote class=\"wp-block-quote\">\n<p>\u201cuma inconsist\u00eancia ortogr\u00e1fico-etimol\u00f3gica da l\u00edngua portuguesa. Uma entre muitas.\u201d<\/p>\n<\/blockquote>\n<!-- \/wp:quote --><!-- wp:paragraph -->\n<p>Isso significa que, em algum momento, algu\u00e9m ignorou o X da palavra que deu origem a <strong><mark class=\"has-inline-color has-vivid-purple-color\" style=\"background-color: rgba(0, 0, 0, 0);\">estender<\/mark><\/strong> e come\u00e7ou a escrever essa palavra com S. Depois, mais pessoas come\u00e7aram a escrever da mesma forma. Desse modo, a palavra <strong><mark class=\"has-inline-color has-vivid-purple-color\" style=\"background-color: rgba(0, 0, 0, 0);\">estender<\/mark><\/strong> se consagrou com essa escrita.<\/p>\n<!-- \/wp:paragraph --><!-- wp:paragraph -->\n<p>Como eu sempre digo, o portugu\u00eas se atualiza junto a n\u00f3s, falantes. Ent\u00e3o esse \u00e9 mais um exemplo disso.<\/p>\n<!-- \/wp:paragraph --><!-- wp:paragraph -->\n<p>S\u00e9rgio tamb\u00e9m explica que o substantivo <strong><mark class=\"has-inline-color has-vivid-purple-color\" style=\"background-color: rgba(0, 0, 0, 0);\">extens\u00e3o<\/mark><\/strong> veio do portugu\u00eas do in\u00edcio do s\u00e9culo 18, que seria o portugu\u00eas \u201cdas academias liter\u00e1rias\u201d. Podemos dizer que esse portugu\u00eas \u00e9 mais fiel \u00e0 etimologia das palavras \u2014 logo, mais fiel \u00e0 escrita da palavra que d\u00e1 origem \u00e0 nova vers\u00e3o, sacou? Por isso, preservou o X da sua antecessora.<\/p>\n<!-- \/wp:paragraph --><!-- wp:paragraph -->\n<p>J\u00e1 o verbo <strong><mark class=\"has-inline-color has-vivid-purple-color\" style=\"background-color: rgba(0, 0, 0, 0);\">estender<\/mark><\/strong> chegou ao nosso portugu\u00eas mais jovem, no s\u00e9culo 13, quando foi adotado por escritores que n\u00e3o tinham esse mesmo apre\u00e7o \u00e0 etimologia, \u00e0 origem da palavra.<\/p>\n<!-- \/wp:paragraph --><!-- wp:paragraph -->\n<p>Agora, veja a outra refer\u00eancia que complementa essas informa\u00e7\u00f5es.<\/p>\n<!-- \/wp:paragraph --><!-- wp:paragraph -->\n<p><a href=\"http:\/\/www.lpeu.com.br\/q\/mehq5#:~:text=Extens%C3%A3o%20%C3%A9%20o%20substantivo%20derivado,extensione%22%20ou%20%E2%80%9Cextensio%E2%80%9D.\" target=\"_blank\" rel=\"noreferrer noopener\">A segunda explica\u00e7\u00e3o \u00e9 do site L\u00edngua Portuguesa em Uso<\/a>. Nele, vemos que <strong><mark class=\"has-inline-color has-vivid-purple-color\" style=\"background-color: rgba(0, 0, 0, 0);\">extens\u00e3o<\/mark><\/strong> chegou ao portugu\u00eas realmente no s\u00e9culo 18, vinda do latim cl\u00e1ssico. Por isso se manteve o X da sua antecessora.<\/p>\n<!-- \/wp:paragraph --><!-- wp:paragraph -->\n<p>J\u00e1 a palavra <strong><mark class=\"has-inline-color has-vivid-purple-color\" style=\"background-color: rgba(0, 0, 0, 0);\">estender<\/mark><\/strong> entrou em nosso portugu\u00eas pelo latim vulgar, no qual o X antes de uma consoante se tornava S. Portanto, foi da\u00ed que saiu esse S.<\/p>\n<!-- \/wp:paragraph --><!-- wp:heading -->\n<h2 class=\"has-vivid-purple-color has-text-color\"><strong>Conclus\u00e3o<\/strong><\/h2>\n<!-- \/wp:heading --><!-- wp:paragraph -->\n<p>Em s\u00edntese, realmente as duas palavras, <strong><mark class=\"has-inline-color has-vivid-purple-color\" style=\"background-color: rgba(0, 0, 0, 0);\">extens\u00e3o<\/mark><\/strong> e <strong><mark class=\"has-inline-color has-vivid-purple-color\" style=\"background-color: rgba(0, 0, 0, 0);\">estender<\/mark><\/strong>, t\u00eam a mesma origem. No entanto, elas passaram por caminhos diferentes ao serem abra\u00e7adas pelo nosso portugu\u00eas.<\/p>\n<!-- \/wp:paragraph --><!-- wp:paragraph -->\n<p>Podemos dizer que <strong><mark class=\"has-inline-color has-vivid-purple-color\" style=\"background-color: rgba(0, 0, 0, 0);\">extens\u00e3o<\/mark><\/strong> entrou por meio de uma turma que era mais fiel \u00e0 escrita original da palavra, enquanto a outra turma, a que incluiu <strong><mark class=\"has-inline-color has-vivid-purple-color\" style=\"background-color: rgba(0, 0, 0, 0);\">estender<\/mark><\/strong> em nossa l\u00edngua portuguesa, fez uma adapta\u00e7\u00e3o, trocando o X por S.<\/p>\n<!-- \/wp:paragraph --><!-- wp:paragraph -->\n<p>Enfim, a\u00ed est\u00e1 a explica\u00e7\u00e3o para essa maluquice do portugu\u00eas. <strong>\ud83d\ude0b<\/strong><\/p>\n<!-- \/wp:paragraph --><!-- wp:paragraph -->\n<p><strong>Separei tamb\u00e9m estes conte\u00fados para voc\u00ea:<\/strong><br \/><a href=\"https:\/\/monicaguerretta.com\/qualeocerto\/o-uso-dos-porques\/\" target=\"_blank\" rel=\"noreferrer noopener\">O uso dos porqu\u00eas de uma forma que ningu\u00e9m ensinou para voc\u00ea antes<\/a><br \/><a href=\"https:\/\/monicaguerretta.com\/qualeocerto\/nao-e-nenhum\/\" target=\"_blank\" rel=\"noreferrer noopener\">N\u00e3o tem nenhum&#8230; Est\u00e1 certo ou n\u00e3o faz nenhum sentido?<\/a><br \/><a href=\"https:\/\/monicaguerretta.com\/qualeocerto\/fim-de-semana-ou-final-de-semana\/\" target=\"_blank\" rel=\"noreferrer noopener\">Qual \u00e9 o certo: &#8220;fim de semana&#8221; ou &#8220;final de semana&#8221;?<\/a><\/p>\n<!-- \/wp:paragraph -->\t\t\t\t\t\t\t\t<\/div>\n\t\t\t\t<\/div>\n\t\t\t\t\t<\/div>\n\t\t<\/div>\n\t\t\t\t\t<\/div>\n\t\t<\/section>\n\t\t\t\t<section class=\"elementor-section elementor-top-section elementor-element elementor-element-087c530 elementor-section-boxed elementor-section-height-default elementor-section-height-default\" data-id=\"087c530\" data-element_type=\"section\">\n\t\t\t\t\t\t<div class=\"elementor-container elementor-column-gap-default\">\n\t\t\t\t\t<div class=\"elementor-column elementor-col-33 elementor-top-column elementor-element elementor-element-8b627c0\" data-id=\"8b627c0\" data-element_type=\"column\">\n\t\t\t<div class=\"elementor-widget-wrap elementor-element-populated\">\n\t\t\t\t\t\t<div class=\"elementor-element elementor-element-05b7572 elementor-invisible elementor-widget elementor-widget-image\" data-id=\"05b7572\" data-element_type=\"widget\" data-settings=\"{&quot;_animation&quot;:&quot;slideInLeft&quot;}\" data-widget_type=\"image.default\">\n\t\t\t\t<div class=\"elementor-widget-container\">\n\t\t\t\t\t\t\t\t\t\t\t\t\t\t\t<img fetchpriority=\"high\" decoding=\"async\" width=\"681\" height=\"1024\" src=\"https:\/\/monicaguerretta.com\/qualeocerto\/wp-content\/uploads\/2022\/07\/Monica-Guerretta-Qual-e-o-certo-681x1024.jpg\" class=\"attachment-large size-large wp-image-1980\" alt=\"M\u00f4nica-Guerretta-Qual-\u00e9-o-certo\" srcset=\"https:\/\/monicaguerretta.com\/qualeocerto\/wp-content\/uploads\/2022\/07\/Monica-Guerretta-Qual-e-o-certo-681x1024.jpg 681w, https:\/\/monicaguerretta.com\/qualeocerto\/wp-content\/uploads\/2022\/07\/Monica-Guerretta-Qual-e-o-certo-200x300.jpg 200w, https:\/\/monicaguerretta.com\/qualeocerto\/wp-content\/uploads\/2022\/07\/Monica-Guerretta-Qual-e-o-certo-768x1155.jpg 768w, https:\/\/monicaguerretta.com\/qualeocerto\/wp-content\/uploads\/2022\/07\/Monica-Guerretta-Qual-e-o-certo-1022x1536.jpg 1022w, https:\/\/monicaguerretta.com\/qualeocerto\/wp-content\/uploads\/2022\/07\/Monica-Guerretta-Qual-e-o-certo-1362x2048.jpg 1362w, https:\/\/monicaguerretta.com\/qualeocerto\/wp-content\/uploads\/2022\/07\/Monica-Guerretta-Qual-e-o-certo-scaled.jpg 1703w\" sizes=\"(max-width: 681px) 100vw, 681px\" \/>\t\t\t\t\t\t\t\t\t\t\t\t\t\t\t<\/div>\n\t\t\t\t<\/div>\n\t\t\t\t\t<\/div>\n\t\t<\/div>\n\t\t\t\t<div class=\"elementor-column elementor-col-66 elementor-top-column elementor-element elementor-element-f7677ee\" data-id=\"f7677ee\" data-element_type=\"column\">\n\t\t\t<div class=\"elementor-widget-wrap elementor-element-populated\">\n\t\t\t\t\t\t<div class=\"elementor-element elementor-element-76a41ea elementor-invisible elementor-widget elementor-widget-text-editor\" data-id=\"76a41ea\" data-element_type=\"widget\" data-settings=\"{&quot;_animation&quot;:&quot;slideInRight&quot;}\" data-widget_type=\"text-editor.default\">\n\t\t\t\t<div class=\"elementor-widget-container\">\n\t\t\t\t\t\t\t\t\t<p><b>Minha explica\u00e7\u00e3o ajudou voc\u00ea a se entender com o portugu\u00eas?\u00a0<br \/><\/b><span style=\"font-weight: 400;\">Ent\u00e3o apoie o Qual \u00e9 o certo?, por favorzinho. \ud83d\udc99<\/span><\/p>\n<ul>\n<li><a href=\"https:\/\/www.youtube.com\/c\/qualeocerto\" target=\"_blank\" rel=\"noopener\"><span style=\"font-weight: 400;\">Inscreva-se no canal do YouTube<\/span><\/a><\/li>\n<li><a href=\"https:\/\/www.instagram.com\/qualeocerto\/\" target=\"_blank\" rel=\"noopener\"><span style=\"font-weight: 400;\">Siga no Instagram<\/span><\/a><\/li>\n<li><a href=\"https:\/\/www.linkedin.com\/in\/monicaguerretta\/\"><span style=\"font-weight: 400;\">Acompanhe no LinkedIn<\/span><\/a><\/li>\n<li><a href=\"https:\/\/monicaguerretta.com\/qualeocerto\/vamos-conversar\/\" target=\"_blank\" rel=\"noopener\"><span style=\"font-weight: 400;\">Pague um cafezinho para mim<\/span><\/a><\/li>\n<li><span style=\"font-weight: 400;\">Compartilhe este conte\u00fado <\/span><\/li>\n<\/ul>\t\t\t\t\t\t\t\t<\/div>\n\t\t\t\t<\/div>\n\t\t\t\t\t<\/div>\n\t\t<\/div>\n\t\t\t\t\t<\/div>\n\t\t<\/section>\n\t\t\t\t<\/div>\n\t\t","protected":false},"excerpt":{"rendered":"<p>Volta e meia, alguma quest\u00e3o sobre o portugu\u00eas surge na minha cabe\u00e7a, e eu penso:\u2014 U\u00e9,&hellip;<\/p>\n","protected":false},"author":2,"featured_media":2221,"comment_status":"open","ping_status":"open","sticky":false,"template":"","format":"standard","meta":{"_exactmetrics_skip_tracking":false,"_exactmetrics_sitenote_active":false,"_exactmetrics_sitenote_note":"","_exactmetrics_sitenote_category":0,"footnotes":""},"categories":[179,229,291],"tags":[278,277],"class_list":["post-2219","post","type-post","status-publish","format-standard","has-post-thumbnail","hentry","category-confusoes-comuns","category-curiosidades","category-portugues","tag-estender","tag-extensao"],"yoast_head":"<!-- This site is optimized with the Yoast SEO plugin v27.5 - https:\/\/yoast.com\/product\/yoast-seo-wordpress\/ -->\n<title>Por que extens\u00e3o se escreve com X e estender com S? &#187; Qual \u00e9 o certo?<\/title>\n<meta name=\"description\" content=\"Esta \u00e9 uma das maiores d\u00favidas do portugu\u00eas: a maluquice de escrever extens\u00e3o com X e estender com S. Entenda qual \u00e9 a raz\u00e3o por tr\u00e1s disso.\" \/>\n<meta name=\"robots\" content=\"index, follow, max-snippet:-1, max-image-preview:large, max-video-preview:-1\" \/>\n<link rel=\"canonical\" href=\"https:\/\/monicaguerretta.com\/qualeocerto\/extensao-e-estender\/\" \/>\n<meta property=\"og:locale\" content=\"pt_BR\" \/>\n<meta property=\"og:type\" content=\"article\" \/>\n<meta property=\"og:title\" content=\"Por que extens\u00e3o se escreve com X e estender com S? &#187; Qual \u00e9 o certo?\" \/>\n<meta property=\"og:description\" content=\"Esta \u00e9 uma das maiores d\u00favidas do portugu\u00eas: a maluquice de escrever extens\u00e3o com X e estender com S. Entenda qual \u00e9 a raz\u00e3o por tr\u00e1s disso.\" \/>\n<meta property=\"og:url\" content=\"https:\/\/monicaguerretta.com\/qualeocerto\/extensao-e-estender\/\" \/>\n<meta property=\"og:site_name\" content=\"Qual \u00e9 o certo?\" \/>\n<meta property=\"article:publisher\" content=\"https:\/\/www.facebook.com\/qualeocerto\" \/>\n<meta property=\"article:published_time\" content=\"2022-08-09T16:32:00+00:00\" \/>\n<meta property=\"article:modified_time\" content=\"2022-12-02T21:42:38+00:00\" \/>\n<meta property=\"og:image\" content=\"https:\/\/monicaguerretta.com\/qualeocerto\/wp-content\/uploads\/2022\/09\/extensao-e-estender-qual-e-o-certo-1.png\" \/>\n\t<meta property=\"og:image:width\" content=\"1080\" \/>\n\t<meta property=\"og:image:height\" content=\"1081\" \/>\n\t<meta property=\"og:image:type\" content=\"image\/png\" \/>\n<meta name=\"author\" content=\"M\u00f4nica Guerretta\" \/>\n<meta name=\"twitter:card\" content=\"summary_large_image\" \/>\n<meta name=\"twitter:label1\" content=\"Escrito por\" \/>\n\t<meta name=\"twitter:data1\" content=\"M\u00f4nica Guerretta\" \/>\n\t<meta name=\"twitter:label2\" content=\"Est. tempo de leitura\" \/>\n\t<meta name=\"twitter:data2\" content=\"5 minutos\" \/>\n<script type=\"application\/ld+json\" class=\"yoast-schema-graph\">{\"@context\":\"https:\\\/\\\/schema.org\",\"@graph\":[{\"@type\":\"Article\",\"@id\":\"https:\\\/\\\/monicaguerretta.com\\\/qualeocerto\\\/extensao-e-estender\\\/#article\",\"isPartOf\":{\"@id\":\"https:\\\/\\\/monicaguerretta.com\\\/qualeocerto\\\/extensao-e-estender\\\/\"},\"author\":{\"name\":\"M\u00f4nica Guerretta\",\"@id\":\"https:\\\/\\\/monicaguerretta.com\\\/qualeocerto\\\/#\\\/schema\\\/person\\\/214b5e9a83b11fe11a18ecae0d21f79a\"},\"headline\":\"Por que extens\u00e3o se escreve com X e estender com S?\",\"datePublished\":\"2022-08-09T16:32:00+00:00\",\"dateModified\":\"2022-12-02T21:42:38+00:00\",\"mainEntityOfPage\":{\"@id\":\"https:\\\/\\\/monicaguerretta.com\\\/qualeocerto\\\/extensao-e-estender\\\/\"},\"wordCount\":738,\"commentCount\":0,\"publisher\":{\"@id\":\"https:\\\/\\\/monicaguerretta.com\\\/qualeocerto\\\/#organization\"},\"image\":{\"@id\":\"https:\\\/\\\/monicaguerretta.com\\\/qualeocerto\\\/extensao-e-estender\\\/#primaryimage\"},\"thumbnailUrl\":\"https:\\\/\\\/monicaguerretta.com\\\/qualeocerto\\\/wp-content\\\/uploads\\\/2022\\\/09\\\/extensao-e-estender-qual-e-o-certo-1.png\",\"keywords\":[\"estender\",\"extens\u00e3o\"],\"articleSection\":[\"Confus\u00f5es comuns\",\"Curiosidades\",\"Portugu\u00eas\"],\"inLanguage\":\"pt-BR\",\"potentialAction\":[{\"@type\":\"CommentAction\",\"name\":\"Comment\",\"target\":[\"https:\\\/\\\/monicaguerretta.com\\\/qualeocerto\\\/extensao-e-estender\\\/#respond\"]}]},{\"@type\":\"WebPage\",\"@id\":\"https:\\\/\\\/monicaguerretta.com\\\/qualeocerto\\\/extensao-e-estender\\\/\",\"url\":\"https:\\\/\\\/monicaguerretta.com\\\/qualeocerto\\\/extensao-e-estender\\\/\",\"name\":\"Por que extens\u00e3o se escreve com X e estender com S? &#187; Qual \u00e9 o certo?\",\"isPartOf\":{\"@id\":\"https:\\\/\\\/monicaguerretta.com\\\/qualeocerto\\\/#website\"},\"primaryImageOfPage\":{\"@id\":\"https:\\\/\\\/monicaguerretta.com\\\/qualeocerto\\\/extensao-e-estender\\\/#primaryimage\"},\"image\":{\"@id\":\"https:\\\/\\\/monicaguerretta.com\\\/qualeocerto\\\/extensao-e-estender\\\/#primaryimage\"},\"thumbnailUrl\":\"https:\\\/\\\/monicaguerretta.com\\\/qualeocerto\\\/wp-content\\\/uploads\\\/2022\\\/09\\\/extensao-e-estender-qual-e-o-certo-1.png\",\"datePublished\":\"2022-08-09T16:32:00+00:00\",\"dateModified\":\"2022-12-02T21:42:38+00:00\",\"description\":\"Esta \u00e9 uma das maiores d\u00favidas do portugu\u00eas: a maluquice de escrever extens\u00e3o com X e estender com S. Entenda qual \u00e9 a raz\u00e3o por tr\u00e1s disso.\",\"breadcrumb\":{\"@id\":\"https:\\\/\\\/monicaguerretta.com\\\/qualeocerto\\\/extensao-e-estender\\\/#breadcrumb\"},\"inLanguage\":\"pt-BR\",\"potentialAction\":[{\"@type\":\"ReadAction\",\"target\":[\"https:\\\/\\\/monicaguerretta.com\\\/qualeocerto\\\/extensao-e-estender\\\/\"]}]},{\"@type\":\"ImageObject\",\"inLanguage\":\"pt-BR\",\"@id\":\"https:\\\/\\\/monicaguerretta.com\\\/qualeocerto\\\/extensao-e-estender\\\/#primaryimage\",\"url\":\"https:\\\/\\\/monicaguerretta.com\\\/qualeocerto\\\/wp-content\\\/uploads\\\/2022\\\/09\\\/extensao-e-estender-qual-e-o-certo-1.png\",\"contentUrl\":\"https:\\\/\\\/monicaguerretta.com\\\/qualeocerto\\\/wp-content\\\/uploads\\\/2022\\\/09\\\/extensao-e-estender-qual-e-o-certo-1.png\",\"width\":1080,\"height\":1081,\"caption\":\"extens\u00e3o e estender - qual \u00e9 o certo\"},{\"@type\":\"BreadcrumbList\",\"@id\":\"https:\\\/\\\/monicaguerretta.com\\\/qualeocerto\\\/extensao-e-estender\\\/#breadcrumb\",\"itemListElement\":[{\"@type\":\"ListItem\",\"position\":1,\"name\":\"In\u00edcio\",\"item\":\"https:\\\/\\\/monicaguerretta.com\\\/qualeocerto\\\/\"},{\"@type\":\"ListItem\",\"position\":2,\"name\":\"Por que extens\u00e3o se escreve com X e estender com S?\"}]},{\"@type\":\"WebSite\",\"@id\":\"https:\\\/\\\/monicaguerretta.com\\\/qualeocerto\\\/#website\",\"url\":\"https:\\\/\\\/monicaguerretta.com\\\/qualeocerto\\\/\",\"name\":\"Qual \u00e9 o Certo?\",\"description\":\"M\u00f4nica Guerretta | Redatora publicit\u00e1ria | Copywriting - UX Writing\",\"publisher\":{\"@id\":\"https:\\\/\\\/monicaguerretta.com\\\/qualeocerto\\\/#organization\"},\"potentialAction\":[{\"@type\":\"SearchAction\",\"target\":{\"@type\":\"EntryPoint\",\"urlTemplate\":\"https:\\\/\\\/monicaguerretta.com\\\/qualeocerto\\\/?s={search_term_string}\"},\"query-input\":{\"@type\":\"PropertyValueSpecification\",\"valueRequired\":true,\"valueName\":\"search_term_string\"}}],\"inLanguage\":\"pt-BR\"},{\"@type\":\"Organization\",\"@id\":\"https:\\\/\\\/monicaguerretta.com\\\/qualeocerto\\\/#organization\",\"name\":\"Qual \u00e9 o certo?\",\"url\":\"https:\\\/\\\/monicaguerretta.com\\\/qualeocerto\\\/\",\"logo\":{\"@type\":\"ImageObject\",\"inLanguage\":\"pt-BR\",\"@id\":\"https:\\\/\\\/monicaguerretta.com\\\/qualeocerto\\\/#\\\/schema\\\/logo\\\/image\\\/\",\"url\":\"https:\\\/\\\/monicaguerretta.com\\\/qualeocerto\\\/wp-content\\\/uploads\\\/2022\\\/08\\\/marca-quale.png\",\"contentUrl\":\"https:\\\/\\\/monicaguerretta.com\\\/qualeocerto\\\/wp-content\\\/uploads\\\/2022\\\/08\\\/marca-quale.png\",\"width\":592,\"height\":315,\"caption\":\"Qual \u00e9 o certo?\"},\"image\":{\"@id\":\"https:\\\/\\\/monicaguerretta.com\\\/qualeocerto\\\/#\\\/schema\\\/logo\\\/image\\\/\"},\"sameAs\":[\"https:\\\/\\\/www.facebook.com\\\/qualeocerto\",\"https:\\\/\\\/www.instagram.com\\\/qualeocerto\\\/\",\"https:\\\/\\\/www.youtube.com\\\/c\\\/qualeocerto\"]},{\"@type\":\"Person\",\"@id\":\"https:\\\/\\\/monicaguerretta.com\\\/qualeocerto\\\/#\\\/schema\\\/person\\\/214b5e9a83b11fe11a18ecae0d21f79a\",\"name\":\"M\u00f4nica Guerretta\",\"image\":{\"@type\":\"ImageObject\",\"inLanguage\":\"pt-BR\",\"@id\":\"https:\\\/\\\/secure.gravatar.com\\\/avatar\\\/cc0028ec5e6e39e7cd7e61c0fa6158a6d7f1edc39c4f536d768ad95ee3e26a8a?s=96&d=mm&r=g\",\"url\":\"https:\\\/\\\/secure.gravatar.com\\\/avatar\\\/cc0028ec5e6e39e7cd7e61c0fa6158a6d7f1edc39c4f536d768ad95ee3e26a8a?s=96&d=mm&r=g\",\"contentUrl\":\"https:\\\/\\\/secure.gravatar.com\\\/avatar\\\/cc0028ec5e6e39e7cd7e61c0fa6158a6d7f1edc39c4f536d768ad95ee3e26a8a?s=96&d=mm&r=g\",\"caption\":\"M\u00f4nica Guerretta\"}}]}<\/script>\n<!-- \/ Yoast SEO plugin. -->","yoast_head_json":{"title":"Por que extens\u00e3o se escreve com X e estender com S? &#187; Qual \u00e9 o certo?","description":"Esta \u00e9 uma das maiores d\u00favidas do portugu\u00eas: a maluquice de escrever extens\u00e3o com X e estender com S. Entenda qual \u00e9 a raz\u00e3o por tr\u00e1s disso.","robots":{"index":"index","follow":"follow","max-snippet":"max-snippet:-1","max-image-preview":"max-image-preview:large","max-video-preview":"max-video-preview:-1"},"canonical":"https:\/\/monicaguerretta.com\/qualeocerto\/extensao-e-estender\/","og_locale":"pt_BR","og_type":"article","og_title":"Por que extens\u00e3o se escreve com X e estender com S? &#187; Qual \u00e9 o certo?","og_description":"Esta \u00e9 uma das maiores d\u00favidas do portugu\u00eas: a maluquice de escrever extens\u00e3o com X e estender com S. Entenda qual \u00e9 a raz\u00e3o por tr\u00e1s disso.","og_url":"https:\/\/monicaguerretta.com\/qualeocerto\/extensao-e-estender\/","og_site_name":"Qual \u00e9 o certo?","article_publisher":"https:\/\/www.facebook.com\/qualeocerto","article_published_time":"2022-08-09T16:32:00+00:00","article_modified_time":"2022-12-02T21:42:38+00:00","og_image":[{"width":1080,"height":1081,"url":"https:\/\/monicaguerretta.com\/qualeocerto\/wp-content\/uploads\/2022\/09\/extensao-e-estender-qual-e-o-certo-1.png","type":"image\/png"}],"author":"M\u00f4nica Guerretta","twitter_card":"summary_large_image","twitter_misc":{"Escrito por":"M\u00f4nica Guerretta","Est. tempo de leitura":"5 minutos"},"schema":{"@context":"https:\/\/schema.org","@graph":[{"@type":"Article","@id":"https:\/\/monicaguerretta.com\/qualeocerto\/extensao-e-estender\/#article","isPartOf":{"@id":"https:\/\/monicaguerretta.com\/qualeocerto\/extensao-e-estender\/"},"author":{"name":"M\u00f4nica Guerretta","@id":"https:\/\/monicaguerretta.com\/qualeocerto\/#\/schema\/person\/214b5e9a83b11fe11a18ecae0d21f79a"},"headline":"Por que extens\u00e3o se escreve com X e estender com S?","datePublished":"2022-08-09T16:32:00+00:00","dateModified":"2022-12-02T21:42:38+00:00","mainEntityOfPage":{"@id":"https:\/\/monicaguerretta.com\/qualeocerto\/extensao-e-estender\/"},"wordCount":738,"commentCount":0,"publisher":{"@id":"https:\/\/monicaguerretta.com\/qualeocerto\/#organization"},"image":{"@id":"https:\/\/monicaguerretta.com\/qualeocerto\/extensao-e-estender\/#primaryimage"},"thumbnailUrl":"https:\/\/monicaguerretta.com\/qualeocerto\/wp-content\/uploads\/2022\/09\/extensao-e-estender-qual-e-o-certo-1.png","keywords":["estender","extens\u00e3o"],"articleSection":["Confus\u00f5es comuns","Curiosidades","Portugu\u00eas"],"inLanguage":"pt-BR","potentialAction":[{"@type":"CommentAction","name":"Comment","target":["https:\/\/monicaguerretta.com\/qualeocerto\/extensao-e-estender\/#respond"]}]},{"@type":"WebPage","@id":"https:\/\/monicaguerretta.com\/qualeocerto\/extensao-e-estender\/","url":"https:\/\/monicaguerretta.com\/qualeocerto\/extensao-e-estender\/","name":"Por que extens\u00e3o se escreve com X e estender com S? &#187; Qual \u00e9 o certo?","isPartOf":{"@id":"https:\/\/monicaguerretta.com\/qualeocerto\/#website"},"primaryImageOfPage":{"@id":"https:\/\/monicaguerretta.com\/qualeocerto\/extensao-e-estender\/#primaryimage"},"image":{"@id":"https:\/\/monicaguerretta.com\/qualeocerto\/extensao-e-estender\/#primaryimage"},"thumbnailUrl":"https:\/\/monicaguerretta.com\/qualeocerto\/wp-content\/uploads\/2022\/09\/extensao-e-estender-qual-e-o-certo-1.png","datePublished":"2022-08-09T16:32:00+00:00","dateModified":"2022-12-02T21:42:38+00:00","description":"Esta \u00e9 uma das maiores d\u00favidas do portugu\u00eas: a maluquice de escrever extens\u00e3o com X e estender com S. Entenda qual \u00e9 a raz\u00e3o por tr\u00e1s disso.","breadcrumb":{"@id":"https:\/\/monicaguerretta.com\/qualeocerto\/extensao-e-estender\/#breadcrumb"},"inLanguage":"pt-BR","potentialAction":[{"@type":"ReadAction","target":["https:\/\/monicaguerretta.com\/qualeocerto\/extensao-e-estender\/"]}]},{"@type":"ImageObject","inLanguage":"pt-BR","@id":"https:\/\/monicaguerretta.com\/qualeocerto\/extensao-e-estender\/#primaryimage","url":"https:\/\/monicaguerretta.com\/qualeocerto\/wp-content\/uploads\/2022\/09\/extensao-e-estender-qual-e-o-certo-1.png","contentUrl":"https:\/\/monicaguerretta.com\/qualeocerto\/wp-content\/uploads\/2022\/09\/extensao-e-estender-qual-e-o-certo-1.png","width":1080,"height":1081,"caption":"extens\u00e3o e estender - qual \u00e9 o certo"},{"@type":"BreadcrumbList","@id":"https:\/\/monicaguerretta.com\/qualeocerto\/extensao-e-estender\/#breadcrumb","itemListElement":[{"@type":"ListItem","position":1,"name":"In\u00edcio","item":"https:\/\/monicaguerretta.com\/qualeocerto\/"},{"@type":"ListItem","position":2,"name":"Por que extens\u00e3o se escreve com X e estender com S?"}]},{"@type":"WebSite","@id":"https:\/\/monicaguerretta.com\/qualeocerto\/#website","url":"https:\/\/monicaguerretta.com\/qualeocerto\/","name":"Qual \u00e9 o Certo?","description":"M\u00f4nica Guerretta | Redatora publicit\u00e1ria | Copywriting - UX Writing","publisher":{"@id":"https:\/\/monicaguerretta.com\/qualeocerto\/#organization"},"potentialAction":[{"@type":"SearchAction","target":{"@type":"EntryPoint","urlTemplate":"https:\/\/monicaguerretta.com\/qualeocerto\/?s={search_term_string}"},"query-input":{"@type":"PropertyValueSpecification","valueRequired":true,"valueName":"search_term_string"}}],"inLanguage":"pt-BR"},{"@type":"Organization","@id":"https:\/\/monicaguerretta.com\/qualeocerto\/#organization","name":"Qual \u00e9 o certo?","url":"https:\/\/monicaguerretta.com\/qualeocerto\/","logo":{"@type":"ImageObject","inLanguage":"pt-BR","@id":"https:\/\/monicaguerretta.com\/qualeocerto\/#\/schema\/logo\/image\/","url":"https:\/\/monicaguerretta.com\/qualeocerto\/wp-content\/uploads\/2022\/08\/marca-quale.png","contentUrl":"https:\/\/monicaguerretta.com\/qualeocerto\/wp-content\/uploads\/2022\/08\/marca-quale.png","width":592,"height":315,"caption":"Qual \u00e9 o certo?"},"image":{"@id":"https:\/\/monicaguerretta.com\/qualeocerto\/#\/schema\/logo\/image\/"},"sameAs":["https:\/\/www.facebook.com\/qualeocerto","https:\/\/www.instagram.com\/qualeocerto\/","https:\/\/www.youtube.com\/c\/qualeocerto"]},{"@type":"Person","@id":"https:\/\/monicaguerretta.com\/qualeocerto\/#\/schema\/person\/214b5e9a83b11fe11a18ecae0d21f79a","name":"M\u00f4nica Guerretta","image":{"@type":"ImageObject","inLanguage":"pt-BR","@id":"https:\/\/secure.gravatar.com\/avatar\/cc0028ec5e6e39e7cd7e61c0fa6158a6d7f1edc39c4f536d768ad95ee3e26a8a?s=96&d=mm&r=g","url":"https:\/\/secure.gravatar.com\/avatar\/cc0028ec5e6e39e7cd7e61c0fa6158a6d7f1edc39c4f536d768ad95ee3e26a8a?s=96&d=mm&r=g","contentUrl":"https:\/\/secure.gravatar.com\/avatar\/cc0028ec5e6e39e7cd7e61c0fa6158a6d7f1edc39c4f536d768ad95ee3e26a8a?s=96&d=mm&r=g","caption":"M\u00f4nica Guerretta"}}]}},"_links":{"self":[{"href":"https:\/\/monicaguerretta.com\/qualeocerto\/wp-json\/wp\/v2\/posts\/2219","targetHints":{"allow":["GET"]}}],"collection":[{"href":"https:\/\/monicaguerretta.com\/qualeocerto\/wp-json\/wp\/v2\/posts"}],"about":[{"href":"https:\/\/monicaguerretta.com\/qualeocerto\/wp-json\/wp\/v2\/types\/post"}],"author":[{"embeddable":true,"href":"https:\/\/monicaguerretta.com\/qualeocerto\/wp-json\/wp\/v2\/users\/2"}],"replies":[{"embeddable":true,"href":"https:\/\/monicaguerretta.com\/qualeocerto\/wp-json\/wp\/v2\/comments?post=2219"}],"version-history":[{"count":13,"href":"https:\/\/monicaguerretta.com\/qualeocerto\/wp-json\/wp\/v2\/posts\/2219\/revisions"}],"predecessor-version":[{"id":2476,"href":"https:\/\/monicaguerretta.com\/qualeocerto\/wp-json\/wp\/v2\/posts\/2219\/revisions\/2476"}],"wp:featuredmedia":[{"embeddable":true,"href":"https:\/\/monicaguerretta.com\/qualeocerto\/wp-json\/wp\/v2\/media\/2221"}],"wp:attachment":[{"href":"https:\/\/monicaguerretta.com\/qualeocerto\/wp-json\/wp\/v2\/media?parent=2219"}],"wp:term":[{"taxonomy":"category","embeddable":true,"href":"https:\/\/monicaguerretta.com\/qualeocerto\/wp-json\/wp\/v2\/categories?post=2219"},{"taxonomy":"post_tag","embeddable":true,"href":"https:\/\/monicaguerretta.com\/qualeocerto\/wp-json\/wp\/v2\/tags?post=2219"}],"curies":[{"name":"wp","href":"https:\/\/api.w.org\/{rel}","templated":true}]}}