{"id":222,"date":"2019-12-10T12:17:43","date_gmt":"2019-12-10T12:17:43","guid":{"rendered":"http:\/\/monicaguerretta.com\/qualeocerto\/?p=222"},"modified":"2022-12-02T22:05:23","modified_gmt":"2022-12-02T22:05:23","slug":"mal-humor-ou-mau-humor","status":"publish","type":"post","link":"https:\/\/monicaguerretta.com\/qualeocerto\/mal-humor-ou-mau-humor\/","title":{"rendered":"<strong>Qual \u00e9 o certo: &#8220;mal humor&#8221; ou &#8220;mau humor&#8221;?<\/strong>"},"content":{"rendered":"\n<p class=\"wp-block-paragraph\"><strong>O certo \u00e9 <mark style=\"background-color:rgba(0, 0, 0, 0)\" class=\"has-inline-color has-vivid-green-cyan-color\">&#8220;mau humor&#8221;<\/mark>.<\/strong><\/p>\n\n\n\n<figure class=\"wp-block-embed is-type-video is-provider-youtube wp-block-embed-youtube wp-embed-aspect-16-9 wp-has-aspect-ratio\"><div class=\"wp-block-embed__wrapper\">\n<iframe title=\"Mal ou mau: qual \u00e9 o certo? Quando usar cada um?\" width=\"700\" height=\"394\" src=\"https:\/\/www.youtube.com\/embed\/zTy-TeuwMXc?feature=oembed\" frameborder=\"0\" allow=\"accelerometer; autoplay; clipboard-write; encrypted-media; gyroscope; picture-in-picture\" allowfullscreen><\/iframe>\n<\/div><\/figure>\n\n\n\n<p class=\"wp-block-paragraph\"><strong><mark style=\"background-color:rgba(0, 0, 0, 0)\" class=\"has-inline-color has-vivid-purple-color\">Mau<\/mark> \u00e9 o oposto de bom.<\/strong> Ent\u00e3o, como o contr\u00e1rio seria <strong><mark style=\"background-color:rgba(0, 0, 0, 0)\" class=\"has-inline-color has-vivid-purple-color\">bom humor<\/mark><\/strong>, o certo \u00e9 dizer: <strong><mark style=\"background-color:rgba(0, 0, 0, 0)\" class=\"has-inline-color has-vivid-purple-color\">mau humor<\/mark><\/strong>.<\/p>\n\n\n\n<p class=\"wp-block-paragraph\">Voc\u00ea consegue usar <strong><strong><mark style=\"background-color:rgba(0, 0, 0, 0)\" class=\"has-inline-color has-vivid-purple-color\">mal<\/mark><\/strong><\/strong> em <strong><mark style=\"background-color:rgba(0, 0, 0, 0)\" class=\"has-inline-color has-vivid-purple-color\">mal-humorado<\/mark><\/strong>. Afinal, o contr\u00e1rio seria <strong><mark style=\"background-color:rgba(0, 0, 0, 0)\" class=\"has-inline-color has-vivid-purple-color\">bem-humorado<\/mark><\/strong>.<\/p>\n\n\n\n<p class=\"wp-block-paragraph\">Eita! Agora apareceu o h\u00edfen para complicar tudo.  \ud83d\ude2e <\/p>\n\n\n\n<p class=\"wp-block-paragraph\"><strong><mark style=\"background-color:rgba(0, 0, 0, 0)\" class=\"has-inline-color has-vivid-purple-color\">Mau humor<\/mark> n\u00e3o tem h\u00edfen<\/strong> porque <strong><mark style=\"background-color:rgba(0, 0, 0, 0)\" class=\"has-inline-color has-vivid-purple-color\">mau<\/mark><\/strong> e <strong><mark style=\"background-color:rgba(0, 0, 0, 0)\" class=\"has-inline-color has-vivid-purple-color\">humor<\/mark><\/strong> s\u00e3o palavras independentes uma da outra; <strong><mark style=\"background-color:rgba(0, 0, 0, 0)\" class=\"has-inline-color has-vivid-purple-color\">mau<\/mark><\/strong> \u00e9 um adjetivo e <strong><mark style=\"background-color:rgba(0, 0, 0, 0)\" class=\"has-inline-color has-vivid-purple-color\">humor<\/mark><\/strong> \u00e9 um substantivo.<\/p>\n\n\n\n<p class=\"wp-block-paragraph\"><strong><a aria-label=\"Mal-humorado (abre numa nova aba)\" href=\"https:\/\/michaelis.uol.com.br\/moderno-portugues\/busca\/portugues-brasileiro\/mal-humorado\/\" target=\"_blank\" rel=\"noreferrer noopener\">Mal-humorado<\/a> tem h\u00edfen<\/strong> porque \u00e9 um adjetivo; os dois elementos, juntos, formam uma palavra.<\/p>\n\n\n\n<div class=\"wp-block-image\"><figure class=\"aligncenter size-large\"><img decoding=\"async\" src=\"https:\/\/media2.giphy.com\/media\/1XVVLBev87hm0\/source.gif\" alt=\"\"\/><\/figure><\/div>\n\n\n\n<p class=\"wp-block-paragraph\">Voltando \u00e0 d\u00favida inicial, lembre-se sempre daquela regrinha que aprendemos no col\u00e9gio \ud83d\udc69\ud83c\udffb\u200d\ud83c\udfeb para saber quando usar <strong><mark style=\"background-color:rgba(0, 0, 0, 0)\" class=\"has-inline-color has-vivid-purple-color\">mau<\/mark><\/strong> e quando usar <strong><mark style=\"background-color:rgba(0, 0, 0, 0)\" class=\"has-inline-color has-vivid-purple-color\">mal<\/mark><\/strong>: comparar com seus ant\u00f4nimos.<\/p>\n\n\n\n<p class=\"wp-block-paragraph\"><strong><strong><mark style=\"background-color:rgba(0, 0, 0, 0)\" class=\"has-inline-color has-vivid-purple-color\">Mau<\/mark><\/strong> = ant\u00f4nimo de bom<br><strong><mark style=\"background-color:rgba(0, 0, 0, 0)\" class=\"has-inline-color has-vivid-purple-color\">Mal<\/mark><\/strong> = ant\u00f4nimo de bem<\/strong><\/p>\n\n\n\n<p class=\"wp-block-paragraph\"><\/p>\n","protected":false},"excerpt":{"rendered":"<p>O certo \u00e9 &#8220;mau humor&#8221;. Mau \u00e9 o oposto de bom. Ent\u00e3o, como o contr\u00e1rio seria&hellip;<\/p>\n","protected":false},"author":2,"featured_media":872,"comment_status":"open","ping_status":"open","sticky":false,"template":"","format":"standard","meta":{"_exactmetrics_skip_tracking":false,"_exactmetrics_sitenote_active":false,"_exactmetrics_sitenote_note":"","_exactmetrics_sitenote_category":0,"footnotes":""},"categories":[179,291],"tags":[56,57,58],"class_list":["post-222","post","type-post","status-publish","format-standard","has-post-thumbnail","hentry","category-confusoes-comuns","category-portugues","tag-mal","tag-mau","tag-mau-humor"],"yoast_head":"<!-- This site is optimized with the Yoast SEO plugin v28.4 - https:\/\/yoast.com\/product\/yoast-seo-wordpress\/ -->\n<title>Qual \u00e9 o certo: &quot;mal humor&quot; ou &quot;mau humor&quot;? &#187; Qual \u00e9 o certo?<\/title>\n<meta name=\"description\" content=\"Mau humor ou mal humor? N\u00e3o permita que essa d\u00favida fa\u00e7a voc\u00ea se sentir mal-humorado. Saiba agora qual \u00e9 o certo e n\u00e3o erre mais!\" \/>\n<meta name=\"robots\" content=\"index, follow, max-snippet:-1, max-image-preview:large, max-video-preview:-1\" \/>\n<link rel=\"canonical\" href=\"https:\/\/monicaguerretta.com\/qualeocerto\/mal-humor-ou-mau-humor\/\" \/>\n<meta property=\"og:locale\" content=\"pt_BR\" \/>\n<meta property=\"og:type\" content=\"article\" \/>\n<meta property=\"og:title\" content=\"Qual \u00e9 o certo: &quot;mal humor&quot; ou &quot;mau humor&quot;? &#187; Qual \u00e9 o certo?\" \/>\n<meta property=\"og:description\" content=\"Mau humor ou mal humor? N\u00e3o permita que essa d\u00favida fa\u00e7a voc\u00ea se sentir mal-humorado. Saiba agora qual \u00e9 o certo e n\u00e3o erre mais!\" \/>\n<meta property=\"og:url\" content=\"https:\/\/monicaguerretta.com\/qualeocerto\/mal-humor-ou-mau-humor\/\" \/>\n<meta property=\"og:site_name\" content=\"Qual \u00e9 o certo?\" \/>\n<meta property=\"article:publisher\" content=\"https:\/\/www.facebook.com\/qualeocerto\" \/>\n<meta property=\"article:published_time\" content=\"2019-12-10T12:17:43+00:00\" \/>\n<meta property=\"article:modified_time\" content=\"2022-12-02T22:05:23+00:00\" \/>\n<meta property=\"og:image\" content=\"https:\/\/monicaguerretta.com\/qualeocerto\/wp-content\/uploads\/2019\/12\/mal-humor-ou-mau-humor-qual-e-o-certo.png\" \/>\n\t<meta property=\"og:image:width\" content=\"600\" \/>\n\t<meta property=\"og:image:height\" content=\"601\" \/>\n\t<meta property=\"og:image:type\" content=\"image\/png\" \/>\n<meta name=\"author\" content=\"M\u00f4nica Guerretta\" \/>\n<meta name=\"twitter:card\" content=\"summary_large_image\" \/>\n<meta name=\"twitter:label1\" content=\"Escrito por\" \/>\n\t<meta name=\"twitter:data1\" content=\"M\u00f4nica Guerretta\" \/>\n\t<meta name=\"twitter:label2\" content=\"Est. tempo de leitura\" \/>\n\t<meta name=\"twitter:data2\" content=\"1 minuto\" \/>\n<script type=\"application\/ld+json\" class=\"yoast-schema-graph\">{\"@context\":\"https:\\\/\\\/schema.org\",\"@graph\":[{\"@type\":\"Article\",\"@id\":\"https:\\\/\\\/monicaguerretta.com\\\/qualeocerto\\\/mal-humor-ou-mau-humor\\\/#article\",\"isPartOf\":{\"@id\":\"https:\\\/\\\/monicaguerretta.com\\\/qualeocerto\\\/mal-humor-ou-mau-humor\\\/\"},\"author\":{\"name\":\"M\u00f4nica Guerretta\",\"@id\":\"https:\\\/\\\/monicaguerretta.com\\\/qualeocerto\\\/#\\\/schema\\\/person\\\/118874294430cb7c9b1bc5523f63cbf4\"},\"headline\":\"Qual \u00e9 o certo: &#8220;mal humor&#8221; ou &#8220;mau humor&#8221;?\",\"datePublished\":\"2019-12-10T12:17:43+00:00\",\"dateModified\":\"2022-12-02T22:05:23+00:00\",\"mainEntityOfPage\":{\"@id\":\"https:\\\/\\\/monicaguerretta.com\\\/qualeocerto\\\/mal-humor-ou-mau-humor\\\/\"},\"wordCount\":132,\"commentCount\":0,\"publisher\":{\"@id\":\"https:\\\/\\\/monicaguerretta.com\\\/qualeocerto\\\/#organization\"},\"image\":{\"@id\":\"https:\\\/\\\/monicaguerretta.com\\\/qualeocerto\\\/mal-humor-ou-mau-humor\\\/#primaryimage\"},\"thumbnailUrl\":\"https:\\\/\\\/monicaguerretta.com\\\/qualeocerto\\\/wp-content\\\/uploads\\\/2019\\\/12\\\/mal-humor-ou-mau-humor-qual-e-o-certo.png\",\"keywords\":[\"mal\",\"mau\",\"mau humor\"],\"articleSection\":[\"Confus\u00f5es comuns\",\"Portugu\u00eas\"],\"inLanguage\":\"pt-BR\",\"potentialAction\":[{\"@type\":\"CommentAction\",\"name\":\"Comment\",\"target\":[\"https:\\\/\\\/monicaguerretta.com\\\/qualeocerto\\\/mal-humor-ou-mau-humor\\\/#respond\"]}]},{\"@type\":\"WebPage\",\"@id\":\"https:\\\/\\\/monicaguerretta.com\\\/qualeocerto\\\/mal-humor-ou-mau-humor\\\/\",\"url\":\"https:\\\/\\\/monicaguerretta.com\\\/qualeocerto\\\/mal-humor-ou-mau-humor\\\/\",\"name\":\"Qual \u00e9 o certo: \\\"mal humor\\\" ou \\\"mau humor\\\"? &#187; Qual \u00e9 o certo?\",\"isPartOf\":{\"@id\":\"https:\\\/\\\/monicaguerretta.com\\\/qualeocerto\\\/#website\"},\"primaryImageOfPage\":{\"@id\":\"https:\\\/\\\/monicaguerretta.com\\\/qualeocerto\\\/mal-humor-ou-mau-humor\\\/#primaryimage\"},\"image\":{\"@id\":\"https:\\\/\\\/monicaguerretta.com\\\/qualeocerto\\\/mal-humor-ou-mau-humor\\\/#primaryimage\"},\"thumbnailUrl\":\"https:\\\/\\\/monicaguerretta.com\\\/qualeocerto\\\/wp-content\\\/uploads\\\/2019\\\/12\\\/mal-humor-ou-mau-humor-qual-e-o-certo.png\",\"datePublished\":\"2019-12-10T12:17:43+00:00\",\"dateModified\":\"2022-12-02T22:05:23+00:00\",\"description\":\"Mau humor ou mal humor? N\u00e3o permita que essa d\u00favida fa\u00e7a voc\u00ea se sentir mal-humorado. Saiba agora qual \u00e9 o certo e n\u00e3o erre mais!\",\"breadcrumb\":{\"@id\":\"https:\\\/\\\/monicaguerretta.com\\\/qualeocerto\\\/mal-humor-ou-mau-humor\\\/#breadcrumb\"},\"inLanguage\":\"pt-BR\",\"potentialAction\":[{\"@type\":\"ReadAction\",\"target\":[\"https:\\\/\\\/monicaguerretta.com\\\/qualeocerto\\\/mal-humor-ou-mau-humor\\\/\"]}]},{\"@type\":\"ImageObject\",\"inLanguage\":\"pt-BR\",\"@id\":\"https:\\\/\\\/monicaguerretta.com\\\/qualeocerto\\\/mal-humor-ou-mau-humor\\\/#primaryimage\",\"url\":\"https:\\\/\\\/monicaguerretta.com\\\/qualeocerto\\\/wp-content\\\/uploads\\\/2019\\\/12\\\/mal-humor-ou-mau-humor-qual-e-o-certo.png\",\"contentUrl\":\"https:\\\/\\\/monicaguerretta.com\\\/qualeocerto\\\/wp-content\\\/uploads\\\/2019\\\/12\\\/mal-humor-ou-mau-humor-qual-e-o-certo.png\",\"width\":600,\"height\":601,\"caption\":\"mal humor ou mau humor - qual \u00e9 o certo\"},{\"@type\":\"BreadcrumbList\",\"@id\":\"https:\\\/\\\/monicaguerretta.com\\\/qualeocerto\\\/mal-humor-ou-mau-humor\\\/#breadcrumb\",\"itemListElement\":[{\"@type\":\"ListItem\",\"position\":1,\"name\":\"In\u00edcio\",\"item\":\"https:\\\/\\\/monicaguerretta.com\\\/qualeocerto\\\/\"},{\"@type\":\"ListItem\",\"position\":2,\"name\":\"Qual \u00e9 o certo: &#8220;mal humor&#8221; ou &#8220;mau humor&#8221;?\"}]},{\"@type\":\"WebSite\",\"@id\":\"https:\\\/\\\/monicaguerretta.com\\\/qualeocerto\\\/#website\",\"url\":\"https:\\\/\\\/monicaguerretta.com\\\/qualeocerto\\\/\",\"name\":\"Qual \u00e9 o Certo?\",\"description\":\"M\u00f4nica Guerretta | Redatora publicit\u00e1ria | Copywriting - UX Writing\",\"publisher\":{\"@id\":\"https:\\\/\\\/monicaguerretta.com\\\/qualeocerto\\\/#organization\"},\"potentialAction\":[{\"@type\":\"SearchAction\",\"target\":{\"@type\":\"EntryPoint\",\"urlTemplate\":\"https:\\\/\\\/monicaguerretta.com\\\/qualeocerto\\\/?s={search_term_string}\"},\"query-input\":{\"@type\":\"PropertyValueSpecification\",\"valueRequired\":true,\"valueName\":\"search_term_string\"}}],\"inLanguage\":\"pt-BR\"},{\"@type\":\"Organization\",\"@id\":\"https:\\\/\\\/monicaguerretta.com\\\/qualeocerto\\\/#organization\",\"name\":\"Qual \u00e9 o certo?\",\"url\":\"https:\\\/\\\/monicaguerretta.com\\\/qualeocerto\\\/\",\"logo\":{\"@type\":\"ImageObject\",\"inLanguage\":\"pt-BR\",\"@id\":\"https:\\\/\\\/monicaguerretta.com\\\/qualeocerto\\\/#\\\/schema\\\/logo\\\/image\\\/\",\"url\":\"https:\\\/\\\/monicaguerretta.com\\\/qualeocerto\\\/wp-content\\\/uploads\\\/2022\\\/08\\\/marca-quale.png\",\"contentUrl\":\"https:\\\/\\\/monicaguerretta.com\\\/qualeocerto\\\/wp-content\\\/uploads\\\/2022\\\/08\\\/marca-quale.png\",\"width\":592,\"height\":315,\"caption\":\"Qual \u00e9 o certo?\"},\"image\":{\"@id\":\"https:\\\/\\\/monicaguerretta.com\\\/qualeocerto\\\/#\\\/schema\\\/logo\\\/image\\\/\"},\"sameAs\":[\"https:\\\/\\\/www.facebook.com\\\/qualeocerto\",\"https:\\\/\\\/www.instagram.com\\\/qualeocerto\\\/\",\"https:\\\/\\\/www.youtube.com\\\/c\\\/qualeocerto\"]},{\"@type\":\"Person\",\"@id\":\"https:\\\/\\\/monicaguerretta.com\\\/qualeocerto\\\/#\\\/schema\\\/person\\\/118874294430cb7c9b1bc5523f63cbf4\",\"name\":\"M\u00f4nica Guerretta\",\"image\":{\"@type\":\"ImageObject\",\"inLanguage\":\"pt-BR\",\"@id\":\"https:\\\/\\\/secure.gravatar.com\\\/avatar\\\/cc0028ec5e6e39e7cd7e61c0fa6158a6d7f1edc39c4f536d768ad95ee3e26a8a?s=96&d=mm&r=g\",\"url\":\"https:\\\/\\\/secure.gravatar.com\\\/avatar\\\/cc0028ec5e6e39e7cd7e61c0fa6158a6d7f1edc39c4f536d768ad95ee3e26a8a?s=96&d=mm&r=g\",\"contentUrl\":\"https:\\\/\\\/secure.gravatar.com\\\/avatar\\\/cc0028ec5e6e39e7cd7e61c0fa6158a6d7f1edc39c4f536d768ad95ee3e26a8a?s=96&d=mm&r=g\",\"caption\":\"M\u00f4nica Guerretta\"}}]}<\/script>\n<!-- \/ Yoast SEO plugin. -->","yoast_head_json":{"title":"Qual \u00e9 o certo: \"mal humor\" ou \"mau humor\"? &#187; Qual \u00e9 o certo?","description":"Mau humor ou mal humor? N\u00e3o permita que essa d\u00favida fa\u00e7a voc\u00ea se sentir mal-humorado. Saiba agora qual \u00e9 o certo e n\u00e3o erre mais!","robots":{"index":"index","follow":"follow","max-snippet":"max-snippet:-1","max-image-preview":"max-image-preview:large","max-video-preview":"max-video-preview:-1"},"canonical":"https:\/\/monicaguerretta.com\/qualeocerto\/mal-humor-ou-mau-humor\/","og_locale":"pt_BR","og_type":"article","og_title":"Qual \u00e9 o certo: \"mal humor\" ou \"mau humor\"? &#187; Qual \u00e9 o certo?","og_description":"Mau humor ou mal humor? N\u00e3o permita que essa d\u00favida fa\u00e7a voc\u00ea se sentir mal-humorado. Saiba agora qual \u00e9 o certo e n\u00e3o erre mais!","og_url":"https:\/\/monicaguerretta.com\/qualeocerto\/mal-humor-ou-mau-humor\/","og_site_name":"Qual \u00e9 o certo?","article_publisher":"https:\/\/www.facebook.com\/qualeocerto","article_published_time":"2019-12-10T12:17:43+00:00","article_modified_time":"2022-12-02T22:05:23+00:00","og_image":[{"width":600,"height":601,"url":"https:\/\/monicaguerretta.com\/qualeocerto\/wp-content\/uploads\/2019\/12\/mal-humor-ou-mau-humor-qual-e-o-certo.png","type":"image\/png"}],"author":"M\u00f4nica Guerretta","twitter_card":"summary_large_image","twitter_misc":{"Escrito por":"M\u00f4nica Guerretta","Est. tempo de leitura":"1 minuto"},"schema":{"@context":"https:\/\/schema.org","@graph":[{"@type":"Article","@id":"https:\/\/monicaguerretta.com\/qualeocerto\/mal-humor-ou-mau-humor\/#article","isPartOf":{"@id":"https:\/\/monicaguerretta.com\/qualeocerto\/mal-humor-ou-mau-humor\/"},"author":{"name":"M\u00f4nica Guerretta","@id":"https:\/\/monicaguerretta.com\/qualeocerto\/#\/schema\/person\/118874294430cb7c9b1bc5523f63cbf4"},"headline":"Qual \u00e9 o certo: &#8220;mal humor&#8221; ou &#8220;mau humor&#8221;?","datePublished":"2019-12-10T12:17:43+00:00","dateModified":"2022-12-02T22:05:23+00:00","mainEntityOfPage":{"@id":"https:\/\/monicaguerretta.com\/qualeocerto\/mal-humor-ou-mau-humor\/"},"wordCount":132,"commentCount":0,"publisher":{"@id":"https:\/\/monicaguerretta.com\/qualeocerto\/#organization"},"image":{"@id":"https:\/\/monicaguerretta.com\/qualeocerto\/mal-humor-ou-mau-humor\/#primaryimage"},"thumbnailUrl":"https:\/\/monicaguerretta.com\/qualeocerto\/wp-content\/uploads\/2019\/12\/mal-humor-ou-mau-humor-qual-e-o-certo.png","keywords":["mal","mau","mau humor"],"articleSection":["Confus\u00f5es comuns","Portugu\u00eas"],"inLanguage":"pt-BR","potentialAction":[{"@type":"CommentAction","name":"Comment","target":["https:\/\/monicaguerretta.com\/qualeocerto\/mal-humor-ou-mau-humor\/#respond"]}]},{"@type":"WebPage","@id":"https:\/\/monicaguerretta.com\/qualeocerto\/mal-humor-ou-mau-humor\/","url":"https:\/\/monicaguerretta.com\/qualeocerto\/mal-humor-ou-mau-humor\/","name":"Qual \u00e9 o certo: \"mal humor\" ou \"mau humor\"? &#187; Qual \u00e9 o certo?","isPartOf":{"@id":"https:\/\/monicaguerretta.com\/qualeocerto\/#website"},"primaryImageOfPage":{"@id":"https:\/\/monicaguerretta.com\/qualeocerto\/mal-humor-ou-mau-humor\/#primaryimage"},"image":{"@id":"https:\/\/monicaguerretta.com\/qualeocerto\/mal-humor-ou-mau-humor\/#primaryimage"},"thumbnailUrl":"https:\/\/monicaguerretta.com\/qualeocerto\/wp-content\/uploads\/2019\/12\/mal-humor-ou-mau-humor-qual-e-o-certo.png","datePublished":"2019-12-10T12:17:43+00:00","dateModified":"2022-12-02T22:05:23+00:00","description":"Mau humor ou mal humor? N\u00e3o permita que essa d\u00favida fa\u00e7a voc\u00ea se sentir mal-humorado. Saiba agora qual \u00e9 o certo e n\u00e3o erre mais!","breadcrumb":{"@id":"https:\/\/monicaguerretta.com\/qualeocerto\/mal-humor-ou-mau-humor\/#breadcrumb"},"inLanguage":"pt-BR","potentialAction":[{"@type":"ReadAction","target":["https:\/\/monicaguerretta.com\/qualeocerto\/mal-humor-ou-mau-humor\/"]}]},{"@type":"ImageObject","inLanguage":"pt-BR","@id":"https:\/\/monicaguerretta.com\/qualeocerto\/mal-humor-ou-mau-humor\/#primaryimage","url":"https:\/\/monicaguerretta.com\/qualeocerto\/wp-content\/uploads\/2019\/12\/mal-humor-ou-mau-humor-qual-e-o-certo.png","contentUrl":"https:\/\/monicaguerretta.com\/qualeocerto\/wp-content\/uploads\/2019\/12\/mal-humor-ou-mau-humor-qual-e-o-certo.png","width":600,"height":601,"caption":"mal humor ou mau humor - qual \u00e9 o certo"},{"@type":"BreadcrumbList","@id":"https:\/\/monicaguerretta.com\/qualeocerto\/mal-humor-ou-mau-humor\/#breadcrumb","itemListElement":[{"@type":"ListItem","position":1,"name":"In\u00edcio","item":"https:\/\/monicaguerretta.com\/qualeocerto\/"},{"@type":"ListItem","position":2,"name":"Qual \u00e9 o certo: &#8220;mal humor&#8221; ou &#8220;mau humor&#8221;?"}]},{"@type":"WebSite","@id":"https:\/\/monicaguerretta.com\/qualeocerto\/#website","url":"https:\/\/monicaguerretta.com\/qualeocerto\/","name":"Qual \u00e9 o Certo?","description":"M\u00f4nica Guerretta | Redatora publicit\u00e1ria | Copywriting - UX Writing","publisher":{"@id":"https:\/\/monicaguerretta.com\/qualeocerto\/#organization"},"potentialAction":[{"@type":"SearchAction","target":{"@type":"EntryPoint","urlTemplate":"https:\/\/monicaguerretta.com\/qualeocerto\/?s={search_term_string}"},"query-input":{"@type":"PropertyValueSpecification","valueRequired":true,"valueName":"search_term_string"}}],"inLanguage":"pt-BR"},{"@type":"Organization","@id":"https:\/\/monicaguerretta.com\/qualeocerto\/#organization","name":"Qual \u00e9 o certo?","url":"https:\/\/monicaguerretta.com\/qualeocerto\/","logo":{"@type":"ImageObject","inLanguage":"pt-BR","@id":"https:\/\/monicaguerretta.com\/qualeocerto\/#\/schema\/logo\/image\/","url":"https:\/\/monicaguerretta.com\/qualeocerto\/wp-content\/uploads\/2022\/08\/marca-quale.png","contentUrl":"https:\/\/monicaguerretta.com\/qualeocerto\/wp-content\/uploads\/2022\/08\/marca-quale.png","width":592,"height":315,"caption":"Qual \u00e9 o certo?"},"image":{"@id":"https:\/\/monicaguerretta.com\/qualeocerto\/#\/schema\/logo\/image\/"},"sameAs":["https:\/\/www.facebook.com\/qualeocerto","https:\/\/www.instagram.com\/qualeocerto\/","https:\/\/www.youtube.com\/c\/qualeocerto"]},{"@type":"Person","@id":"https:\/\/monicaguerretta.com\/qualeocerto\/#\/schema\/person\/118874294430cb7c9b1bc5523f63cbf4","name":"M\u00f4nica Guerretta","image":{"@type":"ImageObject","inLanguage":"pt-BR","@id":"https:\/\/secure.gravatar.com\/avatar\/cc0028ec5e6e39e7cd7e61c0fa6158a6d7f1edc39c4f536d768ad95ee3e26a8a?s=96&d=mm&r=g","url":"https:\/\/secure.gravatar.com\/avatar\/cc0028ec5e6e39e7cd7e61c0fa6158a6d7f1edc39c4f536d768ad95ee3e26a8a?s=96&d=mm&r=g","contentUrl":"https:\/\/secure.gravatar.com\/avatar\/cc0028ec5e6e39e7cd7e61c0fa6158a6d7f1edc39c4f536d768ad95ee3e26a8a?s=96&d=mm&r=g","caption":"M\u00f4nica Guerretta"}}]}},"_links":{"self":[{"href":"https:\/\/monicaguerretta.com\/qualeocerto\/wp-json\/wp\/v2\/posts\/222","targetHints":{"allow":["GET"]}}],"collection":[{"href":"https:\/\/monicaguerretta.com\/qualeocerto\/wp-json\/wp\/v2\/posts"}],"about":[{"href":"https:\/\/monicaguerretta.com\/qualeocerto\/wp-json\/wp\/v2\/types\/post"}],"author":[{"embeddable":true,"href":"https:\/\/monicaguerretta.com\/qualeocerto\/wp-json\/wp\/v2\/users\/2"}],"replies":[{"embeddable":true,"href":"https:\/\/monicaguerretta.com\/qualeocerto\/wp-json\/wp\/v2\/comments?post=222"}],"version-history":[{"count":12,"href":"https:\/\/monicaguerretta.com\/qualeocerto\/wp-json\/wp\/v2\/posts\/222\/revisions"}],"predecessor-version":[{"id":2572,"href":"https:\/\/monicaguerretta.com\/qualeocerto\/wp-json\/wp\/v2\/posts\/222\/revisions\/2572"}],"wp:featuredmedia":[{"embeddable":true,"href":"https:\/\/monicaguerretta.com\/qualeocerto\/wp-json\/wp\/v2\/media\/872"}],"wp:attachment":[{"href":"https:\/\/monicaguerretta.com\/qualeocerto\/wp-json\/wp\/v2\/media?parent=222"}],"wp:term":[{"taxonomy":"category","embeddable":true,"href":"https:\/\/monicaguerretta.com\/qualeocerto\/wp-json\/wp\/v2\/categories?post=222"},{"taxonomy":"post_tag","embeddable":true,"href":"https:\/\/monicaguerretta.com\/qualeocerto\/wp-json\/wp\/v2\/tags?post=222"}],"curies":[{"name":"wp","href":"https:\/\/api.w.org\/{rel}","templated":true}]}}