{"id":2249,"date":"2022-09-24T20:36:00","date_gmt":"2022-09-24T20:36:00","guid":{"rendered":"https:\/\/monicaguerretta.com\/qualeocerto\/?p=2249"},"modified":"2022-12-02T21:41:37","modified_gmt":"2022-12-02T21:41:37","slug":"grande-maioria-e-pleonasmo","status":"publish","type":"post","link":"https:\/\/monicaguerretta.com\/qualeocerto\/grande-maioria-e-pleonasmo\/","title":{"rendered":"<strong>Grande maioria \u00e9 pleonasmo ou n\u00e3o?<\/strong>"},"content":{"rendered":"\t\t<div data-elementor-type=\"wp-post\" data-elementor-id=\"2249\" class=\"elementor elementor-2249\">\n\t\t\t\t\t\t<section class=\"elementor-section elementor-top-section elementor-element elementor-element-a2108a8 elementor-section-boxed elementor-section-height-default elementor-section-height-default\" data-id=\"a2108a8\" data-element_type=\"section\">\n\t\t\t\t\t\t<div class=\"elementor-container elementor-column-gap-default\">\n\t\t\t\t\t<div class=\"elementor-column elementor-col-100 elementor-top-column elementor-element elementor-element-84100f0\" data-id=\"84100f0\" data-element_type=\"column\">\n\t\t\t<div class=\"elementor-widget-wrap elementor-element-populated\">\n\t\t\t\t\t\t<div class=\"elementor-element elementor-element-656dfae elementor-widget elementor-widget-text-editor\" data-id=\"656dfae\" data-element_type=\"widget\" data-widget_type=\"text-editor.default\">\n\t\t\t\t<div class=\"elementor-widget-container\">\n\t\t\t\t\t\t\t\t\t<p>Muitas pessoas dizem que a express\u00e3o <strong><mark class=\"has-inline-color has-vivid-purple-color\" style=\"background-color: rgba(0, 0, 0, 0);\">grande maioria<\/mark><\/strong> \u00e9 um pleonasmo, ou redund\u00e2ncia. Porque \u2014 segundo elas \ud83d\udc40 \u2014 se \u00e9 <strong>maioria<\/strong>, j\u00e1 \u00e9 <strong>grande<\/strong>.<\/p>\n<p><!-- \/wp:paragraph --><!-- wp:paragraph --><\/p>\n<p>Ser\u00e1 mesmo? \ud83e\udd14<\/p>\n<p><!-- \/wp:paragraph --><!-- wp:paragraph --><\/p>\n<p>Vem comigo, que agora eu vou exterminar essa d\u00favida.<\/p>\t\t\t\t\t\t\t\t<\/div>\n\t\t\t\t<\/div>\n\t\t\t\t\t<\/div>\n\t\t<\/div>\n\t\t\t\t\t<\/div>\n\t\t<\/section>\n\t\t\t\t<section class=\"elementor-section elementor-top-section elementor-element elementor-element-6dc049c elementor-section-boxed elementor-section-height-default elementor-section-height-default\" data-id=\"6dc049c\" data-element_type=\"section\">\n\t\t\t\t\t\t<div class=\"elementor-container elementor-column-gap-default\">\n\t\t\t\t\t<div class=\"elementor-column elementor-col-100 elementor-top-column elementor-element elementor-element-2b53b85\" data-id=\"2b53b85\" data-element_type=\"column\">\n\t\t\t<div class=\"elementor-widget-wrap elementor-element-populated\">\n\t\t\t\t\t\t<div class=\"elementor-element elementor-element-1e2b84c elementor-widget elementor-widget-video\" data-id=\"1e2b84c\" data-element_type=\"widget\" data-settings=\"{&quot;youtube_url&quot;:&quot;https:\\\/\\\/youtu.be\\\/JjZXSMvx4HA&quot;,&quot;video_type&quot;:&quot;youtube&quot;,&quot;controls&quot;:&quot;yes&quot;}\" data-widget_type=\"video.default\">\n\t\t\t\t<div class=\"elementor-widget-container\">\n\t\t\t\t\t\t\t<div class=\"elementor-wrapper elementor-open-inline\">\n\t\t\t<div class=\"elementor-video\"><\/div>\t\t<\/div>\n\t\t\t\t\t\t<\/div>\n\t\t\t\t<\/div>\n\t\t\t\t\t<\/div>\n\t\t<\/div>\n\t\t\t\t\t<\/div>\n\t\t<\/section>\n\t\t\t\t<section class=\"elementor-section elementor-top-section elementor-element elementor-element-ce566d7 elementor-section-boxed elementor-section-height-default elementor-section-height-default\" data-id=\"ce566d7\" data-element_type=\"section\">\n\t\t\t\t\t\t<div class=\"elementor-container elementor-column-gap-default\">\n\t\t\t\t\t<div class=\"elementor-column elementor-col-100 elementor-top-column elementor-element elementor-element-70d4757e\" data-id=\"70d4757e\" data-element_type=\"column\">\n\t\t\t<div class=\"elementor-widget-wrap elementor-element-populated\">\n\t\t\t\t\t\t<div class=\"elementor-element elementor-element-42d6cd63 elementor-widget elementor-widget-text-editor\" data-id=\"42d6cd63\" data-element_type=\"widget\" data-widget_type=\"text-editor.default\">\n\t\t\t\t<div class=\"elementor-widget-container\">\n\t\t\t\t\t\t\t\t\t<!-- wp:paragraph -->\n<figure class=\"wp-block-embed is-type-video is-provider-youtube wp-block-embed-youtube wp-embed-aspect-16-9 wp-has-aspect-ratio\">\n<div class=\"wp-block-embed__wrapper\">\u00a0<\/div>\n<\/figure>\n<!-- \/wp:embed --><!-- wp:paragraph -->\n<p>Primeiro, vamos ver:<\/p>\n<!-- \/wp:paragraph --><!-- wp:heading -->\n<h2><strong><mark class=\"has-inline-color has-vivid-purple-color\" style=\"background-color: rgba(0, 0, 0, 0);\">Quais s\u00e3o os significados de <span style=\"text-decoration: underline;\">maioria<\/span>?<\/mark><\/strong><\/h2>\n<!-- \/wp:heading --><!-- wp:paragraph -->\n<p>Quando pesquisamos a palavra <strong><mark class=\"has-inline-color has-vivid-purple-color\" style=\"background-color: rgba(0, 0, 0, 0);\"><strong>maioria<\/strong><\/mark><\/strong> no dicion\u00e1rio <a href=\"https:\/\/www.aulete.com.br\/maioria\" target=\"_blank\" rel=\"noreferrer noopener\">Caldas Aulete, encontramos isto aqui<\/a>:<\/p>\n<!-- \/wp:paragraph --><!-- wp:quote -->\n<blockquote class=\"wp-block-quote\">\n<p>\u201c1. Num conjunto ou grupo de elementos pelo menos a metade do total mais um [Diz-se <em>maioria absoluta<\/em>]<br \/>2. Num conjunto dividido em segmentos, aquele que re\u00fane a maior quantidade de elementos [Diz-se <em>maioria relativa<\/em>]<br \/>3. O maior n\u00famero, pluralidade\u201d<\/p>\n<\/blockquote>\n<!-- \/wp:quote --><!-- wp:paragraph -->\n<p>Viu s\u00f3? Voc\u00ea ainda aprendeu os significados de <strong>maioria absoluta<\/strong> e <strong>maioria relativa<\/strong>.<\/p>\n<!-- \/wp:paragraph --><!-- wp:heading -->\n<h2><strong><mark class=\"has-inline-color has-vivid-purple-color\" style=\"background-color: rgba(0, 0, 0, 0);\">Quantidade de pessoas dentro de uma <span style=\"text-decoration: underline;\">maioria<\/span><\/mark><\/strong><\/h2>\n<!-- \/wp:heading --><!-- wp:paragraph -->\n<p>Vamos pegar o significado n\u00famero 1.<\/p>\n<!-- \/wp:paragraph --><!-- wp:paragraph -->\n<p>Quando consideramos um grupo de pessoas, se tivermos a metade do total mais uma pessoa, j\u00e1 teremos uma maioria. Ou seja, em um grupo com 100 pessoas, 51 pessoas j\u00e1 representam a maioria.<\/p>\n<!-- \/wp:paragraph --><!-- wp:paragraph -->\n<p>No entanto, se considerarmos 70 pessoas desse grupo, a maioria seria maior, n\u00e3o \u00e9 mesmo?<\/p>\n<!-- \/wp:paragraph --><!-- wp:paragraph -->\n<p>Se considerarmos 90 pessoas, ent\u00e3o, a maioria seria ainda maior.<\/p>\n<!-- \/wp:paragraph --><!-- wp:heading {\"textColor\":\"vivid-purple\"} -->\n<h2 class=\"has-vivid-purple-color has-text-color\"><strong>Algumas <\/strong><strong>maiorias<\/strong><strong> s\u00e3o maiores que outras<\/strong><\/h2>\n<!-- \/wp:heading --><!-- wp:paragraph -->\n<p>Dessa forma, voc\u00ea percebe que, em rela\u00e7\u00e3o \u00e0 quantidade, existe uma diferen\u00e7a, certo? Temos uma maioria que \u00e9 maior que a outra porque tem mais pessoas.<\/p>\n<!-- \/wp:paragraph --><!-- wp:paragraph -->\n<p>Portanto, est\u00e1 comprovado que dizer <strong><mark class=\"has-inline-color has-vivid-purple-color\" style=\"background-color: rgba(0, 0, 0, 0);\">grande maioria<\/mark><\/strong> n\u00e3o \u00e9 um pleonasmo. Afinal, existe diferen\u00e7a entre uma maioria com menos pessoas \u2014 que \u00e9 uma <strong>pequena maioria<\/strong> \u2014 e uma maioria com muitas pessoas \u2014 a <strong>grande maioria<\/strong>.<\/p>\n<!-- \/wp:paragraph --><!-- wp:heading {\"textColor\":\"vivid-purple\"} -->\n<h2 class=\"has-vivid-purple-color has-text-color\"><strong>Como nomear as maiorias de acordo com a quantidade?<\/strong><\/h2>\n<!-- \/wp:heading --><!-- wp:paragraph -->\n<p>Eu trouxe mais uma refer\u00eancia: o site <strong>Ciberd\u00favidas da L\u00edngua Portuguesa<\/strong>.<\/p>\n<!-- \/wp:paragraph --><!-- wp:paragraph -->\n<p>Os conte\u00fados que encontramos l\u00e1 s\u00e3o do portugu\u00eas de Portugal, mas \u00e9 claro que muitas informa\u00e7\u00f5es servem para o nosso portugu\u00eas brasileiro. \ud83d\ude09<\/p>\n<!-- \/wp:paragraph --><!-- wp:paragraph -->\n<p>No <a href=\"https:\/\/ciberduvidas.iscte-iul.pt\/consultorio\/perguntas\/maioria-grande-e-pequena\/11835\" target=\"_blank\" rel=\"noreferrer noopener\">Ciberd\u00favidas<\/a> encontrei esta informa\u00e7\u00e3o:<\/p>\n<!-- \/wp:paragraph --><!-- wp:quote -->\n<blockquote class=\"wp-block-quote\">\n<p>\u201cEm termos de percentagem, <strong>maioria<\/strong> (ou <strong>pequena maioria<\/strong>) pode significar \u2018apenas\u2019 51%, enquanto se usa a express\u00e3o <strong>grande maioria<\/strong> para valores normalmente superiores a 70%, utilizando-se ainda <strong>esmagadora maioria<\/strong> quando se ultrapassa os 85 ou 90%.\u201d<\/p>\n<\/blockquote>\n<!-- \/wp:quote --><!-- wp:paragraph -->\n<p>Enfim, est\u00e1 liberado dizer <strong><mark class=\"has-inline-color has-vivid-purple-color\" style=\"background-color: rgba(0, 0, 0, 0);\">grande maioria<\/mark><\/strong>. Se algu\u00e9m disser para voc\u00ea que <strong><mark class=\"has-inline-color has-vivid-purple-color\" style=\"background-color: rgba(0, 0, 0, 0);\">grande maioria<\/mark><\/strong>\u00a0\u00e9 um pleonasmo, envie este artigo para essa pessoa. \ud83d\ude01 Combinado?<\/p>\n<!-- \/wp:paragraph --><!-- wp:paragraph -->\n<p><strong>Mais conte\u00fados para semear a paz entre coleguinhas:<\/strong><br \/><a href=\"https:\/\/monicaguerretta.com\/qualeocerto\/biscoito-ou-bolacha\/\" target=\"_blank\" rel=\"noreferrer noopener\">Qual \u00e9 o certo: &#8220;biscoito&#8221; ou &#8220;bolacha&#8221;?<\/a><br \/><a href=\"https:\/\/monicaguerretta.com\/qualeocerto\/o-uso-da-palavra-top\/\" target=\"_blank\" rel=\"noreferrer noopener\">40 palavras que voc\u00ea pode usar no lugar de &#8220;top\u201d<\/a><br \/><a href=\"https:\/\/monicaguerretta.com\/qualeocerto\/a-palavra-todos-e-inclusiva\/\" target=\"_blank\" rel=\"noreferrer noopener\">A todos, a todas e a todes. Faz sentido? O que dizem os dicion\u00e1rios?<\/a><\/p>\n<!-- \/wp:paragraph -->\t\t\t\t\t\t\t\t<\/div>\n\t\t\t\t<\/div>\n\t\t\t\t\t<\/div>\n\t\t<\/div>\n\t\t\t\t\t<\/div>\n\t\t<\/section>\n\t\t\t\t<section class=\"elementor-section elementor-top-section elementor-element elementor-element-633ee29 elementor-section-boxed elementor-section-height-default elementor-section-height-default\" data-id=\"633ee29\" data-element_type=\"section\">\n\t\t\t\t\t\t<div class=\"elementor-container elementor-column-gap-default\">\n\t\t\t\t\t<div class=\"elementor-column elementor-col-33 elementor-top-column elementor-element elementor-element-8116a4d\" data-id=\"8116a4d\" data-element_type=\"column\">\n\t\t\t<div class=\"elementor-widget-wrap elementor-element-populated\">\n\t\t\t\t\t\t<div class=\"elementor-element elementor-element-55831c7 elementor-invisible elementor-widget elementor-widget-image\" data-id=\"55831c7\" data-element_type=\"widget\" data-settings=\"{&quot;_animation&quot;:&quot;slideInLeft&quot;}\" data-widget_type=\"image.default\">\n\t\t\t\t<div class=\"elementor-widget-container\">\n\t\t\t\t\t\t\t\t\t\t\t\t\t\t\t<img fetchpriority=\"high\" decoding=\"async\" width=\"681\" height=\"1024\" src=\"https:\/\/monicaguerretta.com\/qualeocerto\/wp-content\/uploads\/2022\/07\/Monica-Guerretta-Qual-e-o-certo-681x1024.jpg\" class=\"attachment-large size-large wp-image-1980\" alt=\"M\u00f4nica-Guerretta-Qual-\u00e9-o-certo\" srcset=\"https:\/\/monicaguerretta.com\/qualeocerto\/wp-content\/uploads\/2022\/07\/Monica-Guerretta-Qual-e-o-certo-681x1024.jpg 681w, https:\/\/monicaguerretta.com\/qualeocerto\/wp-content\/uploads\/2022\/07\/Monica-Guerretta-Qual-e-o-certo-200x300.jpg 200w, https:\/\/monicaguerretta.com\/qualeocerto\/wp-content\/uploads\/2022\/07\/Monica-Guerretta-Qual-e-o-certo-768x1155.jpg 768w, https:\/\/monicaguerretta.com\/qualeocerto\/wp-content\/uploads\/2022\/07\/Monica-Guerretta-Qual-e-o-certo-1022x1536.jpg 1022w, https:\/\/monicaguerretta.com\/qualeocerto\/wp-content\/uploads\/2022\/07\/Monica-Guerretta-Qual-e-o-certo-1362x2048.jpg 1362w, https:\/\/monicaguerretta.com\/qualeocerto\/wp-content\/uploads\/2022\/07\/Monica-Guerretta-Qual-e-o-certo-scaled.jpg 1703w\" sizes=\"(max-width: 681px) 100vw, 681px\" \/>\t\t\t\t\t\t\t\t\t\t\t\t\t\t\t<\/div>\n\t\t\t\t<\/div>\n\t\t\t\t\t<\/div>\n\t\t<\/div>\n\t\t\t\t<div class=\"elementor-column elementor-col-66 elementor-top-column elementor-element elementor-element-1dadd48\" data-id=\"1dadd48\" data-element_type=\"column\">\n\t\t\t<div class=\"elementor-widget-wrap elementor-element-populated\">\n\t\t\t\t\t\t<div class=\"elementor-element elementor-element-1b3a21c elementor-invisible elementor-widget elementor-widget-text-editor\" data-id=\"1b3a21c\" data-element_type=\"widget\" data-settings=\"{&quot;_animation&quot;:&quot;slideInRight&quot;}\" data-widget_type=\"text-editor.default\">\n\t\t\t\t<div class=\"elementor-widget-container\">\n\t\t\t\t\t\t\t\t\t<p><b>Minha explica\u00e7\u00e3o ajudou voc\u00ea a se entender melhor com o portugu\u00eas?\u00a0<br \/><\/b><span style=\"font-weight: 400;\">Ent\u00e3o apoie o Qual \u00e9 o certo?, por favorzinho. <img decoding=\"async\" class=\"emoji\" role=\"img\" draggable=\"false\" src=\"https:\/\/s.w.org\/images\/core\/emoji\/14.0.0\/svg\/1f499.svg\" alt=\"\ud83d\udc99\" \/><\/span><\/p>\n<ul>\n<li><a href=\"https:\/\/www.youtube.com\/c\/qualeocerto\" target=\"_blank\" rel=\"noopener\"><span style=\"font-weight: 400;\">Inscreva-se no canal do YouTube<\/span><\/a><\/li>\n<li><a href=\"https:\/\/www.instagram.com\/qualeocerto\/\" target=\"_blank\" rel=\"noopener\"><span style=\"font-weight: 400;\">Siga no Instagram<\/span><\/a><\/li>\n<li><a href=\"https:\/\/www.linkedin.com\/in\/monicaguerretta\/\"><span style=\"font-weight: 400;\">Acompanhe no LinkedIn<\/span><\/a><\/li>\n<li><a href=\"https:\/\/monicaguerretta.com\/qualeocerto\/vamos-conversar\/\" target=\"_blank\" rel=\"noopener\"><span style=\"font-weight: 400;\">Pague um cafezinho para mim<\/span><\/a><\/li>\n<li><span style=\"font-weight: 400;\">Compartilhe este conte\u00fado <\/span><\/li>\n<\/ul>\t\t\t\t\t\t\t\t<\/div>\n\t\t\t\t<\/div>\n\t\t\t\t\t<\/div>\n\t\t<\/div>\n\t\t\t\t\t<\/div>\n\t\t<\/section>\n\t\t\t\t<\/div>\n\t\t","protected":false},"excerpt":{"rendered":"<p>Muitas pessoas dizem que a express\u00e3o grande maioria \u00e9 um pleonasmo, ou redund\u00e2ncia. Porque \u2014 segundo&hellip;<\/p>\n","protected":false},"author":2,"featured_media":2250,"comment_status":"open","ping_status":"open","sticky":false,"template":"","format":"standard","meta":{"_exactmetrics_skip_tracking":false,"_exactmetrics_sitenote_active":false,"_exactmetrics_sitenote_note":"","_exactmetrics_sitenote_category":0,"footnotes":""},"categories":[229,291],"tags":[281,282,283,285,284,221],"class_list":["post-2249","post","type-post","status-publish","format-standard","has-post-thumbnail","hentry","category-curiosidades","category-portugues","tag-grande-maioria","tag-maioria","tag-maioria-absoluta","tag-maioria-relativa","tag-pequena-maioria","tag-pleonasmo"],"yoast_head":"<!-- This site is optimized with the Yoast SEO plugin v27.5 - https:\/\/yoast.com\/product\/yoast-seo-wordpress\/ -->\n<title>Grande maioria \u00e9 pleonasmo ou n\u00e3o? &#187; Qual \u00e9 o certo?<\/title>\n<meta name=\"description\" content=\"Dizer &quot;grande maioria&quot; \u00e9 pleonasmo ou faz sentido? Maioria possui diferentes tamanhos ou n\u00e3o? Extermine agora as suas d\u00favidas.\" \/>\n<meta name=\"robots\" content=\"index, follow, max-snippet:-1, max-image-preview:large, max-video-preview:-1\" \/>\n<link rel=\"canonical\" href=\"https:\/\/monicaguerretta.com\/qualeocerto\/grande-maioria-e-pleonasmo\/\" \/>\n<meta property=\"og:locale\" content=\"pt_BR\" \/>\n<meta property=\"og:type\" content=\"article\" \/>\n<meta property=\"og:title\" content=\"Grande maioria \u00e9 pleonasmo ou n\u00e3o? &#187; Qual \u00e9 o certo?\" \/>\n<meta property=\"og:description\" content=\"Dizer &quot;grande maioria&quot; \u00e9 pleonasmo ou faz sentido? Maioria possui diferentes tamanhos ou n\u00e3o? Extermine agora as suas d\u00favidas.\" \/>\n<meta property=\"og:url\" content=\"https:\/\/monicaguerretta.com\/qualeocerto\/grande-maioria-e-pleonasmo\/\" \/>\n<meta property=\"og:site_name\" content=\"Qual \u00e9 o certo?\" \/>\n<meta property=\"article:publisher\" content=\"https:\/\/www.facebook.com\/qualeocerto\" \/>\n<meta property=\"article:published_time\" content=\"2022-09-24T20:36:00+00:00\" \/>\n<meta property=\"article:modified_time\" content=\"2022-12-02T21:41:37+00:00\" \/>\n<meta property=\"og:image\" content=\"https:\/\/monicaguerretta.com\/qualeocerto\/wp-content\/uploads\/2022\/09\/grande-maioria-e-pleonasmo-qual-e-o-certo.png\" \/>\n\t<meta property=\"og:image:width\" content=\"1080\" \/>\n\t<meta property=\"og:image:height\" content=\"1081\" \/>\n\t<meta property=\"og:image:type\" content=\"image\/png\" \/>\n<meta name=\"author\" content=\"M\u00f4nica Guerretta\" \/>\n<meta name=\"twitter:card\" content=\"summary_large_image\" \/>\n<meta name=\"twitter:label1\" content=\"Escrito por\" \/>\n\t<meta name=\"twitter:data1\" content=\"M\u00f4nica Guerretta\" \/>\n\t<meta name=\"twitter:label2\" content=\"Est. tempo de leitura\" \/>\n\t<meta name=\"twitter:data2\" content=\"4 minutos\" \/>\n<script type=\"application\/ld+json\" class=\"yoast-schema-graph\">{\"@context\":\"https:\\\/\\\/schema.org\",\"@graph\":[{\"@type\":\"Article\",\"@id\":\"https:\\\/\\\/monicaguerretta.com\\\/qualeocerto\\\/grande-maioria-e-pleonasmo\\\/#article\",\"isPartOf\":{\"@id\":\"https:\\\/\\\/monicaguerretta.com\\\/qualeocerto\\\/grande-maioria-e-pleonasmo\\\/\"},\"author\":{\"name\":\"M\u00f4nica Guerretta\",\"@id\":\"https:\\\/\\\/monicaguerretta.com\\\/qualeocerto\\\/#\\\/schema\\\/person\\\/214b5e9a83b11fe11a18ecae0d21f79a\"},\"headline\":\"Grande maioria \u00e9 pleonasmo ou n\u00e3o?\",\"datePublished\":\"2022-09-24T20:36:00+00:00\",\"dateModified\":\"2022-12-02T21:41:37+00:00\",\"mainEntityOfPage\":{\"@id\":\"https:\\\/\\\/monicaguerretta.com\\\/qualeocerto\\\/grande-maioria-e-pleonasmo\\\/\"},\"wordCount\":448,\"commentCount\":0,\"publisher\":{\"@id\":\"https:\\\/\\\/monicaguerretta.com\\\/qualeocerto\\\/#organization\"},\"image\":{\"@id\":\"https:\\\/\\\/monicaguerretta.com\\\/qualeocerto\\\/grande-maioria-e-pleonasmo\\\/#primaryimage\"},\"thumbnailUrl\":\"https:\\\/\\\/monicaguerretta.com\\\/qualeocerto\\\/wp-content\\\/uploads\\\/2022\\\/09\\\/grande-maioria-e-pleonasmo-qual-e-o-certo.png\",\"keywords\":[\"grande maioria\",\"maioria\",\"maioria absoluta\",\"maioria relativa\",\"pequena maioria\",\"pleonasmo\"],\"articleSection\":[\"Curiosidades\",\"Portugu\u00eas\"],\"inLanguage\":\"pt-BR\",\"potentialAction\":[{\"@type\":\"CommentAction\",\"name\":\"Comment\",\"target\":[\"https:\\\/\\\/monicaguerretta.com\\\/qualeocerto\\\/grande-maioria-e-pleonasmo\\\/#respond\"]}]},{\"@type\":\"WebPage\",\"@id\":\"https:\\\/\\\/monicaguerretta.com\\\/qualeocerto\\\/grande-maioria-e-pleonasmo\\\/\",\"url\":\"https:\\\/\\\/monicaguerretta.com\\\/qualeocerto\\\/grande-maioria-e-pleonasmo\\\/\",\"name\":\"Grande maioria \u00e9 pleonasmo ou n\u00e3o? &#187; Qual \u00e9 o certo?\",\"isPartOf\":{\"@id\":\"https:\\\/\\\/monicaguerretta.com\\\/qualeocerto\\\/#website\"},\"primaryImageOfPage\":{\"@id\":\"https:\\\/\\\/monicaguerretta.com\\\/qualeocerto\\\/grande-maioria-e-pleonasmo\\\/#primaryimage\"},\"image\":{\"@id\":\"https:\\\/\\\/monicaguerretta.com\\\/qualeocerto\\\/grande-maioria-e-pleonasmo\\\/#primaryimage\"},\"thumbnailUrl\":\"https:\\\/\\\/monicaguerretta.com\\\/qualeocerto\\\/wp-content\\\/uploads\\\/2022\\\/09\\\/grande-maioria-e-pleonasmo-qual-e-o-certo.png\",\"datePublished\":\"2022-09-24T20:36:00+00:00\",\"dateModified\":\"2022-12-02T21:41:37+00:00\",\"description\":\"Dizer \\\"grande maioria\\\" \u00e9 pleonasmo ou faz sentido? Maioria possui diferentes tamanhos ou n\u00e3o? Extermine agora as suas d\u00favidas.\",\"breadcrumb\":{\"@id\":\"https:\\\/\\\/monicaguerretta.com\\\/qualeocerto\\\/grande-maioria-e-pleonasmo\\\/#breadcrumb\"},\"inLanguage\":\"pt-BR\",\"potentialAction\":[{\"@type\":\"ReadAction\",\"target\":[\"https:\\\/\\\/monicaguerretta.com\\\/qualeocerto\\\/grande-maioria-e-pleonasmo\\\/\"]}]},{\"@type\":\"ImageObject\",\"inLanguage\":\"pt-BR\",\"@id\":\"https:\\\/\\\/monicaguerretta.com\\\/qualeocerto\\\/grande-maioria-e-pleonasmo\\\/#primaryimage\",\"url\":\"https:\\\/\\\/monicaguerretta.com\\\/qualeocerto\\\/wp-content\\\/uploads\\\/2022\\\/09\\\/grande-maioria-e-pleonasmo-qual-e-o-certo.png\",\"contentUrl\":\"https:\\\/\\\/monicaguerretta.com\\\/qualeocerto\\\/wp-content\\\/uploads\\\/2022\\\/09\\\/grande-maioria-e-pleonasmo-qual-e-o-certo.png\",\"width\":1080,\"height\":1081,\"caption\":\"grande maioria \u00e9 pleonasmo - qual \u00e9 o certo\"},{\"@type\":\"BreadcrumbList\",\"@id\":\"https:\\\/\\\/monicaguerretta.com\\\/qualeocerto\\\/grande-maioria-e-pleonasmo\\\/#breadcrumb\",\"itemListElement\":[{\"@type\":\"ListItem\",\"position\":1,\"name\":\"In\u00edcio\",\"item\":\"https:\\\/\\\/monicaguerretta.com\\\/qualeocerto\\\/\"},{\"@type\":\"ListItem\",\"position\":2,\"name\":\"Grande maioria \u00e9 pleonasmo ou n\u00e3o?\"}]},{\"@type\":\"WebSite\",\"@id\":\"https:\\\/\\\/monicaguerretta.com\\\/qualeocerto\\\/#website\",\"url\":\"https:\\\/\\\/monicaguerretta.com\\\/qualeocerto\\\/\",\"name\":\"Qual \u00e9 o Certo?\",\"description\":\"M\u00f4nica Guerretta | Redatora publicit\u00e1ria | Copywriting - UX Writing\",\"publisher\":{\"@id\":\"https:\\\/\\\/monicaguerretta.com\\\/qualeocerto\\\/#organization\"},\"potentialAction\":[{\"@type\":\"SearchAction\",\"target\":{\"@type\":\"EntryPoint\",\"urlTemplate\":\"https:\\\/\\\/monicaguerretta.com\\\/qualeocerto\\\/?s={search_term_string}\"},\"query-input\":{\"@type\":\"PropertyValueSpecification\",\"valueRequired\":true,\"valueName\":\"search_term_string\"}}],\"inLanguage\":\"pt-BR\"},{\"@type\":\"Organization\",\"@id\":\"https:\\\/\\\/monicaguerretta.com\\\/qualeocerto\\\/#organization\",\"name\":\"Qual \u00e9 o certo?\",\"url\":\"https:\\\/\\\/monicaguerretta.com\\\/qualeocerto\\\/\",\"logo\":{\"@type\":\"ImageObject\",\"inLanguage\":\"pt-BR\",\"@id\":\"https:\\\/\\\/monicaguerretta.com\\\/qualeocerto\\\/#\\\/schema\\\/logo\\\/image\\\/\",\"url\":\"https:\\\/\\\/monicaguerretta.com\\\/qualeocerto\\\/wp-content\\\/uploads\\\/2022\\\/08\\\/marca-quale.png\",\"contentUrl\":\"https:\\\/\\\/monicaguerretta.com\\\/qualeocerto\\\/wp-content\\\/uploads\\\/2022\\\/08\\\/marca-quale.png\",\"width\":592,\"height\":315,\"caption\":\"Qual \u00e9 o certo?\"},\"image\":{\"@id\":\"https:\\\/\\\/monicaguerretta.com\\\/qualeocerto\\\/#\\\/schema\\\/logo\\\/image\\\/\"},\"sameAs\":[\"https:\\\/\\\/www.facebook.com\\\/qualeocerto\",\"https:\\\/\\\/www.instagram.com\\\/qualeocerto\\\/\",\"https:\\\/\\\/www.youtube.com\\\/c\\\/qualeocerto\"]},{\"@type\":\"Person\",\"@id\":\"https:\\\/\\\/monicaguerretta.com\\\/qualeocerto\\\/#\\\/schema\\\/person\\\/214b5e9a83b11fe11a18ecae0d21f79a\",\"name\":\"M\u00f4nica Guerretta\",\"image\":{\"@type\":\"ImageObject\",\"inLanguage\":\"pt-BR\",\"@id\":\"https:\\\/\\\/secure.gravatar.com\\\/avatar\\\/cc0028ec5e6e39e7cd7e61c0fa6158a6d7f1edc39c4f536d768ad95ee3e26a8a?s=96&d=mm&r=g\",\"url\":\"https:\\\/\\\/secure.gravatar.com\\\/avatar\\\/cc0028ec5e6e39e7cd7e61c0fa6158a6d7f1edc39c4f536d768ad95ee3e26a8a?s=96&d=mm&r=g\",\"contentUrl\":\"https:\\\/\\\/secure.gravatar.com\\\/avatar\\\/cc0028ec5e6e39e7cd7e61c0fa6158a6d7f1edc39c4f536d768ad95ee3e26a8a?s=96&d=mm&r=g\",\"caption\":\"M\u00f4nica Guerretta\"}}]}<\/script>\n<!-- \/ Yoast SEO plugin. -->","yoast_head_json":{"title":"Grande maioria \u00e9 pleonasmo ou n\u00e3o? &#187; Qual \u00e9 o certo?","description":"Dizer \"grande maioria\" \u00e9 pleonasmo ou faz sentido? Maioria possui diferentes tamanhos ou n\u00e3o? Extermine agora as suas d\u00favidas.","robots":{"index":"index","follow":"follow","max-snippet":"max-snippet:-1","max-image-preview":"max-image-preview:large","max-video-preview":"max-video-preview:-1"},"canonical":"https:\/\/monicaguerretta.com\/qualeocerto\/grande-maioria-e-pleonasmo\/","og_locale":"pt_BR","og_type":"article","og_title":"Grande maioria \u00e9 pleonasmo ou n\u00e3o? &#187; Qual \u00e9 o certo?","og_description":"Dizer \"grande maioria\" \u00e9 pleonasmo ou faz sentido? Maioria possui diferentes tamanhos ou n\u00e3o? Extermine agora as suas d\u00favidas.","og_url":"https:\/\/monicaguerretta.com\/qualeocerto\/grande-maioria-e-pleonasmo\/","og_site_name":"Qual \u00e9 o certo?","article_publisher":"https:\/\/www.facebook.com\/qualeocerto","article_published_time":"2022-09-24T20:36:00+00:00","article_modified_time":"2022-12-02T21:41:37+00:00","og_image":[{"width":1080,"height":1081,"url":"https:\/\/monicaguerretta.com\/qualeocerto\/wp-content\/uploads\/2022\/09\/grande-maioria-e-pleonasmo-qual-e-o-certo.png","type":"image\/png"}],"author":"M\u00f4nica Guerretta","twitter_card":"summary_large_image","twitter_misc":{"Escrito por":"M\u00f4nica Guerretta","Est. tempo de leitura":"4 minutos"},"schema":{"@context":"https:\/\/schema.org","@graph":[{"@type":"Article","@id":"https:\/\/monicaguerretta.com\/qualeocerto\/grande-maioria-e-pleonasmo\/#article","isPartOf":{"@id":"https:\/\/monicaguerretta.com\/qualeocerto\/grande-maioria-e-pleonasmo\/"},"author":{"name":"M\u00f4nica Guerretta","@id":"https:\/\/monicaguerretta.com\/qualeocerto\/#\/schema\/person\/214b5e9a83b11fe11a18ecae0d21f79a"},"headline":"Grande maioria \u00e9 pleonasmo ou n\u00e3o?","datePublished":"2022-09-24T20:36:00+00:00","dateModified":"2022-12-02T21:41:37+00:00","mainEntityOfPage":{"@id":"https:\/\/monicaguerretta.com\/qualeocerto\/grande-maioria-e-pleonasmo\/"},"wordCount":448,"commentCount":0,"publisher":{"@id":"https:\/\/monicaguerretta.com\/qualeocerto\/#organization"},"image":{"@id":"https:\/\/monicaguerretta.com\/qualeocerto\/grande-maioria-e-pleonasmo\/#primaryimage"},"thumbnailUrl":"https:\/\/monicaguerretta.com\/qualeocerto\/wp-content\/uploads\/2022\/09\/grande-maioria-e-pleonasmo-qual-e-o-certo.png","keywords":["grande maioria","maioria","maioria absoluta","maioria relativa","pequena maioria","pleonasmo"],"articleSection":["Curiosidades","Portugu\u00eas"],"inLanguage":"pt-BR","potentialAction":[{"@type":"CommentAction","name":"Comment","target":["https:\/\/monicaguerretta.com\/qualeocerto\/grande-maioria-e-pleonasmo\/#respond"]}]},{"@type":"WebPage","@id":"https:\/\/monicaguerretta.com\/qualeocerto\/grande-maioria-e-pleonasmo\/","url":"https:\/\/monicaguerretta.com\/qualeocerto\/grande-maioria-e-pleonasmo\/","name":"Grande maioria \u00e9 pleonasmo ou n\u00e3o? &#187; Qual \u00e9 o certo?","isPartOf":{"@id":"https:\/\/monicaguerretta.com\/qualeocerto\/#website"},"primaryImageOfPage":{"@id":"https:\/\/monicaguerretta.com\/qualeocerto\/grande-maioria-e-pleonasmo\/#primaryimage"},"image":{"@id":"https:\/\/monicaguerretta.com\/qualeocerto\/grande-maioria-e-pleonasmo\/#primaryimage"},"thumbnailUrl":"https:\/\/monicaguerretta.com\/qualeocerto\/wp-content\/uploads\/2022\/09\/grande-maioria-e-pleonasmo-qual-e-o-certo.png","datePublished":"2022-09-24T20:36:00+00:00","dateModified":"2022-12-02T21:41:37+00:00","description":"Dizer \"grande maioria\" \u00e9 pleonasmo ou faz sentido? Maioria possui diferentes tamanhos ou n\u00e3o? Extermine agora as suas d\u00favidas.","breadcrumb":{"@id":"https:\/\/monicaguerretta.com\/qualeocerto\/grande-maioria-e-pleonasmo\/#breadcrumb"},"inLanguage":"pt-BR","potentialAction":[{"@type":"ReadAction","target":["https:\/\/monicaguerretta.com\/qualeocerto\/grande-maioria-e-pleonasmo\/"]}]},{"@type":"ImageObject","inLanguage":"pt-BR","@id":"https:\/\/monicaguerretta.com\/qualeocerto\/grande-maioria-e-pleonasmo\/#primaryimage","url":"https:\/\/monicaguerretta.com\/qualeocerto\/wp-content\/uploads\/2022\/09\/grande-maioria-e-pleonasmo-qual-e-o-certo.png","contentUrl":"https:\/\/monicaguerretta.com\/qualeocerto\/wp-content\/uploads\/2022\/09\/grande-maioria-e-pleonasmo-qual-e-o-certo.png","width":1080,"height":1081,"caption":"grande maioria \u00e9 pleonasmo - qual \u00e9 o certo"},{"@type":"BreadcrumbList","@id":"https:\/\/monicaguerretta.com\/qualeocerto\/grande-maioria-e-pleonasmo\/#breadcrumb","itemListElement":[{"@type":"ListItem","position":1,"name":"In\u00edcio","item":"https:\/\/monicaguerretta.com\/qualeocerto\/"},{"@type":"ListItem","position":2,"name":"Grande maioria \u00e9 pleonasmo ou n\u00e3o?"}]},{"@type":"WebSite","@id":"https:\/\/monicaguerretta.com\/qualeocerto\/#website","url":"https:\/\/monicaguerretta.com\/qualeocerto\/","name":"Qual \u00e9 o Certo?","description":"M\u00f4nica Guerretta | Redatora publicit\u00e1ria | Copywriting - UX Writing","publisher":{"@id":"https:\/\/monicaguerretta.com\/qualeocerto\/#organization"},"potentialAction":[{"@type":"SearchAction","target":{"@type":"EntryPoint","urlTemplate":"https:\/\/monicaguerretta.com\/qualeocerto\/?s={search_term_string}"},"query-input":{"@type":"PropertyValueSpecification","valueRequired":true,"valueName":"search_term_string"}}],"inLanguage":"pt-BR"},{"@type":"Organization","@id":"https:\/\/monicaguerretta.com\/qualeocerto\/#organization","name":"Qual \u00e9 o certo?","url":"https:\/\/monicaguerretta.com\/qualeocerto\/","logo":{"@type":"ImageObject","inLanguage":"pt-BR","@id":"https:\/\/monicaguerretta.com\/qualeocerto\/#\/schema\/logo\/image\/","url":"https:\/\/monicaguerretta.com\/qualeocerto\/wp-content\/uploads\/2022\/08\/marca-quale.png","contentUrl":"https:\/\/monicaguerretta.com\/qualeocerto\/wp-content\/uploads\/2022\/08\/marca-quale.png","width":592,"height":315,"caption":"Qual \u00e9 o certo?"},"image":{"@id":"https:\/\/monicaguerretta.com\/qualeocerto\/#\/schema\/logo\/image\/"},"sameAs":["https:\/\/www.facebook.com\/qualeocerto","https:\/\/www.instagram.com\/qualeocerto\/","https:\/\/www.youtube.com\/c\/qualeocerto"]},{"@type":"Person","@id":"https:\/\/monicaguerretta.com\/qualeocerto\/#\/schema\/person\/214b5e9a83b11fe11a18ecae0d21f79a","name":"M\u00f4nica Guerretta","image":{"@type":"ImageObject","inLanguage":"pt-BR","@id":"https:\/\/secure.gravatar.com\/avatar\/cc0028ec5e6e39e7cd7e61c0fa6158a6d7f1edc39c4f536d768ad95ee3e26a8a?s=96&d=mm&r=g","url":"https:\/\/secure.gravatar.com\/avatar\/cc0028ec5e6e39e7cd7e61c0fa6158a6d7f1edc39c4f536d768ad95ee3e26a8a?s=96&d=mm&r=g","contentUrl":"https:\/\/secure.gravatar.com\/avatar\/cc0028ec5e6e39e7cd7e61c0fa6158a6d7f1edc39c4f536d768ad95ee3e26a8a?s=96&d=mm&r=g","caption":"M\u00f4nica Guerretta"}}]}},"_links":{"self":[{"href":"https:\/\/monicaguerretta.com\/qualeocerto\/wp-json\/wp\/v2\/posts\/2249","targetHints":{"allow":["GET"]}}],"collection":[{"href":"https:\/\/monicaguerretta.com\/qualeocerto\/wp-json\/wp\/v2\/posts"}],"about":[{"href":"https:\/\/monicaguerretta.com\/qualeocerto\/wp-json\/wp\/v2\/types\/post"}],"author":[{"embeddable":true,"href":"https:\/\/monicaguerretta.com\/qualeocerto\/wp-json\/wp\/v2\/users\/2"}],"replies":[{"embeddable":true,"href":"https:\/\/monicaguerretta.com\/qualeocerto\/wp-json\/wp\/v2\/comments?post=2249"}],"version-history":[{"count":22,"href":"https:\/\/monicaguerretta.com\/qualeocerto\/wp-json\/wp\/v2\/posts\/2249\/revisions"}],"predecessor-version":[{"id":2471,"href":"https:\/\/monicaguerretta.com\/qualeocerto\/wp-json\/wp\/v2\/posts\/2249\/revisions\/2471"}],"wp:featuredmedia":[{"embeddable":true,"href":"https:\/\/monicaguerretta.com\/qualeocerto\/wp-json\/wp\/v2\/media\/2250"}],"wp:attachment":[{"href":"https:\/\/monicaguerretta.com\/qualeocerto\/wp-json\/wp\/v2\/media?parent=2249"}],"wp:term":[{"taxonomy":"category","embeddable":true,"href":"https:\/\/monicaguerretta.com\/qualeocerto\/wp-json\/wp\/v2\/categories?post=2249"},{"taxonomy":"post_tag","embeddable":true,"href":"https:\/\/monicaguerretta.com\/qualeocerto\/wp-json\/wp\/v2\/tags?post=2249"}],"curies":[{"name":"wp","href":"https:\/\/api.w.org\/{rel}","templated":true}]}}