{"id":2280,"date":"2022-10-06T22:55:00","date_gmt":"2022-10-06T22:55:00","guid":{"rendered":"https:\/\/monicaguerretta.com\/qualeocerto\/?p=2280"},"modified":"2022-12-13T18:40:26","modified_gmt":"2022-12-13T18:40:26","slug":"virgula-com-adverbios-e-conjuncoes","status":"publish","type":"post","link":"https:\/\/monicaguerretta.com\/qualeocerto\/virgula-com-adverbios-e-conjuncoes\/","title":{"rendered":"<strong>Use a v\u00edrgula para dar \u00eanfase a adv\u00e9rbios e conjun\u00e7\u00f5es<\/strong>"},"content":{"rendered":"\t\t<div data-elementor-type=\"wp-post\" data-elementor-id=\"2280\" class=\"elementor elementor-2280\">\n\t\t\t\t\t\t<section class=\"elementor-section elementor-top-section elementor-element elementor-element-01a4805 elementor-section-boxed elementor-section-height-default elementor-section-height-default\" data-id=\"01a4805\" data-element_type=\"section\">\n\t\t\t\t\t\t<div class=\"elementor-container elementor-column-gap-default\">\n\t\t\t\t\t<div class=\"elementor-column elementor-col-100 elementor-top-column elementor-element elementor-element-0a25020\" data-id=\"0a25020\" data-element_type=\"column\">\n\t\t\t<div class=\"elementor-widget-wrap elementor-element-populated\">\n\t\t\t\t\t\t<div class=\"elementor-element elementor-element-3d229db elementor-widget elementor-widget-text-editor\" data-id=\"3d229db\" data-element_type=\"widget\" data-widget_type=\"text-editor.default\">\n\t\t\t\t<div class=\"elementor-widget-container\">\n\t\t\t\t\t\t\t\t\t<p>Uma das fun\u00e7\u00f5es da <strong><mark class=\"has-inline-color has-vivid-purple-color\" style=\"background-color: rgba(0, 0, 0, 0);\">v\u00edrgula<\/mark><\/strong> \u00e9 dar <strong><mark class=\"has-inline-color has-vivid-purple-color\" style=\"background-color: rgba(0, 0, 0, 0);\">\u00eanfase<\/mark><\/strong> para alguns elementos.<\/p>\n<p><!-- \/wp:paragraph --><\/p>\n<p><!-- wp:paragraph --><\/p>\n<p>Ent\u00e3o, neste conte\u00fado vamos falar sobre dois desses elementos: os <strong><mark class=\"has-inline-color has-vivid-purple-color\" style=\"background-color: rgba(0, 0, 0, 0);\">adv\u00e9rbios<\/mark><\/strong> e as <strong><mark class=\"has-inline-color has-vivid-purple-color\" style=\"background-color: rgba(0, 0, 0, 0);\">conjun\u00e7\u00f5es<\/mark><\/strong>.<\/p>\n<p><!-- \/wp:paragraph --><\/p>\n<p><!-- wp:paragraph --><\/p>\n<p>Vem comigo, que eu vou explicar \u2014 e simplificar \u2014 para voc\u00ea. <img decoding=\"async\" class=\"emoji\" role=\"img\" draggable=\"false\" src=\"https:\/\/s.w.org\/images\/core\/emoji\/14.0.0\/svg\/1f609.svg\" alt=\"\ud83d\ude09\" \/><\/p>\t\t\t\t\t\t\t\t<\/div>\n\t\t\t\t<\/div>\n\t\t\t\t\t<\/div>\n\t\t<\/div>\n\t\t\t\t\t<\/div>\n\t\t<\/section>\n\t\t\t\t<section class=\"elementor-section elementor-top-section elementor-element elementor-element-93b341e elementor-section-boxed elementor-section-height-default elementor-section-height-default\" data-id=\"93b341e\" data-element_type=\"section\">\n\t\t\t\t\t\t<div class=\"elementor-container elementor-column-gap-default\">\n\t\t\t\t\t<div class=\"elementor-column elementor-col-100 elementor-top-column elementor-element elementor-element-fdf71a6\" data-id=\"fdf71a6\" data-element_type=\"column\">\n\t\t\t<div class=\"elementor-widget-wrap elementor-element-populated\">\n\t\t\t\t\t\t<div class=\"elementor-element elementor-element-ee0cc8b elementor-widget elementor-widget-video\" data-id=\"ee0cc8b\" data-element_type=\"widget\" data-settings=\"{&quot;youtube_url&quot;:&quot;https:\\\/\\\/youtu.be\\\/oF1Oiajov6w&quot;,&quot;video_type&quot;:&quot;youtube&quot;,&quot;controls&quot;:&quot;yes&quot;}\" data-widget_type=\"video.default\">\n\t\t\t\t<div class=\"elementor-widget-container\">\n\t\t\t\t\t\t\t<div class=\"elementor-wrapper elementor-open-inline\">\n\t\t\t<div class=\"elementor-video\"><\/div>\t\t<\/div>\n\t\t\t\t\t\t<\/div>\n\t\t\t\t<\/div>\n\t\t\t\t\t<\/div>\n\t\t<\/div>\n\t\t\t\t\t<\/div>\n\t\t<\/section>\n\t\t\t\t<section class=\"elementor-section elementor-top-section elementor-element elementor-element-3414b283 elementor-section-boxed elementor-section-height-default elementor-section-height-default\" data-id=\"3414b283\" data-element_type=\"section\">\n\t\t\t\t\t\t<div class=\"elementor-container elementor-column-gap-default\">\n\t\t\t\t\t<div class=\"elementor-column elementor-col-100 elementor-top-column elementor-element elementor-element-7cb43c14\" data-id=\"7cb43c14\" data-element_type=\"column\">\n\t\t\t<div class=\"elementor-widget-wrap elementor-element-populated\">\n\t\t\t\t\t\t<div class=\"elementor-element elementor-element-5af949de elementor-widget elementor-widget-text-editor\" data-id=\"5af949de\" data-element_type=\"widget\" data-widget_type=\"text-editor.default\">\n\t\t\t\t<div class=\"elementor-widget-container\">\n\t\t\t\t\t\t\t\t\t<p><!-- wp:paragraph --><\/p>\n<figure class=\"wp-block-embed is-type-video is-provider-youtube wp-block-embed-youtube wp-embed-aspect-16-9 wp-has-aspect-ratio\">\n<p>\u00a0<\/p>\n<\/figure>\n<p><!-- \/wp:embed --><\/p>\n<p><!-- wp:heading --><\/p>\n<h2><strong><mark class=\"has-inline-color has-vivid-purple-color\" style=\"background-color: rgba(0, 0, 0, 0);\">O uso da v\u00edrgula com <span style=\"text-decoration: underline;\">adv\u00e9rbios<\/span> e <span style=\"text-decoration: underline;\">conjun\u00e7\u00f5es<\/span> \u00e9 facultativo<\/mark><\/strong><\/h2>\n<p><!-- \/wp:heading --><\/p>\n<p><!-- wp:paragraph --><\/p>\n<p>Quando inclu\u00edmos <strong><strong><mark class=\"has-inline-color has-vivid-purple-color\" style=\"background-color: rgba(0, 0, 0, 0);\">adv\u00e9rbios<\/mark><\/strong><\/strong> e <strong><mark class=\"has-inline-color has-vivid-purple-color\" style=\"background-color: rgba(0, 0, 0, 0);\">conjun\u00e7\u00f5es<\/mark><\/strong> em nossos textos, n\u00f3s temos a op\u00e7\u00e3o de usar v\u00edrgulas ou n\u00e3o. Nesses casos, <strong>a v\u00edrgula \u00e9 facultativa<\/strong>.<\/p>\n<p><!-- \/wp:paragraph --><\/p>\n<p><!-- wp:paragraph --><\/p>\n<p>Depende apenas da <strong><mark class=\"has-inline-color has-vivid-purple-color\" style=\"background-color: rgba(0, 0, 0, 0);\">\u00eanfase<\/mark><\/strong> que voc\u00ea quer atribuir a esses elementos. Afinal, isolados entre v\u00edrgulas, esses elementos recebem mais \u00eanfase nos textos.<\/p>\n<p><!-- \/wp:paragraph --><\/p>\n<p><!-- wp:paragraph --><\/p>\n<p>Mas o que s\u00e3o <strong><strong><mark class=\"has-inline-color has-vivid-purple-color\" style=\"background-color: rgba(0, 0, 0, 0);\">adv\u00e9rbios<\/mark><\/strong><\/strong> e <strong><strong><mark class=\"has-inline-color has-vivid-purple-color\" style=\"background-color: rgba(0, 0, 0, 0);\">conjun\u00e7\u00f5es<\/mark><\/strong><\/strong>, mesmo?<\/p>\n<p><!-- \/wp:paragraph --><\/p>\n<p><!-- wp:paragraph --><\/p>\n<p>Primeiro, vamos ver:<\/p>\n<p><!-- \/wp:paragraph --><\/p>\n<p><!-- wp:heading --><\/p>\n<h2><strong><mark class=\"has-inline-color has-vivid-purple-color\" style=\"background-color: rgba(0, 0, 0, 0);\">O que s\u00e3o <span style=\"text-decoration: underline;\">adv\u00e9rbios<\/span>?<\/mark><\/strong><\/h2>\n<p><!-- \/wp:heading --><\/p>\n<p><!-- wp:paragraph --><\/p>\n<p><strong><mark class=\"has-inline-color has-vivid-purple-color\" style=\"background-color: rgba(0, 0, 0, 0);\">Adv\u00e9rbio<\/mark><\/strong>, segundo o <a href=\"https:\/\/houaiss.uol.com.br\/corporativo\/apps\/uol_www\/v6-0\/html\/index.php#8\" target=\"_blank\" rel=\"noreferrer noopener\">dicion\u00e1rio <strong>Houaiss<\/strong><\/a>:<\/p>\n<p><!-- \/wp:paragraph --><\/p>\n<p><!-- wp:quote --><\/p>\n<blockquote class=\"wp-block-quote\">\n<p>\u201cPalavra invari\u00e1vel que funciona como um modificador de um verbo (dormir <strong>pouco<\/strong>), um adjetivo (<strong>muito<\/strong> bom), um outro adv\u00e9rbio (<strong>deveras<\/strong> astuciosamente), uma frase (<strong>felizmente<\/strong> ele chegou), exprimindo circunst\u00e2ncia de tempo, modo, lugar, qualidade, causa, intensidade, oposi\u00e7\u00e3o, afirma\u00e7\u00e3o, nega\u00e7\u00e3o, d\u00favida, aprova\u00e7\u00e3o etc.\u201d<\/p>\n<\/blockquote>\n<p><!-- \/wp:quote --><\/p>\n<p><!-- wp:paragraph --><\/p>\n<p>Mesmo que o <strong>Houaiss<\/strong> j\u00e1 tenha nos mostrado exemplos de <strong><mark class=\"has-inline-color has-vivid-purple-color\" style=\"background-color: rgba(0, 0, 0, 0);\">adv\u00e9rbios<\/mark><\/strong>, vou listar mais alguns para voc\u00ea:<\/p>\n<p><!-- \/wp:paragraph --><\/p>\n<p><!-- wp:list --><\/p>\n<ul>\n<li>Ainda,\u00a0<\/li>\n<li>Tamb\u00e9m,\u00a0<\/li>\n<li>Agora,\u00a0<\/li>\n<li>Felizmente,\u00a0<\/li>\n<li>Consequentemente,\u00a0<\/li>\n<li>Enfim,\u00a0<\/li>\n<li>Ent\u00e3o,\u00a0<\/li>\n<li>Hoje,\u00a0<\/li>\n<li>Atualmente,\u00a0<\/li>\n<li>Geralmente.<\/li>\n<\/ul>\n<p><!-- \/wp:list --><\/p>\n<p><!-- wp:paragraph --><\/p>\n<p>Existem muitos, muitos, muitos <strong><strong><mark class=\"has-inline-color has-vivid-purple-color\" style=\"background-color: rgba(0, 0, 0, 0);\">adv\u00e9rbios<\/mark><\/strong><\/strong> que entram nessa lista. Nem tem como listar tudo aqui.\u00a0<img decoding=\"async\" class=\"emoji\" role=\"img\" draggable=\"false\" src=\"https:\/\/s.w.org\/images\/core\/emoji\/14.0.0\/svg\/1f605.svg\" alt=\"\ud83d\ude05\" \/><\/p>\n<p><!-- \/wp:paragraph --><\/p>\n<p><!-- wp:paragraph --><\/p>\n<p>Portanto, para voc\u00ea se entender ainda melhor com os <strong><mark class=\"has-inline-color has-vivid-purple-color\" style=\"background-color: rgba(0, 0, 0, 0);\">adv\u00e9rbios<\/mark><\/strong> e saber como us\u00e1-los com eleg\u00e2ncia \u2014 e sem exageros \u2014 nos seus textos, recomendo este conte\u00fado para voc\u00ea:<br \/><a href=\"https:\/\/monicaguerretta.com\/qualeocerto\/adverbios\/\" target=\"_blank\" rel=\"noreferrer noopener\">O que s\u00e3o adv\u00e9rbios e o que voc\u00ea tem a ver com isso?<\/a><\/p>\n<p><!-- \/wp:paragraph --><\/p>\n<p><!-- wp:paragraph --><\/p>\n<p>Enfim, de volta ao uso da v\u00edrgula, os <strong><strong><mark class=\"has-inline-color has-vivid-purple-color\" style=\"background-color: rgba(0, 0, 0, 0);\">adv\u00e9rbios<\/mark><\/strong><\/strong> n\u00e3o precisam ser isolados entre <strong><mark class=\"has-inline-color has-vivid-purple-color\" style=\"background-color: rgba(0, 0, 0, 0);\">v\u00edrgulas<\/mark><\/strong> porque n\u00e3o interrompem a continuidade das frases.<\/p>\n<p><!-- \/wp:paragraph --><\/p>\n<p><!-- wp:paragraph --><\/p>\n<p>Veja agora estes exemplos.<\/p>\n<p><!-- \/wp:paragraph --><\/p>\n<p><!-- wp:heading --><\/p>\n<h2><mark class=\"has-inline-color has-vivid-purple-color\" style=\"background-color: rgba(0, 0, 0, 0);\"><strong>Como usar a <span style=\"text-decoration: underline;\">v\u00edrgula<\/span> com <span style=\"text-decoration: underline;\">adv\u00e9rbios<\/span><\/strong><\/mark><\/h2>\n<p><!-- \/wp:heading --><\/p>\n<p><!-- wp:paragraph --><\/p>\n<p>Olha s\u00f3! A frase acima j\u00e1 serve como exemplo, o que nos confirma: a <strong><mark class=\"has-inline-color has-vivid-purple-color\" style=\"background-color: rgba(0, 0, 0, 0);\">v\u00edrgula<\/mark><\/strong> \u00e9 mesmo facultativa. Podemos dizer:<\/p>\n<p><!-- \/wp:paragraph --><\/p>\n<p><!-- wp:list --><\/p>\n<ul>\n<li><strong><img decoding=\"async\" class=\"emoji\" role=\"img\" draggable=\"false\" src=\"https:\/\/s.w.org\/images\/core\/emoji\/14.0.0\/svg\/2705.svg\" alt=\"\u2705\" \/> Veja <mark class=\"has-inline-color has-vivid-green-cyan-color\" style=\"background-color: rgba(0, 0, 0, 0);\">agora<\/mark> estes exemplos.<\/strong><\/li>\n<\/ul>\n<p><!-- \/wp:list --><\/p>\n<p><!-- wp:paragraph --><\/p>\n<p>Ou, com mais <strong><mark class=\"has-inline-color has-vivid-purple-color\" style=\"background-color: rgba(0, 0, 0, 0);\">\u00eanfase<\/mark><\/strong> para o <mark class=\"has-inline-color has-vivid-purple-color\" style=\"background-color: rgba(0, 0, 0, 0);\"><strong>adv\u00e9rbio<\/strong><\/mark>:<\/p>\n<p><!-- \/wp:paragraph --><\/p>\n<p><!-- wp:list --><\/p>\n<ul>\n<li><strong><img decoding=\"async\" class=\"emoji\" role=\"img\" draggable=\"false\" src=\"https:\/\/s.w.org\/images\/core\/emoji\/14.0.0\/svg\/2705.svg\" alt=\"\u2705\" \/> Veja<mark class=\"has-inline-color has-vivid-green-cyan-color\" style=\"background-color: rgba(0, 0, 0, 0);\">, agora,<\/mark> estes exemplos.<\/strong><\/li>\n<\/ul>\n<p><!-- \/wp:list --><\/p>\n<p><!-- wp:paragraph --><\/p>\n<p>Mais exemplos:<\/p>\n<p><!-- \/wp:paragraph --><\/p>\n<p><!-- wp:list --><\/p>\n<ul>\n<li><strong><img decoding=\"async\" class=\"emoji\" role=\"img\" draggable=\"false\" src=\"https:\/\/s.w.org\/images\/core\/emoji\/14.0.0\/svg\/2705.svg\" alt=\"\u2705\" \/> Eu e minha irm\u00e3 <mark class=\"has-inline-color has-vivid-green-cyan-color\" style=\"background-color: rgba(0, 0, 0, 0);\">felizmente<\/mark> nos encontramos ontem.<\/strong><\/li>\n<li><strong><img decoding=\"async\" class=\"emoji\" role=\"img\" draggable=\"false\" src=\"https:\/\/s.w.org\/images\/core\/emoji\/14.0.0\/svg\/2705.svg\" alt=\"\u2705\" \/> Eu e minha irm\u00e3<mark class=\"has-inline-color has-vivid-green-cyan-color\" style=\"background-color: rgba(0, 0, 0, 0);\">, felizmente,<\/mark> nos encontramos ontem.<\/strong><\/li>\n<\/ul>\n<p><!-- \/wp:list --><\/p>\n<p><!-- wp:paragraph --><\/p>\n<p>Voc\u00ea tamb\u00e9m pode trocar o <mark class=\"has-inline-color has-vivid-purple-color\" style=\"background-color: rgba(0, 0, 0, 0);\"><strong>adv\u00e9rbio<\/strong><\/mark> de lugar:<\/p>\n<p><!-- \/wp:paragraph --><\/p>\n<p><!-- wp:list --><\/p>\n<ul>\n<li><strong><img decoding=\"async\" class=\"emoji\" role=\"img\" draggable=\"false\" src=\"https:\/\/s.w.org\/images\/core\/emoji\/14.0.0\/svg\/2705.svg\" alt=\"\u2705\" \/> <mark class=\"has-inline-color has-vivid-green-cyan-color\" style=\"background-color: rgba(0, 0, 0, 0);\">Felizmente<\/mark> eu e minha irm\u00e3 nos encontramos ontem.<\/strong><\/li>\n<li><strong><img decoding=\"async\" class=\"emoji\" role=\"img\" draggable=\"false\" src=\"https:\/\/s.w.org\/images\/core\/emoji\/14.0.0\/svg\/2705.svg\" alt=\"\u2705\" \/><mark class=\"has-inline-color has-vivid-green-cyan-color\" style=\"background-color: rgba(0, 0, 0, 0);\"> Felizmente,<\/mark> eu e minha irm\u00e3 nos encontramos ontem.<\/strong><\/li>\n<\/ul>\n<p><!-- \/wp:list --><\/p>\n<p><!-- wp:paragraph --><\/p>\n<p>Entendido at\u00e9 aqui?<\/p>\n<p><!-- \/wp:paragraph --><\/p>\n<p><!-- wp:paragraph --><\/p>\n<p>Fale a verdade. Voc\u00ea percebeu que usa a <strong><mark class=\"has-inline-color has-vivid-purple-color\" style=\"background-color: rgba(0, 0, 0, 0);\">v\u00edrgula<\/mark><\/strong> errado em casos como esses?<br \/>Porque muitas pessoas usam a v\u00edrgula depois, mas se esquecem de usar a v\u00edrgula antes.<br \/>Ai, ai, ai, ai, ai\u2026 <img decoding=\"async\" class=\"emoji\" role=\"img\" draggable=\"false\" src=\"https:\/\/s.w.org\/images\/core\/emoji\/14.0.0\/svg\/1f928.svg\" alt=\"\ud83e\udd28\" \/><\/p>\n<p><!-- \/wp:paragraph --><\/p>\n<p><!-- wp:list --><\/p>\n<ul>\n<li><strong><img decoding=\"async\" class=\"emoji\" role=\"img\" draggable=\"false\" src=\"https:\/\/s.w.org\/images\/core\/emoji\/14.0.0\/svg\/2705.svg\" alt=\"\u2705\" \/> Vamos <mark class=\"has-inline-color has-vivid-green-cyan-color\" style=\"background-color: rgba(0, 0, 0, 0);\">ent\u00e3o<\/mark> \u00e0 segunda parte deste conte\u00fado.<\/strong><\/li>\n<li><strong><img decoding=\"async\" class=\"emoji\" role=\"img\" draggable=\"false\" src=\"https:\/\/s.w.org\/images\/core\/emoji\/14.0.0\/svg\/2705.svg\" alt=\"\u2705\" \/> Vamos<mark class=\"has-inline-color has-vivid-green-cyan-color\" style=\"background-color: rgba(0, 0, 0, 0);\">, ent\u00e3o,<\/mark> \u00e0 segunda parte deste conte\u00fado.<\/strong><\/li>\n<\/ul>\n<p><!-- \/wp:list --><\/p>\n<p><!-- wp:paragraph --><\/p>\n<p>Gostou de ver mais dois exemplos? <img decoding=\"async\" class=\"emoji\" role=\"img\" draggable=\"false\" src=\"https:\/\/s.w.org\/images\/core\/emoji\/14.0.0\/svg\/1f642.svg\" alt=\"\ud83d\ude42\" \/><\/p>\n<p><!-- \/wp:paragraph --><\/p>\n<p><!-- wp:heading --><\/p>\n<h2><strong><mark class=\"has-inline-color has-vivid-purple-color\" style=\"background-color: rgba(0, 0, 0, 0);\">O que s\u00e3o <span style=\"text-decoration: underline;\">conjun\u00e7\u00f5es<\/span>?<\/mark><\/strong><\/h2>\n<p><!-- \/wp:heading --><\/p>\n<p><!-- wp:paragraph --><\/p>\n<p><strong><mark class=\"has-inline-color has-vivid-purple-color\" style=\"background-color: rgba(0, 0, 0, 0);\">Conjun\u00e7\u00f5es<\/mark><\/strong> s\u00e3o aquelas palavras que ligam, que amarram trechos dos seus textos.<\/p>\n<p><!-- \/wp:paragraph --><\/p>\n<p><!-- wp:paragraph --><\/p>\n<p>Estes s\u00e3o exemplos de <strong><mark class=\"has-inline-color has-vivid-purple-color\" style=\"background-color: rgba(0, 0, 0, 0);\">conjun\u00e7\u00f5es<\/mark><\/strong>:<\/p>\n<p><!-- \/wp:paragraph --><\/p>\n<p><!-- wp:list --><\/p>\n<ul>\n<li>Contudo,\u00a0<\/li>\n<li>Entretanto,\u00a0<\/li>\n<li>Por\u00e9m,\u00a0<\/li>\n<li>Todavia,\u00a0<\/li>\n<li>Logo,\u00a0<\/li>\n<li>No entanto,\u00a0<\/li>\n<li>Portanto.<\/li>\n<\/ul>\n<p><!-- \/wp:list --><\/p>\n<p><!-- wp:paragraph --><\/p>\n<p>Com exemplos, tudo fica mais f\u00e1cil, n\u00e3o \u00e9 mesmo? <img decoding=\"async\" class=\"emoji\" role=\"img\" draggable=\"false\" src=\"https:\/\/s.w.org\/images\/core\/emoji\/14.0.0\/svg\/1f60d.svg\" alt=\"\ud83d\ude0d\" \/><\/p>\n<p><!-- \/wp:paragraph --><\/p>\n<p><!-- wp:paragraph --><\/p>\n<p>Uma vez que as <strong><strong><mark class=\"has-inline-color has-vivid-purple-color\" style=\"background-color: rgba(0, 0, 0, 0);\">conjun\u00e7\u00f5es<\/mark><\/strong><\/strong> tamb\u00e9m n\u00e3o interrompem a continuidade das frases, n\u00e3o existe a necessidade de usar <strong><mark class=\"has-inline-color has-vivid-purple-color\" style=\"background-color: rgba(0, 0, 0, 0);\">v\u00edrgula<\/mark><\/strong>.\u00a0<\/p>\n<p><!-- \/wp:paragraph --><\/p>\n<p><!-- wp:paragraph --><\/p>\n<p>O uso da v\u00edrgula serve apenas para dar mais <strong><mark class=\"has-inline-color has-vivid-purple-color\" style=\"background-color: rgba(0, 0, 0, 0);\">\u00eanfase<\/mark><\/strong> \u00e0s <strong><strong><mark class=\"has-inline-color has-vivid-purple-color\" style=\"background-color: rgba(0, 0, 0, 0);\">conjun\u00e7\u00f5es<\/mark><\/strong><\/strong>. No entanto, saiba que aqui voc\u00ea precisa do apoio de outras pontua\u00e7\u00f5es, dependendo de onde essas <strong><strong><mark class=\"has-inline-color has-vivid-purple-color\" style=\"background-color: rgba(0, 0, 0, 0);\">conjun\u00e7\u00f5es<\/mark><\/strong><\/strong> aparecem na frase.<\/p>\n<p><!-- \/wp:paragraph --><\/p>\n<p><!-- wp:heading --><\/p>\n<h2><strong><mark class=\"has-inline-color has-vivid-purple-color\" style=\"background-color: rgba(0, 0, 0, 0);\">Como usar a <span style=\"text-decoration: underline;\">v\u00edrgula<\/span> com <span style=\"text-decoration: underline;\">conjun\u00e7\u00f5es<\/span><\/mark><\/strong><\/h2>\n<p><!-- \/wp:heading --><\/p>\n<p><!-- wp:paragraph --><\/p>\n<p>Veja como fica na pr\u00e1tica:<\/p>\n<p><!-- \/wp:paragraph --><\/p>\n<p><!-- wp:list --><\/p>\n<ul>\n<li><strong><img decoding=\"async\" class=\"emoji\" role=\"img\" draggable=\"false\" src=\"https:\/\/s.w.org\/images\/core\/emoji\/14.0.0\/svg\/2705.svg\" alt=\"\u2705\" \/> Voc\u00ea chegou at\u00e9 aqui para melhorar seu portugu\u00eas<mark class=\"has-inline-color has-vivid-green-cyan-color\" style=\"background-color: rgba(0, 0, 0, 0);\">, portanto<\/mark> precisa se dedicar.<\/strong><\/li>\n<\/ul>\n<p><!-- \/wp:list --><\/p>\n<p><!-- wp:paragraph --><\/p>\n<p>Podemos dar mais destaque \u00e0 <strong><mark class=\"has-inline-color has-vivid-purple-color\" style=\"background-color: rgba(0, 0, 0, 0);\">conjun\u00e7\u00e3o<\/mark><\/strong> <strong><span style=\"text-decoration: underline;\">portanto<\/span><\/strong>:<\/p>\n<p><!-- \/wp:paragraph --><\/p>\n<p><!-- wp:list --><\/p>\n<ul>\n<li><strong><img decoding=\"async\" class=\"emoji\" role=\"img\" draggable=\"false\" src=\"https:\/\/s.w.org\/images\/core\/emoji\/14.0.0\/svg\/2705.svg\" alt=\"\u2705\" \/> Voc\u00ea chegou at\u00e9 aqui para melhorar seu portugu\u00eas<mark class=\"has-inline-color has-vivid-green-cyan-color\" style=\"background-color: rgba(0, 0, 0, 0);\">. Portanto,<\/mark> precisa se dedicar.<\/strong><\/li>\n<li><strong><img decoding=\"async\" class=\"emoji\" role=\"img\" draggable=\"false\" src=\"https:\/\/s.w.org\/images\/core\/emoji\/14.0.0\/svg\/2705.svg\" alt=\"\u2705\" \/> Voc\u00ea chegou at\u00e9 aqui para melhorar seu portugu\u00eas<mark class=\"has-inline-color has-vivid-green-cyan-color\" style=\"background-color: rgba(0, 0, 0, 0);\">; portanto,<\/mark> precisa se dedicar.<\/strong><\/li>\n<\/ul>\n<p><!-- \/wp:list --><\/p>\n<p><!-- wp:paragraph --><\/p>\n<p>Viu que isolar o <strong><span style=\"text-decoration: underline;\">portanto<\/span><\/strong>\u00a0entre pontua\u00e7\u00f5es \u2014 ora com <span style=\"text-decoration: underline;\">ponto-final e v\u00edrgula<\/span>, ora com <span style=\"text-decoration: underline;\">ponto e v\u00edrgula e v\u00edrgula<\/span> \u2014 traz mais <strong><mark class=\"has-inline-color has-vivid-purple-color\" style=\"background-color: rgba(0, 0, 0, 0);\">\u00eanfase<\/mark><\/strong> para ele?<\/p>\n<p><!-- \/wp:paragraph --><\/p>\n<p><!-- wp:paragraph --><\/p>\n<p>Outro exemplo:<\/p>\n<p><!-- \/wp:paragraph --><\/p>\n<p><!-- wp:list --><\/p>\n<ul>\n<li><strong><img decoding=\"async\" class=\"emoji\" role=\"img\" draggable=\"false\" src=\"https:\/\/s.w.org\/images\/core\/emoji\/14.0.0\/svg\/2705.svg\" alt=\"\u2705\" \/> Gosto da primavera<mark class=\"has-inline-color has-vivid-green-cyan-color\" style=\"background-color: rgba(0, 0, 0, 0);\">, por\u00e9m<\/mark> prefiro o inverno.<\/strong><\/li>\n<\/ul>\n<p><!-- \/wp:list --><\/p>\n<p><!-- wp:paragraph --><\/p>\n<p>Podemos dar mais <strong><mark class=\"has-inline-color has-vivid-purple-color\" style=\"background-color: rgba(0, 0, 0, 0);\">\u00eanfase<\/mark><\/strong> ao <strong><span style=\"text-decoration: underline;\">por\u00e9m<\/span><\/strong> isolando-o da mesma forma como fizemos acima:<\/p>\n<p><!-- \/wp:paragraph --><\/p>\n<p><!-- wp:list --><\/p>\n<ul>\n<li><strong><img decoding=\"async\" class=\"emoji\" role=\"img\" draggable=\"false\" src=\"https:\/\/s.w.org\/images\/core\/emoji\/14.0.0\/svg\/2705.svg\" alt=\"\u2705\" \/> Gosto da primavera<mark class=\"has-inline-color has-vivid-green-cyan-color\" style=\"background-color: rgba(0, 0, 0, 0);\">. Por\u00e9m,<\/mark> prefiro o inverno.<\/strong><\/li>\n<li><strong><img decoding=\"async\" class=\"emoji\" role=\"img\" draggable=\"false\" src=\"https:\/\/s.w.org\/images\/core\/emoji\/14.0.0\/svg\/2705.svg\" alt=\"\u2705\" \/> Gosto da primavera<mark class=\"has-inline-color has-vivid-green-cyan-color\" style=\"background-color: rgba(0, 0, 0, 0);\">; por\u00e9m,<\/mark> prefiro o inverno.<\/strong><\/li>\n<\/ul>\n<p><!-- \/wp:list --><\/p>\n<p><!-- wp:paragraph --><\/p>\n<p>Note que voc\u00ea s\u00f3 usa <strong><mark class=\"has-inline-color has-vivid-purple-color\" style=\"background-color: rgba(0, 0, 0, 0);\">v\u00edrgula<\/mark><\/strong> depois da <strong><mark class=\"has-inline-color has-vivid-purple-color\" style=\"background-color: rgba(0, 0, 0, 0);\">conjun\u00e7\u00e3o<\/mark><\/strong> se ela vier depois de outra pontua\u00e7\u00e3o. Se tiver uma v\u00edrgula antes, nada de v\u00edrgula depois.<\/p>\n<p><!-- \/wp:paragraph --><\/p>\n<p><!-- wp:paragraph --><\/p>\n<p>Voc\u00ea s\u00f3 usa a <strong><strong><mark class=\"has-inline-color has-vivid-purple-color\" style=\"background-color: rgba(0, 0, 0, 0);\">conjun\u00e7\u00e3o<\/mark><\/strong><\/strong> entre duas v\u00edrgulas se ela aparecer como uma intercala\u00e7\u00e3o. Ou seja, no meio da frase.<\/p>\n<p><!-- \/wp:paragraph --><\/p>\n<p><!-- wp:paragraph --><\/p>\n<p>Exemplo:<\/p>\n<p><!-- \/wp:paragraph --><\/p>\n<p><!-- wp:list --><\/p>\n<ul>\n<li><strong><img decoding=\"async\" class=\"emoji\" role=\"img\" draggable=\"false\" src=\"https:\/\/s.w.org\/images\/core\/emoji\/14.0.0\/svg\/2705.svg\" alt=\"\u2705\" \/> Gosto da primavera. Prefiro<mark class=\"has-inline-color has-vivid-green-cyan-color\" style=\"background-color: rgba(0, 0, 0, 0);\">, por\u00e9m, <\/mark>o inverno.<\/strong><\/li>\n<\/ul>\n<p><!-- \/wp:list --><\/p>\n<p><!-- wp:paragraph --><\/p>\n<p>Voc\u00ea entendeu como funciona?<br \/>Espero que tenha gostado da explica\u00e7\u00e3o. <img decoding=\"async\" class=\"emoji\" role=\"img\" draggable=\"false\" src=\"https:\/\/s.w.org\/images\/core\/emoji\/14.0.0\/svg\/1f970.svg\" alt=\"\ud83e\udd70\" \/><\/p>\n<p><strong>Aqui est\u00e1 a parte 2 deste conte\u00fado:<\/strong><br \/><a href=\"https:\/\/monicaguerretta.com\/qualeocerto\/virgula-com-pequenas-intercalacoes\/\" target=\"_blank\" rel=\"noopener\">Use a v\u00edrgula para dar \u00eanfase a pequenas intercala\u00e7\u00f5es<\/a><\/p>\n<p><!-- \/wp:paragraph --><\/p>\n<p><!-- wp:paragraph --><\/p>\n<p><strong>Veja mais conte\u00fados para fazer as pazes com o portugu\u00eas:<\/strong><br \/><a href=\"https:\/\/monicaguerretta.com\/qualeocerto\/aprenda-a-usar-o-mesmo-sem-errar\/\" target=\"_blank\" rel=\"noreferrer noopener\">Aprenda a usar \u201co mesmo\u201d e suas varia\u00e7\u00f5es sem errar<\/a><br \/><a href=\"https:\/\/monicaguerretta.com\/qualeocerto\/adverbios\/\" target=\"_blank\" rel=\"noreferrer noopener\">O que s\u00e3o adv\u00e9rbios e o que voc\u00ea tem a ver com isso?<\/a><br \/><a href=\"https:\/\/monicaguerretta.com\/qualeocerto\/atualize-se-com-o-novo-acordo-ortografico\/\" target=\"_blank\" rel=\"noreferrer noopener\">Atualize-se! O &#8220;novo&#8221; Acordo Ortogr\u00e1fico est\u00e1 valendo desde 2009<\/a><\/p>\n<p><!-- \/wp:paragraph --><\/p>\t\t\t\t\t\t\t\t<\/div>\n\t\t\t\t<\/div>\n\t\t\t\t\t<\/div>\n\t\t<\/div>\n\t\t\t\t\t<\/div>\n\t\t<\/section>\n\t\t\t\t<section class=\"elementor-section elementor-top-section elementor-element elementor-element-9d91beb elementor-section-boxed elementor-section-height-default elementor-section-height-default\" data-id=\"9d91beb\" data-element_type=\"section\">\n\t\t\t\t\t\t<div class=\"elementor-container elementor-column-gap-default\">\n\t\t\t\t\t<div class=\"elementor-column elementor-col-33 elementor-top-column elementor-element elementor-element-806f10a\" data-id=\"806f10a\" data-element_type=\"column\">\n\t\t\t<div class=\"elementor-widget-wrap elementor-element-populated\">\n\t\t\t\t\t\t<div class=\"elementor-element elementor-element-9bb9978 elementor-invisible elementor-widget elementor-widget-image\" data-id=\"9bb9978\" data-element_type=\"widget\" data-settings=\"{&quot;_animation&quot;:&quot;slideInLeft&quot;}\" data-widget_type=\"image.default\">\n\t\t\t\t<div class=\"elementor-widget-container\">\n\t\t\t\t\t\t\t\t\t\t\t\t\t\t\t<img fetchpriority=\"high\" decoding=\"async\" width=\"681\" height=\"1024\" src=\"https:\/\/monicaguerretta.com\/qualeocerto\/wp-content\/uploads\/2022\/07\/Monica-Guerretta-Qual-e-o-certo-681x1024.jpg\" class=\"attachment-large size-large wp-image-1980\" alt=\"M\u00f4nica-Guerretta-Qual-\u00e9-o-certo\" srcset=\"https:\/\/monicaguerretta.com\/qualeocerto\/wp-content\/uploads\/2022\/07\/Monica-Guerretta-Qual-e-o-certo-681x1024.jpg 681w, https:\/\/monicaguerretta.com\/qualeocerto\/wp-content\/uploads\/2022\/07\/Monica-Guerretta-Qual-e-o-certo-200x300.jpg 200w, https:\/\/monicaguerretta.com\/qualeocerto\/wp-content\/uploads\/2022\/07\/Monica-Guerretta-Qual-e-o-certo-768x1155.jpg 768w, https:\/\/monicaguerretta.com\/qualeocerto\/wp-content\/uploads\/2022\/07\/Monica-Guerretta-Qual-e-o-certo-1022x1536.jpg 1022w, https:\/\/monicaguerretta.com\/qualeocerto\/wp-content\/uploads\/2022\/07\/Monica-Guerretta-Qual-e-o-certo-1362x2048.jpg 1362w, https:\/\/monicaguerretta.com\/qualeocerto\/wp-content\/uploads\/2022\/07\/Monica-Guerretta-Qual-e-o-certo-scaled.jpg 1703w\" sizes=\"(max-width: 681px) 100vw, 681px\" \/>\t\t\t\t\t\t\t\t\t\t\t\t\t\t\t<\/div>\n\t\t\t\t<\/div>\n\t\t\t\t\t<\/div>\n\t\t<\/div>\n\t\t\t\t<div class=\"elementor-column elementor-col-66 elementor-top-column elementor-element elementor-element-a88ac6e\" data-id=\"a88ac6e\" data-element_type=\"column\">\n\t\t\t<div class=\"elementor-widget-wrap elementor-element-populated\">\n\t\t\t\t\t\t<div class=\"elementor-element elementor-element-712b760 elementor-invisible elementor-widget elementor-widget-text-editor\" data-id=\"712b760\" data-element_type=\"widget\" data-settings=\"{&quot;_animation&quot;:&quot;slideInRight&quot;}\" data-widget_type=\"text-editor.default\">\n\t\t\t\t<div class=\"elementor-widget-container\">\n\t\t\t\t\t\t\t\t\t<p><b>Minha explica\u00e7\u00e3o ajudou voc\u00ea a se entender melhor com a v\u00edrgula? <br \/><\/b><span style=\"font-weight: 400;\">Ent\u00e3o apoie o Qual \u00e9 o certo?, por favorzinho. <img decoding=\"async\" class=\"emoji\" role=\"img\" draggable=\"false\" src=\"https:\/\/s.w.org\/images\/core\/emoji\/14.0.0\/svg\/1f499.svg\" alt=\"\ud83d\udc99\" \/><\/span><\/p>\n<ul>\n<li><a href=\"https:\/\/www.youtube.com\/c\/qualeocerto\" target=\"_blank\" rel=\"noopener\"><span style=\"font-weight: 400;\">Inscreva-se no canal do YouTube<\/span><\/a><\/li>\n<li><a href=\"https:\/\/www.instagram.com\/qualeocerto\/\" target=\"_blank\" rel=\"noopener\"><span style=\"font-weight: 400;\">Siga no Instagram<\/span><\/a><\/li>\n<li><a href=\"https:\/\/www.linkedin.com\/in\/monicaguerretta\/\"><span style=\"font-weight: 400;\">Acompanhe no LinkedIn<\/span><\/a><\/li>\n<li><a href=\"https:\/\/monicaguerretta.com\/qualeocerto\/vamos-conversar\/\" target=\"_blank\" rel=\"noopener\"><span style=\"font-weight: 400;\">Pague um cafezinho para mim<\/span><\/a><\/li>\n<li><span style=\"font-weight: 400;\">Compartilhe este conte\u00fado <\/span><\/li>\n<\/ul>\t\t\t\t\t\t\t\t<\/div>\n\t\t\t\t<\/div>\n\t\t\t\t\t<\/div>\n\t\t<\/div>\n\t\t\t\t\t<\/div>\n\t\t<\/section>\n\t\t\t\t<\/div>\n\t\t","protected":false},"excerpt":{"rendered":"<p>Uma das fun\u00e7\u00f5es da v\u00edrgula \u00e9 dar \u00eanfase para alguns elementos. Ent\u00e3o, neste conte\u00fado vamos falar&hellip;<\/p>\n","protected":false},"author":2,"featured_media":2281,"comment_status":"open","ping_status":"open","sticky":false,"template":"","format":"standard","meta":{"_exactmetrics_skip_tracking":false,"_exactmetrics_sitenote_active":false,"_exactmetrics_sitenote_note":"","_exactmetrics_sitenote_category":0,"footnotes":""},"categories":[265,291,176],"tags":[100,105,61,286,287],"class_list":["post-2280","post","type-post","status-publish","format-standard","has-post-thumbnail","hentry","category-pontuacoes","category-portugues","category-virgula","tag-adverbio","tag-conjuncao","tag-virgula","tag-virgula-com-adverbios","tag-virgula-com-conjuncoes"],"yoast_head":"<!-- This site is optimized with the Yoast SEO plugin v27.5 - https:\/\/yoast.com\/product\/yoast-seo-wordpress\/ -->\n<title>Use a v\u00edrgula para dar \u00eanfase a adv\u00e9rbios e conjun\u00e7\u00f5es &#187; Qual \u00e9 o certo?<\/title>\n<meta name=\"description\" content=\"Aprenda a usar a v\u00edrgula com adv\u00e9rbios e conjun\u00e7\u00f5es. Aqui voc\u00ea encontrar\u00e1 v\u00e1rios exemplos, para entender bem direitinho.\" \/>\n<meta name=\"robots\" content=\"index, follow, max-snippet:-1, max-image-preview:large, max-video-preview:-1\" \/>\n<link rel=\"canonical\" href=\"https:\/\/monicaguerretta.com\/qualeocerto\/virgula-com-adverbios-e-conjuncoes\/\" \/>\n<meta property=\"og:locale\" content=\"pt_BR\" \/>\n<meta property=\"og:type\" content=\"article\" \/>\n<meta property=\"og:title\" content=\"Use a v\u00edrgula para dar \u00eanfase a adv\u00e9rbios e conjun\u00e7\u00f5es &#187; Qual \u00e9 o certo?\" \/>\n<meta property=\"og:description\" content=\"Aprenda a usar a v\u00edrgula com adv\u00e9rbios e conjun\u00e7\u00f5es. Aqui voc\u00ea encontrar\u00e1 v\u00e1rios exemplos, para entender bem direitinho.\" \/>\n<meta property=\"og:url\" content=\"https:\/\/monicaguerretta.com\/qualeocerto\/virgula-com-adverbios-e-conjuncoes\/\" \/>\n<meta property=\"og:site_name\" content=\"Qual \u00e9 o certo?\" \/>\n<meta property=\"article:publisher\" content=\"https:\/\/www.facebook.com\/qualeocerto\" \/>\n<meta property=\"article:published_time\" content=\"2022-10-06T22:55:00+00:00\" \/>\n<meta property=\"article:modified_time\" content=\"2022-12-13T18:40:26+00:00\" \/>\n<meta property=\"og:image\" content=\"https:\/\/monicaguerretta.com\/qualeocerto\/wp-content\/uploads\/2022\/10\/virgula-com-adverbios-e-conjuncoes-qual-e-o-certo.png\" \/>\n\t<meta property=\"og:image:width\" content=\"1080\" \/>\n\t<meta property=\"og:image:height\" content=\"1081\" \/>\n\t<meta property=\"og:image:type\" content=\"image\/png\" \/>\n<meta name=\"author\" content=\"M\u00f4nica Guerretta\" \/>\n<meta name=\"twitter:card\" content=\"summary_large_image\" \/>\n<meta name=\"twitter:label1\" content=\"Escrito por\" \/>\n\t<meta name=\"twitter:data1\" content=\"M\u00f4nica Guerretta\" \/>\n\t<meta name=\"twitter:label2\" content=\"Est. tempo de leitura\" \/>\n\t<meta name=\"twitter:data2\" content=\"9 minutos\" \/>\n<script type=\"application\/ld+json\" class=\"yoast-schema-graph\">{\"@context\":\"https:\\\/\\\/schema.org\",\"@graph\":[{\"@type\":\"Article\",\"@id\":\"https:\\\/\\\/monicaguerretta.com\\\/qualeocerto\\\/virgula-com-adverbios-e-conjuncoes\\\/#article\",\"isPartOf\":{\"@id\":\"https:\\\/\\\/monicaguerretta.com\\\/qualeocerto\\\/virgula-com-adverbios-e-conjuncoes\\\/\"},\"author\":{\"name\":\"M\u00f4nica Guerretta\",\"@id\":\"https:\\\/\\\/monicaguerretta.com\\\/qualeocerto\\\/#\\\/schema\\\/person\\\/214b5e9a83b11fe11a18ecae0d21f79a\"},\"headline\":\"Use a v\u00edrgula para dar \u00eanfase a adv\u00e9rbios e conjun\u00e7\u00f5es\",\"datePublished\":\"2022-10-06T22:55:00+00:00\",\"dateModified\":\"2022-12-13T18:40:26+00:00\",\"mainEntityOfPage\":{\"@id\":\"https:\\\/\\\/monicaguerretta.com\\\/qualeocerto\\\/virgula-com-adverbios-e-conjuncoes\\\/\"},\"wordCount\":887,\"commentCount\":0,\"publisher\":{\"@id\":\"https:\\\/\\\/monicaguerretta.com\\\/qualeocerto\\\/#organization\"},\"image\":{\"@id\":\"https:\\\/\\\/monicaguerretta.com\\\/qualeocerto\\\/virgula-com-adverbios-e-conjuncoes\\\/#primaryimage\"},\"thumbnailUrl\":\"https:\\\/\\\/monicaguerretta.com\\\/qualeocerto\\\/wp-content\\\/uploads\\\/2022\\\/10\\\/virgula-com-adverbios-e-conjuncoes-qual-e-o-certo.png\",\"keywords\":[\"adv\u00e9rbio\",\"conjun\u00e7\u00e3o\",\"v\u00edrgula\",\"v\u00edrgula com adv\u00e9rbios\",\"v\u00edrgula com conjun\u00e7\u00f5es\"],\"articleSection\":[\"Pontua\u00e7\u00f5es\",\"Portugu\u00eas\",\"V\u00edrgula\"],\"inLanguage\":\"pt-BR\",\"potentialAction\":[{\"@type\":\"CommentAction\",\"name\":\"Comment\",\"target\":[\"https:\\\/\\\/monicaguerretta.com\\\/qualeocerto\\\/virgula-com-adverbios-e-conjuncoes\\\/#respond\"]}]},{\"@type\":\"WebPage\",\"@id\":\"https:\\\/\\\/monicaguerretta.com\\\/qualeocerto\\\/virgula-com-adverbios-e-conjuncoes\\\/\",\"url\":\"https:\\\/\\\/monicaguerretta.com\\\/qualeocerto\\\/virgula-com-adverbios-e-conjuncoes\\\/\",\"name\":\"Use a v\u00edrgula para dar \u00eanfase a adv\u00e9rbios e conjun\u00e7\u00f5es &#187; Qual \u00e9 o certo?\",\"isPartOf\":{\"@id\":\"https:\\\/\\\/monicaguerretta.com\\\/qualeocerto\\\/#website\"},\"primaryImageOfPage\":{\"@id\":\"https:\\\/\\\/monicaguerretta.com\\\/qualeocerto\\\/virgula-com-adverbios-e-conjuncoes\\\/#primaryimage\"},\"image\":{\"@id\":\"https:\\\/\\\/monicaguerretta.com\\\/qualeocerto\\\/virgula-com-adverbios-e-conjuncoes\\\/#primaryimage\"},\"thumbnailUrl\":\"https:\\\/\\\/monicaguerretta.com\\\/qualeocerto\\\/wp-content\\\/uploads\\\/2022\\\/10\\\/virgula-com-adverbios-e-conjuncoes-qual-e-o-certo.png\",\"datePublished\":\"2022-10-06T22:55:00+00:00\",\"dateModified\":\"2022-12-13T18:40:26+00:00\",\"description\":\"Aprenda a usar a v\u00edrgula com adv\u00e9rbios e conjun\u00e7\u00f5es. Aqui voc\u00ea encontrar\u00e1 v\u00e1rios exemplos, para entender bem direitinho.\",\"breadcrumb\":{\"@id\":\"https:\\\/\\\/monicaguerretta.com\\\/qualeocerto\\\/virgula-com-adverbios-e-conjuncoes\\\/#breadcrumb\"},\"inLanguage\":\"pt-BR\",\"potentialAction\":[{\"@type\":\"ReadAction\",\"target\":[\"https:\\\/\\\/monicaguerretta.com\\\/qualeocerto\\\/virgula-com-adverbios-e-conjuncoes\\\/\"]}]},{\"@type\":\"ImageObject\",\"inLanguage\":\"pt-BR\",\"@id\":\"https:\\\/\\\/monicaguerretta.com\\\/qualeocerto\\\/virgula-com-adverbios-e-conjuncoes\\\/#primaryimage\",\"url\":\"https:\\\/\\\/monicaguerretta.com\\\/qualeocerto\\\/wp-content\\\/uploads\\\/2022\\\/10\\\/virgula-com-adverbios-e-conjuncoes-qual-e-o-certo.png\",\"contentUrl\":\"https:\\\/\\\/monicaguerretta.com\\\/qualeocerto\\\/wp-content\\\/uploads\\\/2022\\\/10\\\/virgula-com-adverbios-e-conjuncoes-qual-e-o-certo.png\",\"width\":1080,\"height\":1081,\"caption\":\"v\u00edrgula com adv\u00e9rbios e conjun\u00e7\u00f5es - qual \u00e9 o certo\"},{\"@type\":\"BreadcrumbList\",\"@id\":\"https:\\\/\\\/monicaguerretta.com\\\/qualeocerto\\\/virgula-com-adverbios-e-conjuncoes\\\/#breadcrumb\",\"itemListElement\":[{\"@type\":\"ListItem\",\"position\":1,\"name\":\"In\u00edcio\",\"item\":\"https:\\\/\\\/monicaguerretta.com\\\/qualeocerto\\\/\"},{\"@type\":\"ListItem\",\"position\":2,\"name\":\"Use a v\u00edrgula para dar \u00eanfase a adv\u00e9rbios e conjun\u00e7\u00f5es\"}]},{\"@type\":\"WebSite\",\"@id\":\"https:\\\/\\\/monicaguerretta.com\\\/qualeocerto\\\/#website\",\"url\":\"https:\\\/\\\/monicaguerretta.com\\\/qualeocerto\\\/\",\"name\":\"Qual \u00e9 o Certo?\",\"description\":\"M\u00f4nica Guerretta | Redatora publicit\u00e1ria | Copywriting - UX Writing\",\"publisher\":{\"@id\":\"https:\\\/\\\/monicaguerretta.com\\\/qualeocerto\\\/#organization\"},\"potentialAction\":[{\"@type\":\"SearchAction\",\"target\":{\"@type\":\"EntryPoint\",\"urlTemplate\":\"https:\\\/\\\/monicaguerretta.com\\\/qualeocerto\\\/?s={search_term_string}\"},\"query-input\":{\"@type\":\"PropertyValueSpecification\",\"valueRequired\":true,\"valueName\":\"search_term_string\"}}],\"inLanguage\":\"pt-BR\"},{\"@type\":\"Organization\",\"@id\":\"https:\\\/\\\/monicaguerretta.com\\\/qualeocerto\\\/#organization\",\"name\":\"Qual \u00e9 o certo?\",\"url\":\"https:\\\/\\\/monicaguerretta.com\\\/qualeocerto\\\/\",\"logo\":{\"@type\":\"ImageObject\",\"inLanguage\":\"pt-BR\",\"@id\":\"https:\\\/\\\/monicaguerretta.com\\\/qualeocerto\\\/#\\\/schema\\\/logo\\\/image\\\/\",\"url\":\"https:\\\/\\\/monicaguerretta.com\\\/qualeocerto\\\/wp-content\\\/uploads\\\/2022\\\/08\\\/marca-quale.png\",\"contentUrl\":\"https:\\\/\\\/monicaguerretta.com\\\/qualeocerto\\\/wp-content\\\/uploads\\\/2022\\\/08\\\/marca-quale.png\",\"width\":592,\"height\":315,\"caption\":\"Qual \u00e9 o certo?\"},\"image\":{\"@id\":\"https:\\\/\\\/monicaguerretta.com\\\/qualeocerto\\\/#\\\/schema\\\/logo\\\/image\\\/\"},\"sameAs\":[\"https:\\\/\\\/www.facebook.com\\\/qualeocerto\",\"https:\\\/\\\/www.instagram.com\\\/qualeocerto\\\/\",\"https:\\\/\\\/www.youtube.com\\\/c\\\/qualeocerto\"]},{\"@type\":\"Person\",\"@id\":\"https:\\\/\\\/monicaguerretta.com\\\/qualeocerto\\\/#\\\/schema\\\/person\\\/214b5e9a83b11fe11a18ecae0d21f79a\",\"name\":\"M\u00f4nica Guerretta\",\"image\":{\"@type\":\"ImageObject\",\"inLanguage\":\"pt-BR\",\"@id\":\"https:\\\/\\\/secure.gravatar.com\\\/avatar\\\/cc0028ec5e6e39e7cd7e61c0fa6158a6d7f1edc39c4f536d768ad95ee3e26a8a?s=96&d=mm&r=g\",\"url\":\"https:\\\/\\\/secure.gravatar.com\\\/avatar\\\/cc0028ec5e6e39e7cd7e61c0fa6158a6d7f1edc39c4f536d768ad95ee3e26a8a?s=96&d=mm&r=g\",\"contentUrl\":\"https:\\\/\\\/secure.gravatar.com\\\/avatar\\\/cc0028ec5e6e39e7cd7e61c0fa6158a6d7f1edc39c4f536d768ad95ee3e26a8a?s=96&d=mm&r=g\",\"caption\":\"M\u00f4nica Guerretta\"}}]}<\/script>\n<!-- \/ Yoast SEO plugin. -->","yoast_head_json":{"title":"Use a v\u00edrgula para dar \u00eanfase a adv\u00e9rbios e conjun\u00e7\u00f5es &#187; Qual \u00e9 o certo?","description":"Aprenda a usar a v\u00edrgula com adv\u00e9rbios e conjun\u00e7\u00f5es. Aqui voc\u00ea encontrar\u00e1 v\u00e1rios exemplos, para entender bem direitinho.","robots":{"index":"index","follow":"follow","max-snippet":"max-snippet:-1","max-image-preview":"max-image-preview:large","max-video-preview":"max-video-preview:-1"},"canonical":"https:\/\/monicaguerretta.com\/qualeocerto\/virgula-com-adverbios-e-conjuncoes\/","og_locale":"pt_BR","og_type":"article","og_title":"Use a v\u00edrgula para dar \u00eanfase a adv\u00e9rbios e conjun\u00e7\u00f5es &#187; Qual \u00e9 o certo?","og_description":"Aprenda a usar a v\u00edrgula com adv\u00e9rbios e conjun\u00e7\u00f5es. Aqui voc\u00ea encontrar\u00e1 v\u00e1rios exemplos, para entender bem direitinho.","og_url":"https:\/\/monicaguerretta.com\/qualeocerto\/virgula-com-adverbios-e-conjuncoes\/","og_site_name":"Qual \u00e9 o certo?","article_publisher":"https:\/\/www.facebook.com\/qualeocerto","article_published_time":"2022-10-06T22:55:00+00:00","article_modified_time":"2022-12-13T18:40:26+00:00","og_image":[{"width":1080,"height":1081,"url":"https:\/\/monicaguerretta.com\/qualeocerto\/wp-content\/uploads\/2022\/10\/virgula-com-adverbios-e-conjuncoes-qual-e-o-certo.png","type":"image\/png"}],"author":"M\u00f4nica Guerretta","twitter_card":"summary_large_image","twitter_misc":{"Escrito por":"M\u00f4nica Guerretta","Est. tempo de leitura":"9 minutos"},"schema":{"@context":"https:\/\/schema.org","@graph":[{"@type":"Article","@id":"https:\/\/monicaguerretta.com\/qualeocerto\/virgula-com-adverbios-e-conjuncoes\/#article","isPartOf":{"@id":"https:\/\/monicaguerretta.com\/qualeocerto\/virgula-com-adverbios-e-conjuncoes\/"},"author":{"name":"M\u00f4nica Guerretta","@id":"https:\/\/monicaguerretta.com\/qualeocerto\/#\/schema\/person\/214b5e9a83b11fe11a18ecae0d21f79a"},"headline":"Use a v\u00edrgula para dar \u00eanfase a adv\u00e9rbios e conjun\u00e7\u00f5es","datePublished":"2022-10-06T22:55:00+00:00","dateModified":"2022-12-13T18:40:26+00:00","mainEntityOfPage":{"@id":"https:\/\/monicaguerretta.com\/qualeocerto\/virgula-com-adverbios-e-conjuncoes\/"},"wordCount":887,"commentCount":0,"publisher":{"@id":"https:\/\/monicaguerretta.com\/qualeocerto\/#organization"},"image":{"@id":"https:\/\/monicaguerretta.com\/qualeocerto\/virgula-com-adverbios-e-conjuncoes\/#primaryimage"},"thumbnailUrl":"https:\/\/monicaguerretta.com\/qualeocerto\/wp-content\/uploads\/2022\/10\/virgula-com-adverbios-e-conjuncoes-qual-e-o-certo.png","keywords":["adv\u00e9rbio","conjun\u00e7\u00e3o","v\u00edrgula","v\u00edrgula com adv\u00e9rbios","v\u00edrgula com conjun\u00e7\u00f5es"],"articleSection":["Pontua\u00e7\u00f5es","Portugu\u00eas","V\u00edrgula"],"inLanguage":"pt-BR","potentialAction":[{"@type":"CommentAction","name":"Comment","target":["https:\/\/monicaguerretta.com\/qualeocerto\/virgula-com-adverbios-e-conjuncoes\/#respond"]}]},{"@type":"WebPage","@id":"https:\/\/monicaguerretta.com\/qualeocerto\/virgula-com-adverbios-e-conjuncoes\/","url":"https:\/\/monicaguerretta.com\/qualeocerto\/virgula-com-adverbios-e-conjuncoes\/","name":"Use a v\u00edrgula para dar \u00eanfase a adv\u00e9rbios e conjun\u00e7\u00f5es &#187; Qual \u00e9 o certo?","isPartOf":{"@id":"https:\/\/monicaguerretta.com\/qualeocerto\/#website"},"primaryImageOfPage":{"@id":"https:\/\/monicaguerretta.com\/qualeocerto\/virgula-com-adverbios-e-conjuncoes\/#primaryimage"},"image":{"@id":"https:\/\/monicaguerretta.com\/qualeocerto\/virgula-com-adverbios-e-conjuncoes\/#primaryimage"},"thumbnailUrl":"https:\/\/monicaguerretta.com\/qualeocerto\/wp-content\/uploads\/2022\/10\/virgula-com-adverbios-e-conjuncoes-qual-e-o-certo.png","datePublished":"2022-10-06T22:55:00+00:00","dateModified":"2022-12-13T18:40:26+00:00","description":"Aprenda a usar a v\u00edrgula com adv\u00e9rbios e conjun\u00e7\u00f5es. Aqui voc\u00ea encontrar\u00e1 v\u00e1rios exemplos, para entender bem direitinho.","breadcrumb":{"@id":"https:\/\/monicaguerretta.com\/qualeocerto\/virgula-com-adverbios-e-conjuncoes\/#breadcrumb"},"inLanguage":"pt-BR","potentialAction":[{"@type":"ReadAction","target":["https:\/\/monicaguerretta.com\/qualeocerto\/virgula-com-adverbios-e-conjuncoes\/"]}]},{"@type":"ImageObject","inLanguage":"pt-BR","@id":"https:\/\/monicaguerretta.com\/qualeocerto\/virgula-com-adverbios-e-conjuncoes\/#primaryimage","url":"https:\/\/monicaguerretta.com\/qualeocerto\/wp-content\/uploads\/2022\/10\/virgula-com-adverbios-e-conjuncoes-qual-e-o-certo.png","contentUrl":"https:\/\/monicaguerretta.com\/qualeocerto\/wp-content\/uploads\/2022\/10\/virgula-com-adverbios-e-conjuncoes-qual-e-o-certo.png","width":1080,"height":1081,"caption":"v\u00edrgula com adv\u00e9rbios e conjun\u00e7\u00f5es - qual \u00e9 o certo"},{"@type":"BreadcrumbList","@id":"https:\/\/monicaguerretta.com\/qualeocerto\/virgula-com-adverbios-e-conjuncoes\/#breadcrumb","itemListElement":[{"@type":"ListItem","position":1,"name":"In\u00edcio","item":"https:\/\/monicaguerretta.com\/qualeocerto\/"},{"@type":"ListItem","position":2,"name":"Use a v\u00edrgula para dar \u00eanfase a adv\u00e9rbios e conjun\u00e7\u00f5es"}]},{"@type":"WebSite","@id":"https:\/\/monicaguerretta.com\/qualeocerto\/#website","url":"https:\/\/monicaguerretta.com\/qualeocerto\/","name":"Qual \u00e9 o Certo?","description":"M\u00f4nica Guerretta | Redatora publicit\u00e1ria | Copywriting - UX Writing","publisher":{"@id":"https:\/\/monicaguerretta.com\/qualeocerto\/#organization"},"potentialAction":[{"@type":"SearchAction","target":{"@type":"EntryPoint","urlTemplate":"https:\/\/monicaguerretta.com\/qualeocerto\/?s={search_term_string}"},"query-input":{"@type":"PropertyValueSpecification","valueRequired":true,"valueName":"search_term_string"}}],"inLanguage":"pt-BR"},{"@type":"Organization","@id":"https:\/\/monicaguerretta.com\/qualeocerto\/#organization","name":"Qual \u00e9 o certo?","url":"https:\/\/monicaguerretta.com\/qualeocerto\/","logo":{"@type":"ImageObject","inLanguage":"pt-BR","@id":"https:\/\/monicaguerretta.com\/qualeocerto\/#\/schema\/logo\/image\/","url":"https:\/\/monicaguerretta.com\/qualeocerto\/wp-content\/uploads\/2022\/08\/marca-quale.png","contentUrl":"https:\/\/monicaguerretta.com\/qualeocerto\/wp-content\/uploads\/2022\/08\/marca-quale.png","width":592,"height":315,"caption":"Qual \u00e9 o certo?"},"image":{"@id":"https:\/\/monicaguerretta.com\/qualeocerto\/#\/schema\/logo\/image\/"},"sameAs":["https:\/\/www.facebook.com\/qualeocerto","https:\/\/www.instagram.com\/qualeocerto\/","https:\/\/www.youtube.com\/c\/qualeocerto"]},{"@type":"Person","@id":"https:\/\/monicaguerretta.com\/qualeocerto\/#\/schema\/person\/214b5e9a83b11fe11a18ecae0d21f79a","name":"M\u00f4nica Guerretta","image":{"@type":"ImageObject","inLanguage":"pt-BR","@id":"https:\/\/secure.gravatar.com\/avatar\/cc0028ec5e6e39e7cd7e61c0fa6158a6d7f1edc39c4f536d768ad95ee3e26a8a?s=96&d=mm&r=g","url":"https:\/\/secure.gravatar.com\/avatar\/cc0028ec5e6e39e7cd7e61c0fa6158a6d7f1edc39c4f536d768ad95ee3e26a8a?s=96&d=mm&r=g","contentUrl":"https:\/\/secure.gravatar.com\/avatar\/cc0028ec5e6e39e7cd7e61c0fa6158a6d7f1edc39c4f536d768ad95ee3e26a8a?s=96&d=mm&r=g","caption":"M\u00f4nica Guerretta"}}]}},"_links":{"self":[{"href":"https:\/\/monicaguerretta.com\/qualeocerto\/wp-json\/wp\/v2\/posts\/2280","targetHints":{"allow":["GET"]}}],"collection":[{"href":"https:\/\/monicaguerretta.com\/qualeocerto\/wp-json\/wp\/v2\/posts"}],"about":[{"href":"https:\/\/monicaguerretta.com\/qualeocerto\/wp-json\/wp\/v2\/types\/post"}],"author":[{"embeddable":true,"href":"https:\/\/monicaguerretta.com\/qualeocerto\/wp-json\/wp\/v2\/users\/2"}],"replies":[{"embeddable":true,"href":"https:\/\/monicaguerretta.com\/qualeocerto\/wp-json\/wp\/v2\/comments?post=2280"}],"version-history":[{"count":14,"href":"https:\/\/monicaguerretta.com\/qualeocerto\/wp-json\/wp\/v2\/posts\/2280\/revisions"}],"predecessor-version":[{"id":2615,"href":"https:\/\/monicaguerretta.com\/qualeocerto\/wp-json\/wp\/v2\/posts\/2280\/revisions\/2615"}],"wp:featuredmedia":[{"embeddable":true,"href":"https:\/\/monicaguerretta.com\/qualeocerto\/wp-json\/wp\/v2\/media\/2281"}],"wp:attachment":[{"href":"https:\/\/monicaguerretta.com\/qualeocerto\/wp-json\/wp\/v2\/media?parent=2280"}],"wp:term":[{"taxonomy":"category","embeddable":true,"href":"https:\/\/monicaguerretta.com\/qualeocerto\/wp-json\/wp\/v2\/categories?post=2280"},{"taxonomy":"post_tag","embeddable":true,"href":"https:\/\/monicaguerretta.com\/qualeocerto\/wp-json\/wp\/v2\/tags?post=2280"}],"curies":[{"name":"wp","href":"https:\/\/api.w.org\/{rel}","templated":true}]}}