{"id":246,"date":"2021-01-04T21:01:50","date_gmt":"2021-01-04T21:01:50","guid":{"rendered":"http:\/\/monicaguerretta.com\/qualeocerto\/?p=246"},"modified":"2022-12-02T22:00:22","modified_gmt":"2022-12-02T22:00:22","slug":"traz-ou-tras","status":"publish","type":"post","link":"https:\/\/monicaguerretta.com\/qualeocerto\/traz-ou-tras\/","title":{"rendered":"<strong>Qual \u00e9 o certo: &#8220;traz&#8221; ou &#8220;tr\u00e1s&#8221;?<\/strong>"},"content":{"rendered":"\n<p class=\"wp-block-paragraph\"><strong>Traz ou tr\u00e1s: quando usar cada um?<\/strong><\/p>\n\n\n\n<figure class=\"wp-block-embed is-type-video is-provider-youtube wp-block-embed-youtube wp-embed-aspect-16-9 wp-has-aspect-ratio\"><div class=\"wp-block-embed__wrapper\">\n<iframe title=\"Tr\u00e1s ou traz: qual \u00e9 o certo? Quando usar cada um?\" width=\"700\" height=\"394\" src=\"https:\/\/www.youtube.com\/embed\/Zj_LvEo7Bfc?feature=oembed\" frameborder=\"0\" allow=\"accelerometer; autoplay; clipboard-write; encrypted-media; gyroscope; picture-in-picture\" allowfullscreen><\/iframe>\n<\/div><\/figure>\n\n\n\n<p class=\"wp-block-paragraph\">Para exterminar suas d\u00favidas, voc\u00ea precisa armazenar na sua cabecinha uma dica muito simples:<\/p>\n\n\n\n<p class=\"wp-block-paragraph\"><strong><mark style=\"background-color:rgba(0, 0, 0, 0)\" class=\"has-inline-color has-vivid-purple-color\">Tr\u00e1s<\/mark><\/strong> est\u00e1 relacionado com a palavra <strong><mark style=\"background-color:rgba(0, 0, 0, 0)\" class=\"has-inline-color has-vivid-purple-color\">atr\u00e1s<\/mark><\/strong>, que \u00e9 um adv\u00e9rbio.<br><strong><mark style=\"background-color:rgba(0, 0, 0, 0)\" class=\"has-inline-color has-vivid-purple-color\">Traz<\/mark><\/strong> est\u00e1 relacionado com o verbo <strong><mark style=\"background-color:rgba(0, 0, 0, 0)\" class=\"has-inline-color has-vivid-purple-color\">trazer<\/mark><\/strong>.<\/p>\n\n\n\n<h2 class=\"wp-block-heading\"><mark style=\"background-color:rgba(0, 0, 0, 0)\" class=\"has-inline-color has-vivid-purple-color\"><strong>Quando usar tr\u00e1s?<\/strong><\/mark><\/h2>\n\n\n\n<p class=\"wp-block-paragraph\">Veja alguns exemplos com a palavra <strong><strong><mark style=\"background-color:rgba(0, 0, 0, 0)\" class=\"has-inline-color has-vivid-purple-color\"><a href=\"https:\/\/michaelis.uol.com.br\/moderno-portugues\/busca\/portugues-brasileiro\/tr%C3%A1s\/\" target=\"_blank\" rel=\"noreferrer noopener\">tr\u00e1s<\/a><\/mark><\/strong><\/strong>:<\/p>\n\n\n\n<ul class=\"wp-block-list\"><li>Voc\u00ea me surpreendeu ao sair de <strong><strong><mark style=\"background-color:rgba(0, 0, 0, 0)\" class=\"has-inline-color has-vivid-purple-color\">tr\u00e1s<\/mark><\/strong><\/strong> do muro.<\/li><li>Existem muitos segredos por <strong><strong><mark style=\"background-color:rgba(0, 0, 0, 0)\" class=\"has-inline-color has-vivid-purple-color\">tr\u00e1s<\/mark><\/strong><\/strong> dessa hist\u00f3ria.<\/li><li>Deixe isso para <strong><strong><mark style=\"background-color:rgba(0, 0, 0, 0)\" class=\"has-inline-color has-vivid-purple-color\">tr\u00e1s<\/mark><\/strong><\/strong>.<\/li><li>N\u00e3o olhe para <strong><strong><mark style=\"background-color:rgba(0, 0, 0, 0)\" class=\"has-inline-color has-vivid-purple-color\">tr\u00e1s<\/mark><\/strong><\/strong>.<\/li><\/ul>\n\n\n\n<div class=\"wp-block-image\"><figure class=\"aligncenter size-large\"><img decoding=\"async\" src=\"https:\/\/media.giphy.com\/media\/xT1R9R4RZy9oiai3Uk\/giphy.gif\" alt=\"\"\/><\/figure><\/div>\n\n\n\n<p class=\"wp-block-paragraph\">Voc\u00ea percebeu?<br>Em todos esses casos, a palavra <strong><strong><strong><mark style=\"background-color:rgba(0, 0, 0, 0)\" class=\"has-inline-color has-vivid-purple-color\">tr\u00e1s<\/mark><\/strong><\/strong><\/strong> est\u00e1 relacionada com <strong><strong><mark style=\"background-color:rgba(0, 0, 0, 0)\" class=\"has-inline-color has-vivid-purple-color\">atr\u00e1s<\/mark><\/strong><\/strong>.<\/p>\n\n\n\n<p class=\"wp-block-paragraph\">Agora, vamos ver a outra palavrinha.<\/p>\n\n\n\n<h2 class=\"wp-block-heading\"><mark style=\"background-color:rgba(0, 0, 0, 0)\" class=\"has-inline-color has-vivid-purple-color\"><strong>Quando usar traz?<\/strong><\/mark><\/h2>\n\n\n\n<p class=\"wp-block-paragraph\"><strong><mark style=\"background-color:rgba(0, 0, 0, 0)\" class=\"has-inline-color has-vivid-purple-color\">Traz<\/mark><\/strong> vem do verbo <a href=\"https:\/\/michaelis.uol.com.br\/moderno-portugues\/busca\/portugues-brasileiro\/trazer\/\" target=\"_blank\" rel=\"noreferrer noopener\"><mark style=\"background-color:rgba(0, 0, 0, 0)\" class=\"has-inline-color has-vivid-purple-color\"><strong>trazer<\/strong><\/mark><\/a>. Veja alguns exemplos, para entender melhor:<\/p>\n\n\n\n<ul class=\"wp-block-list\"><li>Ela sempre <strong><strong><mark style=\"background-color:rgba(0, 0, 0, 0)\" class=\"has-inline-color has-vivid-purple-color\">traz<\/mark><\/strong><\/strong> flores.<\/li><li>Ele <strong><strong><mark style=\"background-color:rgba(0, 0, 0, 0)\" class=\"has-inline-color has-vivid-purple-color\">traz<\/mark><\/strong><\/strong> meu almo\u00e7o todos os dias.<\/li><li>Minha irm\u00e3 <strong><strong><mark style=\"background-color:rgba(0, 0, 0, 0)\" class=\"has-inline-color has-vivid-purple-color\">traz<\/mark><\/strong><\/strong> minhas correspond\u00eancias toda semana.<\/li><li>Minha m\u00e3e <strong><strong><mark style=\"background-color:rgba(0, 0, 0, 0)\" class=\"has-inline-color has-vivid-purple-color\">traz<\/mark><\/strong><\/strong> sopa para mim sempre que estou doente.<\/li><\/ul>\n\n\n\n<p class=\"wp-block-paragraph\">Existe, ainda, a possibilidade de usar as duas vers\u00f5es, <strong><strong><strong><mark style=\"background-color:rgba(0, 0, 0, 0)\" class=\"has-inline-color has-vivid-purple-color\">tr\u00e1s<\/mark><\/strong><\/strong><\/strong> e <strong><strong><mark style=\"background-color:rgba(0, 0, 0, 0)\" class=\"has-inline-color has-vivid-purple-color\">traz<\/mark><\/strong><\/strong>, numa mesma frase:<\/p>\n\n\n\n<p class=\"wp-block-paragraph\"><strong>Agora que 2020 ficou para <mark style=\"background-color:rgba(0, 0, 0, 0)\" class=\"has-inline-color has-vivid-purple-color\">tr\u00e1s<\/mark>, \u00e9 hora de aproveitarmos as oportunidades que 2021 nos <mark style=\"background-color:rgba(0, 0, 0, 0)\" class=\"has-inline-color has-vivid-purple-color\">traz<\/mark>.<\/strong><\/p>\n\n\n\n<p class=\"wp-block-paragraph\">F\u00e1cil, f\u00e1cil entender quando usar o <strong><mark style=\"background-color:rgba(0, 0, 0, 0)\" class=\"has-inline-color has-vivid-purple-color\">tr\u00e1s<\/mark><\/strong> e quando usar o <strong><mark style=\"background-color:rgba(0, 0, 0, 0)\" class=\"has-inline-color has-vivid-purple-color\">traz<\/mark><\/strong>, n\u00e3o \u00e9 mesmo?<\/p>\n\n\n\n<p class=\"wp-block-paragraph\">Depois dessas dicas, est\u00e1 proibido ficar na d\u00favida se o certo \u00e9 usar tr\u00e1s ou traz, hein?! \ud83d\ude0b<\/p>\n","protected":false},"excerpt":{"rendered":"<p>Traz ou tr\u00e1s: quando usar cada um? Para exterminar suas d\u00favidas, voc\u00ea precisa armazenar na sua&hellip;<\/p>\n","protected":false},"author":2,"featured_media":846,"comment_status":"open","ping_status":"open","sticky":false,"template":"","format":"standard","meta":{"_exactmetrics_skip_tracking":false,"_exactmetrics_sitenote_active":false,"_exactmetrics_sitenote_note":"","_exactmetrics_sitenote_category":0,"footnotes":""},"categories":[179,291],"tags":[66,65,102],"class_list":["post-246","post","type-post","status-publish","format-standard","has-post-thumbnail","hentry","category-confusoes-comuns","category-portugues","tag-tras","tag-traz","tag-verbo"],"yoast_head":"<!-- This site is optimized with the Yoast SEO plugin v28.4 - https:\/\/yoast.com\/product\/yoast-seo-wordpress\/ -->\n<title>Qual \u00e9 o certo: &quot;traz&quot; ou &quot;tr\u00e1s&quot;? &#187; Qual \u00e9 o certo?<\/title>\n<meta name=\"description\" content=\"Voc\u00ea ainda tem d\u00favidas sobre quando usar traz ou tr\u00e1s? Aqui voc\u00ea vai entender de uma vez por todas para nunca mais confundir!\" \/>\n<meta name=\"robots\" content=\"index, follow, max-snippet:-1, max-image-preview:large, max-video-preview:-1\" \/>\n<link rel=\"canonical\" href=\"https:\/\/monicaguerretta.com\/qualeocerto\/traz-ou-tras\/\" \/>\n<meta property=\"og:locale\" content=\"pt_BR\" \/>\n<meta property=\"og:type\" content=\"article\" \/>\n<meta property=\"og:title\" content=\"Qual \u00e9 o certo: &quot;traz&quot; ou &quot;tr\u00e1s&quot;? &#187; Qual \u00e9 o certo?\" \/>\n<meta property=\"og:description\" content=\"Voc\u00ea ainda tem d\u00favidas sobre quando usar traz ou tr\u00e1s? Aqui voc\u00ea vai entender de uma vez por todas para nunca mais confundir!\" \/>\n<meta property=\"og:url\" content=\"https:\/\/monicaguerretta.com\/qualeocerto\/traz-ou-tras\/\" \/>\n<meta property=\"og:site_name\" content=\"Qual \u00e9 o certo?\" \/>\n<meta property=\"article:publisher\" content=\"https:\/\/www.facebook.com\/qualeocerto\" \/>\n<meta property=\"article:published_time\" content=\"2021-01-04T21:01:50+00:00\" \/>\n<meta property=\"article:modified_time\" content=\"2022-12-02T22:00:22+00:00\" \/>\n<meta property=\"og:image\" content=\"https:\/\/monicaguerretta.com\/qualeocerto\/wp-content\/uploads\/2020\/01\/traz-ou-tras-qual-e-o-certo.png\" \/>\n\t<meta property=\"og:image:width\" content=\"1080\" \/>\n\t<meta property=\"og:image:height\" content=\"1081\" \/>\n\t<meta property=\"og:image:type\" content=\"image\/png\" \/>\n<meta name=\"author\" content=\"M\u00f4nica Guerretta\" \/>\n<meta name=\"twitter:card\" content=\"summary_large_image\" \/>\n<meta name=\"twitter:label1\" content=\"Escrito por\" \/>\n\t<meta name=\"twitter:data1\" content=\"M\u00f4nica Guerretta\" \/>\n\t<meta name=\"twitter:label2\" content=\"Est. tempo de leitura\" \/>\n\t<meta name=\"twitter:data2\" content=\"2 minutos\" \/>\n<script type=\"application\/ld+json\" class=\"yoast-schema-graph\">{\"@context\":\"https:\\\/\\\/schema.org\",\"@graph\":[{\"@type\":\"Article\",\"@id\":\"https:\\\/\\\/monicaguerretta.com\\\/qualeocerto\\\/traz-ou-tras\\\/#article\",\"isPartOf\":{\"@id\":\"https:\\\/\\\/monicaguerretta.com\\\/qualeocerto\\\/traz-ou-tras\\\/\"},\"author\":{\"name\":\"M\u00f4nica Guerretta\",\"@id\":\"https:\\\/\\\/monicaguerretta.com\\\/qualeocerto\\\/#\\\/schema\\\/person\\\/118874294430cb7c9b1bc5523f63cbf4\"},\"headline\":\"Qual \u00e9 o certo: &#8220;traz&#8221; ou &#8220;tr\u00e1s&#8221;?\",\"datePublished\":\"2021-01-04T21:01:50+00:00\",\"dateModified\":\"2022-12-02T22:00:22+00:00\",\"mainEntityOfPage\":{\"@id\":\"https:\\\/\\\/monicaguerretta.com\\\/qualeocerto\\\/traz-ou-tras\\\/\"},\"wordCount\":231,\"commentCount\":0,\"publisher\":{\"@id\":\"https:\\\/\\\/monicaguerretta.com\\\/qualeocerto\\\/#organization\"},\"image\":{\"@id\":\"https:\\\/\\\/monicaguerretta.com\\\/qualeocerto\\\/traz-ou-tras\\\/#primaryimage\"},\"thumbnailUrl\":\"https:\\\/\\\/monicaguerretta.com\\\/qualeocerto\\\/wp-content\\\/uploads\\\/2020\\\/01\\\/traz-ou-tras-qual-e-o-certo.png\",\"keywords\":[\"tr\u00e1s\",\"traz\",\"verbo\"],\"articleSection\":[\"Confus\u00f5es comuns\",\"Portugu\u00eas\"],\"inLanguage\":\"pt-BR\",\"potentialAction\":[{\"@type\":\"CommentAction\",\"name\":\"Comment\",\"target\":[\"https:\\\/\\\/monicaguerretta.com\\\/qualeocerto\\\/traz-ou-tras\\\/#respond\"]}]},{\"@type\":\"WebPage\",\"@id\":\"https:\\\/\\\/monicaguerretta.com\\\/qualeocerto\\\/traz-ou-tras\\\/\",\"url\":\"https:\\\/\\\/monicaguerretta.com\\\/qualeocerto\\\/traz-ou-tras\\\/\",\"name\":\"Qual \u00e9 o certo: \\\"traz\\\" ou \\\"tr\u00e1s\\\"? &#187; Qual \u00e9 o certo?\",\"isPartOf\":{\"@id\":\"https:\\\/\\\/monicaguerretta.com\\\/qualeocerto\\\/#website\"},\"primaryImageOfPage\":{\"@id\":\"https:\\\/\\\/monicaguerretta.com\\\/qualeocerto\\\/traz-ou-tras\\\/#primaryimage\"},\"image\":{\"@id\":\"https:\\\/\\\/monicaguerretta.com\\\/qualeocerto\\\/traz-ou-tras\\\/#primaryimage\"},\"thumbnailUrl\":\"https:\\\/\\\/monicaguerretta.com\\\/qualeocerto\\\/wp-content\\\/uploads\\\/2020\\\/01\\\/traz-ou-tras-qual-e-o-certo.png\",\"datePublished\":\"2021-01-04T21:01:50+00:00\",\"dateModified\":\"2022-12-02T22:00:22+00:00\",\"description\":\"Voc\u00ea ainda tem d\u00favidas sobre quando usar traz ou tr\u00e1s? Aqui voc\u00ea vai entender de uma vez por todas para nunca mais confundir!\",\"breadcrumb\":{\"@id\":\"https:\\\/\\\/monicaguerretta.com\\\/qualeocerto\\\/traz-ou-tras\\\/#breadcrumb\"},\"inLanguage\":\"pt-BR\",\"potentialAction\":[{\"@type\":\"ReadAction\",\"target\":[\"https:\\\/\\\/monicaguerretta.com\\\/qualeocerto\\\/traz-ou-tras\\\/\"]}]},{\"@type\":\"ImageObject\",\"inLanguage\":\"pt-BR\",\"@id\":\"https:\\\/\\\/monicaguerretta.com\\\/qualeocerto\\\/traz-ou-tras\\\/#primaryimage\",\"url\":\"https:\\\/\\\/monicaguerretta.com\\\/qualeocerto\\\/wp-content\\\/uploads\\\/2020\\\/01\\\/traz-ou-tras-qual-e-o-certo.png\",\"contentUrl\":\"https:\\\/\\\/monicaguerretta.com\\\/qualeocerto\\\/wp-content\\\/uploads\\\/2020\\\/01\\\/traz-ou-tras-qual-e-o-certo.png\",\"width\":1080,\"height\":1081,\"caption\":\"traz ou tr\u00e1s - qual \u00e9 o certo\"},{\"@type\":\"BreadcrumbList\",\"@id\":\"https:\\\/\\\/monicaguerretta.com\\\/qualeocerto\\\/traz-ou-tras\\\/#breadcrumb\",\"itemListElement\":[{\"@type\":\"ListItem\",\"position\":1,\"name\":\"In\u00edcio\",\"item\":\"https:\\\/\\\/monicaguerretta.com\\\/qualeocerto\\\/\"},{\"@type\":\"ListItem\",\"position\":2,\"name\":\"Qual \u00e9 o certo: &#8220;traz&#8221; ou &#8220;tr\u00e1s&#8221;?\"}]},{\"@type\":\"WebSite\",\"@id\":\"https:\\\/\\\/monicaguerretta.com\\\/qualeocerto\\\/#website\",\"url\":\"https:\\\/\\\/monicaguerretta.com\\\/qualeocerto\\\/\",\"name\":\"Qual \u00e9 o Certo?\",\"description\":\"M\u00f4nica Guerretta | Redatora publicit\u00e1ria | Copywriting - UX Writing\",\"publisher\":{\"@id\":\"https:\\\/\\\/monicaguerretta.com\\\/qualeocerto\\\/#organization\"},\"potentialAction\":[{\"@type\":\"SearchAction\",\"target\":{\"@type\":\"EntryPoint\",\"urlTemplate\":\"https:\\\/\\\/monicaguerretta.com\\\/qualeocerto\\\/?s={search_term_string}\"},\"query-input\":{\"@type\":\"PropertyValueSpecification\",\"valueRequired\":true,\"valueName\":\"search_term_string\"}}],\"inLanguage\":\"pt-BR\"},{\"@type\":\"Organization\",\"@id\":\"https:\\\/\\\/monicaguerretta.com\\\/qualeocerto\\\/#organization\",\"name\":\"Qual \u00e9 o certo?\",\"url\":\"https:\\\/\\\/monicaguerretta.com\\\/qualeocerto\\\/\",\"logo\":{\"@type\":\"ImageObject\",\"inLanguage\":\"pt-BR\",\"@id\":\"https:\\\/\\\/monicaguerretta.com\\\/qualeocerto\\\/#\\\/schema\\\/logo\\\/image\\\/\",\"url\":\"https:\\\/\\\/monicaguerretta.com\\\/qualeocerto\\\/wp-content\\\/uploads\\\/2022\\\/08\\\/marca-quale.png\",\"contentUrl\":\"https:\\\/\\\/monicaguerretta.com\\\/qualeocerto\\\/wp-content\\\/uploads\\\/2022\\\/08\\\/marca-quale.png\",\"width\":592,\"height\":315,\"caption\":\"Qual \u00e9 o certo?\"},\"image\":{\"@id\":\"https:\\\/\\\/monicaguerretta.com\\\/qualeocerto\\\/#\\\/schema\\\/logo\\\/image\\\/\"},\"sameAs\":[\"https:\\\/\\\/www.facebook.com\\\/qualeocerto\",\"https:\\\/\\\/www.instagram.com\\\/qualeocerto\\\/\",\"https:\\\/\\\/www.youtube.com\\\/c\\\/qualeocerto\"]},{\"@type\":\"Person\",\"@id\":\"https:\\\/\\\/monicaguerretta.com\\\/qualeocerto\\\/#\\\/schema\\\/person\\\/118874294430cb7c9b1bc5523f63cbf4\",\"name\":\"M\u00f4nica Guerretta\",\"image\":{\"@type\":\"ImageObject\",\"inLanguage\":\"pt-BR\",\"@id\":\"https:\\\/\\\/secure.gravatar.com\\\/avatar\\\/cc0028ec5e6e39e7cd7e61c0fa6158a6d7f1edc39c4f536d768ad95ee3e26a8a?s=96&d=mm&r=g\",\"url\":\"https:\\\/\\\/secure.gravatar.com\\\/avatar\\\/cc0028ec5e6e39e7cd7e61c0fa6158a6d7f1edc39c4f536d768ad95ee3e26a8a?s=96&d=mm&r=g\",\"contentUrl\":\"https:\\\/\\\/secure.gravatar.com\\\/avatar\\\/cc0028ec5e6e39e7cd7e61c0fa6158a6d7f1edc39c4f536d768ad95ee3e26a8a?s=96&d=mm&r=g\",\"caption\":\"M\u00f4nica Guerretta\"}}]}<\/script>\n<!-- \/ Yoast SEO plugin. -->","yoast_head_json":{"title":"Qual \u00e9 o certo: \"traz\" ou \"tr\u00e1s\"? &#187; Qual \u00e9 o certo?","description":"Voc\u00ea ainda tem d\u00favidas sobre quando usar traz ou tr\u00e1s? Aqui voc\u00ea vai entender de uma vez por todas para nunca mais confundir!","robots":{"index":"index","follow":"follow","max-snippet":"max-snippet:-1","max-image-preview":"max-image-preview:large","max-video-preview":"max-video-preview:-1"},"canonical":"https:\/\/monicaguerretta.com\/qualeocerto\/traz-ou-tras\/","og_locale":"pt_BR","og_type":"article","og_title":"Qual \u00e9 o certo: \"traz\" ou \"tr\u00e1s\"? &#187; Qual \u00e9 o certo?","og_description":"Voc\u00ea ainda tem d\u00favidas sobre quando usar traz ou tr\u00e1s? Aqui voc\u00ea vai entender de uma vez por todas para nunca mais confundir!","og_url":"https:\/\/monicaguerretta.com\/qualeocerto\/traz-ou-tras\/","og_site_name":"Qual \u00e9 o certo?","article_publisher":"https:\/\/www.facebook.com\/qualeocerto","article_published_time":"2021-01-04T21:01:50+00:00","article_modified_time":"2022-12-02T22:00:22+00:00","og_image":[{"width":1080,"height":1081,"url":"https:\/\/monicaguerretta.com\/qualeocerto\/wp-content\/uploads\/2020\/01\/traz-ou-tras-qual-e-o-certo.png","type":"image\/png"}],"author":"M\u00f4nica Guerretta","twitter_card":"summary_large_image","twitter_misc":{"Escrito por":"M\u00f4nica Guerretta","Est. tempo de leitura":"2 minutos"},"schema":{"@context":"https:\/\/schema.org","@graph":[{"@type":"Article","@id":"https:\/\/monicaguerretta.com\/qualeocerto\/traz-ou-tras\/#article","isPartOf":{"@id":"https:\/\/monicaguerretta.com\/qualeocerto\/traz-ou-tras\/"},"author":{"name":"M\u00f4nica Guerretta","@id":"https:\/\/monicaguerretta.com\/qualeocerto\/#\/schema\/person\/118874294430cb7c9b1bc5523f63cbf4"},"headline":"Qual \u00e9 o certo: &#8220;traz&#8221; ou &#8220;tr\u00e1s&#8221;?","datePublished":"2021-01-04T21:01:50+00:00","dateModified":"2022-12-02T22:00:22+00:00","mainEntityOfPage":{"@id":"https:\/\/monicaguerretta.com\/qualeocerto\/traz-ou-tras\/"},"wordCount":231,"commentCount":0,"publisher":{"@id":"https:\/\/monicaguerretta.com\/qualeocerto\/#organization"},"image":{"@id":"https:\/\/monicaguerretta.com\/qualeocerto\/traz-ou-tras\/#primaryimage"},"thumbnailUrl":"https:\/\/monicaguerretta.com\/qualeocerto\/wp-content\/uploads\/2020\/01\/traz-ou-tras-qual-e-o-certo.png","keywords":["tr\u00e1s","traz","verbo"],"articleSection":["Confus\u00f5es comuns","Portugu\u00eas"],"inLanguage":"pt-BR","potentialAction":[{"@type":"CommentAction","name":"Comment","target":["https:\/\/monicaguerretta.com\/qualeocerto\/traz-ou-tras\/#respond"]}]},{"@type":"WebPage","@id":"https:\/\/monicaguerretta.com\/qualeocerto\/traz-ou-tras\/","url":"https:\/\/monicaguerretta.com\/qualeocerto\/traz-ou-tras\/","name":"Qual \u00e9 o certo: \"traz\" ou \"tr\u00e1s\"? &#187; Qual \u00e9 o certo?","isPartOf":{"@id":"https:\/\/monicaguerretta.com\/qualeocerto\/#website"},"primaryImageOfPage":{"@id":"https:\/\/monicaguerretta.com\/qualeocerto\/traz-ou-tras\/#primaryimage"},"image":{"@id":"https:\/\/monicaguerretta.com\/qualeocerto\/traz-ou-tras\/#primaryimage"},"thumbnailUrl":"https:\/\/monicaguerretta.com\/qualeocerto\/wp-content\/uploads\/2020\/01\/traz-ou-tras-qual-e-o-certo.png","datePublished":"2021-01-04T21:01:50+00:00","dateModified":"2022-12-02T22:00:22+00:00","description":"Voc\u00ea ainda tem d\u00favidas sobre quando usar traz ou tr\u00e1s? Aqui voc\u00ea vai entender de uma vez por todas para nunca mais confundir!","breadcrumb":{"@id":"https:\/\/monicaguerretta.com\/qualeocerto\/traz-ou-tras\/#breadcrumb"},"inLanguage":"pt-BR","potentialAction":[{"@type":"ReadAction","target":["https:\/\/monicaguerretta.com\/qualeocerto\/traz-ou-tras\/"]}]},{"@type":"ImageObject","inLanguage":"pt-BR","@id":"https:\/\/monicaguerretta.com\/qualeocerto\/traz-ou-tras\/#primaryimage","url":"https:\/\/monicaguerretta.com\/qualeocerto\/wp-content\/uploads\/2020\/01\/traz-ou-tras-qual-e-o-certo.png","contentUrl":"https:\/\/monicaguerretta.com\/qualeocerto\/wp-content\/uploads\/2020\/01\/traz-ou-tras-qual-e-o-certo.png","width":1080,"height":1081,"caption":"traz ou tr\u00e1s - qual \u00e9 o certo"},{"@type":"BreadcrumbList","@id":"https:\/\/monicaguerretta.com\/qualeocerto\/traz-ou-tras\/#breadcrumb","itemListElement":[{"@type":"ListItem","position":1,"name":"In\u00edcio","item":"https:\/\/monicaguerretta.com\/qualeocerto\/"},{"@type":"ListItem","position":2,"name":"Qual \u00e9 o certo: &#8220;traz&#8221; ou &#8220;tr\u00e1s&#8221;?"}]},{"@type":"WebSite","@id":"https:\/\/monicaguerretta.com\/qualeocerto\/#website","url":"https:\/\/monicaguerretta.com\/qualeocerto\/","name":"Qual \u00e9 o Certo?","description":"M\u00f4nica Guerretta | Redatora publicit\u00e1ria | Copywriting - UX Writing","publisher":{"@id":"https:\/\/monicaguerretta.com\/qualeocerto\/#organization"},"potentialAction":[{"@type":"SearchAction","target":{"@type":"EntryPoint","urlTemplate":"https:\/\/monicaguerretta.com\/qualeocerto\/?s={search_term_string}"},"query-input":{"@type":"PropertyValueSpecification","valueRequired":true,"valueName":"search_term_string"}}],"inLanguage":"pt-BR"},{"@type":"Organization","@id":"https:\/\/monicaguerretta.com\/qualeocerto\/#organization","name":"Qual \u00e9 o certo?","url":"https:\/\/monicaguerretta.com\/qualeocerto\/","logo":{"@type":"ImageObject","inLanguage":"pt-BR","@id":"https:\/\/monicaguerretta.com\/qualeocerto\/#\/schema\/logo\/image\/","url":"https:\/\/monicaguerretta.com\/qualeocerto\/wp-content\/uploads\/2022\/08\/marca-quale.png","contentUrl":"https:\/\/monicaguerretta.com\/qualeocerto\/wp-content\/uploads\/2022\/08\/marca-quale.png","width":592,"height":315,"caption":"Qual \u00e9 o certo?"},"image":{"@id":"https:\/\/monicaguerretta.com\/qualeocerto\/#\/schema\/logo\/image\/"},"sameAs":["https:\/\/www.facebook.com\/qualeocerto","https:\/\/www.instagram.com\/qualeocerto\/","https:\/\/www.youtube.com\/c\/qualeocerto"]},{"@type":"Person","@id":"https:\/\/monicaguerretta.com\/qualeocerto\/#\/schema\/person\/118874294430cb7c9b1bc5523f63cbf4","name":"M\u00f4nica Guerretta","image":{"@type":"ImageObject","inLanguage":"pt-BR","@id":"https:\/\/secure.gravatar.com\/avatar\/cc0028ec5e6e39e7cd7e61c0fa6158a6d7f1edc39c4f536d768ad95ee3e26a8a?s=96&d=mm&r=g","url":"https:\/\/secure.gravatar.com\/avatar\/cc0028ec5e6e39e7cd7e61c0fa6158a6d7f1edc39c4f536d768ad95ee3e26a8a?s=96&d=mm&r=g","contentUrl":"https:\/\/secure.gravatar.com\/avatar\/cc0028ec5e6e39e7cd7e61c0fa6158a6d7f1edc39c4f536d768ad95ee3e26a8a?s=96&d=mm&r=g","caption":"M\u00f4nica Guerretta"}}]}},"_links":{"self":[{"href":"https:\/\/monicaguerretta.com\/qualeocerto\/wp-json\/wp\/v2\/posts\/246","targetHints":{"allow":["GET"]}}],"collection":[{"href":"https:\/\/monicaguerretta.com\/qualeocerto\/wp-json\/wp\/v2\/posts"}],"about":[{"href":"https:\/\/monicaguerretta.com\/qualeocerto\/wp-json\/wp\/v2\/types\/post"}],"author":[{"embeddable":true,"href":"https:\/\/monicaguerretta.com\/qualeocerto\/wp-json\/wp\/v2\/users\/2"}],"replies":[{"embeddable":true,"href":"https:\/\/monicaguerretta.com\/qualeocerto\/wp-json\/wp\/v2\/comments?post=246"}],"version-history":[{"count":13,"href":"https:\/\/monicaguerretta.com\/qualeocerto\/wp-json\/wp\/v2\/posts\/246\/revisions"}],"predecessor-version":[{"id":2548,"href":"https:\/\/monicaguerretta.com\/qualeocerto\/wp-json\/wp\/v2\/posts\/246\/revisions\/2548"}],"wp:featuredmedia":[{"embeddable":true,"href":"https:\/\/monicaguerretta.com\/qualeocerto\/wp-json\/wp\/v2\/media\/846"}],"wp:attachment":[{"href":"https:\/\/monicaguerretta.com\/qualeocerto\/wp-json\/wp\/v2\/media?parent=246"}],"wp:term":[{"taxonomy":"category","embeddable":true,"href":"https:\/\/monicaguerretta.com\/qualeocerto\/wp-json\/wp\/v2\/categories?post=246"},{"taxonomy":"post_tag","embeddable":true,"href":"https:\/\/monicaguerretta.com\/qualeocerto\/wp-json\/wp\/v2\/tags?post=246"}],"curies":[{"name":"wp","href":"https:\/\/api.w.org\/{rel}","templated":true}]}}