{"id":2604,"date":"2022-11-17T16:43:00","date_gmt":"2022-11-17T16:43:00","guid":{"rendered":"https:\/\/monicaguerretta.com\/qualeocerto\/?p=2604"},"modified":"2022-12-13T19:17:09","modified_gmt":"2022-12-13T19:17:09","slug":"virgula-com-pequenas-intercalacoes","status":"publish","type":"post","link":"https:\/\/monicaguerretta.com\/qualeocerto\/virgula-com-pequenas-intercalacoes\/","title":{"rendered":"<strong>Use a v\u00edrgula para dar \u00eanfase a pequenas intercala\u00e7\u00f5es<\/strong>"},"content":{"rendered":"\t\t<div data-elementor-type=\"wp-post\" data-elementor-id=\"2604\" class=\"elementor elementor-2604\">\n\t\t\t\t\t\t<section class=\"elementor-section elementor-top-section elementor-element elementor-element-8ee3612 elementor-section-boxed elementor-section-height-default elementor-section-height-default\" data-id=\"8ee3612\" data-element_type=\"section\">\n\t\t\t\t\t\t<div class=\"elementor-container elementor-column-gap-default\">\n\t\t\t\t\t<div class=\"elementor-column elementor-col-100 elementor-top-column elementor-element elementor-element-16865a9\" data-id=\"16865a9\" data-element_type=\"column\">\n\t\t\t<div class=\"elementor-widget-wrap elementor-element-populated\">\n\t\t\t\t\t\t<div class=\"elementor-element elementor-element-c8f3956 elementor-widget elementor-widget-text-editor\" data-id=\"c8f3956\" data-element_type=\"widget\" data-widget_type=\"text-editor.default\">\n\t\t\t\t<div class=\"elementor-widget-container\">\n\t\t\t\t\t\t\t\t\t<p>Uma das fun\u00e7\u00f5es da <strong><mark class=\"has-inline-color has-vivid-purple-color\" style=\"background-color: rgba(0, 0, 0, 0);\">v\u00edrgula<\/mark><\/strong> \u00e9 dar <strong><mark class=\"has-inline-color has-vivid-purple-color\" style=\"background-color: rgba(0, 0, 0, 0);\">\u00eanfase<\/mark><\/strong> para alguns elementos.<\/p>\n<p><!-- \/wp:paragraph --><!-- wp:paragraph --><\/p>\n<p><a href=\"https:\/\/monicaguerretta.com\/qualeocerto\/virgula-com-adverbios-e-conjuncoes\/\" target=\"_blank\" rel=\"noreferrer noopener\">Neste artigo aqui<\/a> falei sobre o uso dessa pontua\u00e7\u00e3o com os <strong><mark class=\"has-inline-color has-vivid-purple-color\" style=\"background-color: rgba(0, 0, 0, 0);\">adv\u00e9rbios<\/mark><\/strong> e as <strong><mark class=\"has-inline-color has-vivid-purple-color\" style=\"background-color: rgba(0, 0, 0, 0);\">conjun\u00e7\u00f5es<\/mark><\/strong>. Agora, vou mostrar como devemos usar a v\u00edrgula com <strong><mark class=\"has-inline-color has-vivid-purple-color\" style=\"background-color: rgba(0, 0, 0, 0);\">pequenas intercala\u00e7\u00f5es<\/mark><\/strong>.<\/p>\t\t\t\t\t\t\t\t<\/div>\n\t\t\t\t<\/div>\n\t\t\t\t\t<\/div>\n\t\t<\/div>\n\t\t\t\t\t<\/div>\n\t\t<\/section>\n\t\t\t\t<section class=\"elementor-section elementor-top-section elementor-element elementor-element-c55bd8f elementor-section-boxed elementor-section-height-default elementor-section-height-default\" data-id=\"c55bd8f\" data-element_type=\"section\">\n\t\t\t\t\t\t<div class=\"elementor-container elementor-column-gap-default\">\n\t\t\t\t\t<div class=\"elementor-column elementor-col-100 elementor-top-column elementor-element elementor-element-6895466\" data-id=\"6895466\" data-element_type=\"column\">\n\t\t\t<div class=\"elementor-widget-wrap elementor-element-populated\">\n\t\t\t\t\t\t<div class=\"elementor-element elementor-element-974c774 elementor-widget elementor-widget-video\" data-id=\"974c774\" data-element_type=\"widget\" data-settings=\"{&quot;youtube_url&quot;:&quot;https:\\\/\\\/youtu.be\\\/IcbP8FI86aA&quot;,&quot;video_type&quot;:&quot;youtube&quot;,&quot;controls&quot;:&quot;yes&quot;}\" data-widget_type=\"video.default\">\n\t\t\t\t<div class=\"elementor-widget-container\">\n\t\t\t\t\t\t\t<div class=\"elementor-wrapper elementor-open-inline\">\n\t\t\t<div class=\"elementor-video\"><\/div>\t\t<\/div>\n\t\t\t\t\t\t<\/div>\n\t\t\t\t<\/div>\n\t\t\t\t\t<\/div>\n\t\t<\/div>\n\t\t\t\t\t<\/div>\n\t\t<\/section>\n\t\t\t\t<section class=\"elementor-section elementor-top-section elementor-element elementor-element-41489b01 elementor-section-boxed elementor-section-height-default elementor-section-height-default\" data-id=\"41489b01\" data-element_type=\"section\">\n\t\t\t\t\t\t<div class=\"elementor-container elementor-column-gap-default\">\n\t\t\t\t\t<div class=\"elementor-column elementor-col-100 elementor-top-column elementor-element elementor-element-417f5db7\" data-id=\"417f5db7\" data-element_type=\"column\">\n\t\t\t<div class=\"elementor-widget-wrap elementor-element-populated\">\n\t\t\t\t\t\t<div class=\"elementor-element elementor-element-78f2cd2f elementor-widget elementor-widget-text-editor\" data-id=\"78f2cd2f\" data-element_type=\"widget\" data-widget_type=\"text-editor.default\">\n\t\t\t\t<div class=\"elementor-widget-container\">\n\t\t\t\t\t\t\t\t\t<!-- wp:paragraph -->\n<p>\u00a0<\/p>\n<!-- \/wp:embed --><!-- wp:heading {\"textColor\":\"vivid-purple\"} -->\n<h2 class=\"has-vivid-purple-color has-text-color\"><strong>O uso da v\u00edrgula com <span style=\"text-decoration: underline;\">pequenas intercala\u00e7\u00f5es<\/span> \u00e9 facultativo<\/strong><\/h2>\n<!-- \/wp:heading --><!-- wp:paragraph -->\n<p>Quando voc\u00ea inclui uma <strong><mark class=\"has-inline-color has-vivid-purple-color\" style=\"background-color: rgba(0, 0, 0, 0);\">pequena intercala\u00e7\u00e3o<\/mark><\/strong> em seu texto, voc\u00ea tem a op\u00e7\u00e3o de usar v\u00edrgulas ou n\u00e3o. Nesses casos, <strong>a v\u00edrgula \u00e9 facultativa<\/strong>.<\/p>\n<!-- \/wp:paragraph --><!-- wp:paragraph -->\n<p>Mas, se voc\u00ea quiser dar mais <strong><mark class=\"has-inline-color has-vivid-purple-color\" style=\"background-color: rgba(0, 0, 0, 0);\">\u00eanfase<\/mark><\/strong> a ela, voc\u00ea deve isolar essa <strong><mark class=\"has-inline-color has-vivid-purple-color\" style=\"background-color: rgba(0, 0, 0, 0);\">intercala\u00e7\u00e3o<\/mark><\/strong> usando a v\u00edrgula.<br \/>Ou, dependendo de onde essa intercala\u00e7\u00e3o aparecer na frase, voc\u00ea vai precisar <strong>usar duas v\u00edrgulas<\/strong>.<\/p>\n<!-- \/wp:paragraph --><!-- wp:paragraph -->\n<p>No entanto, se voc\u00ea n\u00e3o v\u00ea necessidade em dar mais \u00eanfase \u00e0 intercala\u00e7\u00e3o, n\u00e3o precisa usar v\u00edrgula nenhuma.<\/p>\n<!-- \/wp:paragraph --><!-- wp:paragraph -->\n<p>Talvez agora voc\u00ea esteja pensando:<\/p>\n<!-- \/wp:paragraph --><!-- wp:heading {\"textColor\":\"vivid-purple\"} -->\n<h2 class=\"has-vivid-purple-color has-text-color\"><strong>O que \u00e9 uma <span style=\"text-decoration: underline;\">pequena intercala\u00e7\u00e3o<\/span>?<\/strong><\/h2>\n<!-- \/wp:heading --><!-- wp:paragraph -->\n<p><strong><mark class=\"has-inline-color has-vivid-purple-color\" style=\"background-color: rgba(0, 0, 0, 0);\">Pequenas intercala\u00e7\u00f5es<\/mark><\/strong> s\u00e3o trechinhos que quebram a ordem natural da sua frase.<\/p>\n<!-- \/wp:paragraph --><!-- wp:paragraph -->\n<p>Caso voc\u00ea n\u00e3o entenda muito bem sobre esse neg\u00f3cio de frase na ordem natural, recomendo para voc\u00ea este conte\u00fado:<br \/><a href=\"https:\/\/monicaguerretta.com\/qualeocerto\/quando-nao-usar-virgula\/\" target=\"_blank\" rel=\"noreferrer noopener\">Quando n\u00e3o usar v\u00edrgula?<\/a><\/p>\n<!-- \/wp:paragraph --><!-- wp:paragraph -->\n<p>Enfim, estes s\u00e3o alguns exemplos de <strong><mark class=\"has-inline-color has-vivid-purple-color\" style=\"background-color: rgba(0, 0, 0, 0);\">pequenas intercala\u00e7\u00f5es<\/mark><\/strong>:<\/p>\n<!-- \/wp:paragraph --><!-- wp:list -->\n<ul><!-- wp:list-item -->\n<li>Em anexo,\u00a0<\/li>\n<!-- \/wp:list-item --><!-- wp:list-item -->\n<li>Para os devidos fins,\u00a0<\/li>\n<!-- \/wp:list-item --><!-- wp:list-item -->\n<li>Pelo menos,\u00a0<\/li>\n<!-- \/wp:list-item --><!-- wp:list-item -->\n<li>Sem d\u00favidas,\u00a0<\/li>\n<!-- \/wp:list-item --><!-- wp:list-item -->\n<li>Por certo,\u00a0<\/li>\n<!-- \/wp:list-item --><!-- wp:list-item -->\n<li>Naquela \u00e9poca,\u00a0<\/li>\n<!-- \/wp:list-item --><!-- wp:list-item -->\n<li>No m\u00ednimo,\u00a0<\/li>\n<!-- \/wp:list-item --><!-- wp:list-item -->\n<li>No m\u00e1ximo,\u00a0<\/li>\n<!-- \/wp:list-item --><!-- wp:list-item -->\n<li>Muitas vezes,\u00a0<\/li>\n<!-- \/wp:list-item --><!-- wp:list-item -->\n<li>Por enquanto,\u00a0<\/li>\n<!-- \/wp:list-item --><!-- wp:list-item -->\n<li>Na maioria das vezes.<\/li>\n<!-- \/wp:list-item --><\/ul>\n<!-- \/wp:list --><!-- wp:paragraph -->\n<p>Mas existem muitas, muitas, muitas<strong><strong><mark class=\"has-inline-color has-vivid-purple-color\" style=\"background-color: rgba(0, 0, 0, 0);\"> intercala\u00e7\u00f5es<\/mark><\/strong><\/strong>. Muitas mesmo.<br \/>Nem tem como listar todas aqui.<\/p>\n<!-- \/wp:paragraph --><!-- wp:paragraph -->\n<p>U\u00e9, <a href=\"https:\/\/monicaguerretta.com\/qualeocerto\/senao-ou-se-nao\/\" target=\"_blank\" rel=\"noreferrer noopener\">se n\u00e3o<\/a> tem como listar todas as pequenas intercala\u00e7\u00f5es, ent\u00e3o&#8230;<\/p>\n<!-- \/wp:paragraph --><!-- wp:heading {\"textColor\":\"vivid-purple\"} -->\n<h2 class=\"has-vivid-purple-color has-text-color\"><strong>Como identificar uma <span style=\"text-decoration: underline;\">pequena intercala\u00e7\u00e3o<\/span>?<\/strong><\/h2>\n<!-- \/wp:heading --><!-- wp:paragraph -->\n<p>Quando voc\u00ea tiver d\u00favida se um trecho de seu texto \u00e9 uma <strong><mark class=\"has-inline-color has-vivid-purple-color\" style=\"background-color: rgba(0, 0, 0, 0);\">pequena intercala\u00e7\u00e3o<\/mark><\/strong> ou n\u00e3o, \u00e9 s\u00f3 voc\u00ea compar\u00e1-lo com os exemplos que vou mostrar agora. Assim ficar\u00e1 bem mais f\u00e1cil para voc\u00ea sacar como usar a v\u00edrgula. \ud83d\ude09<\/p>\n<!-- \/wp:paragraph --><!-- wp:paragraph -->\n<p>Bom, mas o neg\u00f3cio \u00e9 o seguinte: <strong><mark class=\"has-inline-color has-vivid-purple-color\" style=\"background-color: rgba(0, 0, 0, 0);\">pequenas intercala\u00e7\u00f5es<\/mark><\/strong> n\u00e3o precisam ser isoladas entre v\u00edrgulas porque elas n\u00e3o interrompem as frases, elas n\u00e3o quebram a continuidade.<\/p>\n<!-- \/wp:paragraph --><!-- wp:paragraph -->\n<p>Entenda melhor com este exemplo:<\/p>\n<!-- \/wp:paragraph --><!-- wp:list -->\n<ul><!-- wp:list-item -->\n<li><strong>\u2705 Segue <mark class=\"has-inline-color has-vivid-green-cyan-color\" style=\"background-color: rgba(0, 0, 0, 0);\">em anexo<\/mark> o relat\u00f3rio.<\/strong><\/li>\n<!-- \/wp:list-item --><\/ul>\n<!-- \/wp:list --><!-- wp:paragraph -->\n<p>Voc\u00ea pode isolar a <strong><mark class=\"has-inline-color has-vivid-purple-color\" style=\"background-color: rgba(0, 0, 0, 0);\">intercala\u00e7\u00e3o<\/mark><\/strong> <strong><span style=\"text-decoration: underline;\">em anexo<\/span><\/strong> entre v\u00edrgulas ou n\u00e3o:<\/p>\n<!-- \/wp:paragraph --><!-- wp:list -->\n<ul><!-- wp:list-item -->\n<li><strong>\u2705 Segue <mark class=\"has-inline-color has-vivid-green-cyan-color\" style=\"background-color: rgba(0, 0, 0, 0);\">em anexo<\/mark> o relat\u00f3rio.<\/strong><\/li>\n<!-- \/wp:list-item --><!-- wp:list-item -->\n<li><strong>\u2705 Segue<mark class=\"has-inline-color has-vivid-green-cyan-color\" style=\"background-color: rgba(0, 0, 0, 0);\">, em anexo,<\/mark> o relat\u00f3rio.<\/strong><\/li>\n<!-- \/wp:list-item --><\/ul>\n<!-- \/wp:list --><!-- wp:paragraph -->\n<p>Percebeu que as v\u00edrgulas nesse exemplo n\u00e3o s\u00e3o necess\u00e1rias?<br \/>A fun\u00e7\u00e3o delas \u00e9 apenas trazer mais \u00eanfase \u00e0 <strong><mark class=\"has-inline-color has-vivid-purple-color\" style=\"background-color: rgba(0, 0, 0, 0);\">intercala\u00e7\u00e3o<\/mark><\/strong> <strong><span style=\"text-decoration: underline;\">em anexo<\/span><\/strong>.<\/p>\n<!-- \/wp:paragraph --><!-- wp:paragraph -->\n<p>\u2b50<strong> Dica de ouro para identificar uma <mark class=\"has-inline-color has-vivid-purple-color\" style=\"background-color: rgba(0, 0, 0, 0);\">pequena intercala\u00e7\u00e3o<\/mark>:<\/strong><br \/>Ela poderia aparecer em outros lugares na frase.<\/p>\n<!-- \/wp:paragraph --><!-- wp:paragraph -->\n<p>Veja, por exemplo, que temos isso com a express\u00e3o <strong><span style=\"text-decoration: underline;\">em anexo<\/span><\/strong>, que pode aparecer no in\u00edcio, no meio (como vimos acima) ou no final da frase:<\/p>\n<!-- \/wp:paragraph --><!-- wp:list -->\n<ul><!-- wp:list-item -->\n<li><strong>\u2705 <mark class=\"has-inline-color has-vivid-green-cyan-color\" style=\"background-color: rgba(0, 0, 0, 0);\">Em anexo<\/mark> segue o relat\u00f3rio.<\/strong><\/li>\n<!-- \/wp:list-item --><!-- wp:list-item -->\n<li><strong>\u2705 <mark class=\"has-inline-color has-vivid-green-cyan-color\" style=\"background-color: rgba(0, 0, 0, 0);\">Em anexo,<\/mark> segue o relat\u00f3rio.<\/strong><\/li>\n<!-- \/wp:list-item --><!-- wp:list-item -->\n<li><strong>\u2705 Segue o relat\u00f3rio <mark class=\"has-inline-color has-vivid-green-cyan-color\" style=\"background-color: rgba(0, 0, 0, 0);\">em anexo<\/mark>.<\/strong><\/li>\n<!-- \/wp:list-item --><\/ul>\n<!-- \/wp:list --><!-- wp:heading {\"level\":4} -->\n<h4>\u26a0\ufe0f Aten\u00e7\u00e3o!<\/h4>\n<!-- \/wp:heading --><!-- wp:paragraph -->\n<p>Neste \u00faltimo exemplo, <strong><span style=\"text-decoration: underline;\">em anexo<\/span><\/strong> aparece em uma ordem natural na frase.<br \/>Portanto, n\u00e3o podemos usar v\u00edrgula porque desse modo ele deixou de ser uma <mark class=\"has-inline-color has-vivid-purple-color\" style=\"background-color: rgba(0, 0, 0, 0);\"><strong>intercala\u00e7\u00e3o<\/strong><\/mark>.<\/p>\n<!-- \/wp:paragraph --><!-- wp:paragraph -->\n<p>Se voc\u00ea n\u00e3o entendeu nada, isso significa que voc\u00ea pulou o artigo que indiquei l\u00e1 em cima para voc\u00ea, hein? \ud83e\udd28<br \/>Mas tudo bem, vou te ajudar. O link \u00e9 este aqui:<br \/><a href=\"https:\/\/monicaguerretta.com\/qualeocerto\/quando-nao-usar-virgula\/\" target=\"_blank\" rel=\"noreferrer noopener\">Quando n\u00e3o usar v\u00edrgula?<\/a><\/p>\n<!-- \/wp:paragraph --><!-- wp:heading -->\n<h2><strong><mark class=\"has-inline-color has-vivid-purple-color\" style=\"background-color: rgba(0, 0, 0, 0);\">Como usar a v\u00edrgula com <span style=\"text-decoration: underline;\">pequenas intercala\u00e7\u00f5es<\/span>?<\/mark><\/strong><\/h2>\n<!-- \/wp:heading --><!-- wp:paragraph -->\n<p>Com o prop\u00f3sito de facilitar mesmo a sua vida, eu trouxe mais alguns exemplos. Veja abaixo.<\/p>\n<!-- \/wp:paragraph --><!-- wp:list -->\n<ul><!-- wp:list-item -->\n<li><strong>\u2705 Declaro <mark class=\"has-inline-color has-vivid-green-cyan-color\" style=\"background-color: rgba(0, 0, 0, 0);\">para os devidos fins<\/mark> que voc\u00ea est\u00e1 fazendo as pazes com a v\u00edrgula.<\/strong><\/li>\n<!-- \/wp:list-item --><\/ul>\n<!-- \/wp:list --><!-- wp:paragraph -->\n<p>Utilizando as v\u00edrgulas, temos:<\/p>\n<!-- \/wp:paragraph --><!-- wp:list -->\n<ul><!-- wp:list-item -->\n<li><strong>\u2705 Declaro<mark class=\"has-inline-color has-vivid-green-cyan-color\" style=\"background-color: rgba(0, 0, 0, 0);\">, para os devidos fins,<\/mark> que voc\u00ea est\u00e1 fazendo as pazes com a v\u00edrgula.<\/strong><\/li>\n<!-- \/wp:list-item --><\/ul>\n<!-- \/wp:list --><!-- wp:paragraph -->\n<p>Viu como a <mark class=\"has-inline-color has-vivid-purple-color\" style=\"background-color: rgba(0, 0, 0, 0);\"><strong>intercala\u00e7\u00e3o<\/strong> <\/mark><strong><span style=\"text-decoration: underline;\">para os devidos fins<\/span><\/strong> n\u00e3o atrapalha o andamento da frase?!<\/p>\n<!-- \/wp:paragraph --><!-- wp:paragraph -->\n<p>Mas \u00e9 claro que tem mais exemplos.<\/p>\n<!-- \/wp:paragraph --><!-- wp:list -->\n<ul><!-- wp:list-item -->\n<li><strong>\u2705 Teremos <mark class=\"has-inline-color has-vivid-green-cyan-color\" style=\"background-color: rgba(0, 0, 0, 0);\">por certo<\/mark> muitos aprendizados com este conte\u00fado.<\/strong><\/li>\n<!-- \/wp:list-item --><!-- wp:list-item -->\n<li><strong>\u2705 Teremos<mark class=\"has-inline-color has-vivid-green-cyan-color\" style=\"background-color: rgba(0, 0, 0, 0);\">, por certo,<\/mark> muitos aprendizados com este <strong>conte\u00fado<\/strong>.<\/strong><\/li>\n<!-- \/wp:list-item --><\/ul>\n<!-- \/wp:list --><!-- wp:list -->\n<ul><!-- wp:list-item -->\n<li><strong>\u2705 A prefeitura realizar\u00e1 <mark class=\"has-inline-color has-vivid-green-cyan-color\" style=\"background-color: rgba(0, 0, 0, 0);\">de 10 a 25 de julho<\/mark> o evento especial de inverno.<\/strong><\/li>\n<!-- \/wp:list-item --><!-- wp:list-item -->\n<li><strong>\u2705 A prefeitura realizar\u00e1<mark class=\"has-inline-color has-vivid-green-cyan-color\" style=\"background-color: rgba(0, 0, 0, 0);\">, de 10 a 25 de julho,<\/mark> o evento especial de inverno.<\/strong><\/li>\n<!-- \/wp:list-item --><\/ul>\n<!-- \/wp:list --><!-- wp:paragraph -->\n<p>Agora, com a intercala\u00e7\u00e3o em outro lugar da frase:<\/p>\n<!-- \/wp:paragraph --><!-- wp:list -->\n<ul><!-- wp:list-item -->\n<li><strong>\u2705 <mark class=\"has-inline-color has-vivid-green-cyan-color\" style=\"background-color: rgba(0, 0, 0, 0);\">De 10 a 25 de julho<\/mark> a prefeitura realizar\u00e1 o evento especial de inverno.<\/strong><\/li>\n<!-- \/wp:list-item --><!-- wp:list-item -->\n<li><strong>\u2705 <mark class=\"has-inline-color has-vivid-green-cyan-color\" style=\"background-color: rgba(0, 0, 0, 0);\">De 10 a 25 de julho,<\/mark> a prefeitura realizar\u00e1 o evento especial de inverno.<\/strong><\/li>\n<!-- \/wp:list-item --><\/ul>\n<!-- \/wp:list --><!-- wp:list -->\n<ul><!-- wp:list-item -->\n<li><strong>\u2705 Esta aula <mark class=\"has-inline-color has-vivid-green-cyan-color\" style=\"background-color: rgba(0, 0, 0, 0);\">com certeza<\/mark> ajudou voc\u00ea a se entender melhor com a v\u00edrgula.<\/strong><\/li>\n<!-- \/wp:list-item --><!-- wp:list-item -->\n<li><strong>\u2705 Esta aula<mark class=\"has-inline-color has-vivid-green-cyan-color\" style=\"background-color: rgba(0, 0, 0, 0);\">, com certeza,<\/mark> ajudou voc\u00ea a se entender melhor com a v\u00edrgula.<\/strong><\/li>\n<!-- \/wp:list-item --><\/ul>\n<!-- \/wp:list --><!-- wp:paragraph -->\n<p>Novamente, com a intercala\u00e7\u00e3o em outro lugar da frase:<\/p>\n<!-- \/wp:paragraph --><!-- wp:list -->\n<ul><!-- wp:list-item -->\n<li><strong>\u2705 <mark class=\"has-inline-color has-vivid-green-cyan-color\" style=\"background-color: rgba(0, 0, 0, 0);\">Com certeza<\/mark> esta aula ajudou voc\u00ea a se entender melhor com a v\u00edrgula.<\/strong><\/li>\n<!-- \/wp:list-item --><!-- wp:list-item -->\n<li><strong>\u2705 <mark class=\"has-inline-color has-vivid-green-cyan-color\" style=\"background-color: rgba(0, 0, 0, 0);\">Com certeza,<\/mark> esta aula ajudou voc\u00ea a se entender melhor com a v\u00edrgula.<\/strong><\/li>\n<!-- \/wp:list-item --><\/ul>\n<!-- \/wp:list --><!-- wp:paragraph -->\n<p>Perceba que, <strong>ao usar as v\u00edrgulas, voc\u00ea traz mais \u00eanfase<\/strong> para essas <strong><mark class=\"has-inline-color has-vivid-purple-color\" style=\"background-color: rgba(0, 0, 0, 0);\">intercala\u00e7\u00f5es<\/mark><\/strong>. Sendo assim, sempre que voc\u00ea quiser dar mais destaque para elas, use as v\u00edrgulas.<\/p>\n<!-- \/wp:paragraph --><!-- wp:heading {\"level\":3} -->\n<h3><strong>Uma v\u00edrgula ou duas v\u00edrgulas com as <mark class=\"has-inline-color has-vivid-purple-color\" style=\"background-color: rgba(0, 0, 0, 0);\">pequenas intercala\u00e7\u00f5es<\/mark>?<\/strong><\/h3>\n<!-- \/wp:heading --><!-- wp:paragraph -->\n<p>Note que voc\u00ea precisa usar duas v\u00edrgulas quando voc\u00ea quiser dar mais \u00eanfase a uma <strong><mark class=\"has-inline-color has-vivid-purple-color\" style=\"background-color: rgba(0, 0, 0, 0);\">intercala\u00e7\u00e3o<\/mark><\/strong> que aparece no meio da frase. Ou seja, uma v\u00edrgula antes e uma depois. Se n\u00e3o for usar as duas, n\u00e3o use nenhuma; afinal, usar somente uma v\u00edrgula est\u00e1 errado.<\/p>\n<!-- \/wp:paragraph --><!-- wp:paragraph -->\n<p>Vamos rever um exemplo que acabei de mostrar:<\/p>\n<!-- \/wp:paragraph --><!-- wp:list -->\n<ul><!-- wp:list-item -->\n<li><strong>\u2705 A prefeitura realizar\u00e1<mark class=\"has-inline-color has-vivid-green-cyan-color\" style=\"background-color: rgba(0, 0, 0, 0);\">, de 10 a 25 de julho,<\/mark> o evento especial de inverno.<\/strong><\/li>\n<!-- \/wp:list-item --><!-- wp:list-item -->\n<li><strong>\u274c A prefeitura realizar\u00e1 <mark class=\"has-inline-color has-vivid-red-color\" style=\"background-color: rgba(0, 0, 0, 0);\">de 10 a 25 de julho,<\/mark> o evento especial de inverno.<\/strong><\/li>\n<!-- \/wp:list-item --><\/ul>\n<!-- \/wp:list --><!-- wp:paragraph -->\n<p>Viu ali?<\/p>\n<!-- \/wp:paragraph --><!-- wp:heading {\"level\":3} -->\n<h3><strong>A v\u00edrgula precisa aparecer antes e depois da <mark class=\"has-inline-color has-vivid-purple-color\" style=\"background-color: rgba(0, 0, 0, 0);\">intercala\u00e7\u00e3o<\/mark>.<\/strong><\/h3>\n<!-- \/wp:heading --><!-- wp:paragraph -->\n<p>Ou voc\u00ea usa as duas v\u00edrgulas \u270c\ufe0f ou n\u00e3o usa nenhuma.<\/p>\n<!-- \/wp:paragraph --><!-- wp:paragraph -->\n<p>Pois ent\u00e3o&#8230; eu sei que este \u00e9 o momento em que muitas pessoas pensam:<br \/>\u2014 Eita! \u00c9 exatamente isso que fa\u00e7o. S\u00f3 uso v\u00edrgula depois.<\/p>\n<!-- \/wp:paragraph --><!-- wp:paragraph -->\n<p>Ai, ai, ai, ai, ai\u2026 \ud83e\uddd0<br \/>Bom, mas agora voc\u00ea n\u00e3o vai mais errar, n\u00e9?! \ud83e\udd70<\/p>\n<!-- \/wp:paragraph --><!-- wp:paragraph -->\n<p>J\u00e1 deixe este artigo salvo a\u00ed nos seus favoritos. Dessa forma ficar\u00e1 mais f\u00e1cil de consultar sempre que voc\u00ea precisar.<\/p>\n<!-- \/wp:paragraph --><!-- wp:paragraph -->\n<p>Por fim, se voc\u00ea ainda n\u00e3o leu a parte 1 deste conte\u00fado, aqui est\u00e1 o link:<br \/><a href=\"https:\/\/monicaguerretta.com\/qualeocerto\/virgula-com-adverbios-e-conjuncoes\/\" target=\"_blank\" rel=\"noreferrer noopener\">Use a v\u00edrgula para dar \u00eanfase a adv\u00e9rbios e conjun\u00e7\u00f5es<\/a><\/p>\n<!-- \/wp:paragraph -->\t\t\t\t\t\t\t\t<\/div>\n\t\t\t\t<\/div>\n\t\t\t\t\t<\/div>\n\t\t<\/div>\n\t\t\t\t\t<\/div>\n\t\t<\/section>\n\t\t\t\t<section class=\"elementor-section elementor-top-section elementor-element elementor-element-be857e8 elementor-section-boxed elementor-section-height-default elementor-section-height-default\" data-id=\"be857e8\" data-element_type=\"section\">\n\t\t\t\t\t\t<div class=\"elementor-container elementor-column-gap-default\">\n\t\t\t\t\t<div class=\"elementor-column elementor-col-33 elementor-top-column elementor-element elementor-element-6cad990\" data-id=\"6cad990\" data-element_type=\"column\">\n\t\t\t<div class=\"elementor-widget-wrap elementor-element-populated\">\n\t\t\t\t\t\t<div class=\"elementor-element elementor-element-cc981d0 elementor-invisible elementor-widget elementor-widget-image\" data-id=\"cc981d0\" data-element_type=\"widget\" data-settings=\"{&quot;_animation&quot;:&quot;slideInLeft&quot;}\" data-widget_type=\"image.default\">\n\t\t\t\t<div class=\"elementor-widget-container\">\n\t\t\t\t\t\t\t\t\t\t\t\t\t\t\t<img fetchpriority=\"high\" decoding=\"async\" width=\"681\" height=\"1024\" src=\"https:\/\/monicaguerretta.com\/qualeocerto\/wp-content\/uploads\/2022\/07\/Monica-Guerretta-Qual-e-o-certo-681x1024.jpg\" class=\"attachment-large size-large wp-image-1980\" alt=\"M\u00f4nica-Guerretta-Qual-\u00e9-o-certo\" srcset=\"https:\/\/monicaguerretta.com\/qualeocerto\/wp-content\/uploads\/2022\/07\/Monica-Guerretta-Qual-e-o-certo-681x1024.jpg 681w, https:\/\/monicaguerretta.com\/qualeocerto\/wp-content\/uploads\/2022\/07\/Monica-Guerretta-Qual-e-o-certo-200x300.jpg 200w, https:\/\/monicaguerretta.com\/qualeocerto\/wp-content\/uploads\/2022\/07\/Monica-Guerretta-Qual-e-o-certo-768x1155.jpg 768w, https:\/\/monicaguerretta.com\/qualeocerto\/wp-content\/uploads\/2022\/07\/Monica-Guerretta-Qual-e-o-certo-1022x1536.jpg 1022w, https:\/\/monicaguerretta.com\/qualeocerto\/wp-content\/uploads\/2022\/07\/Monica-Guerretta-Qual-e-o-certo-1362x2048.jpg 1362w, https:\/\/monicaguerretta.com\/qualeocerto\/wp-content\/uploads\/2022\/07\/Monica-Guerretta-Qual-e-o-certo-scaled.jpg 1703w\" sizes=\"(max-width: 681px) 100vw, 681px\" \/>\t\t\t\t\t\t\t\t\t\t\t\t\t\t\t<\/div>\n\t\t\t\t<\/div>\n\t\t\t\t\t<\/div>\n\t\t<\/div>\n\t\t\t\t<div class=\"elementor-column elementor-col-66 elementor-top-column elementor-element elementor-element-19fdcd4\" data-id=\"19fdcd4\" data-element_type=\"column\">\n\t\t\t<div class=\"elementor-widget-wrap elementor-element-populated\">\n\t\t\t\t\t\t<div class=\"elementor-element elementor-element-6fe01b3 elementor-invisible elementor-widget elementor-widget-text-editor\" data-id=\"6fe01b3\" data-element_type=\"widget\" data-settings=\"{&quot;_animation&quot;:&quot;slideInRight&quot;}\" data-widget_type=\"text-editor.default\">\n\t\t\t\t<div class=\"elementor-widget-container\">\n\t\t\t\t\t\t\t\t\t<p><b>Minha explica\u00e7\u00e3o ajudou voc\u00ea a se entender melhor com a v\u00edrgula?\u00a0<br \/><\/b><span style=\"font-weight: 400;\">Ent\u00e3o apoie o Qual \u00e9 o certo?, por favorzinho. <img decoding=\"async\" class=\"emoji\" role=\"img\" draggable=\"false\" src=\"https:\/\/s.w.org\/images\/core\/emoji\/14.0.0\/svg\/1f499.svg\" alt=\"\ud83d\udc99\" \/><\/span><\/p>\n<ul>\n<li><a href=\"https:\/\/www.youtube.com\/c\/qualeocerto\" target=\"_blank\" rel=\"noopener\"><span style=\"font-weight: 400;\">Inscreva-se no canal do YouTube<\/span><\/a><\/li>\n<li><a href=\"https:\/\/www.instagram.com\/qualeocerto\/\" target=\"_blank\" rel=\"noopener\"><span style=\"font-weight: 400;\">Siga no Instagram<\/span><\/a><\/li>\n<li><a href=\"https:\/\/www.linkedin.com\/in\/monicaguerretta\/\"><span style=\"font-weight: 400;\">Acompanhe no LinkedIn<\/span><\/a><\/li>\n<li><a href=\"https:\/\/monicaguerretta.com\/qualeocerto\/vamos-conversar\/\" target=\"_blank\" rel=\"noopener\"><span style=\"font-weight: 400;\">Pague um cafezinho para mim<\/span><\/a><\/li>\n<li><span style=\"font-weight: 400;\">Compartilhe este conte\u00fado<\/span><\/li>\n<\/ul>\t\t\t\t\t\t\t\t<\/div>\n\t\t\t\t<\/div>\n\t\t\t\t\t<\/div>\n\t\t<\/div>\n\t\t\t\t\t<\/div>\n\t\t<\/section>\n\t\t\t\t<\/div>\n\t\t","protected":false},"excerpt":{"rendered":"<p>Uma das fun\u00e7\u00f5es da v\u00edrgula \u00e9 dar \u00eanfase para alguns elementos. Neste artigo aqui falei sobre&hellip;<\/p>\n","protected":false},"author":2,"featured_media":2605,"comment_status":"open","ping_status":"open","sticky":false,"template":"","format":"standard","meta":{"_exactmetrics_skip_tracking":false,"_exactmetrics_sitenote_active":false,"_exactmetrics_sitenote_note":"","_exactmetrics_sitenote_category":0,"footnotes":""},"categories":[265,291,176],"tags":[306,61,307],"class_list":["post-2604","post","type-post","status-publish","format-standard","has-post-thumbnail","hentry","category-pontuacoes","category-portugues","category-virgula","tag-pequenas-intercalacoes","tag-virgula","tag-virgula-com-pequenas-intercalacoes"],"yoast_head":"<!-- This site is optimized with the Yoast SEO plugin v27.5 - https:\/\/yoast.com\/product\/yoast-seo-wordpress\/ -->\n<title>Use a v\u00edrgula para dar \u00eanfase a pequenas intercala\u00e7\u00f5es &#187; Qual \u00e9 o certo?<\/title>\n<meta name=\"description\" content=\"Aprenda a usar a v\u00edrgula com pequenas intercala\u00e7\u00f5es. Aqui voc\u00ea encontrar\u00e1 v\u00e1rios exemplos, para entender bem direitinho.\" \/>\n<meta name=\"robots\" content=\"index, follow, max-snippet:-1, max-image-preview:large, max-video-preview:-1\" \/>\n<link rel=\"canonical\" href=\"https:\/\/monicaguerretta.com\/qualeocerto\/virgula-com-pequenas-intercalacoes\/\" \/>\n<meta property=\"og:locale\" content=\"pt_BR\" \/>\n<meta property=\"og:type\" content=\"article\" \/>\n<meta property=\"og:title\" content=\"Use a v\u00edrgula para dar \u00eanfase a pequenas intercala\u00e7\u00f5es &#187; Qual \u00e9 o certo?\" \/>\n<meta property=\"og:description\" content=\"Aprenda a usar a v\u00edrgula com pequenas intercala\u00e7\u00f5es. Aqui voc\u00ea encontrar\u00e1 v\u00e1rios exemplos, para entender bem direitinho.\" \/>\n<meta property=\"og:url\" content=\"https:\/\/monicaguerretta.com\/qualeocerto\/virgula-com-pequenas-intercalacoes\/\" \/>\n<meta property=\"og:site_name\" content=\"Qual \u00e9 o certo?\" \/>\n<meta property=\"article:publisher\" content=\"https:\/\/www.facebook.com\/qualeocerto\" \/>\n<meta property=\"article:published_time\" content=\"2022-11-17T16:43:00+00:00\" \/>\n<meta property=\"article:modified_time\" content=\"2022-12-13T19:17:09+00:00\" \/>\n<meta property=\"og:image\" content=\"https:\/\/monicaguerretta.com\/qualeocerto\/wp-content\/uploads\/2022\/12\/virgula-com-pequenas-intercalacoes-qual-e-o-certo.png\" \/>\n\t<meta property=\"og:image:width\" content=\"1080\" \/>\n\t<meta property=\"og:image:height\" content=\"1081\" \/>\n\t<meta property=\"og:image:type\" content=\"image\/png\" \/>\n<meta name=\"author\" content=\"M\u00f4nica Guerretta\" \/>\n<meta name=\"twitter:card\" content=\"summary_large_image\" \/>\n<meta name=\"twitter:label1\" content=\"Escrito por\" \/>\n\t<meta name=\"twitter:data1\" content=\"M\u00f4nica Guerretta\" \/>\n\t<meta name=\"twitter:label2\" content=\"Est. tempo de leitura\" \/>\n\t<meta name=\"twitter:data2\" content=\"12 minutos\" \/>\n<script type=\"application\/ld+json\" class=\"yoast-schema-graph\">{\"@context\":\"https:\\\/\\\/schema.org\",\"@graph\":[{\"@type\":\"Article\",\"@id\":\"https:\\\/\\\/monicaguerretta.com\\\/qualeocerto\\\/virgula-com-pequenas-intercalacoes\\\/#article\",\"isPartOf\":{\"@id\":\"https:\\\/\\\/monicaguerretta.com\\\/qualeocerto\\\/virgula-com-pequenas-intercalacoes\\\/\"},\"author\":{\"name\":\"M\u00f4nica Guerretta\",\"@id\":\"https:\\\/\\\/monicaguerretta.com\\\/qualeocerto\\\/#\\\/schema\\\/person\\\/214b5e9a83b11fe11a18ecae0d21f79a\"},\"headline\":\"Use a v\u00edrgula para dar \u00eanfase a pequenas intercala\u00e7\u00f5es\",\"datePublished\":\"2022-11-17T16:43:00+00:00\",\"dateModified\":\"2022-12-13T19:17:09+00:00\",\"mainEntityOfPage\":{\"@id\":\"https:\\\/\\\/monicaguerretta.com\\\/qualeocerto\\\/virgula-com-pequenas-intercalacoes\\\/\"},\"wordCount\":1058,\"commentCount\":0,\"publisher\":{\"@id\":\"https:\\\/\\\/monicaguerretta.com\\\/qualeocerto\\\/#organization\"},\"image\":{\"@id\":\"https:\\\/\\\/monicaguerretta.com\\\/qualeocerto\\\/virgula-com-pequenas-intercalacoes\\\/#primaryimage\"},\"thumbnailUrl\":\"https:\\\/\\\/monicaguerretta.com\\\/qualeocerto\\\/wp-content\\\/uploads\\\/2022\\\/12\\\/virgula-com-pequenas-intercalacoes-qual-e-o-certo.png\",\"keywords\":[\"pequenas intercala\u00e7\u00f5es\",\"v\u00edrgula\",\"v\u00edrgula com pequenas intercala\u00e7\u00f5es\"],\"articleSection\":[\"Pontua\u00e7\u00f5es\",\"Portugu\u00eas\",\"V\u00edrgula\"],\"inLanguage\":\"pt-BR\",\"potentialAction\":[{\"@type\":\"CommentAction\",\"name\":\"Comment\",\"target\":[\"https:\\\/\\\/monicaguerretta.com\\\/qualeocerto\\\/virgula-com-pequenas-intercalacoes\\\/#respond\"]}]},{\"@type\":\"WebPage\",\"@id\":\"https:\\\/\\\/monicaguerretta.com\\\/qualeocerto\\\/virgula-com-pequenas-intercalacoes\\\/\",\"url\":\"https:\\\/\\\/monicaguerretta.com\\\/qualeocerto\\\/virgula-com-pequenas-intercalacoes\\\/\",\"name\":\"Use a v\u00edrgula para dar \u00eanfase a pequenas intercala\u00e7\u00f5es &#187; Qual \u00e9 o certo?\",\"isPartOf\":{\"@id\":\"https:\\\/\\\/monicaguerretta.com\\\/qualeocerto\\\/#website\"},\"primaryImageOfPage\":{\"@id\":\"https:\\\/\\\/monicaguerretta.com\\\/qualeocerto\\\/virgula-com-pequenas-intercalacoes\\\/#primaryimage\"},\"image\":{\"@id\":\"https:\\\/\\\/monicaguerretta.com\\\/qualeocerto\\\/virgula-com-pequenas-intercalacoes\\\/#primaryimage\"},\"thumbnailUrl\":\"https:\\\/\\\/monicaguerretta.com\\\/qualeocerto\\\/wp-content\\\/uploads\\\/2022\\\/12\\\/virgula-com-pequenas-intercalacoes-qual-e-o-certo.png\",\"datePublished\":\"2022-11-17T16:43:00+00:00\",\"dateModified\":\"2022-12-13T19:17:09+00:00\",\"description\":\"Aprenda a usar a v\u00edrgula com pequenas intercala\u00e7\u00f5es. Aqui voc\u00ea encontrar\u00e1 v\u00e1rios exemplos, para entender bem direitinho.\",\"breadcrumb\":{\"@id\":\"https:\\\/\\\/monicaguerretta.com\\\/qualeocerto\\\/virgula-com-pequenas-intercalacoes\\\/#breadcrumb\"},\"inLanguage\":\"pt-BR\",\"potentialAction\":[{\"@type\":\"ReadAction\",\"target\":[\"https:\\\/\\\/monicaguerretta.com\\\/qualeocerto\\\/virgula-com-pequenas-intercalacoes\\\/\"]}]},{\"@type\":\"ImageObject\",\"inLanguage\":\"pt-BR\",\"@id\":\"https:\\\/\\\/monicaguerretta.com\\\/qualeocerto\\\/virgula-com-pequenas-intercalacoes\\\/#primaryimage\",\"url\":\"https:\\\/\\\/monicaguerretta.com\\\/qualeocerto\\\/wp-content\\\/uploads\\\/2022\\\/12\\\/virgula-com-pequenas-intercalacoes-qual-e-o-certo.png\",\"contentUrl\":\"https:\\\/\\\/monicaguerretta.com\\\/qualeocerto\\\/wp-content\\\/uploads\\\/2022\\\/12\\\/virgula-com-pequenas-intercalacoes-qual-e-o-certo.png\",\"width\":1080,\"height\":1081,\"caption\":\"v\u00edrgula com pequenas intercala\u00e7\u00f5es - qual \u00e9 o certo\"},{\"@type\":\"BreadcrumbList\",\"@id\":\"https:\\\/\\\/monicaguerretta.com\\\/qualeocerto\\\/virgula-com-pequenas-intercalacoes\\\/#breadcrumb\",\"itemListElement\":[{\"@type\":\"ListItem\",\"position\":1,\"name\":\"In\u00edcio\",\"item\":\"https:\\\/\\\/monicaguerretta.com\\\/qualeocerto\\\/\"},{\"@type\":\"ListItem\",\"position\":2,\"name\":\"Use a v\u00edrgula para dar \u00eanfase a pequenas intercala\u00e7\u00f5es\"}]},{\"@type\":\"WebSite\",\"@id\":\"https:\\\/\\\/monicaguerretta.com\\\/qualeocerto\\\/#website\",\"url\":\"https:\\\/\\\/monicaguerretta.com\\\/qualeocerto\\\/\",\"name\":\"Qual \u00e9 o Certo?\",\"description\":\"M\u00f4nica Guerretta | Redatora publicit\u00e1ria | Copywriting - UX Writing\",\"publisher\":{\"@id\":\"https:\\\/\\\/monicaguerretta.com\\\/qualeocerto\\\/#organization\"},\"potentialAction\":[{\"@type\":\"SearchAction\",\"target\":{\"@type\":\"EntryPoint\",\"urlTemplate\":\"https:\\\/\\\/monicaguerretta.com\\\/qualeocerto\\\/?s={search_term_string}\"},\"query-input\":{\"@type\":\"PropertyValueSpecification\",\"valueRequired\":true,\"valueName\":\"search_term_string\"}}],\"inLanguage\":\"pt-BR\"},{\"@type\":\"Organization\",\"@id\":\"https:\\\/\\\/monicaguerretta.com\\\/qualeocerto\\\/#organization\",\"name\":\"Qual \u00e9 o certo?\",\"url\":\"https:\\\/\\\/monicaguerretta.com\\\/qualeocerto\\\/\",\"logo\":{\"@type\":\"ImageObject\",\"inLanguage\":\"pt-BR\",\"@id\":\"https:\\\/\\\/monicaguerretta.com\\\/qualeocerto\\\/#\\\/schema\\\/logo\\\/image\\\/\",\"url\":\"https:\\\/\\\/monicaguerretta.com\\\/qualeocerto\\\/wp-content\\\/uploads\\\/2022\\\/08\\\/marca-quale.png\",\"contentUrl\":\"https:\\\/\\\/monicaguerretta.com\\\/qualeocerto\\\/wp-content\\\/uploads\\\/2022\\\/08\\\/marca-quale.png\",\"width\":592,\"height\":315,\"caption\":\"Qual \u00e9 o certo?\"},\"image\":{\"@id\":\"https:\\\/\\\/monicaguerretta.com\\\/qualeocerto\\\/#\\\/schema\\\/logo\\\/image\\\/\"},\"sameAs\":[\"https:\\\/\\\/www.facebook.com\\\/qualeocerto\",\"https:\\\/\\\/www.instagram.com\\\/qualeocerto\\\/\",\"https:\\\/\\\/www.youtube.com\\\/c\\\/qualeocerto\"]},{\"@type\":\"Person\",\"@id\":\"https:\\\/\\\/monicaguerretta.com\\\/qualeocerto\\\/#\\\/schema\\\/person\\\/214b5e9a83b11fe11a18ecae0d21f79a\",\"name\":\"M\u00f4nica Guerretta\",\"image\":{\"@type\":\"ImageObject\",\"inLanguage\":\"pt-BR\",\"@id\":\"https:\\\/\\\/secure.gravatar.com\\\/avatar\\\/cc0028ec5e6e39e7cd7e61c0fa6158a6d7f1edc39c4f536d768ad95ee3e26a8a?s=96&d=mm&r=g\",\"url\":\"https:\\\/\\\/secure.gravatar.com\\\/avatar\\\/cc0028ec5e6e39e7cd7e61c0fa6158a6d7f1edc39c4f536d768ad95ee3e26a8a?s=96&d=mm&r=g\",\"contentUrl\":\"https:\\\/\\\/secure.gravatar.com\\\/avatar\\\/cc0028ec5e6e39e7cd7e61c0fa6158a6d7f1edc39c4f536d768ad95ee3e26a8a?s=96&d=mm&r=g\",\"caption\":\"M\u00f4nica Guerretta\"}}]}<\/script>\n<!-- \/ Yoast SEO plugin. -->","yoast_head_json":{"title":"Use a v\u00edrgula para dar \u00eanfase a pequenas intercala\u00e7\u00f5es &#187; Qual \u00e9 o certo?","description":"Aprenda a usar a v\u00edrgula com pequenas intercala\u00e7\u00f5es. Aqui voc\u00ea encontrar\u00e1 v\u00e1rios exemplos, para entender bem direitinho.","robots":{"index":"index","follow":"follow","max-snippet":"max-snippet:-1","max-image-preview":"max-image-preview:large","max-video-preview":"max-video-preview:-1"},"canonical":"https:\/\/monicaguerretta.com\/qualeocerto\/virgula-com-pequenas-intercalacoes\/","og_locale":"pt_BR","og_type":"article","og_title":"Use a v\u00edrgula para dar \u00eanfase a pequenas intercala\u00e7\u00f5es &#187; Qual \u00e9 o certo?","og_description":"Aprenda a usar a v\u00edrgula com pequenas intercala\u00e7\u00f5es. Aqui voc\u00ea encontrar\u00e1 v\u00e1rios exemplos, para entender bem direitinho.","og_url":"https:\/\/monicaguerretta.com\/qualeocerto\/virgula-com-pequenas-intercalacoes\/","og_site_name":"Qual \u00e9 o certo?","article_publisher":"https:\/\/www.facebook.com\/qualeocerto","article_published_time":"2022-11-17T16:43:00+00:00","article_modified_time":"2022-12-13T19:17:09+00:00","og_image":[{"width":1080,"height":1081,"url":"https:\/\/monicaguerretta.com\/qualeocerto\/wp-content\/uploads\/2022\/12\/virgula-com-pequenas-intercalacoes-qual-e-o-certo.png","type":"image\/png"}],"author":"M\u00f4nica Guerretta","twitter_card":"summary_large_image","twitter_misc":{"Escrito por":"M\u00f4nica Guerretta","Est. tempo de leitura":"12 minutos"},"schema":{"@context":"https:\/\/schema.org","@graph":[{"@type":"Article","@id":"https:\/\/monicaguerretta.com\/qualeocerto\/virgula-com-pequenas-intercalacoes\/#article","isPartOf":{"@id":"https:\/\/monicaguerretta.com\/qualeocerto\/virgula-com-pequenas-intercalacoes\/"},"author":{"name":"M\u00f4nica Guerretta","@id":"https:\/\/monicaguerretta.com\/qualeocerto\/#\/schema\/person\/214b5e9a83b11fe11a18ecae0d21f79a"},"headline":"Use a v\u00edrgula para dar \u00eanfase a pequenas intercala\u00e7\u00f5es","datePublished":"2022-11-17T16:43:00+00:00","dateModified":"2022-12-13T19:17:09+00:00","mainEntityOfPage":{"@id":"https:\/\/monicaguerretta.com\/qualeocerto\/virgula-com-pequenas-intercalacoes\/"},"wordCount":1058,"commentCount":0,"publisher":{"@id":"https:\/\/monicaguerretta.com\/qualeocerto\/#organization"},"image":{"@id":"https:\/\/monicaguerretta.com\/qualeocerto\/virgula-com-pequenas-intercalacoes\/#primaryimage"},"thumbnailUrl":"https:\/\/monicaguerretta.com\/qualeocerto\/wp-content\/uploads\/2022\/12\/virgula-com-pequenas-intercalacoes-qual-e-o-certo.png","keywords":["pequenas intercala\u00e7\u00f5es","v\u00edrgula","v\u00edrgula com pequenas intercala\u00e7\u00f5es"],"articleSection":["Pontua\u00e7\u00f5es","Portugu\u00eas","V\u00edrgula"],"inLanguage":"pt-BR","potentialAction":[{"@type":"CommentAction","name":"Comment","target":["https:\/\/monicaguerretta.com\/qualeocerto\/virgula-com-pequenas-intercalacoes\/#respond"]}]},{"@type":"WebPage","@id":"https:\/\/monicaguerretta.com\/qualeocerto\/virgula-com-pequenas-intercalacoes\/","url":"https:\/\/monicaguerretta.com\/qualeocerto\/virgula-com-pequenas-intercalacoes\/","name":"Use a v\u00edrgula para dar \u00eanfase a pequenas intercala\u00e7\u00f5es &#187; Qual \u00e9 o certo?","isPartOf":{"@id":"https:\/\/monicaguerretta.com\/qualeocerto\/#website"},"primaryImageOfPage":{"@id":"https:\/\/monicaguerretta.com\/qualeocerto\/virgula-com-pequenas-intercalacoes\/#primaryimage"},"image":{"@id":"https:\/\/monicaguerretta.com\/qualeocerto\/virgula-com-pequenas-intercalacoes\/#primaryimage"},"thumbnailUrl":"https:\/\/monicaguerretta.com\/qualeocerto\/wp-content\/uploads\/2022\/12\/virgula-com-pequenas-intercalacoes-qual-e-o-certo.png","datePublished":"2022-11-17T16:43:00+00:00","dateModified":"2022-12-13T19:17:09+00:00","description":"Aprenda a usar a v\u00edrgula com pequenas intercala\u00e7\u00f5es. Aqui voc\u00ea encontrar\u00e1 v\u00e1rios exemplos, para entender bem direitinho.","breadcrumb":{"@id":"https:\/\/monicaguerretta.com\/qualeocerto\/virgula-com-pequenas-intercalacoes\/#breadcrumb"},"inLanguage":"pt-BR","potentialAction":[{"@type":"ReadAction","target":["https:\/\/monicaguerretta.com\/qualeocerto\/virgula-com-pequenas-intercalacoes\/"]}]},{"@type":"ImageObject","inLanguage":"pt-BR","@id":"https:\/\/monicaguerretta.com\/qualeocerto\/virgula-com-pequenas-intercalacoes\/#primaryimage","url":"https:\/\/monicaguerretta.com\/qualeocerto\/wp-content\/uploads\/2022\/12\/virgula-com-pequenas-intercalacoes-qual-e-o-certo.png","contentUrl":"https:\/\/monicaguerretta.com\/qualeocerto\/wp-content\/uploads\/2022\/12\/virgula-com-pequenas-intercalacoes-qual-e-o-certo.png","width":1080,"height":1081,"caption":"v\u00edrgula com pequenas intercala\u00e7\u00f5es - qual \u00e9 o certo"},{"@type":"BreadcrumbList","@id":"https:\/\/monicaguerretta.com\/qualeocerto\/virgula-com-pequenas-intercalacoes\/#breadcrumb","itemListElement":[{"@type":"ListItem","position":1,"name":"In\u00edcio","item":"https:\/\/monicaguerretta.com\/qualeocerto\/"},{"@type":"ListItem","position":2,"name":"Use a v\u00edrgula para dar \u00eanfase a pequenas intercala\u00e7\u00f5es"}]},{"@type":"WebSite","@id":"https:\/\/monicaguerretta.com\/qualeocerto\/#website","url":"https:\/\/monicaguerretta.com\/qualeocerto\/","name":"Qual \u00e9 o Certo?","description":"M\u00f4nica Guerretta | Redatora publicit\u00e1ria | Copywriting - UX Writing","publisher":{"@id":"https:\/\/monicaguerretta.com\/qualeocerto\/#organization"},"potentialAction":[{"@type":"SearchAction","target":{"@type":"EntryPoint","urlTemplate":"https:\/\/monicaguerretta.com\/qualeocerto\/?s={search_term_string}"},"query-input":{"@type":"PropertyValueSpecification","valueRequired":true,"valueName":"search_term_string"}}],"inLanguage":"pt-BR"},{"@type":"Organization","@id":"https:\/\/monicaguerretta.com\/qualeocerto\/#organization","name":"Qual \u00e9 o certo?","url":"https:\/\/monicaguerretta.com\/qualeocerto\/","logo":{"@type":"ImageObject","inLanguage":"pt-BR","@id":"https:\/\/monicaguerretta.com\/qualeocerto\/#\/schema\/logo\/image\/","url":"https:\/\/monicaguerretta.com\/qualeocerto\/wp-content\/uploads\/2022\/08\/marca-quale.png","contentUrl":"https:\/\/monicaguerretta.com\/qualeocerto\/wp-content\/uploads\/2022\/08\/marca-quale.png","width":592,"height":315,"caption":"Qual \u00e9 o certo?"},"image":{"@id":"https:\/\/monicaguerretta.com\/qualeocerto\/#\/schema\/logo\/image\/"},"sameAs":["https:\/\/www.facebook.com\/qualeocerto","https:\/\/www.instagram.com\/qualeocerto\/","https:\/\/www.youtube.com\/c\/qualeocerto"]},{"@type":"Person","@id":"https:\/\/monicaguerretta.com\/qualeocerto\/#\/schema\/person\/214b5e9a83b11fe11a18ecae0d21f79a","name":"M\u00f4nica Guerretta","image":{"@type":"ImageObject","inLanguage":"pt-BR","@id":"https:\/\/secure.gravatar.com\/avatar\/cc0028ec5e6e39e7cd7e61c0fa6158a6d7f1edc39c4f536d768ad95ee3e26a8a?s=96&d=mm&r=g","url":"https:\/\/secure.gravatar.com\/avatar\/cc0028ec5e6e39e7cd7e61c0fa6158a6d7f1edc39c4f536d768ad95ee3e26a8a?s=96&d=mm&r=g","contentUrl":"https:\/\/secure.gravatar.com\/avatar\/cc0028ec5e6e39e7cd7e61c0fa6158a6d7f1edc39c4f536d768ad95ee3e26a8a?s=96&d=mm&r=g","caption":"M\u00f4nica Guerretta"}}]}},"_links":{"self":[{"href":"https:\/\/monicaguerretta.com\/qualeocerto\/wp-json\/wp\/v2\/posts\/2604","targetHints":{"allow":["GET"]}}],"collection":[{"href":"https:\/\/monicaguerretta.com\/qualeocerto\/wp-json\/wp\/v2\/posts"}],"about":[{"href":"https:\/\/monicaguerretta.com\/qualeocerto\/wp-json\/wp\/v2\/types\/post"}],"author":[{"embeddable":true,"href":"https:\/\/monicaguerretta.com\/qualeocerto\/wp-json\/wp\/v2\/users\/2"}],"replies":[{"embeddable":true,"href":"https:\/\/monicaguerretta.com\/qualeocerto\/wp-json\/wp\/v2\/comments?post=2604"}],"version-history":[{"count":9,"href":"https:\/\/monicaguerretta.com\/qualeocerto\/wp-json\/wp\/v2\/posts\/2604\/revisions"}],"predecessor-version":[{"id":2618,"href":"https:\/\/monicaguerretta.com\/qualeocerto\/wp-json\/wp\/v2\/posts\/2604\/revisions\/2618"}],"wp:featuredmedia":[{"embeddable":true,"href":"https:\/\/monicaguerretta.com\/qualeocerto\/wp-json\/wp\/v2\/media\/2605"}],"wp:attachment":[{"href":"https:\/\/monicaguerretta.com\/qualeocerto\/wp-json\/wp\/v2\/media?parent=2604"}],"wp:term":[{"taxonomy":"category","embeddable":true,"href":"https:\/\/monicaguerretta.com\/qualeocerto\/wp-json\/wp\/v2\/categories?post=2604"},{"taxonomy":"post_tag","embeddable":true,"href":"https:\/\/monicaguerretta.com\/qualeocerto\/wp-json\/wp\/v2\/tags?post=2604"}],"curies":[{"name":"wp","href":"https:\/\/api.w.org\/{rel}","templated":true}]}}