{"id":2647,"date":"2022-12-29T01:26:35","date_gmt":"2022-12-29T01:26:35","guid":{"rendered":"https:\/\/monicaguerretta.com\/qualeocerto\/?p=2647"},"modified":"2023-01-02T02:33:52","modified_gmt":"2023-01-02T02:33:52","slug":"dois-pontos","status":"publish","type":"post","link":"https:\/\/monicaguerretta.com\/qualeocerto\/dois-pontos\/","title":{"rendered":"<strong>Como usar os dois-pontos?<\/strong>"},"content":{"rendered":"\t\t<div data-elementor-type=\"wp-post\" data-elementor-id=\"2647\" class=\"elementor elementor-2647\">\n\t\t\t\t\t\t<section class=\"elementor-section elementor-top-section elementor-element elementor-element-aafc38a elementor-section-boxed elementor-section-height-default elementor-section-height-default\" data-id=\"aafc38a\" data-element_type=\"section\">\n\t\t\t\t\t\t<div class=\"elementor-container elementor-column-gap-default\">\n\t\t\t\t\t<div class=\"elementor-column elementor-col-100 elementor-top-column elementor-element elementor-element-c7e2e2c\" data-id=\"c7e2e2c\" data-element_type=\"column\">\n\t\t\t<div class=\"elementor-widget-wrap elementor-element-populated\">\n\t\t\t\t\t\t<div class=\"elementor-element elementor-element-1eeb885 elementor-widget elementor-widget-text-editor\" data-id=\"1eeb885\" data-element_type=\"widget\" data-widget_type=\"text-editor.default\">\n\t\t\t\t<div class=\"elementor-widget-container\">\n\t\t\t\t\t\t\t\t\t<p>Nos conte\u00fados mais recentes ensinei voc\u00ea a usar o <a href=\"https:\/\/monicaguerretta.com\/qualeocerto\/travessao\/\" target=\"_blank\" rel=\"noreferrer noopener\">travess\u00e3o<\/a>, o <a href=\"https:\/\/monicaguerretta.com\/qualeocerto\/ponto-e-virgula\/\" target=\"_blank\" rel=\"noreferrer noopener\">ponto e v\u00edrgula<\/a>, a <a href=\"https:\/\/monicaguerretta.com\/qualeocerto\/exclamacao\/\" target=\"_blank\" rel=\"noreferrer noopener\">exclama\u00e7\u00e3o<\/a> e at\u00e9 o <a href=\"https:\/\/monicaguerretta.com\/qualeocerto\/use-mais-o-ponto-final\/\" target=\"_blank\" rel=\"noreferrer noopener\">ponto-final<\/a>. Pois \u00e9, muitas pessoas pensam:<br \/>\u2014 U\u00e9, mas eu j\u00e1 sei usar o ponto-final. Esse \u00e9 f\u00e1cil.<\/p>\n<p><!-- \/wp:paragraph --><!-- wp:paragraph --><\/p>\n<p>O problema, no entanto, \u00e9 que as pessoas n\u00e3o usam o ponto-final tanto quanto deveriam. Falo sobre isso neste artigo: <a href=\"https:\/\/monicaguerretta.com\/qualeocerto\/use-mais-o-ponto-final\/\" target=\"_blank\" rel=\"noreferrer noopener\">Use mais o ponto-final para escrever textos melhores<\/a><\/p>\n<p><!-- \/wp:paragraph --><!-- wp:paragraph --><\/p>\n<p>Ah, e tem tamb\u00e9m a v\u00edrgula. De t\u00e3o complicada que \u00e9, j\u00e1 dediquei <a href=\"https:\/\/monicaguerretta.com\/qualeocerto\/category\/portugues\/virgula\/\" target=\"_blank\" rel=\"noreferrer noopener\">alguns conte\u00fados s\u00f3 para ela aqui no blog<\/a>. \ud83d\ude05<\/p>\n<p><!-- \/wp:paragraph --><!-- wp:paragraph --><\/p>\n<p>Bom, mas agora voc\u00ea vai aprender a usar os <strong><mark class=\"has-inline-color has-vivid-purple-color\" style=\"background-color: rgba(0, 0, 0, 0);\">dois-pontos<\/mark><\/strong>.<\/p>\t\t\t\t\t\t\t\t<\/div>\n\t\t\t\t<\/div>\n\t\t\t\t\t<\/div>\n\t\t<\/div>\n\t\t\t\t\t<\/div>\n\t\t<\/section>\n\t\t\t\t<section class=\"elementor-section elementor-top-section elementor-element elementor-element-c392900 elementor-section-boxed elementor-section-height-default elementor-section-height-default\" data-id=\"c392900\" data-element_type=\"section\">\n\t\t\t\t\t\t<div class=\"elementor-container elementor-column-gap-default\">\n\t\t\t\t\t<div class=\"elementor-column elementor-col-100 elementor-top-column elementor-element elementor-element-68d916f\" data-id=\"68d916f\" data-element_type=\"column\">\n\t\t\t<div class=\"elementor-widget-wrap elementor-element-populated\">\n\t\t\t\t\t\t<div class=\"elementor-element elementor-element-f5735a7 elementor-widget elementor-widget-video\" data-id=\"f5735a7\" data-element_type=\"widget\" data-settings=\"{&quot;youtube_url&quot;:&quot;https:\\\/\\\/youtu.be\\\/hnUAj3_xlsI&quot;,&quot;video_type&quot;:&quot;youtube&quot;,&quot;controls&quot;:&quot;yes&quot;}\" data-widget_type=\"video.default\">\n\t\t\t\t<div class=\"elementor-widget-container\">\n\t\t\t\t\t\t\t<div class=\"elementor-wrapper elementor-open-inline\">\n\t\t\t<div class=\"elementor-video\"><\/div>\t\t<\/div>\n\t\t\t\t\t\t<\/div>\n\t\t\t\t<\/div>\n\t\t\t\t\t<\/div>\n\t\t<\/div>\n\t\t\t\t\t<\/div>\n\t\t<\/section>\n\t\t\t\t<section class=\"elementor-section elementor-top-section elementor-element elementor-element-5708d25c elementor-section-boxed elementor-section-height-default elementor-section-height-default\" data-id=\"5708d25c\" data-element_type=\"section\">\n\t\t\t\t\t\t<div class=\"elementor-container elementor-column-gap-default\">\n\t\t\t\t\t<div class=\"elementor-column elementor-col-100 elementor-top-column elementor-element elementor-element-429b82bb\" data-id=\"429b82bb\" data-element_type=\"column\">\n\t\t\t<div class=\"elementor-widget-wrap elementor-element-populated\">\n\t\t\t\t\t\t<div class=\"elementor-element elementor-element-51902021 elementor-widget elementor-widget-text-editor\" data-id=\"51902021\" data-element_type=\"widget\" data-widget_type=\"text-editor.default\">\n\t\t\t\t<div class=\"elementor-widget-container\">\n\t\t\t\t\t\t\t\t\t<!-- wp:paragraph -->\n<p>\u00a0<\/p>\n<!-- \/wp:embed --><!-- wp:paragraph -->\n<p>Inclusive, voc\u00ea ver\u00e1 que pode usar os <strong><strong><mark class=\"has-inline-color has-vivid-purple-color\" style=\"background-color: rgba(0, 0, 0, 0);\">dois-pontos<\/mark><\/strong><\/strong> em mais situa\u00e7\u00f5es do que imagina.<\/p>\n<!-- \/wp:paragraph --><!-- wp:heading {\"textColor\":\"vivid-purple\"} -->\n<h2 class=\"has-vivid-purple-color has-text-color\"><strong>Uso n\u00famero 1: Antes de uma lista<\/strong><\/h2>\n<!-- \/wp:heading --><!-- wp:paragraph -->\n<p>Este \u00e9 o uso b\u00e1sico \u2014 provavelmente voc\u00ea j\u00e1 o conhece muito bem \u2014, que \u00e9 dar destaque para uma listagem que voc\u00ea far\u00e1 em seguida.<\/p>\n<!-- \/wp:paragraph --><!-- wp:paragraph -->\n<p><strong><mark class=\"has-inline-color has-vivid-purple-color\" style=\"background-color: rgba(0, 0, 0, 0);\">Exemplo:<\/mark><\/strong><\/p>\n<!-- \/wp:paragraph --><!-- wp:list -->\n<ul><!-- wp:list-item -->\n<li><strong>\u2705 Aqui no Qual \u00e9 o certo? voc\u00ea j\u00e1 aprendeu a usar: o ponto-final, a exclama\u00e7\u00e3o, o travess\u00e3o, os dois-pontos e a v\u00edrgula.<\/strong><\/li>\n<!-- \/wp:list-item --><\/ul>\n<!-- \/wp:list --><!-- wp:paragraph -->\n<p>Viu? Os <strong><strong><mark class=\"has-inline-color has-vivid-purple-color\" style=\"background-color: rgba(0, 0, 0, 0);\">dois-pontos<\/mark><\/strong><\/strong> destacam a lista, \u00e9 como se eles dissessem: senta, que l\u00e1 vem a lista.<\/p>\n<!-- \/wp:paragraph --><!-- wp:paragraph -->\n<p>Opa, olha s\u00f3! Acabei de mostrar mais um exemplo de uso dos <strong><strong><mark class=\"has-inline-color has-vivid-purple-color\" style=\"background-color: rgba(0, 0, 0, 0);\">dois-pontos<\/mark><\/strong><\/strong>.<\/p>\n<!-- \/wp:paragraph --><!-- wp:heading {\"textColor\":\"vivid-purple\"} -->\n<h2 class=\"has-vivid-purple-color has-text-color\"><strong>Uso n\u00famero 2: Antes de uma fala<\/strong><\/h2>\n<!-- \/wp:heading --><!-- wp:paragraph -->\n<p>Outra fun\u00e7\u00e3o dos <strong><mark class=\"has-inline-color has-vivid-purple-color\" style=\"background-color: rgba(0, 0, 0, 0);\">dois-pontos<\/mark><\/strong> \u00e9 apresentar uma fala de algu\u00e9m. No caso acima, eu atribu\u00ed uma fala para essa pontua\u00e7\u00e3o.<\/p>\n<!-- \/wp:paragraph --><!-- wp:paragraph -->\n<p><strong><mark class=\"has-inline-color has-vivid-purple-color\" style=\"background-color: rgba(0, 0, 0, 0);\">Exemplo:<\/mark><\/strong><\/p>\n<!-- \/wp:paragraph --><!-- wp:list -->\n<ul><!-- wp:list-item -->\n<li><strong>\u2705 Os dois-pontos destacam a lista, \u00e9 como se eles dissessem: senta, que l\u00e1 vem a lista.<\/strong><\/li>\n<!-- \/wp:list-item --><\/ul>\n<!-- \/wp:list --><!-- wp:heading {\"textColor\":\"vivid-purple\"} -->\n<h2 class=\"has-vivid-purple-color has-text-color\"><strong>Uso n\u00famero 3: Antes de uma cita\u00e7\u00e3o<\/strong><\/h2>\n<!-- \/wp:heading --><!-- wp:paragraph -->\n<p>Voc\u00ea tamb\u00e9m usa os <strong><strong><mark class=\"has-inline-color has-vivid-purple-color\" style=\"background-color: rgba(0, 0, 0, 0);\">dois-pontos<\/mark><\/strong><\/strong> para apresentar uma cita\u00e7\u00e3o. Veja, por exemplo, este texto que peguei da <a href=\"https:\/\/www.amazon.com.br\/Gram%C3%A1tica-Houaiss-L%C3%ADngua-Portuguesa-Azeredo\/dp\/859411110X\" target=\"_blank\" rel=\"noreferrer noopener\">Gram\u00e1tica Houaiss da L\u00edngua Portuguesa<\/a>:<\/p>\n<!-- \/wp:paragraph --><!-- wp:paragraph -->\n<p><strong><mark class=\"has-inline-color has-vivid-purple-color\" style=\"background-color: rgba(0, 0, 0, 0);\">Exemplo:<\/mark><\/strong><\/p>\n<!-- \/wp:paragraph --><!-- wp:list -->\n<ul><!-- wp:list-item -->\n<li><strong>\u2705 &#8220;Machado, uma vez mais, anteviu com surpreendente arg\u00facia o que estava por vir: &#8216;Quem p\u00f5e o nariz fora da porta, v\u00ea que este mundo n\u00e3o vai bem&#8217;.&#8221;<\/strong><\/li>\n<!-- \/wp:list-item --><\/ul>\n<!-- \/wp:list --><!-- wp:heading {\"textColor\":\"vivid-purple\"} -->\n<h2 class=\"has-vivid-purple-color has-text-color\"><strong>Uso n\u00famero 4: Para dar \u00eanfase ao que vem a seguir<\/strong><\/h2>\n<!-- \/wp:heading --><!-- wp:paragraph -->\n<p>Voc\u00ea tamb\u00e9m pode usar os <strong><strong><mark class=\"has-inline-color has-vivid-purple-color\" style=\"background-color: rgba(0, 0, 0, 0);\">dois-pontos<\/mark><\/strong><\/strong> para enfatizar uma informa\u00e7\u00e3o, uma conclus\u00e3o, uma explica\u00e7\u00e3o.<\/p>\n<!-- \/wp:paragraph --><!-- wp:paragraph -->\n<p><strong><mark class=\"has-inline-color has-vivid-purple-color\" style=\"background-color: rgba(0, 0, 0, 0);\">Exemplo:<\/mark><\/strong><\/p>\n<!-- \/wp:paragraph --><!-- wp:list -->\n<ul><!-- wp:list-item -->\n<li><strong>\u2705 Este \u00e9 o motivo pelo qual criei este conte\u00fado: para voc\u00ea aprender a usar os dois-pontos.<\/strong><\/li>\n<!-- \/wp:list-item --><\/ul>\n<!-- \/wp:list --><!-- wp:paragraph -->\n<p>Essa \u00e9 a forma como mais uso os <strong><strong><mark class=\"has-inline-color has-vivid-purple-color\" style=\"background-color: rgba(0, 0, 0, 0);\">dois-pontos<\/mark><\/strong><\/strong> na minha vida. Afinal, acho elegante essa acordada que os dois-pontos d\u00e3o para a pessoa que l\u00ea o texto, sabe?<br \/>Porque mostra: agora vai vir uma informa\u00e7\u00e3o importante, ent\u00e3o preste aten\u00e7\u00e3o a\u00ed!<\/p>\n<!-- \/wp:paragraph --><!-- wp:paragraph -->\n<p>Voc\u00ea sacou que a frase acima tamb\u00e9m \u00e9 um exemplo? \ud83d\ude09 E agora vem mais um:<\/p>\n<!-- \/wp:paragraph --><!-- wp:list -->\n<ul><!-- wp:list-item -->\n<li><strong>\u2705 O recado \u00e9 o seguinte: se voc\u00ea ainda n\u00e3o salvou este conte\u00fado nos seus favoritos, chegou o momento.<\/strong><\/li>\n<!-- \/wp:list-item --><\/ul>\n<!-- \/wp:list --><!-- wp:paragraph -->\n<p>Pois \u00e9\u2026 adoro criar exemplos com indiretas. Ali\u00e1s, com diretas, n\u00e9?! \ud83d\ude06<\/p>\n<!-- \/wp:paragraph --><!-- wp:paragraph -->\n<p>E a\u00ed, voc\u00ea j\u00e1 sabia que pode usar os <strong><strong><mark class=\"has-inline-color has-vivid-purple-color\" style=\"background-color: rgba(0, 0, 0, 0);\">dois-pontos<\/mark><\/strong><\/strong> em todos esses casos? Aposto que consegui te surpreender.\u00a0<\/p>\n<!-- \/wp:paragraph --><!-- wp:paragraph -->\n<p>Mas voc\u00ea quer saber de uma coisa bem doida?<br \/>Sempre que escrevo <strong><strong><mark class=\"has-inline-color has-vivid-green-cyan-color\" style=\"background-color: rgba(0, 0, 0, 0);\">dois-pontos<\/mark><\/strong><\/strong> no Google Docs, ele quer que eu \u201ccorrija\u201d escrevendo <strong><mark class=\"has-inline-color has-vivid-red-color\" style=\"background-color: rgba(0, 0, 0, 0);\">doispontos<\/mark><\/strong>, tudo junto. Que maluquice! \ud83e\udd2a<\/p>\n<!-- \/wp:paragraph --><!-- wp:image {\"align\":\"center\",\"id\":2649,\"sizeSlug\":\"full\",\"linkDestination\":\"none\"} -->\n<figure class=\"wp-block-image aligncenter size-full\"><img decoding=\"async\" width=\"224\" height=\"92\" class=\"wp-image-2649\" src=\"https:\/\/monicaguerretta.com\/qualeocerto\/wp-content\/uploads\/2023\/01\/maluquice-google-dois-pontos.png\" alt=\"maluquice google dois-pontos\" \/><\/figure>\n<!-- \/wp:image --><!-- wp:paragraph -->\n<p>Quando digo que precisamos tomar cuidado com os corretores ortogr\u00e1ficos autom\u00e1ticos\u2026 Se voc\u00ea ainda n\u00e3o viu o conte\u00fado em que falo sobre isso, aqui est\u00e1 o link: <a href=\"https:\/\/monicaguerretta.com\/qualeocerto\/corretor-ortografico-automatico\/\" target=\"_blank\" rel=\"noreferrer noopener\">Cuidado com as ciladas do corretor ortogr\u00e1fico autom\u00e1tico<\/a><\/p>\n<!-- \/wp:paragraph -->\t\t\t\t\t\t\t\t<\/div>\n\t\t\t\t<\/div>\n\t\t\t\t\t<\/div>\n\t\t<\/div>\n\t\t\t\t\t<\/div>\n\t\t<\/section>\n\t\t\t\t<section class=\"elementor-section elementor-top-section elementor-element elementor-element-ea30fe3 elementor-section-boxed elementor-section-height-default elementor-section-height-default\" data-id=\"ea30fe3\" data-element_type=\"section\">\n\t\t\t\t\t\t<div class=\"elementor-container elementor-column-gap-default\">\n\t\t\t\t\t<div class=\"elementor-column elementor-col-33 elementor-top-column elementor-element elementor-element-bea7b59\" data-id=\"bea7b59\" data-element_type=\"column\">\n\t\t\t<div class=\"elementor-widget-wrap elementor-element-populated\">\n\t\t\t\t\t\t<div class=\"elementor-element elementor-element-9eb05e5 elementor-invisible elementor-widget elementor-widget-image\" data-id=\"9eb05e5\" data-element_type=\"widget\" data-settings=\"{&quot;_animation&quot;:&quot;slideInLeft&quot;}\" data-widget_type=\"image.default\">\n\t\t\t\t<div class=\"elementor-widget-container\">\n\t\t\t\t\t\t\t\t\t\t\t\t\t\t\t<img fetchpriority=\"high\" decoding=\"async\" width=\"681\" height=\"1024\" src=\"https:\/\/monicaguerretta.com\/qualeocerto\/wp-content\/uploads\/2022\/07\/Monica-Guerretta-Qual-e-o-certo-681x1024.jpg\" class=\"attachment-large size-large wp-image-1980\" alt=\"M\u00f4nica-Guerretta-Qual-\u00e9-o-certo\" srcset=\"https:\/\/monicaguerretta.com\/qualeocerto\/wp-content\/uploads\/2022\/07\/Monica-Guerretta-Qual-e-o-certo-681x1024.jpg 681w, https:\/\/monicaguerretta.com\/qualeocerto\/wp-content\/uploads\/2022\/07\/Monica-Guerretta-Qual-e-o-certo-200x300.jpg 200w, https:\/\/monicaguerretta.com\/qualeocerto\/wp-content\/uploads\/2022\/07\/Monica-Guerretta-Qual-e-o-certo-768x1155.jpg 768w, https:\/\/monicaguerretta.com\/qualeocerto\/wp-content\/uploads\/2022\/07\/Monica-Guerretta-Qual-e-o-certo-1022x1536.jpg 1022w, https:\/\/monicaguerretta.com\/qualeocerto\/wp-content\/uploads\/2022\/07\/Monica-Guerretta-Qual-e-o-certo-1362x2048.jpg 1362w, https:\/\/monicaguerretta.com\/qualeocerto\/wp-content\/uploads\/2022\/07\/Monica-Guerretta-Qual-e-o-certo-scaled.jpg 1703w\" sizes=\"(max-width: 681px) 100vw, 681px\" \/>\t\t\t\t\t\t\t\t\t\t\t\t\t\t\t<\/div>\n\t\t\t\t<\/div>\n\t\t\t\t\t<\/div>\n\t\t<\/div>\n\t\t\t\t<div class=\"elementor-column elementor-col-66 elementor-top-column elementor-element elementor-element-1efda80\" data-id=\"1efda80\" data-element_type=\"column\">\n\t\t\t<div class=\"elementor-widget-wrap elementor-element-populated\">\n\t\t\t\t\t\t<div class=\"elementor-element elementor-element-0ebddc3 elementor-invisible elementor-widget elementor-widget-text-editor\" data-id=\"0ebddc3\" data-element_type=\"widget\" data-settings=\"{&quot;_animation&quot;:&quot;slideInRight&quot;}\" data-widget_type=\"text-editor.default\">\n\t\t\t\t<div class=\"elementor-widget-container\">\n\t\t\t\t\t\t\t\t\t<p><b>Minha explica\u00e7\u00e3o ajudou voc\u00ea a se entender melhor com as pontua\u00e7\u00f5es?\u00a0<br \/><\/b><span style=\"font-weight: 400;\">Ent\u00e3o apoie o Qual \u00e9 o certo?, por favorzinho. <img decoding=\"async\" class=\"emoji\" role=\"img\" draggable=\"false\" src=\"https:\/\/s.w.org\/images\/core\/emoji\/14.0.0\/svg\/1f499.svg\" alt=\"\ud83d\udc99\" \/><br \/><\/span><span style=\"font-weight: 400;\"><img decoding=\"async\" class=\"emoji\" role=\"img\" draggable=\"false\" src=\"https:\/\/s.w.org\/images\/core\/emoji\/14.0.0\/svg\/2705.svg\" alt=\"\u2705\" \/> <\/span><a href=\"https:\/\/www.youtube.com\/c\/qualeocerto\" target=\"_blank\" rel=\"noopener\"><span style=\"font-weight: 400;\">Inscreva-se no canal do YouTube<\/span><\/a><br \/><span style=\"font-weight: 400;\"><img decoding=\"async\" class=\"emoji\" role=\"img\" draggable=\"false\" src=\"https:\/\/s.w.org\/images\/core\/emoji\/14.0.0\/svg\/2705.svg\" alt=\"\u2705\" \/> <\/span><a href=\"https:\/\/www.instagram.com\/qualeocerto\/\" target=\"_blank\" rel=\"noopener\"><span style=\"font-weight: 400;\">Siga no Instagram<\/span><\/a><br \/><span style=\"font-weight: 400;\"><img decoding=\"async\" class=\"emoji\" role=\"img\" draggable=\"false\" src=\"https:\/\/s.w.org\/images\/core\/emoji\/14.0.0\/svg\/2705.svg\" alt=\"\u2705\" \/> <\/span><a href=\"https:\/\/www.linkedin.com\/in\/monicaguerretta\/\"><span style=\"font-weight: 400;\">Acompanhe no LinkedIn<\/span><\/a><br \/><span style=\"font-weight: 400;\"><img decoding=\"async\" class=\"emoji\" role=\"img\" draggable=\"false\" src=\"https:\/\/s.w.org\/images\/core\/emoji\/14.0.0\/svg\/2705.svg\" alt=\"\u2705\" \/> <\/span><a href=\"https:\/\/monicaguerretta.com\/qualeocerto\/vamos-conversar\/\" target=\"_blank\" rel=\"noopener\"><span style=\"font-weight: 400;\">Pague um cafezinho para mim<\/span><\/a><br \/><span style=\"font-weight: 400;\"><img decoding=\"async\" class=\"emoji\" role=\"img\" draggable=\"false\" src=\"https:\/\/s.w.org\/images\/core\/emoji\/14.0.0\/svg\/2705.svg\" alt=\"\u2705\" \/> Compartilhe este conte\u00fado <\/span><\/p>\t\t\t\t\t\t\t\t<\/div>\n\t\t\t\t<\/div>\n\t\t\t\t\t<\/div>\n\t\t<\/div>\n\t\t\t\t\t<\/div>\n\t\t<\/section>\n\t\t\t\t<\/div>\n\t\t","protected":false},"excerpt":{"rendered":"<p>Nos conte\u00fados mais recentes ensinei voc\u00ea a usar o travess\u00e3o, o ponto e v\u00edrgula, a exclama\u00e7\u00e3o&hellip;<\/p>\n","protected":false},"author":2,"featured_media":2648,"comment_status":"open","ping_status":"open","sticky":false,"template":"","format":"standard","meta":{"_exactmetrics_skip_tracking":false,"_exactmetrics_sitenote_active":false,"_exactmetrics_sitenote_note":"","_exactmetrics_sitenote_category":0,"footnotes":""},"categories":[265,291],"tags":[316,216],"class_list":["post-2647","post","type-post","status-publish","format-standard","has-post-thumbnail","hentry","category-pontuacoes","category-portugues","tag-dois-pontos","tag-pontuacoes"],"yoast_head":"<!-- This site is optimized with the Yoast SEO plugin v27.5 - https:\/\/yoast.com\/product\/yoast-seo-wordpress\/ -->\n<title>Como usar os dois-pontos? &#187; Qual \u00e9 o certo?<\/title>\n<meta name=\"description\" content=\"Aposto que existem algumas fun\u00e7\u00f5es dos dois-pontos que voc\u00ea ainda n\u00e3o conhece, mas vai aprender agora. Vem comigo!\" \/>\n<meta name=\"robots\" content=\"index, follow, max-snippet:-1, max-image-preview:large, max-video-preview:-1\" \/>\n<link rel=\"canonical\" href=\"https:\/\/monicaguerretta.com\/qualeocerto\/dois-pontos\/\" \/>\n<meta property=\"og:locale\" content=\"pt_BR\" \/>\n<meta property=\"og:type\" content=\"article\" \/>\n<meta property=\"og:title\" content=\"Como usar os dois-pontos? &#187; Qual \u00e9 o certo?\" \/>\n<meta property=\"og:description\" content=\"Aposto que existem algumas fun\u00e7\u00f5es dos dois-pontos que voc\u00ea ainda n\u00e3o conhece, mas vai aprender agora. Vem comigo!\" \/>\n<meta property=\"og:url\" content=\"https:\/\/monicaguerretta.com\/qualeocerto\/dois-pontos\/\" \/>\n<meta property=\"og:site_name\" content=\"Qual \u00e9 o certo?\" \/>\n<meta property=\"article:publisher\" content=\"https:\/\/www.facebook.com\/qualeocerto\" \/>\n<meta property=\"article:published_time\" content=\"2022-12-29T01:26:35+00:00\" \/>\n<meta property=\"article:modified_time\" content=\"2023-01-02T02:33:52+00:00\" \/>\n<meta property=\"og:image\" content=\"https:\/\/monicaguerretta.com\/qualeocerto\/wp-content\/uploads\/2023\/01\/dois-pontos-qual-e-o-certo.png\" \/>\n\t<meta property=\"og:image:width\" content=\"1080\" \/>\n\t<meta property=\"og:image:height\" content=\"1081\" \/>\n\t<meta property=\"og:image:type\" content=\"image\/png\" \/>\n<meta name=\"author\" content=\"M\u00f4nica Guerretta\" \/>\n<meta name=\"twitter:card\" content=\"summary_large_image\" \/>\n<meta name=\"twitter:label1\" content=\"Escrito por\" \/>\n\t<meta name=\"twitter:data1\" content=\"M\u00f4nica Guerretta\" \/>\n\t<meta name=\"twitter:label2\" content=\"Est. tempo de leitura\" \/>\n\t<meta name=\"twitter:data2\" content=\"7 minutos\" \/>\n<script type=\"application\/ld+json\" class=\"yoast-schema-graph\">{\"@context\":\"https:\\\/\\\/schema.org\",\"@graph\":[{\"@type\":\"Article\",\"@id\":\"https:\\\/\\\/monicaguerretta.com\\\/qualeocerto\\\/dois-pontos\\\/#article\",\"isPartOf\":{\"@id\":\"https:\\\/\\\/monicaguerretta.com\\\/qualeocerto\\\/dois-pontos\\\/\"},\"author\":{\"name\":\"M\u00f4nica Guerretta\",\"@id\":\"https:\\\/\\\/monicaguerretta.com\\\/qualeocerto\\\/#\\\/schema\\\/person\\\/214b5e9a83b11fe11a18ecae0d21f79a\"},\"headline\":\"Como usar os dois-pontos?\",\"datePublished\":\"2022-12-29T01:26:35+00:00\",\"dateModified\":\"2023-01-02T02:33:52+00:00\",\"mainEntityOfPage\":{\"@id\":\"https:\\\/\\\/monicaguerretta.com\\\/qualeocerto\\\/dois-pontos\\\/\"},\"wordCount\":583,\"commentCount\":0,\"publisher\":{\"@id\":\"https:\\\/\\\/monicaguerretta.com\\\/qualeocerto\\\/#organization\"},\"image\":{\"@id\":\"https:\\\/\\\/monicaguerretta.com\\\/qualeocerto\\\/dois-pontos\\\/#primaryimage\"},\"thumbnailUrl\":\"https:\\\/\\\/monicaguerretta.com\\\/qualeocerto\\\/wp-content\\\/uploads\\\/2023\\\/01\\\/dois-pontos-qual-e-o-certo.png\",\"keywords\":[\"dois-pontos\",\"pontua\u00e7\u00f5es\"],\"articleSection\":[\"Pontua\u00e7\u00f5es\",\"Portugu\u00eas\"],\"inLanguage\":\"pt-BR\",\"potentialAction\":[{\"@type\":\"CommentAction\",\"name\":\"Comment\",\"target\":[\"https:\\\/\\\/monicaguerretta.com\\\/qualeocerto\\\/dois-pontos\\\/#respond\"]}]},{\"@type\":\"WebPage\",\"@id\":\"https:\\\/\\\/monicaguerretta.com\\\/qualeocerto\\\/dois-pontos\\\/\",\"url\":\"https:\\\/\\\/monicaguerretta.com\\\/qualeocerto\\\/dois-pontos\\\/\",\"name\":\"Como usar os dois-pontos? &#187; Qual \u00e9 o certo?\",\"isPartOf\":{\"@id\":\"https:\\\/\\\/monicaguerretta.com\\\/qualeocerto\\\/#website\"},\"primaryImageOfPage\":{\"@id\":\"https:\\\/\\\/monicaguerretta.com\\\/qualeocerto\\\/dois-pontos\\\/#primaryimage\"},\"image\":{\"@id\":\"https:\\\/\\\/monicaguerretta.com\\\/qualeocerto\\\/dois-pontos\\\/#primaryimage\"},\"thumbnailUrl\":\"https:\\\/\\\/monicaguerretta.com\\\/qualeocerto\\\/wp-content\\\/uploads\\\/2023\\\/01\\\/dois-pontos-qual-e-o-certo.png\",\"datePublished\":\"2022-12-29T01:26:35+00:00\",\"dateModified\":\"2023-01-02T02:33:52+00:00\",\"description\":\"Aposto que existem algumas fun\u00e7\u00f5es dos dois-pontos que voc\u00ea ainda n\u00e3o conhece, mas vai aprender agora. Vem comigo!\",\"breadcrumb\":{\"@id\":\"https:\\\/\\\/monicaguerretta.com\\\/qualeocerto\\\/dois-pontos\\\/#breadcrumb\"},\"inLanguage\":\"pt-BR\",\"potentialAction\":[{\"@type\":\"ReadAction\",\"target\":[\"https:\\\/\\\/monicaguerretta.com\\\/qualeocerto\\\/dois-pontos\\\/\"]}]},{\"@type\":\"ImageObject\",\"inLanguage\":\"pt-BR\",\"@id\":\"https:\\\/\\\/monicaguerretta.com\\\/qualeocerto\\\/dois-pontos\\\/#primaryimage\",\"url\":\"https:\\\/\\\/monicaguerretta.com\\\/qualeocerto\\\/wp-content\\\/uploads\\\/2023\\\/01\\\/dois-pontos-qual-e-o-certo.png\",\"contentUrl\":\"https:\\\/\\\/monicaguerretta.com\\\/qualeocerto\\\/wp-content\\\/uploads\\\/2023\\\/01\\\/dois-pontos-qual-e-o-certo.png\",\"width\":1080,\"height\":1081,\"caption\":\"dois-pontos - qual \u00e9 o certo\"},{\"@type\":\"BreadcrumbList\",\"@id\":\"https:\\\/\\\/monicaguerretta.com\\\/qualeocerto\\\/dois-pontos\\\/#breadcrumb\",\"itemListElement\":[{\"@type\":\"ListItem\",\"position\":1,\"name\":\"In\u00edcio\",\"item\":\"https:\\\/\\\/monicaguerretta.com\\\/qualeocerto\\\/\"},{\"@type\":\"ListItem\",\"position\":2,\"name\":\"Como usar os dois-pontos?\"}]},{\"@type\":\"WebSite\",\"@id\":\"https:\\\/\\\/monicaguerretta.com\\\/qualeocerto\\\/#website\",\"url\":\"https:\\\/\\\/monicaguerretta.com\\\/qualeocerto\\\/\",\"name\":\"Qual \u00e9 o Certo?\",\"description\":\"M\u00f4nica Guerretta | Redatora publicit\u00e1ria | Copywriting - UX Writing\",\"publisher\":{\"@id\":\"https:\\\/\\\/monicaguerretta.com\\\/qualeocerto\\\/#organization\"},\"potentialAction\":[{\"@type\":\"SearchAction\",\"target\":{\"@type\":\"EntryPoint\",\"urlTemplate\":\"https:\\\/\\\/monicaguerretta.com\\\/qualeocerto\\\/?s={search_term_string}\"},\"query-input\":{\"@type\":\"PropertyValueSpecification\",\"valueRequired\":true,\"valueName\":\"search_term_string\"}}],\"inLanguage\":\"pt-BR\"},{\"@type\":\"Organization\",\"@id\":\"https:\\\/\\\/monicaguerretta.com\\\/qualeocerto\\\/#organization\",\"name\":\"Qual \u00e9 o certo?\",\"url\":\"https:\\\/\\\/monicaguerretta.com\\\/qualeocerto\\\/\",\"logo\":{\"@type\":\"ImageObject\",\"inLanguage\":\"pt-BR\",\"@id\":\"https:\\\/\\\/monicaguerretta.com\\\/qualeocerto\\\/#\\\/schema\\\/logo\\\/image\\\/\",\"url\":\"https:\\\/\\\/monicaguerretta.com\\\/qualeocerto\\\/wp-content\\\/uploads\\\/2022\\\/08\\\/marca-quale.png\",\"contentUrl\":\"https:\\\/\\\/monicaguerretta.com\\\/qualeocerto\\\/wp-content\\\/uploads\\\/2022\\\/08\\\/marca-quale.png\",\"width\":592,\"height\":315,\"caption\":\"Qual \u00e9 o certo?\"},\"image\":{\"@id\":\"https:\\\/\\\/monicaguerretta.com\\\/qualeocerto\\\/#\\\/schema\\\/logo\\\/image\\\/\"},\"sameAs\":[\"https:\\\/\\\/www.facebook.com\\\/qualeocerto\",\"https:\\\/\\\/www.instagram.com\\\/qualeocerto\\\/\",\"https:\\\/\\\/www.youtube.com\\\/c\\\/qualeocerto\"]},{\"@type\":\"Person\",\"@id\":\"https:\\\/\\\/monicaguerretta.com\\\/qualeocerto\\\/#\\\/schema\\\/person\\\/214b5e9a83b11fe11a18ecae0d21f79a\",\"name\":\"M\u00f4nica Guerretta\",\"image\":{\"@type\":\"ImageObject\",\"inLanguage\":\"pt-BR\",\"@id\":\"https:\\\/\\\/secure.gravatar.com\\\/avatar\\\/cc0028ec5e6e39e7cd7e61c0fa6158a6d7f1edc39c4f536d768ad95ee3e26a8a?s=96&d=mm&r=g\",\"url\":\"https:\\\/\\\/secure.gravatar.com\\\/avatar\\\/cc0028ec5e6e39e7cd7e61c0fa6158a6d7f1edc39c4f536d768ad95ee3e26a8a?s=96&d=mm&r=g\",\"contentUrl\":\"https:\\\/\\\/secure.gravatar.com\\\/avatar\\\/cc0028ec5e6e39e7cd7e61c0fa6158a6d7f1edc39c4f536d768ad95ee3e26a8a?s=96&d=mm&r=g\",\"caption\":\"M\u00f4nica Guerretta\"}}]}<\/script>\n<!-- \/ Yoast SEO plugin. -->","yoast_head_json":{"title":"Como usar os dois-pontos? &#187; Qual \u00e9 o certo?","description":"Aposto que existem algumas fun\u00e7\u00f5es dos dois-pontos que voc\u00ea ainda n\u00e3o conhece, mas vai aprender agora. Vem comigo!","robots":{"index":"index","follow":"follow","max-snippet":"max-snippet:-1","max-image-preview":"max-image-preview:large","max-video-preview":"max-video-preview:-1"},"canonical":"https:\/\/monicaguerretta.com\/qualeocerto\/dois-pontos\/","og_locale":"pt_BR","og_type":"article","og_title":"Como usar os dois-pontos? &#187; Qual \u00e9 o certo?","og_description":"Aposto que existem algumas fun\u00e7\u00f5es dos dois-pontos que voc\u00ea ainda n\u00e3o conhece, mas vai aprender agora. Vem comigo!","og_url":"https:\/\/monicaguerretta.com\/qualeocerto\/dois-pontos\/","og_site_name":"Qual \u00e9 o certo?","article_publisher":"https:\/\/www.facebook.com\/qualeocerto","article_published_time":"2022-12-29T01:26:35+00:00","article_modified_time":"2023-01-02T02:33:52+00:00","og_image":[{"width":1080,"height":1081,"url":"https:\/\/monicaguerretta.com\/qualeocerto\/wp-content\/uploads\/2023\/01\/dois-pontos-qual-e-o-certo.png","type":"image\/png"}],"author":"M\u00f4nica Guerretta","twitter_card":"summary_large_image","twitter_misc":{"Escrito por":"M\u00f4nica Guerretta","Est. tempo de leitura":"7 minutos"},"schema":{"@context":"https:\/\/schema.org","@graph":[{"@type":"Article","@id":"https:\/\/monicaguerretta.com\/qualeocerto\/dois-pontos\/#article","isPartOf":{"@id":"https:\/\/monicaguerretta.com\/qualeocerto\/dois-pontos\/"},"author":{"name":"M\u00f4nica Guerretta","@id":"https:\/\/monicaguerretta.com\/qualeocerto\/#\/schema\/person\/214b5e9a83b11fe11a18ecae0d21f79a"},"headline":"Como usar os dois-pontos?","datePublished":"2022-12-29T01:26:35+00:00","dateModified":"2023-01-02T02:33:52+00:00","mainEntityOfPage":{"@id":"https:\/\/monicaguerretta.com\/qualeocerto\/dois-pontos\/"},"wordCount":583,"commentCount":0,"publisher":{"@id":"https:\/\/monicaguerretta.com\/qualeocerto\/#organization"},"image":{"@id":"https:\/\/monicaguerretta.com\/qualeocerto\/dois-pontos\/#primaryimage"},"thumbnailUrl":"https:\/\/monicaguerretta.com\/qualeocerto\/wp-content\/uploads\/2023\/01\/dois-pontos-qual-e-o-certo.png","keywords":["dois-pontos","pontua\u00e7\u00f5es"],"articleSection":["Pontua\u00e7\u00f5es","Portugu\u00eas"],"inLanguage":"pt-BR","potentialAction":[{"@type":"CommentAction","name":"Comment","target":["https:\/\/monicaguerretta.com\/qualeocerto\/dois-pontos\/#respond"]}]},{"@type":"WebPage","@id":"https:\/\/monicaguerretta.com\/qualeocerto\/dois-pontos\/","url":"https:\/\/monicaguerretta.com\/qualeocerto\/dois-pontos\/","name":"Como usar os dois-pontos? &#187; Qual \u00e9 o certo?","isPartOf":{"@id":"https:\/\/monicaguerretta.com\/qualeocerto\/#website"},"primaryImageOfPage":{"@id":"https:\/\/monicaguerretta.com\/qualeocerto\/dois-pontos\/#primaryimage"},"image":{"@id":"https:\/\/monicaguerretta.com\/qualeocerto\/dois-pontos\/#primaryimage"},"thumbnailUrl":"https:\/\/monicaguerretta.com\/qualeocerto\/wp-content\/uploads\/2023\/01\/dois-pontos-qual-e-o-certo.png","datePublished":"2022-12-29T01:26:35+00:00","dateModified":"2023-01-02T02:33:52+00:00","description":"Aposto que existem algumas fun\u00e7\u00f5es dos dois-pontos que voc\u00ea ainda n\u00e3o conhece, mas vai aprender agora. Vem comigo!","breadcrumb":{"@id":"https:\/\/monicaguerretta.com\/qualeocerto\/dois-pontos\/#breadcrumb"},"inLanguage":"pt-BR","potentialAction":[{"@type":"ReadAction","target":["https:\/\/monicaguerretta.com\/qualeocerto\/dois-pontos\/"]}]},{"@type":"ImageObject","inLanguage":"pt-BR","@id":"https:\/\/monicaguerretta.com\/qualeocerto\/dois-pontos\/#primaryimage","url":"https:\/\/monicaguerretta.com\/qualeocerto\/wp-content\/uploads\/2023\/01\/dois-pontos-qual-e-o-certo.png","contentUrl":"https:\/\/monicaguerretta.com\/qualeocerto\/wp-content\/uploads\/2023\/01\/dois-pontos-qual-e-o-certo.png","width":1080,"height":1081,"caption":"dois-pontos - qual \u00e9 o certo"},{"@type":"BreadcrumbList","@id":"https:\/\/monicaguerretta.com\/qualeocerto\/dois-pontos\/#breadcrumb","itemListElement":[{"@type":"ListItem","position":1,"name":"In\u00edcio","item":"https:\/\/monicaguerretta.com\/qualeocerto\/"},{"@type":"ListItem","position":2,"name":"Como usar os dois-pontos?"}]},{"@type":"WebSite","@id":"https:\/\/monicaguerretta.com\/qualeocerto\/#website","url":"https:\/\/monicaguerretta.com\/qualeocerto\/","name":"Qual \u00e9 o Certo?","description":"M\u00f4nica Guerretta | Redatora publicit\u00e1ria | Copywriting - UX Writing","publisher":{"@id":"https:\/\/monicaguerretta.com\/qualeocerto\/#organization"},"potentialAction":[{"@type":"SearchAction","target":{"@type":"EntryPoint","urlTemplate":"https:\/\/monicaguerretta.com\/qualeocerto\/?s={search_term_string}"},"query-input":{"@type":"PropertyValueSpecification","valueRequired":true,"valueName":"search_term_string"}}],"inLanguage":"pt-BR"},{"@type":"Organization","@id":"https:\/\/monicaguerretta.com\/qualeocerto\/#organization","name":"Qual \u00e9 o certo?","url":"https:\/\/monicaguerretta.com\/qualeocerto\/","logo":{"@type":"ImageObject","inLanguage":"pt-BR","@id":"https:\/\/monicaguerretta.com\/qualeocerto\/#\/schema\/logo\/image\/","url":"https:\/\/monicaguerretta.com\/qualeocerto\/wp-content\/uploads\/2022\/08\/marca-quale.png","contentUrl":"https:\/\/monicaguerretta.com\/qualeocerto\/wp-content\/uploads\/2022\/08\/marca-quale.png","width":592,"height":315,"caption":"Qual \u00e9 o certo?"},"image":{"@id":"https:\/\/monicaguerretta.com\/qualeocerto\/#\/schema\/logo\/image\/"},"sameAs":["https:\/\/www.facebook.com\/qualeocerto","https:\/\/www.instagram.com\/qualeocerto\/","https:\/\/www.youtube.com\/c\/qualeocerto"]},{"@type":"Person","@id":"https:\/\/monicaguerretta.com\/qualeocerto\/#\/schema\/person\/214b5e9a83b11fe11a18ecae0d21f79a","name":"M\u00f4nica Guerretta","image":{"@type":"ImageObject","inLanguage":"pt-BR","@id":"https:\/\/secure.gravatar.com\/avatar\/cc0028ec5e6e39e7cd7e61c0fa6158a6d7f1edc39c4f536d768ad95ee3e26a8a?s=96&d=mm&r=g","url":"https:\/\/secure.gravatar.com\/avatar\/cc0028ec5e6e39e7cd7e61c0fa6158a6d7f1edc39c4f536d768ad95ee3e26a8a?s=96&d=mm&r=g","contentUrl":"https:\/\/secure.gravatar.com\/avatar\/cc0028ec5e6e39e7cd7e61c0fa6158a6d7f1edc39c4f536d768ad95ee3e26a8a?s=96&d=mm&r=g","caption":"M\u00f4nica Guerretta"}}]}},"_links":{"self":[{"href":"https:\/\/monicaguerretta.com\/qualeocerto\/wp-json\/wp\/v2\/posts\/2647","targetHints":{"allow":["GET"]}}],"collection":[{"href":"https:\/\/monicaguerretta.com\/qualeocerto\/wp-json\/wp\/v2\/posts"}],"about":[{"href":"https:\/\/monicaguerretta.com\/qualeocerto\/wp-json\/wp\/v2\/types\/post"}],"author":[{"embeddable":true,"href":"https:\/\/monicaguerretta.com\/qualeocerto\/wp-json\/wp\/v2\/users\/2"}],"replies":[{"embeddable":true,"href":"https:\/\/monicaguerretta.com\/qualeocerto\/wp-json\/wp\/v2\/comments?post=2647"}],"version-history":[{"count":7,"href":"https:\/\/monicaguerretta.com\/qualeocerto\/wp-json\/wp\/v2\/posts\/2647\/revisions"}],"predecessor-version":[{"id":2671,"href":"https:\/\/monicaguerretta.com\/qualeocerto\/wp-json\/wp\/v2\/posts\/2647\/revisions\/2671"}],"wp:featuredmedia":[{"embeddable":true,"href":"https:\/\/monicaguerretta.com\/qualeocerto\/wp-json\/wp\/v2\/media\/2648"}],"wp:attachment":[{"href":"https:\/\/monicaguerretta.com\/qualeocerto\/wp-json\/wp\/v2\/media?parent=2647"}],"wp:term":[{"taxonomy":"category","embeddable":true,"href":"https:\/\/monicaguerretta.com\/qualeocerto\/wp-json\/wp\/v2\/categories?post=2647"},{"taxonomy":"post_tag","embeddable":true,"href":"https:\/\/monicaguerretta.com\/qualeocerto\/wp-json\/wp\/v2\/tags?post=2647"}],"curies":[{"name":"wp","href":"https:\/\/api.w.org\/{rel}","templated":true}]}}