{"id":2661,"date":"2023-01-05T13:54:49","date_gmt":"2023-01-05T16:54:49","guid":{"rendered":"https:\/\/monicaguerretta.com\/qualeocerto\/?p=2661"},"modified":"2023-01-05T14:00:52","modified_gmt":"2023-01-05T17:00:52","slug":"usar-a-criatividade-para-acabar-com-uma-guerra","status":"publish","type":"post","link":"https:\/\/monicaguerretta.com\/qualeocerto\/usar-a-criatividade-para-acabar-com-uma-guerra\/","title":{"rendered":"<strong>\u00c9 poss\u00edvel usar a criatividade para acabar com uma guerra?<\/strong>"},"content":{"rendered":"\t\t<div data-elementor-type=\"wp-post\" data-elementor-id=\"2661\" class=\"elementor elementor-2661\">\n\t\t\t\t\t\t<section class=\"elementor-section elementor-top-section elementor-element elementor-element-a162a6a elementor-section-boxed elementor-section-height-default elementor-section-height-default\" data-id=\"a162a6a\" data-element_type=\"section\">\n\t\t\t\t\t\t<div class=\"elementor-container elementor-column-gap-default\">\n\t\t\t\t\t<div class=\"elementor-column elementor-col-100 elementor-top-column elementor-element elementor-element-a8618e4\" data-id=\"a8618e4\" data-element_type=\"column\">\n\t\t\t<div class=\"elementor-widget-wrap elementor-element-populated\">\n\t\t\t\t\t\t<div class=\"elementor-element elementor-element-d36a3f3 elementor-widget elementor-widget-text-editor\" data-id=\"d36a3f3\" data-element_type=\"widget\" data-widget_type=\"text-editor.default\">\n\t\t\t\t<div class=\"elementor-widget-container\">\n\t\t\t\t\t\t\t\t\t<p>\u00c9 prov\u00e1vel que, ap\u00f3s ler o t\u00edtulo, voc\u00ea tenha pensado: \u201cUsar a <strong><mark class=\"has-inline-color has-vivid-purple-color\" style=\"background-color: rgba(0, 0, 0, 0);\">criatividade<\/mark><\/strong> para acabar com uma guerra? Como assim, gente?!?!?!\u201d \ud83d\ude2e<\/p>\n<p><!-- \/wp:paragraph --><!-- wp:paragraph --><\/p>\n<p>Mas \u00e9 isso mesmo. Neste artigo, vou falar sobre o poder da <strong><mark class=\"has-inline-color has-vivid-purple-color\" style=\"background-color: rgba(0, 0, 0, 0);\">criatividade<\/mark><\/strong> para promover mudan\u00e7as at\u00e9 mesmo de forma global. Ah! Tamb\u00e9m trago algumas reflex\u00f5es sobre os impactos positivos que podemos provocar por meio do nosso trabalho.<\/p>\t\t\t\t\t\t\t\t<\/div>\n\t\t\t\t<\/div>\n\t\t\t\t\t<\/div>\n\t\t<\/div>\n\t\t\t\t\t<\/div>\n\t\t<\/section>\n\t\t\t\t<section class=\"elementor-section elementor-top-section elementor-element elementor-element-46cab32 elementor-section-boxed elementor-section-height-default elementor-section-height-default\" data-id=\"46cab32\" data-element_type=\"section\">\n\t\t\t\t\t\t<div class=\"elementor-container elementor-column-gap-default\">\n\t\t\t\t\t<div class=\"elementor-column elementor-col-100 elementor-top-column elementor-element elementor-element-1dc895c\" data-id=\"1dc895c\" data-element_type=\"column\">\n\t\t\t<div class=\"elementor-widget-wrap elementor-element-populated\">\n\t\t\t\t\t\t<div class=\"elementor-element elementor-element-dfbdcc5 elementor-widget elementor-widget-video\" data-id=\"dfbdcc5\" data-element_type=\"widget\" data-settings=\"{&quot;youtube_url&quot;:&quot;https:\\\/\\\/youtu.be\\\/ZPBe7V4vwwA&quot;,&quot;video_type&quot;:&quot;youtube&quot;,&quot;controls&quot;:&quot;yes&quot;}\" data-widget_type=\"video.default\">\n\t\t\t\t<div class=\"elementor-widget-container\">\n\t\t\t\t\t\t\t<div class=\"elementor-wrapper elementor-open-inline\">\n\t\t\t<div class=\"elementor-video\"><\/div>\t\t<\/div>\n\t\t\t\t\t\t<\/div>\n\t\t\t\t<\/div>\n\t\t\t\t\t<\/div>\n\t\t<\/div>\n\t\t\t\t\t<\/div>\n\t\t<\/section>\n\t\t\t\t<section class=\"elementor-section elementor-top-section elementor-element elementor-element-0927e15 elementor-section-boxed elementor-section-height-default elementor-section-height-default\" data-id=\"0927e15\" data-element_type=\"section\">\n\t\t\t\t\t\t<div class=\"elementor-container elementor-column-gap-default\">\n\t\t\t\t\t<div class=\"elementor-column elementor-col-100 elementor-top-column elementor-element elementor-element-8d7d53f\" data-id=\"8d7d53f\" data-element_type=\"column\">\n\t\t\t<div class=\"elementor-widget-wrap elementor-element-populated\">\n\t\t\t\t\t\t<div class=\"elementor-element elementor-element-67e8dbe elementor-widget elementor-widget-text-editor\" data-id=\"67e8dbe\" data-element_type=\"widget\" data-widget_type=\"text-editor.default\">\n\t\t\t\t<div class=\"elementor-widget-container\">\n\t\t\t\t\t\t\t\t\t<h2 class=\"has-vivid-purple-color has-text-color\"><strong>De onde tirei essa ideia de usar a criatividade para acabar com uma guerra?<\/strong><\/h2>\n<p><!-- \/wp:heading --><!-- wp:paragraph --><\/p>\n<p>Na verdade, fui surpreendida por essa reflex\u00e3o na <a href=\"https:\/\/goadmedia.com.br\/wp-content\/uploads\/2022\/07\/PAPER-GoAd-_-Cannes-Insights-2022.pdf\" target=\"_blank\" rel=\"noreferrer noopener\">pesquisa Cannes Insights 2022, feita pela GoAd Media<\/a>, que, como dizem na p\u00e1gina 2:<\/p>\n<p><!-- \/wp:paragraph --><!-- wp:quote --><\/p>\n<blockquote class=\"wp-block-quote\"><!-- wp:paragraph -->\n<p>\u201capura e analisa temas, movimentos e tend\u00eancias que emergem a partir do Cannes Lions, o mais importante festival de criatividade do mundo.\u201d<\/p>\n<!-- \/wp:paragraph --><\/blockquote>\n<p><!-- \/wp:quote --><!-- wp:paragraph --><\/p>\n<p>Quando vi o presidente da Ucr\u00e2nia, Volodymyr Zelensky, mencionar o poder da <strong><mark class=\"has-inline-color has-vivid-purple-color\" style=\"background-color: rgba(0, 0, 0, 0);\">criatividade<\/mark><\/strong> e fazer um apelo t\u00e3o forte, logo pensei: \u201cCaramba! Isso \u00e9 t\u00e3o grandioso que PRE-CI-SA ser o tema do meu primeiro artigo de 2023\u201d.<\/p>\n<p><!-- \/wp:paragraph --><!-- wp:paragraph --><\/p>\n<p>Afinal, quando vemos algu\u00e9m abordar a capacidade da <strong><mark class=\"has-inline-color has-vivid-purple-color\" style=\"background-color: rgba(0, 0, 0, 0);\">criatividade<\/mark><\/strong> para combater uma guerra, imagina o que mais podemos alcan\u00e7ar por meio dela!<\/p>\n<p><!-- \/wp:paragraph --><!-- wp:heading {\"textColor\":\"vivid-purple\"} --><\/p>\n<h2 class=\"has-vivid-purple-color has-text-color\"><strong>Entenda o contexto<\/strong><\/h2>\n<p><!-- \/wp:heading --><!-- wp:paragraph --><\/p>\n<p>Em junho de 2022, Volodymyr Zelensky, o presidente da Ucr\u00e2nia, participou do <strong>Cannes Lions<\/strong> por videochamada e pediu para as pessoas criativas de todo o mundo se unirem \u00e0 Ucr\u00e2nia. Ele disse que:<\/p>\n<p><!-- \/wp:paragraph --><!-- wp:quote --><\/p>\n<blockquote class=\"wp-block-quote\"><!-- wp:paragraph -->\n<p>\u201co poder da criatividade \u00e9 maior que o poder de um pa\u00eds com armamento nuclear e preso ao passado.\u201d<\/p>\n<!-- \/wp:paragraph --><\/blockquote>\n<p><!-- \/wp:quote --><!-- wp:paragraph --><\/p>\n<p>E complementou:<\/p>\n<p><!-- \/wp:paragraph --><!-- wp:quote --><\/p>\n<blockquote class=\"wp-block-quote\"><!-- wp:paragraph -->\n<p>\u201cCada vez que voc\u00eas encontram as palavras e as imagens para tocar o fundo da alma humana, voc\u00eas fazem as pessoas discutirem quest\u00f5es que, de outra forma, seriam ignoradas\u201d.<\/p>\n<!-- \/wp:paragraph --><\/blockquote>\n<p><!-- \/wp:quote --><!-- wp:image {\"id\":2663,\"sizeSlug\":\"large\",\"linkDestination\":\"custom\"} --><\/p>\n<figure class=\"wp-block-image size-large\"><a href=\"https:\/\/goadmedia.com.br\/wp-content\/uploads\/2022\/07\/PAPER-GoAd-_-Cannes-Insights-2022.pdf\" target=\"_blank\" rel=\"noreferrer noopener\"><img fetchpriority=\"high\" decoding=\"async\" width=\"1024\" height=\"575\" class=\"wp-image-2663\" src=\"https:\/\/monicaguerretta.com\/qualeocerto\/wp-content\/uploads\/2023\/01\/Volodymyr-Zelensky-Cannes-Insights-2022-qual-e-o-certo-1024x575.png\" alt=\"Volodymyr Zelensky - Cannes Insights 2022 - qual \u00e9 o certo\" srcset=\"https:\/\/monicaguerretta.com\/qualeocerto\/wp-content\/uploads\/2023\/01\/Volodymyr-Zelensky-Cannes-Insights-2022-qual-e-o-certo-1024x575.png 1024w, https:\/\/monicaguerretta.com\/qualeocerto\/wp-content\/uploads\/2023\/01\/Volodymyr-Zelensky-Cannes-Insights-2022-qual-e-o-certo-300x168.png 300w, https:\/\/monicaguerretta.com\/qualeocerto\/wp-content\/uploads\/2023\/01\/Volodymyr-Zelensky-Cannes-Insights-2022-qual-e-o-certo-768x431.png 768w, https:\/\/monicaguerretta.com\/qualeocerto\/wp-content\/uploads\/2023\/01\/Volodymyr-Zelensky-Cannes-Insights-2022-qual-e-o-certo.png 1361w\" sizes=\"(max-width: 1024px) 100vw, 1024px\" \/><\/a>\n<figcaption class=\"wp-element-caption\"><a href=\"https:\/\/goadmedia.com.br\/wp-content\/uploads\/2022\/07\/PAPER-GoAd-_-Cannes-Insights-2022.pdf\" target=\"_blank\" rel=\"noreferrer noopener\">P\u00e1gina da pesquisa Cannes Insights 2022, feita pela GoAd Media<\/a><\/figcaption>\n<\/figure>\n<p><!-- \/wp:image --><!-- wp:paragraph --><\/p>\n<p>Nossa, at\u00e9 me arrepio quando leio isso!<\/p>\n<p><!-- \/wp:paragraph --><!-- wp:paragraph --><\/p>\n<p>Achei esse apelo t\u00e3o forte que na hora eu pensei: \u201cPoxa, e ainda tem gente que subestima o poder da <strong><mark class=\"has-inline-color has-vivid-purple-color\" style=\"background-color: rgba(0, 0, 0, 0);\">criatividade<\/mark><\/strong>, que diz que a <strong><mark class=\"has-inline-color has-vivid-purple-color\" style=\"background-color: rgba(0, 0, 0, 0);\">publicidade<\/mark><\/strong> \u00e9 usada para for\u00e7ar as pessoas a comprarem algo mesmo que elas n\u00e3o queiram\u2026 Ou at\u00e9 que vender \u00e9 feio.\u201d<\/p>\n<p><!-- \/wp:paragraph --><!-- wp:paragraph --><\/p>\n<p>Mas, gente! <strong><mark class=\"has-inline-color has-vivid-purple-color\" style=\"background-color: rgba(0, 0, 0, 0);\">Publicidade<\/mark><\/strong> e <strong><mark class=\"has-inline-color has-vivid-purple-color\" style=\"background-color: rgba(0, 0, 0, 0);\">criatividade<\/mark><\/strong> n\u00e3o s\u00e3o apenas sobre vender, n\u00e3o existem com o prop\u00f3sito de fazer qualquer pessoa comprar qualquer coisa.\u00a0<\/p>\n<p><!-- \/wp:paragraph --><!-- wp:paragraph --><\/p>\n<p><strong>Usamos a publicidade, a criatividade, para tocar as pessoas, para tornar a vida dessas pessoas melhor.<\/strong><\/p>\n<p><!-- \/wp:paragraph --><!-- wp:heading {\"level\":3,\"textColor\":\"vivid-purple\"} --><\/p>\n<h3 class=\"has-vivid-purple-color has-text-color\"><strong>Um exemplo pr\u00e1tico para mostrar <\/strong><a href=\"https:\/\/monicaguerretta.com\/qualeocerto\/o-uso-dos-porques\/\" target=\"_blank\" rel=\"noreferrer noopener\"><strong>por que<\/strong><\/a><strong> investir em publicidade<\/strong><\/h3>\n<p><!-- \/wp:heading --><!-- wp:paragraph --><\/p>\n<p>Para voc\u00ea entender melhor o meu ponto, imagine este cen\u00e1rio: voc\u00ea tem um produto maravilhoso para vender. Dessa forma, voc\u00ea sabe que seu produto tem o potencial de proporcionar resultados positivos para o seu p\u00fablico \u2014 ou at\u00e9 mesmo para a sociedade.<\/p>\n<p><!-- \/wp:paragraph --><!-- wp:paragraph --><\/p>\n<p>No entanto, voc\u00ea n\u00e3o investe em divulga\u00e7\u00e3o; voc\u00ea n\u00e3o anuncia o seu produto para as pessoas que teriam interesse em compr\u00e1-lo.<\/p>\n<p><!-- \/wp:paragraph --><!-- wp:paragraph --><\/p>\n<p>Enquanto isso, concorrentes vendem um produto similar ao seu. N\u00e3o tem tanta qualidade quanto o seu, mas eles est\u00e3o divulgando.\u00a0<\/p>\n<p><!-- \/wp:paragraph --><!-- wp:paragraph --><\/p>\n<p>Ent\u00e3o, as pessoas que fazem parte do mesmo p\u00fablico-alvo que o seu acabam conhecendo esse outro produto, mesmo n\u00e3o sendo t\u00e3o bom quanto o seu. Assim, compram esse produto porque \u00e9 o que elas encontraram para atender uma necessidade ou um desejo delas.<\/p>\n<p><!-- \/wp:paragraph --><!-- wp:paragraph --><\/p>\n<p><strong>Pense na publicidade como um meio para ajudar as pessoas a encontrarem um produto que ser\u00e1 bom para elas<\/strong>. Ou seja: se voc\u00ea n\u00e3o anunciar o seu produto, essas pessoas comprar\u00e3o outras op\u00e7\u00f5es n\u00e3o t\u00e3o boas.<\/p>\n<p><!-- \/wp:paragraph --><!-- wp:heading {\"textColor\":\"vivid-purple\"} --><\/p>\n<h2 class=\"has-vivid-purple-color has-text-color\"><strong>Como vender um produto ou uma ideia?<\/strong><\/h2>\n<p><!-- \/wp:heading --><!-- wp:paragraph --><\/p>\n<p>Agora vem outro ponto importante: voc\u00ea n\u00e3o vai vender apenas dizendo:<br \/>\u2014 Ei, compre o que estou te oferecendo. Isto aqui \u00e9 \u00f3timo!<\/p>\n<p><!-- \/wp:paragraph --><!-- wp:paragraph --><\/p>\n<p>Quer dizer, n\u00e3o posso afirmar que voc\u00ea n\u00e3o vai conseguir vender apenas dizendo isso, mas sejamos realistas: \u00e9 bem mais dif\u00edcil conseguir vender assim. \ud83d\ude05<\/p>\n<p><!-- \/wp:paragraph --><!-- wp:paragraph --><\/p>\n<p>Da mesma forma, voc\u00ea n\u00e3o consegue encerrar uma guerra apenas dizendo:<br \/>\u2014 Gente! Vamos parar essa guerra. J\u00e1 deu, n\u00e9? N\u00e3o tinha nem que ter come\u00e7ado!<\/p>\n<p><!-- \/wp:paragraph --><!-- wp:paragraph --><\/p>\n<p>Voc\u00ea precisa tocar as pessoas, chamar a aten\u00e7\u00e3o delas para ent\u00e3o convenc\u00ea-las de que a sua mensagem <a href=\"https:\/\/monicaguerretta.com\/qualeocerto\/traz-ou-tras\/\" target=\"_blank\" rel=\"noreferrer noopener\">traz<\/a> algo que \u00e9 capaz de melhorar a vida delas. Ou, no caso, de melhorar o mundo, n\u00e3o \u00e9 mesmo?! \ud83d\ude09<\/p>\n<p><!-- \/wp:paragraph --><!-- wp:heading {\"level\":3,\"textColor\":\"vivid-purple\"} --><\/p>\n<h3 class=\"has-vivid-purple-color has-text-color\"><strong>Criatividade como ferramenta para chamar aten\u00e7\u00e3o e promover a reflex\u00e3o<\/strong><\/h3>\n<p><!-- \/wp:heading --><!-- wp:paragraph --><\/p>\n<p>Quando falamos sobre usar a <strong><mark class=\"has-inline-color has-vivid-purple-color\" style=\"background-color: rgba(0, 0, 0, 0);\">criatividade<\/mark><\/strong> para parar uma guerra, falamos sobre fazer as pessoas refletirem e provocar uma mudan\u00e7a para melhor na vida delas.<\/p>\n<p><!-- \/wp:paragraph --><!-- wp:paragraph --><\/p>\n<p>Para voc\u00ea entender melhor, eu trouxe uma propaganda da Natura, criada pela ag\u00eancia Africa em 2022, com o t\u00edtulo <strong>\u201cAmaz\u00f4nia contra o tempo\u201d<\/strong>.<\/p>\n<p><!-- \/wp:paragraph --><!-- wp:paragraph --><\/p>\n<p>Bom, <a href=\"https:\/\/monicaguerretta.com\/qualeocerto\/ao-inves-de-ou-em-vez-de\/\" target=\"_blank\" rel=\"noreferrer noopener\">em vez de<\/a> eu descrever, vou mostrar para voc\u00ea:<\/p>\t\t\t\t\t\t\t\t<\/div>\n\t\t\t\t<\/div>\n\t\t\t\t\t<\/div>\n\t\t<\/div>\n\t\t\t\t\t<\/div>\n\t\t<\/section>\n\t\t\t\t<section class=\"elementor-section elementor-top-section elementor-element elementor-element-3fc08ba elementor-section-boxed elementor-section-height-default elementor-section-height-default\" data-id=\"3fc08ba\" data-element_type=\"section\">\n\t\t\t\t\t\t<div class=\"elementor-container elementor-column-gap-default\">\n\t\t\t\t\t<div class=\"elementor-column elementor-col-100 elementor-top-column elementor-element elementor-element-78d22b6\" data-id=\"78d22b6\" data-element_type=\"column\">\n\t\t\t<div class=\"elementor-widget-wrap elementor-element-populated\">\n\t\t\t\t\t\t<div class=\"elementor-element elementor-element-dda78da elementor-widget elementor-widget-video\" data-id=\"dda78da\" data-element_type=\"widget\" data-settings=\"{&quot;youtube_url&quot;:&quot;https:\\\/\\\/youtu.be\\\/n3YiwZ32sBI&quot;,&quot;video_type&quot;:&quot;youtube&quot;,&quot;controls&quot;:&quot;yes&quot;}\" data-widget_type=\"video.default\">\n\t\t\t\t<div class=\"elementor-widget-container\">\n\t\t\t\t\t\t\t<div class=\"elementor-wrapper elementor-open-inline\">\n\t\t\t<div class=\"elementor-video\"><\/div>\t\t<\/div>\n\t\t\t\t\t\t<\/div>\n\t\t\t\t<\/div>\n\t\t\t\t\t<\/div>\n\t\t<\/div>\n\t\t\t\t\t<\/div>\n\t\t<\/section>\n\t\t\t\t<section class=\"elementor-section elementor-top-section elementor-element elementor-element-17fdcfa0 elementor-section-boxed elementor-section-height-default elementor-section-height-default\" data-id=\"17fdcfa0\" data-element_type=\"section\">\n\t\t\t\t\t\t<div class=\"elementor-container elementor-column-gap-default\">\n\t\t\t\t\t<div class=\"elementor-column elementor-col-100 elementor-top-column elementor-element elementor-element-47d73481\" data-id=\"47d73481\" data-element_type=\"column\">\n\t\t\t<div class=\"elementor-widget-wrap elementor-element-populated\">\n\t\t\t\t\t\t<div class=\"elementor-element elementor-element-4ef4a448 elementor-widget elementor-widget-text-editor\" data-id=\"4ef4a448\" data-element_type=\"widget\" data-widget_type=\"text-editor.default\">\n\t\t\t\t<div class=\"elementor-widget-container\">\n\t\t\t\t\t\t\t\t\t<!-- wp:paragraph --><!-- \/wp:embed --><!-- wp:heading {\"textColor\":\"vivid-purple\"} -->\n<figure class=\"wp-block-embed is-type-video is-provider-youtube wp-block-embed-youtube wp-embed-aspect-16-9 wp-has-aspect-ratio\">\n<div class=\"wp-block-embed__wrapper\">\u00a0<\/div>\n<\/figure>\n<!-- \/wp:embed --><!-- wp:paragraph -->\n<p>Olha isso!<\/p>\n<!-- \/wp:paragraph --><!-- wp:paragraph -->\n<p>Voc\u00ea percebe como divulgar uma mensagem de forma criativa, <span style=\"text-decoration: underline;\">anunciar de forma criativa<\/span>, tem o poder de nos provocar a tomar uma atitude?<\/p>\n<!-- \/wp:paragraph --><!-- wp:paragraph -->\n<p>Por exemplo: mostrar que a Amaz\u00f4nia perde centenas de \u00e1rvores enquanto voc\u00ea pensa se assina uma peti\u00e7\u00e3o ou n\u00e3o <span style=\"text-decoration: underline;\">tem muito mais impacto<\/span> do que apenas dizer:<br \/>\u2014 Ei, assine esta peti\u00e7\u00e3o para ajudar a combater o desmatamento na Amaz\u00f4nia, por favor.<\/p>\n<!-- \/wp:paragraph --><!-- wp:image {\"align\":\"center\",\"id\":2664,\"width\":594,\"height\":310,\"sizeSlug\":\"large\",\"linkDestination\":\"none\"} -->\n<figure class=\"wp-block-image aligncenter size-large is-resized\"><img decoding=\"async\" class=\"wp-image-2664\" src=\"https:\/\/monicaguerretta.com\/qualeocerto\/wp-content\/uploads\/2023\/01\/amazonia-contra-o-tempo-1-natura-africa-qual-e-o-certo-1024x534.png\" alt=\"amazonia contra o tempo 1 - natura - africa - qual \u00e9 o certo\" width=\"594\" height=\"310\" srcset=\"https:\/\/monicaguerretta.com\/qualeocerto\/wp-content\/uploads\/2023\/01\/amazonia-contra-o-tempo-1-natura-africa-qual-e-o-certo-1024x534.png 1024w, https:\/\/monicaguerretta.com\/qualeocerto\/wp-content\/uploads\/2023\/01\/amazonia-contra-o-tempo-1-natura-africa-qual-e-o-certo-300x157.png 300w, https:\/\/monicaguerretta.com\/qualeocerto\/wp-content\/uploads\/2023\/01\/amazonia-contra-o-tempo-1-natura-africa-qual-e-o-certo-768x401.png 768w, https:\/\/monicaguerretta.com\/qualeocerto\/wp-content\/uploads\/2023\/01\/amazonia-contra-o-tempo-1-natura-africa-qual-e-o-certo.png 1161w\" sizes=\"(max-width: 594px) 100vw, 594px\" \/><\/figure>\n<!-- \/wp:image --><!-- wp:paragraph -->\n<p>Outro exemplo, da mesma propaganda: mostrar que a Amaz\u00f4nia perde centenas de \u00e1rvores enquanto voc\u00ea pensa se deve comprar de forma consciente ou n\u00e3o <span style=\"text-decoration: underline;\">te provoca muito mais a mudar seus h\u00e1bitos de consumo<\/span> do que se algu\u00e9m apenas dissesse:\u00a0<br \/>\u2014 Ei, voc\u00ea deveria comprar produtos de marcas que se preocupam em reduzir a produ\u00e7\u00e3o de lixo. De empresas que oferecem log\u00edstica reversa para reciclar as embalagens dos produtos depois que eles acabam.<\/p>\n<!-- \/wp:paragraph --><!-- wp:image {\"align\":\"center\",\"id\":2665,\"width\":607,\"height\":317,\"sizeSlug\":\"large\",\"linkDestination\":\"none\"} -->\n<figure class=\"wp-block-image aligncenter size-large is-resized\"><img decoding=\"async\" class=\"wp-image-2665\" src=\"https:\/\/monicaguerretta.com\/qualeocerto\/wp-content\/uploads\/2023\/01\/amazonia-contra-o-tempo-2-natura-africa-qual-e-o-certo-1024x534.png\" alt=\"amazonia contra o tempo 2 - natura - africa - qual \u00e9 o certo\" width=\"607\" height=\"317\" srcset=\"https:\/\/monicaguerretta.com\/qualeocerto\/wp-content\/uploads\/2023\/01\/amazonia-contra-o-tempo-2-natura-africa-qual-e-o-certo-1024x534.png 1024w, https:\/\/monicaguerretta.com\/qualeocerto\/wp-content\/uploads\/2023\/01\/amazonia-contra-o-tempo-2-natura-africa-qual-e-o-certo-300x157.png 300w, https:\/\/monicaguerretta.com\/qualeocerto\/wp-content\/uploads\/2023\/01\/amazonia-contra-o-tempo-2-natura-africa-qual-e-o-certo-768x401.png 768w, https:\/\/monicaguerretta.com\/qualeocerto\/wp-content\/uploads\/2023\/01\/amazonia-contra-o-tempo-2-natura-africa-qual-e-o-certo.png 1161w\" sizes=\"(max-width: 607px) 100vw, 607px\" \/><\/figure>\n<!-- \/wp:image --><!-- wp:paragraph -->\n<p>Isso significa que, por meio da <strong><mark class=\"has-inline-color has-vivid-purple-color\" style=\"background-color: rgba(0, 0, 0, 0);\">publicidade<\/mark><\/strong> e da <strong><mark class=\"has-inline-color has-vivid-purple-color\" style=\"background-color: rgba(0, 0, 0, 0);\">criatividade<\/mark><\/strong>, voc\u00ea chama aten\u00e7\u00e3o com uma mensagem que causa um impacto, que faz as pessoas pensarem, e depois mostra o que essas pessoas podem fazer.<\/p>\n<!-- \/wp:paragraph --><!-- wp:heading {\"textColor\":\"vivid-purple\"} -->\n<h2 class=\"has-vivid-purple-color has-text-color\"><strong>A criatividade \u00e9, sim, capaz de melhorar o mundo<\/strong><\/h2>\n<!-- \/wp:heading --><!-- wp:paragraph -->\n<p>\u00c9 desse modo que temos a possibilidade de usar a <strong><mark class=\"has-inline-color has-vivid-purple-color\" style=\"background-color: rgba(0, 0, 0, 0);\">criatividade<\/mark><\/strong> at\u00e9 mesmo para combater uma guerra. Foi isso que o presidente da Ucr\u00e2nia quis dizer com o apelo que fez no <strong>Cannes Lions<\/strong>.<\/p>\n<!-- \/wp:paragraph --><!-- wp:paragraph -->\n<p>Volodymyr Zelensky quis mostrar que profissionais da <strong><mark class=\"has-inline-color has-vivid-purple-color\" style=\"background-color: rgba(0, 0, 0, 0);\">publicidade<\/mark><\/strong> podem criar uma mensagem t\u00e3o profunda capaz de provocar uma reflex\u00e3o nas pessoas, para ent\u00e3o mostrar que cada pessoinha tem o poder de fazer algo para mudar uma situa\u00e7\u00e3o que impacta o mundo.<\/p>\n<!-- \/wp:paragraph --><!-- wp:paragraph -->\n<p>N\u00f3s precisamos de mensagens fortes assim para percebermos que cada coisa que a gente faz provoca um impacto no mundo, que n\u00e3o estamos s\u00f3s. O que voc\u00ea pode fazer e o que eu posso fazer mais pessoas j\u00e1 est\u00e3o fazendo e mais pessoas v\u00e3o come\u00e7ar a fazer tamb\u00e9m; \u00e9 da\u00ed que vem o impacto no mundo.<\/p>\n<!-- \/wp:paragraph --><!-- wp:paragraph -->\n<p>Bom, mas \u00e9 claro que, infelizmente, existem pessoas que usam o alcance da <strong><strong><mark class=\"has-inline-color has-vivid-purple-color\" style=\"background-color: rgba(0, 0, 0, 0);\">publicidade<\/mark><\/strong><\/strong> de uma forma ruim.<\/p>\n<!-- \/wp:paragraph --><!-- wp:paragraph -->\n<p>Assim como em qualquer \u00e1rea, na <strong><strong><mark class=\"has-inline-color has-vivid-purple-color\" style=\"background-color: rgba(0, 0, 0, 0);\">publicidade<\/mark><\/strong><\/strong> tamb\u00e9m existem pessoas mal-intencionadas, que usam recursos criados para promover coisas positivas como forma de promover algo que engane as pessoas. Vemos isso, inclusive, na ind\u00fastria de <a href=\"https:\/\/monicaguerretta.com\/qualeocerto\/fake-news\/\" target=\"_blank\" rel=\"noreferrer noopener\">fake news<\/a>. \u00c9 triste, mas tem gente que se aproveita\u2026<\/p>\n<!-- \/wp:paragraph --><!-- wp:paragraph -->\n<p>Tamb\u00e9m n\u00e3o posso deixar de lembrar que j\u00e1 tivemos um per\u00edodo em que as propagandas n\u00e3o respeitavam tanto assim a diversidade. Se pesquisarmos no Google, vamos encontrar propagandas machistas, preconceituosas\u2026 que desrespeitam pessoas de diversas formas.<\/p>\n<!-- \/wp:paragraph --><!-- wp:paragraph -->\n<p>No entanto, hoje vejo que estamos caminhando para uma era em que as propagandas respeitam e at\u00e9 mesmo informam em rela\u00e7\u00e3o \u00e0 diversidade para ajudar a combater as diferentes modalidades de preconceito.<\/p>\n<!-- \/wp:paragraph --><!-- wp:heading {\"level\":3,\"textColor\":\"vivid-purple\"} -->\n<h3 class=\"has-vivid-purple-color has-text-color\"><strong>Para voc\u00ea refletir: o que voc\u00ea pode fazer para melhorar o mundo?<\/strong><\/h3>\n<!-- \/wp:heading --><!-- wp:paragraph -->\n<p>Enfim, n\u00f3s podemos e devemos fortalecer o uso da <strong><mark class=\"has-inline-color has-vivid-purple-color\" style=\"background-color: rgba(0, 0, 0, 0);\">publicidade<\/mark><\/strong> com o impacto positivo, de promover o bem e as mudan\u00e7as positivas.<\/p>\n<!-- \/wp:paragraph --><!-- wp:paragraph -->\n<p>Quando penso: \u201cNossa, \u00e9 verdade! Minha profiss\u00e3o pode ser usada at\u00e9 para ajudar a acabar com uma guerra!\u201d, me d\u00e1 orgulho, sabe? Me faz pensar: \u201cO que eu posso fazer para provocar mais impactos positivos no mundo?\u201d<\/p>\n<!-- \/wp:paragraph --><!-- wp:paragraph -->\n<p>Assim como a <strong><strong><mark class=\"has-inline-color has-vivid-purple-color\" style=\"background-color: rgba(0, 0, 0, 0);\">publicidade<\/mark><\/strong><\/strong> tem o poder de promover coisas positivas de forma global, o que voc\u00ea pode fazer, por meio do seu trabalho, tamb\u00e9m para provocar um impacto positivo no mundo?<\/p>\n<!-- \/wp:paragraph -->\t\t\t\t\t\t\t\t<\/div>\n\t\t\t\t<\/div>\n\t\t\t\t\t<\/div>\n\t\t<\/div>\n\t\t\t\t\t<\/div>\n\t\t<\/section>\n\t\t\t\t<section class=\"elementor-section elementor-top-section elementor-element elementor-element-4929b37 elementor-section-boxed elementor-section-height-default elementor-section-height-default\" data-id=\"4929b37\" data-element_type=\"section\">\n\t\t\t\t\t\t<div class=\"elementor-container elementor-column-gap-default\">\n\t\t\t\t\t<div class=\"elementor-column elementor-col-33 elementor-top-column elementor-element elementor-element-59b83a3\" data-id=\"59b83a3\" data-element_type=\"column\">\n\t\t\t<div class=\"elementor-widget-wrap elementor-element-populated\">\n\t\t\t\t\t\t<div class=\"elementor-element elementor-element-76e7ac3 elementor-invisible elementor-widget elementor-widget-image\" data-id=\"76e7ac3\" data-element_type=\"widget\" data-settings=\"{&quot;_animation&quot;:&quot;slideInLeft&quot;}\" data-widget_type=\"image.default\">\n\t\t\t\t<div class=\"elementor-widget-container\">\n\t\t\t\t\t\t\t\t\t\t\t\t\t\t\t<img loading=\"lazy\" decoding=\"async\" width=\"681\" height=\"1024\" src=\"https:\/\/monicaguerretta.com\/qualeocerto\/wp-content\/uploads\/2022\/07\/Monica-Guerretta-Qual-e-o-certo-681x1024.jpg\" class=\"attachment-large size-large wp-image-1980\" alt=\"M\u00f4nica-Guerretta-Qual-\u00e9-o-certo\" srcset=\"https:\/\/monicaguerretta.com\/qualeocerto\/wp-content\/uploads\/2022\/07\/Monica-Guerretta-Qual-e-o-certo-681x1024.jpg 681w, https:\/\/monicaguerretta.com\/qualeocerto\/wp-content\/uploads\/2022\/07\/Monica-Guerretta-Qual-e-o-certo-200x300.jpg 200w, https:\/\/monicaguerretta.com\/qualeocerto\/wp-content\/uploads\/2022\/07\/Monica-Guerretta-Qual-e-o-certo-768x1155.jpg 768w, https:\/\/monicaguerretta.com\/qualeocerto\/wp-content\/uploads\/2022\/07\/Monica-Guerretta-Qual-e-o-certo-1022x1536.jpg 1022w, https:\/\/monicaguerretta.com\/qualeocerto\/wp-content\/uploads\/2022\/07\/Monica-Guerretta-Qual-e-o-certo-1362x2048.jpg 1362w, https:\/\/monicaguerretta.com\/qualeocerto\/wp-content\/uploads\/2022\/07\/Monica-Guerretta-Qual-e-o-certo-scaled.jpg 1703w\" sizes=\"(max-width: 681px) 100vw, 681px\" \/>\t\t\t\t\t\t\t\t\t\t\t\t\t\t\t<\/div>\n\t\t\t\t<\/div>\n\t\t\t\t\t<\/div>\n\t\t<\/div>\n\t\t\t\t<div class=\"elementor-column elementor-col-66 elementor-top-column elementor-element elementor-element-07621ba\" data-id=\"07621ba\" data-element_type=\"column\">\n\t\t\t<div class=\"elementor-widget-wrap elementor-element-populated\">\n\t\t\t\t\t\t<div class=\"elementor-element elementor-element-1490dc5 elementor-invisible elementor-widget elementor-widget-text-editor\" data-id=\"1490dc5\" data-element_type=\"widget\" data-settings=\"{&quot;_animation&quot;:&quot;slideInRight&quot;}\" data-widget_type=\"text-editor.default\">\n\t\t\t\t<div class=\"elementor-widget-container\">\n\t\t\t\t\t\t\t\t\t<p><b>Este conte\u00fado ajudou voc\u00ea a olhar com mais carinho para a publicidade e a criatividade?\u00a0<br \/><\/b><span style=\"font-weight: 400;\">Ent\u00e3o apoie o Qual \u00e9 o certo?, por favorzinho. <img decoding=\"async\" class=\"emoji\" role=\"img\" draggable=\"false\" src=\"https:\/\/s.w.org\/images\/core\/emoji\/14.0.0\/svg\/1f499.svg\" alt=\"\ud83d\udc99\" \/><br \/><\/span><span style=\"font-weight: 400;\"><img decoding=\"async\" class=\"emoji\" role=\"img\" draggable=\"false\" src=\"https:\/\/s.w.org\/images\/core\/emoji\/14.0.0\/svg\/2705.svg\" alt=\"\u2705\" \/> <\/span><a href=\"https:\/\/www.youtube.com\/c\/qualeocerto\" target=\"_blank\" rel=\"noopener\"><span style=\"font-weight: 400;\">Inscreva-se no canal do YouTube<\/span><\/a><br \/><span style=\"font-weight: 400;\"><img decoding=\"async\" class=\"emoji\" role=\"img\" draggable=\"false\" src=\"https:\/\/s.w.org\/images\/core\/emoji\/14.0.0\/svg\/2705.svg\" alt=\"\u2705\" \/> <\/span><a href=\"https:\/\/www.instagram.com\/qualeocerto\/\" target=\"_blank\" rel=\"noopener\"><span style=\"font-weight: 400;\">Siga no Instagram<\/span><\/a><br \/><span style=\"font-weight: 400;\"><img decoding=\"async\" class=\"emoji\" role=\"img\" draggable=\"false\" src=\"https:\/\/s.w.org\/images\/core\/emoji\/14.0.0\/svg\/2705.svg\" alt=\"\u2705\" \/> <\/span><a href=\"https:\/\/www.linkedin.com\/in\/monicaguerretta\/\"><span style=\"font-weight: 400;\">Acompanhe no LinkedIn<\/span><\/a><br \/><span style=\"font-weight: 400;\"><img decoding=\"async\" class=\"emoji\" role=\"img\" draggable=\"false\" src=\"https:\/\/s.w.org\/images\/core\/emoji\/14.0.0\/svg\/2705.svg\" alt=\"\u2705\" \/> <\/span><a href=\"https:\/\/monicaguerretta.com\/qualeocerto\/vamos-conversar\/\" target=\"_blank\" rel=\"noopener\"><span style=\"font-weight: 400;\">Pague um cafezinho para mim<\/span><\/a><br \/><span style=\"font-weight: 400;\"><img decoding=\"async\" class=\"emoji\" role=\"img\" draggable=\"false\" src=\"https:\/\/s.w.org\/images\/core\/emoji\/14.0.0\/svg\/2705.svg\" alt=\"\u2705\" \/> Compartilhe este conte\u00fado <\/span><\/p>\t\t\t\t\t\t\t\t<\/div>\n\t\t\t\t<\/div>\n\t\t\t\t\t<\/div>\n\t\t<\/div>\n\t\t\t\t\t<\/div>\n\t\t<\/section>\n\t\t\t\t<\/div>\n\t\t","protected":false},"excerpt":{"rendered":"<p>\u00c9 prov\u00e1vel que, ap\u00f3s ler o t\u00edtulo, voc\u00ea tenha pensado: \u201cUsar a criatividade para acabar com&hellip;<\/p>\n","protected":false},"author":2,"featured_media":2662,"comment_status":"open","ping_status":"open","sticky":false,"template":"","format":"standard","meta":{"_exactmetrics_skip_tracking":false,"_exactmetrics_sitenote_active":false,"_exactmetrics_sitenote_note":"","_exactmetrics_sitenote_category":0,"footnotes":""},"categories":[292],"tags":[300,317,296,299],"class_list":["post-2661","post","type-post","status-publish","format-standard","has-post-thumbnail","hentry","category-publicidade-e-copywriting","tag-copywriting","tag-criatividade","tag-publicidade-propaganda","tag-redacao-publicitaria"],"yoast_head":"<!-- This site is optimized with the Yoast SEO plugin v27.5 - https:\/\/yoast.com\/product\/yoast-seo-wordpress\/ -->\n<title>\u00c9 poss\u00edvel usar a criatividade para acabar com uma guerra? &#187; Qual \u00e9 o certo?<\/title>\n<meta name=\"description\" content=\"Esse foi o apelo de Volodymyr Zelensky no Cannes Lions. Ent\u00e3o, venha descobrir como usar a criatividade para acabar com uma guerra.\" \/>\n<meta name=\"robots\" content=\"index, follow, max-snippet:-1, max-image-preview:large, max-video-preview:-1\" \/>\n<link rel=\"canonical\" href=\"https:\/\/monicaguerretta.com\/qualeocerto\/usar-a-criatividade-para-acabar-com-uma-guerra\/\" \/>\n<meta property=\"og:locale\" content=\"pt_BR\" \/>\n<meta property=\"og:type\" content=\"article\" \/>\n<meta property=\"og:title\" content=\"\u00c9 poss\u00edvel usar a criatividade para acabar com uma guerra? &#187; Qual \u00e9 o certo?\" \/>\n<meta property=\"og:description\" content=\"Esse foi o apelo de Volodymyr Zelensky no Cannes Lions. Ent\u00e3o, venha descobrir como usar a criatividade para acabar com uma guerra.\" \/>\n<meta property=\"og:url\" content=\"https:\/\/monicaguerretta.com\/qualeocerto\/usar-a-criatividade-para-acabar-com-uma-guerra\/\" \/>\n<meta property=\"og:site_name\" content=\"Qual \u00e9 o certo?\" \/>\n<meta property=\"article:publisher\" content=\"https:\/\/www.facebook.com\/qualeocerto\" \/>\n<meta property=\"article:published_time\" content=\"2023-01-05T16:54:49+00:00\" \/>\n<meta property=\"article:modified_time\" content=\"2023-01-05T17:00:52+00:00\" \/>\n<meta property=\"og:image\" content=\"https:\/\/monicaguerretta.com\/qualeocerto\/wp-content\/uploads\/2023\/01\/usar-a-criatividade-para-acabar-com-uma-guerra-qual-e-o-certo.png\" \/>\n\t<meta property=\"og:image:width\" content=\"1080\" \/>\n\t<meta property=\"og:image:height\" content=\"1081\" \/>\n\t<meta property=\"og:image:type\" content=\"image\/png\" \/>\n<meta name=\"author\" content=\"M\u00f4nica Guerretta\" \/>\n<meta name=\"twitter:card\" content=\"summary_large_image\" \/>\n<meta name=\"twitter:label1\" content=\"Escrito por\" \/>\n\t<meta name=\"twitter:data1\" content=\"M\u00f4nica Guerretta\" \/>\n\t<meta name=\"twitter:label2\" content=\"Est. tempo de leitura\" \/>\n\t<meta name=\"twitter:data2\" content=\"10 minutos\" \/>\n<script type=\"application\/ld+json\" class=\"yoast-schema-graph\">{\"@context\":\"https:\\\/\\\/schema.org\",\"@graph\":[{\"@type\":\"Article\",\"@id\":\"https:\\\/\\\/monicaguerretta.com\\\/qualeocerto\\\/usar-a-criatividade-para-acabar-com-uma-guerra\\\/#article\",\"isPartOf\":{\"@id\":\"https:\\\/\\\/monicaguerretta.com\\\/qualeocerto\\\/usar-a-criatividade-para-acabar-com-uma-guerra\\\/\"},\"author\":{\"name\":\"M\u00f4nica Guerretta\",\"@id\":\"https:\\\/\\\/monicaguerretta.com\\\/qualeocerto\\\/#\\\/schema\\\/person\\\/214b5e9a83b11fe11a18ecae0d21f79a\"},\"headline\":\"\u00c9 poss\u00edvel usar a criatividade para acabar com uma guerra?\",\"datePublished\":\"2023-01-05T16:54:49+00:00\",\"dateModified\":\"2023-01-05T17:00:52+00:00\",\"mainEntityOfPage\":{\"@id\":\"https:\\\/\\\/monicaguerretta.com\\\/qualeocerto\\\/usar-a-criatividade-para-acabar-com-uma-guerra\\\/\"},\"wordCount\":1402,\"commentCount\":0,\"publisher\":{\"@id\":\"https:\\\/\\\/monicaguerretta.com\\\/qualeocerto\\\/#organization\"},\"image\":{\"@id\":\"https:\\\/\\\/monicaguerretta.com\\\/qualeocerto\\\/usar-a-criatividade-para-acabar-com-uma-guerra\\\/#primaryimage\"},\"thumbnailUrl\":\"https:\\\/\\\/monicaguerretta.com\\\/qualeocerto\\\/wp-content\\\/uploads\\\/2023\\\/01\\\/usar-a-criatividade-para-acabar-com-uma-guerra-qual-e-o-certo.png\",\"keywords\":[\"copywriting\",\"criatividade\",\"publicidade &amp; propaganda\",\"reda\u00e7\u00e3o publicit\u00e1ria\"],\"articleSection\":[\"Publicidade &amp; Copywriting\"],\"inLanguage\":\"pt-BR\",\"potentialAction\":[{\"@type\":\"CommentAction\",\"name\":\"Comment\",\"target\":[\"https:\\\/\\\/monicaguerretta.com\\\/qualeocerto\\\/usar-a-criatividade-para-acabar-com-uma-guerra\\\/#respond\"]}]},{\"@type\":\"WebPage\",\"@id\":\"https:\\\/\\\/monicaguerretta.com\\\/qualeocerto\\\/usar-a-criatividade-para-acabar-com-uma-guerra\\\/\",\"url\":\"https:\\\/\\\/monicaguerretta.com\\\/qualeocerto\\\/usar-a-criatividade-para-acabar-com-uma-guerra\\\/\",\"name\":\"\u00c9 poss\u00edvel usar a criatividade para acabar com uma guerra? &#187; Qual \u00e9 o certo?\",\"isPartOf\":{\"@id\":\"https:\\\/\\\/monicaguerretta.com\\\/qualeocerto\\\/#website\"},\"primaryImageOfPage\":{\"@id\":\"https:\\\/\\\/monicaguerretta.com\\\/qualeocerto\\\/usar-a-criatividade-para-acabar-com-uma-guerra\\\/#primaryimage\"},\"image\":{\"@id\":\"https:\\\/\\\/monicaguerretta.com\\\/qualeocerto\\\/usar-a-criatividade-para-acabar-com-uma-guerra\\\/#primaryimage\"},\"thumbnailUrl\":\"https:\\\/\\\/monicaguerretta.com\\\/qualeocerto\\\/wp-content\\\/uploads\\\/2023\\\/01\\\/usar-a-criatividade-para-acabar-com-uma-guerra-qual-e-o-certo.png\",\"datePublished\":\"2023-01-05T16:54:49+00:00\",\"dateModified\":\"2023-01-05T17:00:52+00:00\",\"description\":\"Esse foi o apelo de Volodymyr Zelensky no Cannes Lions. Ent\u00e3o, venha descobrir como usar a criatividade para acabar com uma guerra.\",\"breadcrumb\":{\"@id\":\"https:\\\/\\\/monicaguerretta.com\\\/qualeocerto\\\/usar-a-criatividade-para-acabar-com-uma-guerra\\\/#breadcrumb\"},\"inLanguage\":\"pt-BR\",\"potentialAction\":[{\"@type\":\"ReadAction\",\"target\":[\"https:\\\/\\\/monicaguerretta.com\\\/qualeocerto\\\/usar-a-criatividade-para-acabar-com-uma-guerra\\\/\"]}]},{\"@type\":\"ImageObject\",\"inLanguage\":\"pt-BR\",\"@id\":\"https:\\\/\\\/monicaguerretta.com\\\/qualeocerto\\\/usar-a-criatividade-para-acabar-com-uma-guerra\\\/#primaryimage\",\"url\":\"https:\\\/\\\/monicaguerretta.com\\\/qualeocerto\\\/wp-content\\\/uploads\\\/2023\\\/01\\\/usar-a-criatividade-para-acabar-com-uma-guerra-qual-e-o-certo.png\",\"contentUrl\":\"https:\\\/\\\/monicaguerretta.com\\\/qualeocerto\\\/wp-content\\\/uploads\\\/2023\\\/01\\\/usar-a-criatividade-para-acabar-com-uma-guerra-qual-e-o-certo.png\",\"width\":1080,\"height\":1081,\"caption\":\"usar a criatividade para acabar com uma guerra - qual \u00e9 o certo\"},{\"@type\":\"BreadcrumbList\",\"@id\":\"https:\\\/\\\/monicaguerretta.com\\\/qualeocerto\\\/usar-a-criatividade-para-acabar-com-uma-guerra\\\/#breadcrumb\",\"itemListElement\":[{\"@type\":\"ListItem\",\"position\":1,\"name\":\"In\u00edcio\",\"item\":\"https:\\\/\\\/monicaguerretta.com\\\/qualeocerto\\\/\"},{\"@type\":\"ListItem\",\"position\":2,\"name\":\"\u00c9 poss\u00edvel usar a criatividade para acabar com uma guerra?\"}]},{\"@type\":\"WebSite\",\"@id\":\"https:\\\/\\\/monicaguerretta.com\\\/qualeocerto\\\/#website\",\"url\":\"https:\\\/\\\/monicaguerretta.com\\\/qualeocerto\\\/\",\"name\":\"Qual \u00e9 o Certo?\",\"description\":\"M\u00f4nica Guerretta | Redatora publicit\u00e1ria | Copywriting - UX Writing\",\"publisher\":{\"@id\":\"https:\\\/\\\/monicaguerretta.com\\\/qualeocerto\\\/#organization\"},\"potentialAction\":[{\"@type\":\"SearchAction\",\"target\":{\"@type\":\"EntryPoint\",\"urlTemplate\":\"https:\\\/\\\/monicaguerretta.com\\\/qualeocerto\\\/?s={search_term_string}\"},\"query-input\":{\"@type\":\"PropertyValueSpecification\",\"valueRequired\":true,\"valueName\":\"search_term_string\"}}],\"inLanguage\":\"pt-BR\"},{\"@type\":\"Organization\",\"@id\":\"https:\\\/\\\/monicaguerretta.com\\\/qualeocerto\\\/#organization\",\"name\":\"Qual \u00e9 o certo?\",\"url\":\"https:\\\/\\\/monicaguerretta.com\\\/qualeocerto\\\/\",\"logo\":{\"@type\":\"ImageObject\",\"inLanguage\":\"pt-BR\",\"@id\":\"https:\\\/\\\/monicaguerretta.com\\\/qualeocerto\\\/#\\\/schema\\\/logo\\\/image\\\/\",\"url\":\"https:\\\/\\\/monicaguerretta.com\\\/qualeocerto\\\/wp-content\\\/uploads\\\/2022\\\/08\\\/marca-quale.png\",\"contentUrl\":\"https:\\\/\\\/monicaguerretta.com\\\/qualeocerto\\\/wp-content\\\/uploads\\\/2022\\\/08\\\/marca-quale.png\",\"width\":592,\"height\":315,\"caption\":\"Qual \u00e9 o certo?\"},\"image\":{\"@id\":\"https:\\\/\\\/monicaguerretta.com\\\/qualeocerto\\\/#\\\/schema\\\/logo\\\/image\\\/\"},\"sameAs\":[\"https:\\\/\\\/www.facebook.com\\\/qualeocerto\",\"https:\\\/\\\/www.instagram.com\\\/qualeocerto\\\/\",\"https:\\\/\\\/www.youtube.com\\\/c\\\/qualeocerto\"]},{\"@type\":\"Person\",\"@id\":\"https:\\\/\\\/monicaguerretta.com\\\/qualeocerto\\\/#\\\/schema\\\/person\\\/214b5e9a83b11fe11a18ecae0d21f79a\",\"name\":\"M\u00f4nica Guerretta\",\"image\":{\"@type\":\"ImageObject\",\"inLanguage\":\"pt-BR\",\"@id\":\"https:\\\/\\\/secure.gravatar.com\\\/avatar\\\/cc0028ec5e6e39e7cd7e61c0fa6158a6d7f1edc39c4f536d768ad95ee3e26a8a?s=96&d=mm&r=g\",\"url\":\"https:\\\/\\\/secure.gravatar.com\\\/avatar\\\/cc0028ec5e6e39e7cd7e61c0fa6158a6d7f1edc39c4f536d768ad95ee3e26a8a?s=96&d=mm&r=g\",\"contentUrl\":\"https:\\\/\\\/secure.gravatar.com\\\/avatar\\\/cc0028ec5e6e39e7cd7e61c0fa6158a6d7f1edc39c4f536d768ad95ee3e26a8a?s=96&d=mm&r=g\",\"caption\":\"M\u00f4nica Guerretta\"}}]}<\/script>\n<!-- \/ Yoast SEO plugin. -->","yoast_head_json":{"title":"\u00c9 poss\u00edvel usar a criatividade para acabar com uma guerra? &#187; Qual \u00e9 o certo?","description":"Esse foi o apelo de Volodymyr Zelensky no Cannes Lions. Ent\u00e3o, venha descobrir como usar a criatividade para acabar com uma guerra.","robots":{"index":"index","follow":"follow","max-snippet":"max-snippet:-1","max-image-preview":"max-image-preview:large","max-video-preview":"max-video-preview:-1"},"canonical":"https:\/\/monicaguerretta.com\/qualeocerto\/usar-a-criatividade-para-acabar-com-uma-guerra\/","og_locale":"pt_BR","og_type":"article","og_title":"\u00c9 poss\u00edvel usar a criatividade para acabar com uma guerra? &#187; Qual \u00e9 o certo?","og_description":"Esse foi o apelo de Volodymyr Zelensky no Cannes Lions. Ent\u00e3o, venha descobrir como usar a criatividade para acabar com uma guerra.","og_url":"https:\/\/monicaguerretta.com\/qualeocerto\/usar-a-criatividade-para-acabar-com-uma-guerra\/","og_site_name":"Qual \u00e9 o certo?","article_publisher":"https:\/\/www.facebook.com\/qualeocerto","article_published_time":"2023-01-05T16:54:49+00:00","article_modified_time":"2023-01-05T17:00:52+00:00","og_image":[{"width":1080,"height":1081,"url":"https:\/\/monicaguerretta.com\/qualeocerto\/wp-content\/uploads\/2023\/01\/usar-a-criatividade-para-acabar-com-uma-guerra-qual-e-o-certo.png","type":"image\/png"}],"author":"M\u00f4nica Guerretta","twitter_card":"summary_large_image","twitter_misc":{"Escrito por":"M\u00f4nica Guerretta","Est. tempo de leitura":"10 minutos"},"schema":{"@context":"https:\/\/schema.org","@graph":[{"@type":"Article","@id":"https:\/\/monicaguerretta.com\/qualeocerto\/usar-a-criatividade-para-acabar-com-uma-guerra\/#article","isPartOf":{"@id":"https:\/\/monicaguerretta.com\/qualeocerto\/usar-a-criatividade-para-acabar-com-uma-guerra\/"},"author":{"name":"M\u00f4nica Guerretta","@id":"https:\/\/monicaguerretta.com\/qualeocerto\/#\/schema\/person\/214b5e9a83b11fe11a18ecae0d21f79a"},"headline":"\u00c9 poss\u00edvel usar a criatividade para acabar com uma guerra?","datePublished":"2023-01-05T16:54:49+00:00","dateModified":"2023-01-05T17:00:52+00:00","mainEntityOfPage":{"@id":"https:\/\/monicaguerretta.com\/qualeocerto\/usar-a-criatividade-para-acabar-com-uma-guerra\/"},"wordCount":1402,"commentCount":0,"publisher":{"@id":"https:\/\/monicaguerretta.com\/qualeocerto\/#organization"},"image":{"@id":"https:\/\/monicaguerretta.com\/qualeocerto\/usar-a-criatividade-para-acabar-com-uma-guerra\/#primaryimage"},"thumbnailUrl":"https:\/\/monicaguerretta.com\/qualeocerto\/wp-content\/uploads\/2023\/01\/usar-a-criatividade-para-acabar-com-uma-guerra-qual-e-o-certo.png","keywords":["copywriting","criatividade","publicidade &amp; propaganda","reda\u00e7\u00e3o publicit\u00e1ria"],"articleSection":["Publicidade &amp; Copywriting"],"inLanguage":"pt-BR","potentialAction":[{"@type":"CommentAction","name":"Comment","target":["https:\/\/monicaguerretta.com\/qualeocerto\/usar-a-criatividade-para-acabar-com-uma-guerra\/#respond"]}]},{"@type":"WebPage","@id":"https:\/\/monicaguerretta.com\/qualeocerto\/usar-a-criatividade-para-acabar-com-uma-guerra\/","url":"https:\/\/monicaguerretta.com\/qualeocerto\/usar-a-criatividade-para-acabar-com-uma-guerra\/","name":"\u00c9 poss\u00edvel usar a criatividade para acabar com uma guerra? &#187; Qual \u00e9 o certo?","isPartOf":{"@id":"https:\/\/monicaguerretta.com\/qualeocerto\/#website"},"primaryImageOfPage":{"@id":"https:\/\/monicaguerretta.com\/qualeocerto\/usar-a-criatividade-para-acabar-com-uma-guerra\/#primaryimage"},"image":{"@id":"https:\/\/monicaguerretta.com\/qualeocerto\/usar-a-criatividade-para-acabar-com-uma-guerra\/#primaryimage"},"thumbnailUrl":"https:\/\/monicaguerretta.com\/qualeocerto\/wp-content\/uploads\/2023\/01\/usar-a-criatividade-para-acabar-com-uma-guerra-qual-e-o-certo.png","datePublished":"2023-01-05T16:54:49+00:00","dateModified":"2023-01-05T17:00:52+00:00","description":"Esse foi o apelo de Volodymyr Zelensky no Cannes Lions. Ent\u00e3o, venha descobrir como usar a criatividade para acabar com uma guerra.","breadcrumb":{"@id":"https:\/\/monicaguerretta.com\/qualeocerto\/usar-a-criatividade-para-acabar-com-uma-guerra\/#breadcrumb"},"inLanguage":"pt-BR","potentialAction":[{"@type":"ReadAction","target":["https:\/\/monicaguerretta.com\/qualeocerto\/usar-a-criatividade-para-acabar-com-uma-guerra\/"]}]},{"@type":"ImageObject","inLanguage":"pt-BR","@id":"https:\/\/monicaguerretta.com\/qualeocerto\/usar-a-criatividade-para-acabar-com-uma-guerra\/#primaryimage","url":"https:\/\/monicaguerretta.com\/qualeocerto\/wp-content\/uploads\/2023\/01\/usar-a-criatividade-para-acabar-com-uma-guerra-qual-e-o-certo.png","contentUrl":"https:\/\/monicaguerretta.com\/qualeocerto\/wp-content\/uploads\/2023\/01\/usar-a-criatividade-para-acabar-com-uma-guerra-qual-e-o-certo.png","width":1080,"height":1081,"caption":"usar a criatividade para acabar com uma guerra - qual \u00e9 o certo"},{"@type":"BreadcrumbList","@id":"https:\/\/monicaguerretta.com\/qualeocerto\/usar-a-criatividade-para-acabar-com-uma-guerra\/#breadcrumb","itemListElement":[{"@type":"ListItem","position":1,"name":"In\u00edcio","item":"https:\/\/monicaguerretta.com\/qualeocerto\/"},{"@type":"ListItem","position":2,"name":"\u00c9 poss\u00edvel usar a criatividade para acabar com uma guerra?"}]},{"@type":"WebSite","@id":"https:\/\/monicaguerretta.com\/qualeocerto\/#website","url":"https:\/\/monicaguerretta.com\/qualeocerto\/","name":"Qual \u00e9 o Certo?","description":"M\u00f4nica Guerretta | Redatora publicit\u00e1ria | Copywriting - UX Writing","publisher":{"@id":"https:\/\/monicaguerretta.com\/qualeocerto\/#organization"},"potentialAction":[{"@type":"SearchAction","target":{"@type":"EntryPoint","urlTemplate":"https:\/\/monicaguerretta.com\/qualeocerto\/?s={search_term_string}"},"query-input":{"@type":"PropertyValueSpecification","valueRequired":true,"valueName":"search_term_string"}}],"inLanguage":"pt-BR"},{"@type":"Organization","@id":"https:\/\/monicaguerretta.com\/qualeocerto\/#organization","name":"Qual \u00e9 o certo?","url":"https:\/\/monicaguerretta.com\/qualeocerto\/","logo":{"@type":"ImageObject","inLanguage":"pt-BR","@id":"https:\/\/monicaguerretta.com\/qualeocerto\/#\/schema\/logo\/image\/","url":"https:\/\/monicaguerretta.com\/qualeocerto\/wp-content\/uploads\/2022\/08\/marca-quale.png","contentUrl":"https:\/\/monicaguerretta.com\/qualeocerto\/wp-content\/uploads\/2022\/08\/marca-quale.png","width":592,"height":315,"caption":"Qual \u00e9 o certo?"},"image":{"@id":"https:\/\/monicaguerretta.com\/qualeocerto\/#\/schema\/logo\/image\/"},"sameAs":["https:\/\/www.facebook.com\/qualeocerto","https:\/\/www.instagram.com\/qualeocerto\/","https:\/\/www.youtube.com\/c\/qualeocerto"]},{"@type":"Person","@id":"https:\/\/monicaguerretta.com\/qualeocerto\/#\/schema\/person\/214b5e9a83b11fe11a18ecae0d21f79a","name":"M\u00f4nica Guerretta","image":{"@type":"ImageObject","inLanguage":"pt-BR","@id":"https:\/\/secure.gravatar.com\/avatar\/cc0028ec5e6e39e7cd7e61c0fa6158a6d7f1edc39c4f536d768ad95ee3e26a8a?s=96&d=mm&r=g","url":"https:\/\/secure.gravatar.com\/avatar\/cc0028ec5e6e39e7cd7e61c0fa6158a6d7f1edc39c4f536d768ad95ee3e26a8a?s=96&d=mm&r=g","contentUrl":"https:\/\/secure.gravatar.com\/avatar\/cc0028ec5e6e39e7cd7e61c0fa6158a6d7f1edc39c4f536d768ad95ee3e26a8a?s=96&d=mm&r=g","caption":"M\u00f4nica Guerretta"}}]}},"_links":{"self":[{"href":"https:\/\/monicaguerretta.com\/qualeocerto\/wp-json\/wp\/v2\/posts\/2661","targetHints":{"allow":["GET"]}}],"collection":[{"href":"https:\/\/monicaguerretta.com\/qualeocerto\/wp-json\/wp\/v2\/posts"}],"about":[{"href":"https:\/\/monicaguerretta.com\/qualeocerto\/wp-json\/wp\/v2\/types\/post"}],"author":[{"embeddable":true,"href":"https:\/\/monicaguerretta.com\/qualeocerto\/wp-json\/wp\/v2\/users\/2"}],"replies":[{"embeddable":true,"href":"https:\/\/monicaguerretta.com\/qualeocerto\/wp-json\/wp\/v2\/comments?post=2661"}],"version-history":[{"count":9,"href":"https:\/\/monicaguerretta.com\/qualeocerto\/wp-json\/wp\/v2\/posts\/2661\/revisions"}],"predecessor-version":[{"id":2675,"href":"https:\/\/monicaguerretta.com\/qualeocerto\/wp-json\/wp\/v2\/posts\/2661\/revisions\/2675"}],"wp:featuredmedia":[{"embeddable":true,"href":"https:\/\/monicaguerretta.com\/qualeocerto\/wp-json\/wp\/v2\/media\/2662"}],"wp:attachment":[{"href":"https:\/\/monicaguerretta.com\/qualeocerto\/wp-json\/wp\/v2\/media?parent=2661"}],"wp:term":[{"taxonomy":"category","embeddable":true,"href":"https:\/\/monicaguerretta.com\/qualeocerto\/wp-json\/wp\/v2\/categories?post=2661"},{"taxonomy":"post_tag","embeddable":true,"href":"https:\/\/monicaguerretta.com\/qualeocerto\/wp-json\/wp\/v2\/tags?post=2661"}],"curies":[{"name":"wp","href":"https:\/\/api.w.org\/{rel}","templated":true}]}}