{"id":2728,"date":"2022-07-30T14:19:00","date_gmt":"2022-07-30T17:19:00","guid":{"rendered":"https:\/\/monicaguerretta.com\/qualeocerto\/?p=2728"},"modified":"2023-01-22T15:00:57","modified_gmt":"2023-01-22T18:00:57","slug":"live-monica-guerretta-andre-vasco","status":"publish","type":"post","link":"https:\/\/monicaguerretta.com\/qualeocerto\/live-monica-guerretta-andre-vasco\/","title":{"rendered":"<strong>O dia em que rolou uma live com M\u00f4nica Guerretta e Andr\u00e9 Vasco<\/strong>"},"content":{"rendered":"\t\t<div data-elementor-type=\"wp-post\" data-elementor-id=\"2728\" class=\"elementor elementor-2728\">\n\t\t\t\t\t\t<section class=\"elementor-section elementor-top-section elementor-element elementor-element-88ba916 elementor-section-boxed elementor-section-height-default elementor-section-height-default\" data-id=\"88ba916\" data-element_type=\"section\">\n\t\t\t\t\t\t<div class=\"elementor-container elementor-column-gap-default\">\n\t\t\t\t\t<div class=\"elementor-column elementor-col-100 elementor-top-column elementor-element elementor-element-9c08bbf\" data-id=\"9c08bbf\" data-element_type=\"column\">\n\t\t\t<div class=\"elementor-widget-wrap elementor-element-populated\">\n\t\t\t\t\t\t<div class=\"elementor-element elementor-element-592fc0f elementor-widget elementor-widget-video\" data-id=\"592fc0f\" data-element_type=\"widget\" data-settings=\"{&quot;youtube_url&quot;:&quot;https:\\\/\\\/youtu.be\\\/LVAXoYBef-U&quot;,&quot;video_type&quot;:&quot;youtube&quot;,&quot;controls&quot;:&quot;yes&quot;}\" data-widget_type=\"video.default\">\n\t\t\t\t<div class=\"elementor-widget-container\">\n\t\t\t\t\t\t\t<div class=\"elementor-wrapper elementor-open-inline\">\n\t\t\t<div class=\"elementor-video\"><\/div>\t\t<\/div>\n\t\t\t\t\t\t<\/div>\n\t\t\t\t<\/div>\n\t\t\t\t\t<\/div>\n\t\t<\/div>\n\t\t\t\t\t<\/div>\n\t\t<\/section>\n\t\t\t\t<section class=\"elementor-section elementor-top-section elementor-element elementor-element-71057075 elementor-section-boxed elementor-section-height-default elementor-section-height-default\" data-id=\"71057075\" data-element_type=\"section\">\n\t\t\t\t\t\t<div class=\"elementor-container elementor-column-gap-default\">\n\t\t\t\t\t<div class=\"elementor-column elementor-col-100 elementor-top-column elementor-element elementor-element-62e74b42\" data-id=\"62e74b42\" data-element_type=\"column\">\n\t\t\t<div class=\"elementor-widget-wrap elementor-element-populated\">\n\t\t\t\t\t\t<div class=\"elementor-element elementor-element-6d4e49ca elementor-widget elementor-widget-text-editor\" data-id=\"6d4e49ca\" data-element_type=\"widget\" data-widget_type=\"text-editor.default\">\n\t\t\t\t<div class=\"elementor-widget-container\">\n\t\t\t\t\t\t\t\t\t\n<figure class=\"wp-block-embed is-type-video is-provider-youtube wp-block-embed-youtube wp-embed-aspect-16-9 wp-has-aspect-ratio\">\n<div class=\"wp-block-embed__wrapper\">\u00a0<\/div>\n<\/figure>\n\n<p>H\u00e1 dois anos, recebi o convite que mais me deixou nervosa na vida: o <a href=\"https:\/\/www.instagram.com\/andrevasco\/\" target=\"_blank\" rel=\"noreferrer noopener\">Andr\u00e9 Vasco<\/a> me chamou para fazer uma live com ele.<\/p>\n<div class=\"wp-block-image\">\n<figure class=\"aligncenter size-full is-resized\"><img fetchpriority=\"high\" decoding=\"async\" class=\"wp-image-2731\" src=\"https:\/\/monicaguerretta.com\/qualeocerto\/wp-content\/uploads\/2023\/01\/live-Monica-Guerretta-e-Andre-Vasco-instagram.png\" alt=\"live M\u00f4nica Guerretta e Andr\u00e9 Vasco instagram\" width=\"415\" height=\"325\" srcset=\"https:\/\/monicaguerretta.com\/qualeocerto\/wp-content\/uploads\/2023\/01\/live-Monica-Guerretta-e-Andre-Vasco-instagram.png 510w, https:\/\/monicaguerretta.com\/qualeocerto\/wp-content\/uploads\/2023\/01\/live-Monica-Guerretta-e-Andre-Vasco-instagram-300x235.png 300w\" sizes=\"(max-width: 415px) 100vw, 415px\" \/><\/figure>\n<\/div>\n<p>Minha nossa! Estrear no mundo das lives logo com uma celebridade?! O muso das lives? Eita! \ud83d\ude31<\/p>\n\n<p>Lembro at\u00e9 hoje o frio na barriga que senti, e fa\u00e7o quest\u00e3o de resgatar minha resposta l\u00e1 no WhatsApp:<\/p>\n<div class=\"wp-block-image\">\n<figure class=\"aligncenter size-full is-resized\"><img decoding=\"async\" class=\"wp-image-2733\" src=\"https:\/\/monicaguerretta.com\/qualeocerto\/wp-content\/uploads\/2022\/07\/live-Monica-Guerretta-e-Andre-Vasco-no-whats.png\" alt=\"live M\u00f4nica Guerretta e Andr\u00e9 Vasco no whats\" width=\"347\" height=\"123\" srcset=\"https:\/\/monicaguerretta.com\/qualeocerto\/wp-content\/uploads\/2022\/07\/live-Monica-Guerretta-e-Andre-Vasco-no-whats.png 888w, https:\/\/monicaguerretta.com\/qualeocerto\/wp-content\/uploads\/2022\/07\/live-Monica-Guerretta-e-Andre-Vasco-no-whats-300x107.png 300w, https:\/\/monicaguerretta.com\/qualeocerto\/wp-content\/uploads\/2022\/07\/live-Monica-Guerretta-e-Andre-Vasco-no-whats-768x275.png 768w\" sizes=\"(max-width: 347px) 100vw, 347px\" \/><\/figure>\n<\/div>\n<p>Por\u00e9m, no meu cantinho, pensei:<br \/>\u201cGente! Ser\u00e1 que as pessoas v\u00e3o curtir minha participa\u00e7\u00e3o? Nunca fiz uma live e j\u00e1 vou estrear com o Andr\u00e9 Vasco?! Ser\u00e1 que tenho algo t\u00e3o interessante assim para estar l\u00e1?\u201d<\/p>\n\n<h2 class=\"has-vivid-purple-color has-text-color wp-block-heading\"><strong>Terapia de Influ\u00eancia: lives semanais do Andr\u00e9 Vasco<\/strong><\/h2>\n\n<p>Na \u00e9poca, o Andr\u00e9 tinha um quadro semanal no Instagram, o Terapia de Influ\u00eancia. <a href=\"https:\/\/www.instagram.com\/tv\/CDSEJzcF828\/\" target=\"_blank\" rel=\"noreferrer noopener\">Antes de mim<\/a>, ele entrevistou o <a href=\"https:\/\/www.instagram.com\/tv\/CBof9_ilYRi\/\" target=\"_blank\" rel=\"noreferrer noopener\">Marcos Mion<\/a>, o <a href=\"https:\/\/www.instagram.com\/tv\/CCJ-782lKEc\/\" target=\"_blank\" rel=\"noreferrer noopener\">Ratinho<\/a>\u2026 depois, veio o <a href=\"https:\/\/www.instagram.com\/tv\/CE-L-3aFoFb\/\" target=\"_blank\" rel=\"noreferrer noopener\">Mario Sergio Cortella<\/a>.<\/p>\n\n<p>Bom, voc\u00ea entendeu <a href=\"https:\/\/monicaguerretta.com\/qualeocerto\/o-uso-dos-porques\/\" target=\"_blank\" rel=\"noreferrer noopener\">por que<\/a> eu estava t\u00e3o nervosa, n\u00e3o \u00e9 mesmo?<\/p>\n\n<p>Mas logo o receio foi embora, e o pensamento que me tomou foi:<br \/>\u201cUau! Que moral, hein! Para ter chamado a aten\u00e7\u00e3o do Andr\u00e9, realmente estou fazendo um trabalho diferenciado com o Qual \u00e9 o certo?.\u201d<\/p>\n\n<p>Nesse momento, senti um orgulho enorme: fui notada porque eu e o <strong><mark class=\"has-inline-color has-vivid-purple-color\" style=\"background-color: rgba(0, 0, 0, 0);\">Qual \u00e9 o certo?<\/mark><\/strong> merecemos esse destaque. \ud83e\udd70<\/p>\n\n<h2 class=\"has-vivid-purple-color has-text-color wp-block-heading\"><strong>Chegou o dia da live<\/strong><\/h2>\n\n<p>Algumas semanas depois, o dia oficial dos tremeliques chegou para este corpinho: 30 de julho de 2020. Vi no jornal que esse foi o dia mais frio do ano em Joinville \u2014 mesmo assim, meus sovacos estavam suando, e nem sou de suar desse jeito. \ud83d\ude05<\/p>\n\n<p>Nos momentos antes de come\u00e7ar a live, me senti nervosa de um jeito que nunca senti em toda a minha vida, pelo menos at\u00e9 hoje \u2014 Ol\u00e1, futuro! Por favor, me surpreenda mais vezes. \ud83d\ude42<\/p>\n\n<p>Bom, eu sabia que ia travar algumas vezes por culpa do nervosismo; e travei um bocado. Eu me perdi at\u00e9 na hora de explicar a <a href=\"https:\/\/monicaguerretta.com\/qualeocerto\/mas-ou-mais\/\" target=\"_blank\" rel=\"noreferrer noopener\">diferen\u00e7a entre mas e mais<\/a>. Sim\u2026 nesse n\u00edvel. \ud83d\ude06<\/p>\n\n<p>No fim, a live foi maravilhosa. Eu e o Andr\u00e9 demos risada, falamos besteiras e coisas s\u00e9rias, passei diversas dicas de portugu\u00eas (algumas surpreendentes), falamos sobre o Qual \u00e9 o certo?, sobre o que eu fa\u00e7o da vida\u2026 e a audi\u00eancia curtiu.<\/p>\n\n<h3 class=\"wp-block-heading\"><strong>Uma reflex\u00e3o interessante<\/strong><\/h3>\n\n<p>Na live, ele me perguntou se eu j\u00e1 era reconhecida pelo meu trabalho com o <strong><mark class=\"has-inline-color has-vivid-purple-color\" style=\"background-color: rgba(0, 0, 0, 0);\">Qual \u00e9 o certo?<\/mark><\/strong>. At\u00e9 ent\u00e3o eu n\u00e3o havia alcan\u00e7ado tanta visibilidade, mas tive reconhecimentos incr\u00edveis de l\u00e1 para c\u00e1. \u00c9 muito gostoso relembrar tudo o que conquistei nesse per\u00edodo por acreditar e me dedicar ao meu projeto.<\/p>\n\n<p>Detalhe: o Andr\u00e9 ainda aprontou uma surpresa que me fez desandar de rir no finalzinho da live \u2014 gra\u00e7as \u00e0 contribui\u00e7\u00e3o do meu dign\u00edssimo, que fofocou para ele um ponto fraco que tenho.<\/p>\n\n<p>Enfim, transformei essa hist\u00f3ria em um artigo porque talvez ela possa inspirar voc\u00ea ou algu\u00e9m que voc\u00ea conhece.<\/p>\n\n<p>Minha mensagem \u00e9: quando aparecer algo que seja desafiador e tire voc\u00ea da zona de conforto de um jeito absurdo, APROVEITE. Claro, se isso fizer sentido para o que voc\u00ea pretende construir.<\/p>\n\n<p>E jamais duvide de que voc\u00ea d\u00e1 conta; em vez disso, prepare-se para oferecer algo positivo para as pessoas. Depois, n\u00e3o se cobre caso sinta que poderia ter feito algo melhor \u2014 essa sensa\u00e7\u00e3o sempre estar\u00e1 do seu lado, a vida todinha. Hehehe\u00a0<\/p>\n\n<p>Enfim, o v\u00eddeo com a live est\u00e1 ali em cima.\u00a0<br \/>Divirta-se tanto quando eu, o Andr\u00e9 e a audi\u00eancia nos divertimos. \ud83d\ude42<\/p>\n\t\t\t\t\t\t\t\t<\/div>\n\t\t\t\t<\/div>\n\t\t\t\t\t<\/div>\n\t\t<\/div>\n\t\t\t\t\t<\/div>\n\t\t<\/section>\n\t\t\t\t<section class=\"elementor-section elementor-top-section elementor-element elementor-element-9c10a6f elementor-section-boxed elementor-section-height-default elementor-section-height-default\" data-id=\"9c10a6f\" data-element_type=\"section\">\n\t\t\t\t\t\t<div class=\"elementor-container elementor-column-gap-default\">\n\t\t\t\t\t<div class=\"elementor-column elementor-col-33 elementor-top-column elementor-element elementor-element-32e381e\" data-id=\"32e381e\" data-element_type=\"column\">\n\t\t\t<div class=\"elementor-widget-wrap elementor-element-populated\">\n\t\t\t\t\t\t<div class=\"elementor-element elementor-element-765211f elementor-invisible elementor-widget elementor-widget-image\" data-id=\"765211f\" data-element_type=\"widget\" data-settings=\"{&quot;_animation&quot;:&quot;slideInLeft&quot;}\" data-widget_type=\"image.default\">\n\t\t\t\t<div class=\"elementor-widget-container\">\n\t\t\t\t\t\t\t\t\t\t\t\t\t\t\t<img decoding=\"async\" width=\"681\" height=\"1024\" src=\"https:\/\/monicaguerretta.com\/qualeocerto\/wp-content\/uploads\/2022\/07\/Monica-Guerretta-Qual-e-o-certo-681x1024.jpg\" class=\"attachment-large size-large wp-image-1980\" alt=\"M\u00f4nica-Guerretta-Qual-\u00e9-o-certo\" srcset=\"https:\/\/monicaguerretta.com\/qualeocerto\/wp-content\/uploads\/2022\/07\/Monica-Guerretta-Qual-e-o-certo-681x1024.jpg 681w, https:\/\/monicaguerretta.com\/qualeocerto\/wp-content\/uploads\/2022\/07\/Monica-Guerretta-Qual-e-o-certo-200x300.jpg 200w, https:\/\/monicaguerretta.com\/qualeocerto\/wp-content\/uploads\/2022\/07\/Monica-Guerretta-Qual-e-o-certo-768x1155.jpg 768w, https:\/\/monicaguerretta.com\/qualeocerto\/wp-content\/uploads\/2022\/07\/Monica-Guerretta-Qual-e-o-certo-1022x1536.jpg 1022w, https:\/\/monicaguerretta.com\/qualeocerto\/wp-content\/uploads\/2022\/07\/Monica-Guerretta-Qual-e-o-certo-1362x2048.jpg 1362w, https:\/\/monicaguerretta.com\/qualeocerto\/wp-content\/uploads\/2022\/07\/Monica-Guerretta-Qual-e-o-certo-scaled.jpg 1703w\" sizes=\"(max-width: 681px) 100vw, 681px\" \/>\t\t\t\t\t\t\t\t\t\t\t\t\t\t\t<\/div>\n\t\t\t\t<\/div>\n\t\t\t\t\t<\/div>\n\t\t<\/div>\n\t\t\t\t<div class=\"elementor-column elementor-col-66 elementor-top-column elementor-element elementor-element-9395d2f\" data-id=\"9395d2f\" data-element_type=\"column\">\n\t\t\t<div class=\"elementor-widget-wrap elementor-element-populated\">\n\t\t\t\t\t\t<div class=\"elementor-element elementor-element-9b31d54 elementor-invisible elementor-widget elementor-widget-text-editor\" data-id=\"9b31d54\" data-element_type=\"widget\" data-settings=\"{&quot;_animation&quot;:&quot;slideInRight&quot;}\" data-widget_type=\"text-editor.default\">\n\t\t\t\t<div class=\"elementor-widget-container\">\n\t\t\t\t\t\t\t\t\t<p><b>Minha live e meu artigo ajudaram voc\u00ea de alguma forma?<br \/><\/b><span style=\"font-weight: 400;\">Ent\u00e3o apoie o Qual \u00e9 o certo?, por favorzinho. \ud83d\udc99<\/span><\/p>\n<ul>\n<li><a href=\"https:\/\/www.youtube.com\/c\/qualeocerto\" target=\"_blank\" rel=\"noopener\"><span style=\"font-weight: 400;\">Inscreva-se no canal do YouTube<\/span><\/a><\/li>\n<li><a href=\"https:\/\/www.instagram.com\/qualeocerto\/\" target=\"_blank\" rel=\"noopener\"><span style=\"font-weight: 400;\">Siga no Instagram<\/span><\/a><\/li>\n<li><a href=\"https:\/\/www.linkedin.com\/in\/monicaguerretta\/\"><span style=\"font-weight: 400;\">Acompanhe no LinkedIn<\/span><\/a><\/li>\n<li><span style=\"font-weight: 400;\">Compartilhe este conte\u00fado <\/span><\/li>\n<\/ul>\t\t\t\t\t\t\t\t<\/div>\n\t\t\t\t<\/div>\n\t\t\t\t\t<\/div>\n\t\t<\/div>\n\t\t\t\t\t<\/div>\n\t\t<\/section>\n\t\t\t\t<\/div>\n\t\t","protected":false},"excerpt":{"rendered":"<p>H\u00e1 dois anos, recebi o convite que mais me deixou nervosa na vida: o Andr\u00e9 Vasco&hellip;<\/p>\n","protected":false},"author":2,"featured_media":2734,"comment_status":"open","ping_status":"open","sticky":false,"template":"","format":"standard","meta":{"_exactmetrics_skip_tracking":false,"_exactmetrics_sitenote_active":false,"_exactmetrics_sitenote_note":"","_exactmetrics_sitenote_category":0,"footnotes":""},"categories":[291,292],"tags":[323,322,321,324],"class_list":["post-2728","post","type-post","status-publish","format-standard","has-post-thumbnail","hentry","category-portugues","category-publicidade-e-copywriting","tag-andre-vasco","tag-instagram","tag-live","tag-monica-guerretta"],"yoast_head":"<!-- This site is optimized with the Yoast SEO plugin v27.5 - https:\/\/yoast.com\/product\/yoast-seo-wordpress\/ -->\n<title>O dia em que rolou uma live com M\u00f4nica Guerretta e Andr\u00e9 Vasco &#187; Qual \u00e9 o certo?<\/title>\n<meta name=\"description\" content=\"Quem diria... imaginar que um dia rolaria uma live entre M\u00f4nica Guerretta e Andr\u00e9 Vasco? Pois \u00e9, esse momento aconteceu - e foi incr\u00edvel!\" \/>\n<meta name=\"robots\" content=\"index, follow, max-snippet:-1, max-image-preview:large, max-video-preview:-1\" \/>\n<link rel=\"canonical\" href=\"https:\/\/monicaguerretta.com\/qualeocerto\/live-monica-guerretta-andre-vasco\/\" \/>\n<meta property=\"og:locale\" content=\"pt_BR\" \/>\n<meta property=\"og:type\" content=\"article\" \/>\n<meta property=\"og:title\" content=\"O dia em que rolou uma live com M\u00f4nica Guerretta e Andr\u00e9 Vasco &#187; Qual \u00e9 o certo?\" \/>\n<meta property=\"og:description\" content=\"Quem diria... imaginar que um dia rolaria uma live entre M\u00f4nica Guerretta e Andr\u00e9 Vasco? Pois \u00e9, esse momento aconteceu - e foi incr\u00edvel!\" \/>\n<meta property=\"og:url\" content=\"https:\/\/monicaguerretta.com\/qualeocerto\/live-monica-guerretta-andre-vasco\/\" \/>\n<meta property=\"og:site_name\" content=\"Qual \u00e9 o certo?\" \/>\n<meta property=\"article:publisher\" content=\"https:\/\/www.facebook.com\/qualeocerto\" \/>\n<meta property=\"article:published_time\" content=\"2022-07-30T17:19:00+00:00\" \/>\n<meta property=\"article:modified_time\" content=\"2023-01-22T18:00:57+00:00\" \/>\n<meta property=\"og:image\" content=\"https:\/\/monicaguerretta.com\/qualeocerto\/wp-content\/uploads\/2022\/07\/live-Monica-Guerretta-e-Andre-Vasco-qual-e-o-certo.png\" \/>\n\t<meta property=\"og:image:width\" content=\"1080\" \/>\n\t<meta property=\"og:image:height\" content=\"1081\" \/>\n\t<meta property=\"og:image:type\" content=\"image\/png\" \/>\n<meta name=\"author\" content=\"M\u00f4nica Guerretta\" \/>\n<meta name=\"twitter:card\" content=\"summary_large_image\" \/>\n<meta name=\"twitter:label1\" content=\"Escrito por\" \/>\n\t<meta name=\"twitter:data1\" content=\"M\u00f4nica Guerretta\" \/>\n\t<meta name=\"twitter:label2\" content=\"Est. tempo de leitura\" \/>\n\t<meta name=\"twitter:data2\" content=\"4 minutos\" \/>\n<script type=\"application\/ld+json\" class=\"yoast-schema-graph\">{\"@context\":\"https:\\\/\\\/schema.org\",\"@graph\":[{\"@type\":\"Article\",\"@id\":\"https:\\\/\\\/monicaguerretta.com\\\/qualeocerto\\\/live-monica-guerretta-andre-vasco\\\/#article\",\"isPartOf\":{\"@id\":\"https:\\\/\\\/monicaguerretta.com\\\/qualeocerto\\\/live-monica-guerretta-andre-vasco\\\/\"},\"author\":{\"name\":\"M\u00f4nica Guerretta\",\"@id\":\"https:\\\/\\\/monicaguerretta.com\\\/qualeocerto\\\/#\\\/schema\\\/person\\\/214b5e9a83b11fe11a18ecae0d21f79a\"},\"headline\":\"O dia em que rolou uma live com M\u00f4nica Guerretta e Andr\u00e9 Vasco\",\"datePublished\":\"2022-07-30T17:19:00+00:00\",\"dateModified\":\"2023-01-22T18:00:57+00:00\",\"mainEntityOfPage\":{\"@id\":\"https:\\\/\\\/monicaguerretta.com\\\/qualeocerto\\\/live-monica-guerretta-andre-vasco\\\/\"},\"wordCount\":635,\"commentCount\":0,\"publisher\":{\"@id\":\"https:\\\/\\\/monicaguerretta.com\\\/qualeocerto\\\/#organization\"},\"image\":{\"@id\":\"https:\\\/\\\/monicaguerretta.com\\\/qualeocerto\\\/live-monica-guerretta-andre-vasco\\\/#primaryimage\"},\"thumbnailUrl\":\"https:\\\/\\\/monicaguerretta.com\\\/qualeocerto\\\/wp-content\\\/uploads\\\/2022\\\/07\\\/live-Monica-Guerretta-e-Andre-Vasco-qual-e-o-certo.png\",\"keywords\":[\"Andr\u00e9 Vasco\",\"Instagram\",\"live\",\"M\u00f4nica Guerretta\"],\"articleSection\":[\"Portugu\u00eas\",\"Publicidade &amp; Copywriting\"],\"inLanguage\":\"pt-BR\",\"potentialAction\":[{\"@type\":\"CommentAction\",\"name\":\"Comment\",\"target\":[\"https:\\\/\\\/monicaguerretta.com\\\/qualeocerto\\\/live-monica-guerretta-andre-vasco\\\/#respond\"]}]},{\"@type\":\"WebPage\",\"@id\":\"https:\\\/\\\/monicaguerretta.com\\\/qualeocerto\\\/live-monica-guerretta-andre-vasco\\\/\",\"url\":\"https:\\\/\\\/monicaguerretta.com\\\/qualeocerto\\\/live-monica-guerretta-andre-vasco\\\/\",\"name\":\"O dia em que rolou uma live com M\u00f4nica Guerretta e Andr\u00e9 Vasco &#187; Qual \u00e9 o certo?\",\"isPartOf\":{\"@id\":\"https:\\\/\\\/monicaguerretta.com\\\/qualeocerto\\\/#website\"},\"primaryImageOfPage\":{\"@id\":\"https:\\\/\\\/monicaguerretta.com\\\/qualeocerto\\\/live-monica-guerretta-andre-vasco\\\/#primaryimage\"},\"image\":{\"@id\":\"https:\\\/\\\/monicaguerretta.com\\\/qualeocerto\\\/live-monica-guerretta-andre-vasco\\\/#primaryimage\"},\"thumbnailUrl\":\"https:\\\/\\\/monicaguerretta.com\\\/qualeocerto\\\/wp-content\\\/uploads\\\/2022\\\/07\\\/live-Monica-Guerretta-e-Andre-Vasco-qual-e-o-certo.png\",\"datePublished\":\"2022-07-30T17:19:00+00:00\",\"dateModified\":\"2023-01-22T18:00:57+00:00\",\"description\":\"Quem diria... imaginar que um dia rolaria uma live entre M\u00f4nica Guerretta e Andr\u00e9 Vasco? Pois \u00e9, esse momento aconteceu - e foi incr\u00edvel!\",\"breadcrumb\":{\"@id\":\"https:\\\/\\\/monicaguerretta.com\\\/qualeocerto\\\/live-monica-guerretta-andre-vasco\\\/#breadcrumb\"},\"inLanguage\":\"pt-BR\",\"potentialAction\":[{\"@type\":\"ReadAction\",\"target\":[\"https:\\\/\\\/monicaguerretta.com\\\/qualeocerto\\\/live-monica-guerretta-andre-vasco\\\/\"]}]},{\"@type\":\"ImageObject\",\"inLanguage\":\"pt-BR\",\"@id\":\"https:\\\/\\\/monicaguerretta.com\\\/qualeocerto\\\/live-monica-guerretta-andre-vasco\\\/#primaryimage\",\"url\":\"https:\\\/\\\/monicaguerretta.com\\\/qualeocerto\\\/wp-content\\\/uploads\\\/2022\\\/07\\\/live-Monica-Guerretta-e-Andre-Vasco-qual-e-o-certo.png\",\"contentUrl\":\"https:\\\/\\\/monicaguerretta.com\\\/qualeocerto\\\/wp-content\\\/uploads\\\/2022\\\/07\\\/live-Monica-Guerretta-e-Andre-Vasco-qual-e-o-certo.png\",\"width\":1080,\"height\":1081,\"caption\":\"live M\u00f4nica Guerretta e Andr\u00e9 Vasco - qual \u00e9 o certo\"},{\"@type\":\"BreadcrumbList\",\"@id\":\"https:\\\/\\\/monicaguerretta.com\\\/qualeocerto\\\/live-monica-guerretta-andre-vasco\\\/#breadcrumb\",\"itemListElement\":[{\"@type\":\"ListItem\",\"position\":1,\"name\":\"In\u00edcio\",\"item\":\"https:\\\/\\\/monicaguerretta.com\\\/qualeocerto\\\/\"},{\"@type\":\"ListItem\",\"position\":2,\"name\":\"O dia em que rolou uma live com M\u00f4nica Guerretta e Andr\u00e9 Vasco\"}]},{\"@type\":\"WebSite\",\"@id\":\"https:\\\/\\\/monicaguerretta.com\\\/qualeocerto\\\/#website\",\"url\":\"https:\\\/\\\/monicaguerretta.com\\\/qualeocerto\\\/\",\"name\":\"Qual \u00e9 o Certo?\",\"description\":\"M\u00f4nica Guerretta | Redatora publicit\u00e1ria | Copywriting - UX Writing\",\"publisher\":{\"@id\":\"https:\\\/\\\/monicaguerretta.com\\\/qualeocerto\\\/#organization\"},\"potentialAction\":[{\"@type\":\"SearchAction\",\"target\":{\"@type\":\"EntryPoint\",\"urlTemplate\":\"https:\\\/\\\/monicaguerretta.com\\\/qualeocerto\\\/?s={search_term_string}\"},\"query-input\":{\"@type\":\"PropertyValueSpecification\",\"valueRequired\":true,\"valueName\":\"search_term_string\"}}],\"inLanguage\":\"pt-BR\"},{\"@type\":\"Organization\",\"@id\":\"https:\\\/\\\/monicaguerretta.com\\\/qualeocerto\\\/#organization\",\"name\":\"Qual \u00e9 o certo?\",\"url\":\"https:\\\/\\\/monicaguerretta.com\\\/qualeocerto\\\/\",\"logo\":{\"@type\":\"ImageObject\",\"inLanguage\":\"pt-BR\",\"@id\":\"https:\\\/\\\/monicaguerretta.com\\\/qualeocerto\\\/#\\\/schema\\\/logo\\\/image\\\/\",\"url\":\"https:\\\/\\\/monicaguerretta.com\\\/qualeocerto\\\/wp-content\\\/uploads\\\/2022\\\/08\\\/marca-quale.png\",\"contentUrl\":\"https:\\\/\\\/monicaguerretta.com\\\/qualeocerto\\\/wp-content\\\/uploads\\\/2022\\\/08\\\/marca-quale.png\",\"width\":592,\"height\":315,\"caption\":\"Qual \u00e9 o certo?\"},\"image\":{\"@id\":\"https:\\\/\\\/monicaguerretta.com\\\/qualeocerto\\\/#\\\/schema\\\/logo\\\/image\\\/\"},\"sameAs\":[\"https:\\\/\\\/www.facebook.com\\\/qualeocerto\",\"https:\\\/\\\/www.instagram.com\\\/qualeocerto\\\/\",\"https:\\\/\\\/www.youtube.com\\\/c\\\/qualeocerto\"]},{\"@type\":\"Person\",\"@id\":\"https:\\\/\\\/monicaguerretta.com\\\/qualeocerto\\\/#\\\/schema\\\/person\\\/214b5e9a83b11fe11a18ecae0d21f79a\",\"name\":\"M\u00f4nica Guerretta\",\"image\":{\"@type\":\"ImageObject\",\"inLanguage\":\"pt-BR\",\"@id\":\"https:\\\/\\\/secure.gravatar.com\\\/avatar\\\/cc0028ec5e6e39e7cd7e61c0fa6158a6d7f1edc39c4f536d768ad95ee3e26a8a?s=96&d=mm&r=g\",\"url\":\"https:\\\/\\\/secure.gravatar.com\\\/avatar\\\/cc0028ec5e6e39e7cd7e61c0fa6158a6d7f1edc39c4f536d768ad95ee3e26a8a?s=96&d=mm&r=g\",\"contentUrl\":\"https:\\\/\\\/secure.gravatar.com\\\/avatar\\\/cc0028ec5e6e39e7cd7e61c0fa6158a6d7f1edc39c4f536d768ad95ee3e26a8a?s=96&d=mm&r=g\",\"caption\":\"M\u00f4nica Guerretta\"}}]}<\/script>\n<!-- \/ Yoast SEO plugin. -->","yoast_head_json":{"title":"O dia em que rolou uma live com M\u00f4nica Guerretta e Andr\u00e9 Vasco &#187; Qual \u00e9 o certo?","description":"Quem diria... imaginar que um dia rolaria uma live entre M\u00f4nica Guerretta e Andr\u00e9 Vasco? Pois \u00e9, esse momento aconteceu - e foi incr\u00edvel!","robots":{"index":"index","follow":"follow","max-snippet":"max-snippet:-1","max-image-preview":"max-image-preview:large","max-video-preview":"max-video-preview:-1"},"canonical":"https:\/\/monicaguerretta.com\/qualeocerto\/live-monica-guerretta-andre-vasco\/","og_locale":"pt_BR","og_type":"article","og_title":"O dia em que rolou uma live com M\u00f4nica Guerretta e Andr\u00e9 Vasco &#187; Qual \u00e9 o certo?","og_description":"Quem diria... imaginar que um dia rolaria uma live entre M\u00f4nica Guerretta e Andr\u00e9 Vasco? Pois \u00e9, esse momento aconteceu - e foi incr\u00edvel!","og_url":"https:\/\/monicaguerretta.com\/qualeocerto\/live-monica-guerretta-andre-vasco\/","og_site_name":"Qual \u00e9 o certo?","article_publisher":"https:\/\/www.facebook.com\/qualeocerto","article_published_time":"2022-07-30T17:19:00+00:00","article_modified_time":"2023-01-22T18:00:57+00:00","og_image":[{"width":1080,"height":1081,"url":"https:\/\/monicaguerretta.com\/qualeocerto\/wp-content\/uploads\/2022\/07\/live-Monica-Guerretta-e-Andre-Vasco-qual-e-o-certo.png","type":"image\/png"}],"author":"M\u00f4nica Guerretta","twitter_card":"summary_large_image","twitter_misc":{"Escrito por":"M\u00f4nica Guerretta","Est. tempo de leitura":"4 minutos"},"schema":{"@context":"https:\/\/schema.org","@graph":[{"@type":"Article","@id":"https:\/\/monicaguerretta.com\/qualeocerto\/live-monica-guerretta-andre-vasco\/#article","isPartOf":{"@id":"https:\/\/monicaguerretta.com\/qualeocerto\/live-monica-guerretta-andre-vasco\/"},"author":{"name":"M\u00f4nica Guerretta","@id":"https:\/\/monicaguerretta.com\/qualeocerto\/#\/schema\/person\/214b5e9a83b11fe11a18ecae0d21f79a"},"headline":"O dia em que rolou uma live com M\u00f4nica Guerretta e Andr\u00e9 Vasco","datePublished":"2022-07-30T17:19:00+00:00","dateModified":"2023-01-22T18:00:57+00:00","mainEntityOfPage":{"@id":"https:\/\/monicaguerretta.com\/qualeocerto\/live-monica-guerretta-andre-vasco\/"},"wordCount":635,"commentCount":0,"publisher":{"@id":"https:\/\/monicaguerretta.com\/qualeocerto\/#organization"},"image":{"@id":"https:\/\/monicaguerretta.com\/qualeocerto\/live-monica-guerretta-andre-vasco\/#primaryimage"},"thumbnailUrl":"https:\/\/monicaguerretta.com\/qualeocerto\/wp-content\/uploads\/2022\/07\/live-Monica-Guerretta-e-Andre-Vasco-qual-e-o-certo.png","keywords":["Andr\u00e9 Vasco","Instagram","live","M\u00f4nica Guerretta"],"articleSection":["Portugu\u00eas","Publicidade &amp; Copywriting"],"inLanguage":"pt-BR","potentialAction":[{"@type":"CommentAction","name":"Comment","target":["https:\/\/monicaguerretta.com\/qualeocerto\/live-monica-guerretta-andre-vasco\/#respond"]}]},{"@type":"WebPage","@id":"https:\/\/monicaguerretta.com\/qualeocerto\/live-monica-guerretta-andre-vasco\/","url":"https:\/\/monicaguerretta.com\/qualeocerto\/live-monica-guerretta-andre-vasco\/","name":"O dia em que rolou uma live com M\u00f4nica Guerretta e Andr\u00e9 Vasco &#187; Qual \u00e9 o certo?","isPartOf":{"@id":"https:\/\/monicaguerretta.com\/qualeocerto\/#website"},"primaryImageOfPage":{"@id":"https:\/\/monicaguerretta.com\/qualeocerto\/live-monica-guerretta-andre-vasco\/#primaryimage"},"image":{"@id":"https:\/\/monicaguerretta.com\/qualeocerto\/live-monica-guerretta-andre-vasco\/#primaryimage"},"thumbnailUrl":"https:\/\/monicaguerretta.com\/qualeocerto\/wp-content\/uploads\/2022\/07\/live-Monica-Guerretta-e-Andre-Vasco-qual-e-o-certo.png","datePublished":"2022-07-30T17:19:00+00:00","dateModified":"2023-01-22T18:00:57+00:00","description":"Quem diria... imaginar que um dia rolaria uma live entre M\u00f4nica Guerretta e Andr\u00e9 Vasco? Pois \u00e9, esse momento aconteceu - e foi incr\u00edvel!","breadcrumb":{"@id":"https:\/\/monicaguerretta.com\/qualeocerto\/live-monica-guerretta-andre-vasco\/#breadcrumb"},"inLanguage":"pt-BR","potentialAction":[{"@type":"ReadAction","target":["https:\/\/monicaguerretta.com\/qualeocerto\/live-monica-guerretta-andre-vasco\/"]}]},{"@type":"ImageObject","inLanguage":"pt-BR","@id":"https:\/\/monicaguerretta.com\/qualeocerto\/live-monica-guerretta-andre-vasco\/#primaryimage","url":"https:\/\/monicaguerretta.com\/qualeocerto\/wp-content\/uploads\/2022\/07\/live-Monica-Guerretta-e-Andre-Vasco-qual-e-o-certo.png","contentUrl":"https:\/\/monicaguerretta.com\/qualeocerto\/wp-content\/uploads\/2022\/07\/live-Monica-Guerretta-e-Andre-Vasco-qual-e-o-certo.png","width":1080,"height":1081,"caption":"live M\u00f4nica Guerretta e Andr\u00e9 Vasco - qual \u00e9 o certo"},{"@type":"BreadcrumbList","@id":"https:\/\/monicaguerretta.com\/qualeocerto\/live-monica-guerretta-andre-vasco\/#breadcrumb","itemListElement":[{"@type":"ListItem","position":1,"name":"In\u00edcio","item":"https:\/\/monicaguerretta.com\/qualeocerto\/"},{"@type":"ListItem","position":2,"name":"O dia em que rolou uma live com M\u00f4nica Guerretta e Andr\u00e9 Vasco"}]},{"@type":"WebSite","@id":"https:\/\/monicaguerretta.com\/qualeocerto\/#website","url":"https:\/\/monicaguerretta.com\/qualeocerto\/","name":"Qual \u00e9 o Certo?","description":"M\u00f4nica Guerretta | Redatora publicit\u00e1ria | Copywriting - UX Writing","publisher":{"@id":"https:\/\/monicaguerretta.com\/qualeocerto\/#organization"},"potentialAction":[{"@type":"SearchAction","target":{"@type":"EntryPoint","urlTemplate":"https:\/\/monicaguerretta.com\/qualeocerto\/?s={search_term_string}"},"query-input":{"@type":"PropertyValueSpecification","valueRequired":true,"valueName":"search_term_string"}}],"inLanguage":"pt-BR"},{"@type":"Organization","@id":"https:\/\/monicaguerretta.com\/qualeocerto\/#organization","name":"Qual \u00e9 o certo?","url":"https:\/\/monicaguerretta.com\/qualeocerto\/","logo":{"@type":"ImageObject","inLanguage":"pt-BR","@id":"https:\/\/monicaguerretta.com\/qualeocerto\/#\/schema\/logo\/image\/","url":"https:\/\/monicaguerretta.com\/qualeocerto\/wp-content\/uploads\/2022\/08\/marca-quale.png","contentUrl":"https:\/\/monicaguerretta.com\/qualeocerto\/wp-content\/uploads\/2022\/08\/marca-quale.png","width":592,"height":315,"caption":"Qual \u00e9 o certo?"},"image":{"@id":"https:\/\/monicaguerretta.com\/qualeocerto\/#\/schema\/logo\/image\/"},"sameAs":["https:\/\/www.facebook.com\/qualeocerto","https:\/\/www.instagram.com\/qualeocerto\/","https:\/\/www.youtube.com\/c\/qualeocerto"]},{"@type":"Person","@id":"https:\/\/monicaguerretta.com\/qualeocerto\/#\/schema\/person\/214b5e9a83b11fe11a18ecae0d21f79a","name":"M\u00f4nica Guerretta","image":{"@type":"ImageObject","inLanguage":"pt-BR","@id":"https:\/\/secure.gravatar.com\/avatar\/cc0028ec5e6e39e7cd7e61c0fa6158a6d7f1edc39c4f536d768ad95ee3e26a8a?s=96&d=mm&r=g","url":"https:\/\/secure.gravatar.com\/avatar\/cc0028ec5e6e39e7cd7e61c0fa6158a6d7f1edc39c4f536d768ad95ee3e26a8a?s=96&d=mm&r=g","contentUrl":"https:\/\/secure.gravatar.com\/avatar\/cc0028ec5e6e39e7cd7e61c0fa6158a6d7f1edc39c4f536d768ad95ee3e26a8a?s=96&d=mm&r=g","caption":"M\u00f4nica Guerretta"}}]}},"_links":{"self":[{"href":"https:\/\/monicaguerretta.com\/qualeocerto\/wp-json\/wp\/v2\/posts\/2728","targetHints":{"allow":["GET"]}}],"collection":[{"href":"https:\/\/monicaguerretta.com\/qualeocerto\/wp-json\/wp\/v2\/posts"}],"about":[{"href":"https:\/\/monicaguerretta.com\/qualeocerto\/wp-json\/wp\/v2\/types\/post"}],"author":[{"embeddable":true,"href":"https:\/\/monicaguerretta.com\/qualeocerto\/wp-json\/wp\/v2\/users\/2"}],"replies":[{"embeddable":true,"href":"https:\/\/monicaguerretta.com\/qualeocerto\/wp-json\/wp\/v2\/comments?post=2728"}],"version-history":[{"count":10,"href":"https:\/\/monicaguerretta.com\/qualeocerto\/wp-json\/wp\/v2\/posts\/2728\/revisions"}],"predecessor-version":[{"id":2744,"href":"https:\/\/monicaguerretta.com\/qualeocerto\/wp-json\/wp\/v2\/posts\/2728\/revisions\/2744"}],"wp:featuredmedia":[{"embeddable":true,"href":"https:\/\/monicaguerretta.com\/qualeocerto\/wp-json\/wp\/v2\/media\/2734"}],"wp:attachment":[{"href":"https:\/\/monicaguerretta.com\/qualeocerto\/wp-json\/wp\/v2\/media?parent=2728"}],"wp:term":[{"taxonomy":"category","embeddable":true,"href":"https:\/\/monicaguerretta.com\/qualeocerto\/wp-json\/wp\/v2\/categories?post=2728"},{"taxonomy":"post_tag","embeddable":true,"href":"https:\/\/monicaguerretta.com\/qualeocerto\/wp-json\/wp\/v2\/tags?post=2728"}],"curies":[{"name":"wp","href":"https:\/\/api.w.org\/{rel}","templated":true}]}}