{"id":2750,"date":"2023-01-26T11:11:45","date_gmt":"2023-01-26T14:11:45","guid":{"rendered":"https:\/\/monicaguerretta.com\/qualeocerto\/?p=2750"},"modified":"2023-01-28T15:52:22","modified_gmt":"2023-01-28T18:52:22","slug":"aspas","status":"publish","type":"post","link":"https:\/\/monicaguerretta.com\/qualeocerto\/aspas\/","title":{"rendered":"<strong>Como usar as aspas?<\/strong>"},"content":{"rendered":"\t\t<div data-elementor-type=\"wp-post\" data-elementor-id=\"2750\" class=\"elementor elementor-2750\">\n\t\t\t\t\t\t<section class=\"elementor-section elementor-top-section elementor-element elementor-element-6d250c1 elementor-section-boxed elementor-section-height-default elementor-section-height-default\" data-id=\"6d250c1\" data-element_type=\"section\">\n\t\t\t\t\t\t<div class=\"elementor-container elementor-column-gap-default\">\n\t\t\t\t\t<div class=\"elementor-column elementor-col-100 elementor-top-column elementor-element elementor-element-5ead055\" data-id=\"5ead055\" data-element_type=\"column\">\n\t\t\t<div class=\"elementor-widget-wrap elementor-element-populated\">\n\t\t\t\t\t\t<div class=\"elementor-element elementor-element-5293529 elementor-widget elementor-widget-text-editor\" data-id=\"5293529\" data-element_type=\"widget\" data-widget_type=\"text-editor.default\">\n\t\t\t\t<div class=\"elementor-widget-container\">\n\t\t\t\t\t\t\t\t\t<p>Muitas pessoas se perdem com o uso das <strong><mark class=\"has-inline-color has-vivid-purple-color\" style=\"background-color: rgba(0, 0, 0, 0);\">aspas<\/mark><\/strong> \u2014 e, por voc\u00ea estar aqui, possivelmente voc\u00ea \u00e9 uma delas. \ud83d\ude05<\/p>\n<p><!-- \/wp:paragraph --><!-- wp:paragraph --><\/p>\n<p>Mas est\u00e1 tudo certo, porque agora vou ajudar voc\u00ea a se entender com essas danadinhas. \ud83e\udd2d<\/p>\t\t\t\t\t\t\t\t<\/div>\n\t\t\t\t<\/div>\n\t\t\t\t\t<\/div>\n\t\t<\/div>\n\t\t\t\t\t<\/div>\n\t\t<\/section>\n\t\t\t\t<section class=\"elementor-section elementor-top-section elementor-element elementor-element-e15a2d2 elementor-section-boxed elementor-section-height-default elementor-section-height-default\" data-id=\"e15a2d2\" data-element_type=\"section\">\n\t\t\t\t\t\t<div class=\"elementor-container elementor-column-gap-default\">\n\t\t\t\t\t<div class=\"elementor-column elementor-col-100 elementor-top-column elementor-element elementor-element-be7445a\" data-id=\"be7445a\" data-element_type=\"column\">\n\t\t\t<div class=\"elementor-widget-wrap elementor-element-populated\">\n\t\t\t\t\t\t<div class=\"elementor-element elementor-element-fef3da9 elementor-widget elementor-widget-video\" data-id=\"fef3da9\" data-element_type=\"widget\" data-settings=\"{&quot;youtube_url&quot;:&quot;https:\\\/\\\/youtu.be\\\/U7U_V4z5zTc&quot;,&quot;video_type&quot;:&quot;youtube&quot;,&quot;controls&quot;:&quot;yes&quot;}\" data-widget_type=\"video.default\">\n\t\t\t\t<div class=\"elementor-widget-container\">\n\t\t\t\t\t\t\t<div class=\"elementor-wrapper elementor-open-inline\">\n\t\t\t<div class=\"elementor-video\"><\/div>\t\t<\/div>\n\t\t\t\t\t\t<\/div>\n\t\t\t\t<\/div>\n\t\t\t\t\t<\/div>\n\t\t<\/div>\n\t\t\t\t\t<\/div>\n\t\t<\/section>\n\t\t\t\t<section class=\"elementor-section elementor-top-section elementor-element elementor-element-28e70911 elementor-section-boxed elementor-section-height-default elementor-section-height-default\" data-id=\"28e70911\" data-element_type=\"section\">\n\t\t\t\t\t\t<div class=\"elementor-container elementor-column-gap-default\">\n\t\t\t\t\t<div class=\"elementor-column elementor-col-100 elementor-top-column elementor-element elementor-element-a9d24cf\" data-id=\"a9d24cf\" data-element_type=\"column\">\n\t\t\t<div class=\"elementor-widget-wrap elementor-element-populated\">\n\t\t\t\t\t\t<div class=\"elementor-element elementor-element-162ec0fc elementor-widget elementor-widget-text-editor\" data-id=\"162ec0fc\" data-element_type=\"widget\" data-widget_type=\"text-editor.default\">\n\t\t\t\t<div class=\"elementor-widget-container\">\n\t\t\t\t\t\t\t\t\t<!-- wp:paragraph --><!-- \/wp:embed --><!-- wp:heading {\"textColor\":\"vivid-purple\"} -->\n<h2 class=\"has-vivid-purple-color has-text-color\"><strong>Uso n\u00famero 1: Para apresentar uma cita\u00e7\u00e3o<\/strong><\/h2>\n<!-- \/wp:heading --><!-- wp:paragraph -->\n<p>Aprendemos este uso na escola, n\u00e3o \u00e9 mesmo?<\/p>\n<!-- \/wp:paragraph --><!-- wp:paragraph -->\n<p>Quando fazemos uma pesquisa em um livro, por exemplo, e queremos incluir um trecho da obra num trabalho nosso, precisamos colocar esse trecho entre <strong><strong><mark class=\"has-inline-color has-vivid-purple-color\" style=\"background-color: rgba(0, 0, 0, 0);\">aspas<\/mark><\/strong><\/strong> e depois mostrar de onde tiramos isso.<\/p>\n<!-- \/wp:paragraph --><!-- wp:paragraph -->\n<p>Veja um exemplo abaixo.<\/p>\n<!-- \/wp:paragraph --><!-- wp:paragraph -->\n<p><strong><mark class=\"has-inline-color has-vivid-purple-color\" style=\"background-color: rgba(0, 0, 0, 0);\">Aspas<\/mark><\/strong>, segundo o <a href=\"https:\/\/michaelis.uol.com.br\/moderno-portugues\/busca\/portugues-brasileiro\/aspa\/\" target=\"_blank\" rel=\"noreferrer noopener\">dicion\u00e1rio Michaelis<\/a>:<\/p>\n<!-- \/wp:paragraph --><!-- wp:quote -->\n<blockquote class=\"wp-block-quote\"><!-- wp:paragraph -->\n<p>\u201cSinal gr\u00e1fico, em forma de pequenas al\u00e7as ( ), que distinguem, em um texto, uma cita\u00e7\u00e3o, um t\u00edtulo de obra, nomes comerciais etc., ou servem para salientar palavras ou express\u00f5es especiais, sentidos figurados, g\u00edrias etc.; coma, v\u00edrgula desemparelhada, v\u00edrgula dobrada.\u201d<\/p>\n<!-- \/wp:paragraph --><\/blockquote>\n<!-- \/wp:quote --><!-- wp:paragraph -->\n<p>Eu pesquisei o significado delas no dicion\u00e1rio Michaelis e o trouxe para este conte\u00fado. Por isso, preciso destacar essa cita\u00e7\u00e3o entre <strong><strong><mark class=\"has-inline-color has-vivid-purple-color\" style=\"background-color: rgba(0, 0, 0, 0);\">aspas<\/mark><\/strong><\/strong>, porque eu a copiei de algum lugar.<\/p>\n<!-- \/wp:paragraph --><!-- wp:paragraph -->\n<p>Ei! Com esse exemplo voc\u00ea j\u00e1 viu uma baita explica\u00e7\u00e3o sobre os usos das <strong><strong><mark class=\"has-inline-color has-vivid-purple-color\" style=\"background-color: rgba(0, 0, 0, 0);\">aspas<\/mark><\/strong><\/strong>, hein? \ud83d\ude0e Mas vou continuar separando por t\u00f3picos, para facilitar sua vida e futuras consultas.\u00a0<\/p>\n<!-- \/wp:paragraph --><!-- wp:paragraph -->\n<p><strong><mark class=\"has-inline-color has-vivid-purple-color\" style=\"background-color: rgba(0, 0, 0, 0);\">Dica extra:<\/mark><\/strong><br \/>Quando voc\u00ea quiser confirmar como se usa uma pontua\u00e7\u00e3o, busque os seus significados nos dicion\u00e1rios. Assim voc\u00ea aprender\u00e1 at\u00e9 mesmo outras formas de us\u00e1-la. Legal, n\u00e9? \ud83d\ude04<\/p>\n<!-- \/wp:paragraph --><!-- wp:paragraph -->\n<p>E, claro, voc\u00ea tamb\u00e9m pode consultar o Qual \u00e9 o certo?. Aqui no blog tem <a href=\"https:\/\/monicaguerretta.com\/qualeocerto\/category\/pontuacoes\/\" target=\"_blank\" rel=\"noreferrer noopener\">uma se\u00e7\u00e3o todinha sobre as pontua\u00e7\u00f5es<\/a>.<\/p>\n<!-- \/wp:paragraph --><!-- wp:paragraph -->\n<p>Outro exemplo:<br \/><strong>Na placa estava escrito: \u201cPare\u201d.<\/strong> \u270b<\/p>\n<!-- \/wp:paragraph --><!-- wp:paragraph -->\n<p>Eu mencionei o que estava escrito na placa, ent\u00e3o preciso colocar a cita\u00e7\u00e3o entre <strong><strong><mark class=\"has-inline-color has-vivid-purple-color\" style=\"background-color: rgba(0, 0, 0, 0);\">aspas<\/mark><\/strong><\/strong>.<\/p>\n<!-- \/wp:paragraph --><!-- wp:heading {\"textColor\":\"vivid-purple\"} -->\n<h2 class=\"has-vivid-purple-color has-text-color\"><strong>Uso n\u00famero 2: Para indicar uma fala de algu\u00e9m<\/strong><\/h2>\n<!-- \/wp:heading --><!-- wp:paragraph -->\n<p>Veja este exemplo da <a href=\"https:\/\/www.amazon.com.br\/Gram%C3%A1tica-Houaiss-L%C3%ADngua-Portuguesa-Azeredo\/dp\/8579342198\/ref=asc_df_8579342198\/\" target=\"_blank\" rel=\"noreferrer noopener\">Gram\u00e1tica Houaiss da L\u00edngua Portuguesa<\/a>:<\/p>\n<!-- \/wp:paragraph --><!-- wp:quote -->\n<blockquote class=\"wp-block-quote\"><!-- wp:paragraph -->\n<p>&#8220;Peguei meu filho no colo (naquele tempo ainda dava), apertei-o com for\u00e7a e disse que s\u00f3 o soltaria se ele dissesse a palavra m\u00e1gica. E ele disse a palavra &#8216;m\u00e1gica&#8217;.&#8221;<br \/>[VERISSIMO, Luis Fernando. O Globo, 22\/6\/2008]<\/p>\n<!-- \/wp:paragraph --><\/blockquote>\n<!-- \/wp:quote --><!-- wp:paragraph -->\n<p>No caso, a Gram\u00e1tica Houaiss trouxe uma fala dentro de uma cita\u00e7\u00e3o, por isso a palavra \u201cm\u00e1gica\u201d aparece entre <strong><mark class=\"has-inline-color has-vivid-purple-color\" style=\"background-color: rgba(0, 0, 0, 0);\">aspas simples<\/mark><\/strong>, que marcam uma cita\u00e7\u00e3o dentro de outra cita\u00e7\u00e3o.\u00a0<\/p>\n<!-- \/wp:paragraph --><!-- wp:paragraph -->\n<p><mark class=\"has-inline-color has-vivid-purple-color\" style=\"background-color: rgba(0, 0, 0, 0);\"><strong>Aspas: \u201c \u201d<\/strong><br \/><strong>Aspas simples: \u2018 \u2019<\/strong><\/mark><\/p>\n<!-- \/wp:paragraph --><!-- wp:paragraph -->\n<p>Sacou?<\/p>\n<!-- \/wp:paragraph --><!-- wp:paragraph -->\n<p>No exemplo, o pai que pegou o filho no colo citou a fala do filho, que foi a palavra \u201cm\u00e1gica\u201d. \ud83d\ude09<\/p>\n<!-- \/wp:paragraph --><!-- wp:heading {\"textColor\":\"vivid-purple\"} -->\n<h2 class=\"has-vivid-purple-color has-text-color\"><strong>Uso n\u00famero 3: Para destacar nomes e t\u00edtulos<\/strong><\/h2>\n<!-- \/wp:heading --><!-- wp:paragraph -->\n<p>Voc\u00ea tamb\u00e9m usa as <strong><strong><mark class=\"has-inline-color has-vivid-purple-color\" style=\"background-color: rgba(0, 0, 0, 0);\">aspas<\/mark><\/strong><\/strong> para destacar o nome de um filme, de um livro ou um nome comercial.<\/p>\n<!-- \/wp:paragraph --><!-- wp:paragraph -->\n<p>Por exemplo:<br \/><strong>Meu filme preferido na vida \u00e9 \u201cBrilho Eterno de uma Mente sem Lembran\u00e7as\u201d. J\u00e1 o meu segundo filme predileto \u00e9 \u201cLa La Land\u201d.<\/strong><\/p>\n<!-- \/wp:paragraph --><!-- wp:paragraph -->\n<p>Viu? Eu destaquei os nomes dos meus dois filmes preferidos usando as <strong><strong><mark class=\"has-inline-color has-vivid-purple-color\" style=\"background-color: rgba(0, 0, 0, 0);\">aspas<\/mark><\/strong><\/strong>.<\/p>\n<!-- \/wp:paragraph --><!-- wp:paragraph -->\n<p>Preciso fazer isso? N\u00e3o preciso. Mas us\u00e1-las nesses casos ajuda a organizar as informa\u00e7\u00f5es. \ud83d\ude42<\/p>\n<!-- \/wp:paragraph --><!-- wp:heading {\"textColor\":\"vivid-purple\"} -->\n<h2 class=\"has-vivid-purple-color has-text-color\"><strong>Uso n\u00famero 4: Para destacar palavras ou express\u00f5es<\/strong><\/h2>\n<!-- \/wp:heading --><!-- wp:paragraph -->\n<p>Neste \u00faltimo caso, mostro que voc\u00ea pode usar as <strong><strong><mark class=\"has-inline-color has-vivid-purple-color\" style=\"background-color: rgba(0, 0, 0, 0);\">aspas<\/mark><\/strong><\/strong> para marcar palavras e express\u00f5es que queira destacar no seu texto. Ou ent\u00e3o para marcar palavras estrangeiras, que voc\u00ea pode destacar colocando entre <strong><mark class=\"has-inline-color has-vivid-purple-color\" style=\"background-color: rgba(0, 0, 0, 0);\">\u201caspas\u201d<\/mark><\/strong> ou em <em><strong><mark class=\"has-inline-color has-vivid-purple-color\" style=\"background-color: rgba(0, 0, 0, 0);\">it\u00e1lico<\/mark><\/strong><\/em>.<\/p>\n<!-- \/wp:paragraph --><!-- wp:paragraph -->\n<p>Por exemplo:<br \/><strong>Voc\u00ea j\u00e1 se inscreveu no meu canal l\u00e1 no YouTube? Aproveite tamb\u00e9m para seguir o \u201cQual \u00e9 o certo?\u201d no \u201cInsta\u201d.<\/strong><\/p>\n<!-- \/wp:paragraph --><!-- wp:paragraph -->\n<p>Aqui tamb\u00e9m n\u00e3o preciso usar as <strong><strong><mark class=\"has-inline-color has-vivid-purple-color\" style=\"background-color: rgba(0, 0, 0, 0);\">aspas<\/mark><\/strong><\/strong>. Mas posso usar.<br \/>Destaquei um nome, como vimos no uso anterior, e uma express\u00e3o: \u201cInsta\u201d.<\/p>\n<!-- \/wp:paragraph --><!-- wp:paragraph -->\n<p>Enfim, esses s\u00e3o os quatro usos. Espero que este artigo tenha ganhado um lugarzinho no seu cora\u00e7\u00e3o e nos seus favoritos. \ud83e\udd70<\/p>\n<!-- \/wp:paragraph -->\t\t\t\t\t\t\t\t<\/div>\n\t\t\t\t<\/div>\n\t\t\t\t\t<\/div>\n\t\t<\/div>\n\t\t\t\t\t<\/div>\n\t\t<\/section>\n\t\t\t\t<section class=\"elementor-section elementor-top-section elementor-element elementor-element-47bda85 elementor-section-boxed elementor-section-height-default elementor-section-height-default\" data-id=\"47bda85\" data-element_type=\"section\">\n\t\t\t\t\t\t<div class=\"elementor-container elementor-column-gap-default\">\n\t\t\t\t\t<div class=\"elementor-column elementor-col-33 elementor-top-column elementor-element elementor-element-cd74d57\" data-id=\"cd74d57\" data-element_type=\"column\">\n\t\t\t<div class=\"elementor-widget-wrap elementor-element-populated\">\n\t\t\t\t\t\t<div class=\"elementor-element elementor-element-f7dd32d elementor-invisible elementor-widget elementor-widget-image\" data-id=\"f7dd32d\" data-element_type=\"widget\" data-settings=\"{&quot;_animation&quot;:&quot;slideInLeft&quot;}\" data-widget_type=\"image.default\">\n\t\t\t\t<div class=\"elementor-widget-container\">\n\t\t\t\t\t\t\t\t\t\t\t\t\t\t\t<img fetchpriority=\"high\" decoding=\"async\" width=\"681\" height=\"1024\" src=\"https:\/\/monicaguerretta.com\/qualeocerto\/wp-content\/uploads\/2022\/07\/Monica-Guerretta-Qual-e-o-certo-681x1024.jpg\" class=\"attachment-large size-large wp-image-1980\" alt=\"M\u00f4nica-Guerretta-Qual-\u00e9-o-certo\" srcset=\"https:\/\/monicaguerretta.com\/qualeocerto\/wp-content\/uploads\/2022\/07\/Monica-Guerretta-Qual-e-o-certo-681x1024.jpg 681w, https:\/\/monicaguerretta.com\/qualeocerto\/wp-content\/uploads\/2022\/07\/Monica-Guerretta-Qual-e-o-certo-200x300.jpg 200w, https:\/\/monicaguerretta.com\/qualeocerto\/wp-content\/uploads\/2022\/07\/Monica-Guerretta-Qual-e-o-certo-768x1155.jpg 768w, https:\/\/monicaguerretta.com\/qualeocerto\/wp-content\/uploads\/2022\/07\/Monica-Guerretta-Qual-e-o-certo-1022x1536.jpg 1022w, https:\/\/monicaguerretta.com\/qualeocerto\/wp-content\/uploads\/2022\/07\/Monica-Guerretta-Qual-e-o-certo-1362x2048.jpg 1362w, https:\/\/monicaguerretta.com\/qualeocerto\/wp-content\/uploads\/2022\/07\/Monica-Guerretta-Qual-e-o-certo-scaled.jpg 1703w\" sizes=\"(max-width: 681px) 100vw, 681px\" \/>\t\t\t\t\t\t\t\t\t\t\t\t\t\t\t<\/div>\n\t\t\t\t<\/div>\n\t\t\t\t\t<\/div>\n\t\t<\/div>\n\t\t\t\t<div class=\"elementor-column elementor-col-66 elementor-top-column elementor-element elementor-element-2ce3a40\" data-id=\"2ce3a40\" data-element_type=\"column\">\n\t\t\t<div class=\"elementor-widget-wrap elementor-element-populated\">\n\t\t\t\t\t\t<div class=\"elementor-element elementor-element-bc47c71 elementor-invisible elementor-widget elementor-widget-text-editor\" data-id=\"bc47c71\" data-element_type=\"widget\" data-settings=\"{&quot;_animation&quot;:&quot;slideInRight&quot;}\" data-widget_type=\"text-editor.default\">\n\t\t\t\t<div class=\"elementor-widget-container\">\n\t\t\t\t\t\t\t\t\t<p><b>Este conte\u00fado ajudou voc\u00ea a se entender melhor com essa pontua\u00e7\u00e3o?\u00a0<br \/><\/b><span style=\"font-weight: 400;\">Ent\u00e3o apoie o Qual \u00e9 o certo?, por favorzinho. <img decoding=\"async\" class=\"emoji\" role=\"img\" draggable=\"false\" src=\"https:\/\/s.w.org\/images\/core\/emoji\/14.0.0\/svg\/1f499.svg\" alt=\"\ud83d\udc99\" \/><br \/><\/span><span style=\"font-weight: 400;\"><img decoding=\"async\" class=\"emoji\" role=\"img\" draggable=\"false\" src=\"https:\/\/s.w.org\/images\/core\/emoji\/14.0.0\/svg\/2705.svg\" alt=\"\u2705\" \/> <\/span><a href=\"https:\/\/www.youtube.com\/c\/qualeocerto\" target=\"_blank\" rel=\"noopener\"><span style=\"font-weight: 400;\">Inscreva-se no canal do YouTube<\/span><\/a><br \/><span style=\"font-weight: 400;\"><img decoding=\"async\" class=\"emoji\" role=\"img\" draggable=\"false\" src=\"https:\/\/s.w.org\/images\/core\/emoji\/14.0.0\/svg\/2705.svg\" alt=\"\u2705\" \/> <\/span><a href=\"https:\/\/www.instagram.com\/qualeocerto\/\" target=\"_blank\" rel=\"noopener\"><span style=\"font-weight: 400;\">Siga no Instagram<\/span><\/a><br \/><span style=\"font-weight: 400;\"><img decoding=\"async\" class=\"emoji\" role=\"img\" draggable=\"false\" src=\"https:\/\/s.w.org\/images\/core\/emoji\/14.0.0\/svg\/2705.svg\" alt=\"\u2705\" \/> <\/span><a href=\"https:\/\/www.linkedin.com\/in\/monicaguerretta\/\"><span style=\"font-weight: 400;\">Acompanhe no LinkedIn<\/span><\/a><br \/><span style=\"font-weight: 400;\"><img decoding=\"async\" class=\"emoji\" role=\"img\" draggable=\"false\" src=\"https:\/\/s.w.org\/images\/core\/emoji\/14.0.0\/svg\/2705.svg\" alt=\"\u2705\" \/> <\/span><a href=\"https:\/\/monicaguerretta.com\/qualeocerto\/vamos-conversar\/\" target=\"_blank\" rel=\"noopener\"><span style=\"font-weight: 400;\">Pague um cafezinho para mim<\/span><\/a><br \/><span style=\"font-weight: 400;\"><img decoding=\"async\" class=\"emoji\" role=\"img\" draggable=\"false\" src=\"https:\/\/s.w.org\/images\/core\/emoji\/14.0.0\/svg\/2705.svg\" alt=\"\u2705\" \/> Compartilhe este conte\u00fado <\/span><\/p>\t\t\t\t\t\t\t\t<\/div>\n\t\t\t\t<\/div>\n\t\t\t\t\t<\/div>\n\t\t<\/div>\n\t\t\t\t\t<\/div>\n\t\t<\/section>\n\t\t\t\t<\/div>\n\t\t","protected":false},"excerpt":{"rendered":"<p>Muitas pessoas se perdem com o uso das aspas \u2014 e, por voc\u00ea estar aqui, possivelmente&hellip;<\/p>\n","protected":false},"author":2,"featured_media":2752,"comment_status":"open","ping_status":"open","sticky":false,"template":"","format":"standard","meta":{"_exactmetrics_skip_tracking":false,"_exactmetrics_sitenote_active":false,"_exactmetrics_sitenote_note":"","_exactmetrics_sitenote_category":0,"footnotes":""},"categories":[265,291,1],"tags":[325,216],"class_list":["post-2750","post","type-post","status-publish","format-standard","has-post-thumbnail","hentry","category-pontuacoes","category-portugues","category-uncategorized","tag-aspas","tag-pontuacoes"],"yoast_head":"<!-- This site is optimized with the Yoast SEO plugin v27.5 - https:\/\/yoast.com\/product\/yoast-seo-wordpress\/ -->\n<title>Como usar as aspas? &#187; Qual \u00e9 o certo?<\/title>\n<meta name=\"description\" content=\"A verdade \u00e9 esta: muitas pessoas n\u00e3o sabem usar as aspas. Mas aqui voc\u00ea vai aprender a us\u00e1-las direitinho. Ahhhhh, vai! =)\" \/>\n<meta name=\"robots\" content=\"index, follow, max-snippet:-1, max-image-preview:large, max-video-preview:-1\" \/>\n<link rel=\"canonical\" href=\"https:\/\/monicaguerretta.com\/qualeocerto\/aspas\/\" \/>\n<meta property=\"og:locale\" content=\"pt_BR\" \/>\n<meta property=\"og:type\" content=\"article\" \/>\n<meta property=\"og:title\" content=\"Como usar as aspas? &#187; Qual \u00e9 o certo?\" \/>\n<meta property=\"og:description\" content=\"A verdade \u00e9 esta: muitas pessoas n\u00e3o sabem usar as aspas. Mas aqui voc\u00ea vai aprender a us\u00e1-las direitinho. Ahhhhh, vai! =)\" \/>\n<meta property=\"og:url\" content=\"https:\/\/monicaguerretta.com\/qualeocerto\/aspas\/\" \/>\n<meta property=\"og:site_name\" content=\"Qual \u00e9 o certo?\" \/>\n<meta property=\"article:publisher\" content=\"https:\/\/www.facebook.com\/qualeocerto\" \/>\n<meta property=\"article:published_time\" content=\"2023-01-26T14:11:45+00:00\" \/>\n<meta property=\"article:modified_time\" content=\"2023-01-28T18:52:22+00:00\" \/>\n<meta property=\"og:image\" content=\"https:\/\/monicaguerretta.com\/qualeocerto\/wp-content\/uploads\/2023\/01\/aspas-qual-e-o-certo.png\" \/>\n\t<meta property=\"og:image:width\" content=\"1080\" \/>\n\t<meta property=\"og:image:height\" content=\"1081\" \/>\n\t<meta property=\"og:image:type\" content=\"image\/png\" \/>\n<meta name=\"author\" content=\"M\u00f4nica Guerretta\" \/>\n<meta name=\"twitter:card\" content=\"summary_large_image\" \/>\n<meta name=\"twitter:label1\" content=\"Escrito por\" \/>\n\t<meta name=\"twitter:data1\" content=\"M\u00f4nica Guerretta\" \/>\n\t<meta name=\"twitter:label2\" content=\"Est. tempo de leitura\" \/>\n\t<meta name=\"twitter:data2\" content=\"7 minutos\" \/>\n<script type=\"application\/ld+json\" class=\"yoast-schema-graph\">{\"@context\":\"https:\\\/\\\/schema.org\",\"@graph\":[{\"@type\":\"Article\",\"@id\":\"https:\\\/\\\/monicaguerretta.com\\\/qualeocerto\\\/aspas\\\/#article\",\"isPartOf\":{\"@id\":\"https:\\\/\\\/monicaguerretta.com\\\/qualeocerto\\\/aspas\\\/\"},\"author\":{\"name\":\"M\u00f4nica Guerretta\",\"@id\":\"https:\\\/\\\/monicaguerretta.com\\\/qualeocerto\\\/#\\\/schema\\\/person\\\/214b5e9a83b11fe11a18ecae0d21f79a\"},\"headline\":\"Como usar as aspas?\",\"datePublished\":\"2023-01-26T14:11:45+00:00\",\"dateModified\":\"2023-01-28T18:52:22+00:00\",\"mainEntityOfPage\":{\"@id\":\"https:\\\/\\\/monicaguerretta.com\\\/qualeocerto\\\/aspas\\\/\"},\"wordCount\":653,\"commentCount\":0,\"publisher\":{\"@id\":\"https:\\\/\\\/monicaguerretta.com\\\/qualeocerto\\\/#organization\"},\"image\":{\"@id\":\"https:\\\/\\\/monicaguerretta.com\\\/qualeocerto\\\/aspas\\\/#primaryimage\"},\"thumbnailUrl\":\"https:\\\/\\\/monicaguerretta.com\\\/qualeocerto\\\/wp-content\\\/uploads\\\/2023\\\/01\\\/aspas-qual-e-o-certo.png\",\"keywords\":[\"aspas\",\"pontua\u00e7\u00f5es\"],\"articleSection\":[\"Pontua\u00e7\u00f5es\",\"Portugu\u00eas\",\"Uncategorized\"],\"inLanguage\":\"pt-BR\",\"potentialAction\":[{\"@type\":\"CommentAction\",\"name\":\"Comment\",\"target\":[\"https:\\\/\\\/monicaguerretta.com\\\/qualeocerto\\\/aspas\\\/#respond\"]}]},{\"@type\":\"WebPage\",\"@id\":\"https:\\\/\\\/monicaguerretta.com\\\/qualeocerto\\\/aspas\\\/\",\"url\":\"https:\\\/\\\/monicaguerretta.com\\\/qualeocerto\\\/aspas\\\/\",\"name\":\"Como usar as aspas? &#187; Qual \u00e9 o certo?\",\"isPartOf\":{\"@id\":\"https:\\\/\\\/monicaguerretta.com\\\/qualeocerto\\\/#website\"},\"primaryImageOfPage\":{\"@id\":\"https:\\\/\\\/monicaguerretta.com\\\/qualeocerto\\\/aspas\\\/#primaryimage\"},\"image\":{\"@id\":\"https:\\\/\\\/monicaguerretta.com\\\/qualeocerto\\\/aspas\\\/#primaryimage\"},\"thumbnailUrl\":\"https:\\\/\\\/monicaguerretta.com\\\/qualeocerto\\\/wp-content\\\/uploads\\\/2023\\\/01\\\/aspas-qual-e-o-certo.png\",\"datePublished\":\"2023-01-26T14:11:45+00:00\",\"dateModified\":\"2023-01-28T18:52:22+00:00\",\"description\":\"A verdade \u00e9 esta: muitas pessoas n\u00e3o sabem usar as aspas. Mas aqui voc\u00ea vai aprender a us\u00e1-las direitinho. Ahhhhh, vai! =)\",\"breadcrumb\":{\"@id\":\"https:\\\/\\\/monicaguerretta.com\\\/qualeocerto\\\/aspas\\\/#breadcrumb\"},\"inLanguage\":\"pt-BR\",\"potentialAction\":[{\"@type\":\"ReadAction\",\"target\":[\"https:\\\/\\\/monicaguerretta.com\\\/qualeocerto\\\/aspas\\\/\"]}]},{\"@type\":\"ImageObject\",\"inLanguage\":\"pt-BR\",\"@id\":\"https:\\\/\\\/monicaguerretta.com\\\/qualeocerto\\\/aspas\\\/#primaryimage\",\"url\":\"https:\\\/\\\/monicaguerretta.com\\\/qualeocerto\\\/wp-content\\\/uploads\\\/2023\\\/01\\\/aspas-qual-e-o-certo.png\",\"contentUrl\":\"https:\\\/\\\/monicaguerretta.com\\\/qualeocerto\\\/wp-content\\\/uploads\\\/2023\\\/01\\\/aspas-qual-e-o-certo.png\",\"width\":1080,\"height\":1081,\"caption\":\"aspas - qual \u00e9 o certo\"},{\"@type\":\"BreadcrumbList\",\"@id\":\"https:\\\/\\\/monicaguerretta.com\\\/qualeocerto\\\/aspas\\\/#breadcrumb\",\"itemListElement\":[{\"@type\":\"ListItem\",\"position\":1,\"name\":\"In\u00edcio\",\"item\":\"https:\\\/\\\/monicaguerretta.com\\\/qualeocerto\\\/\"},{\"@type\":\"ListItem\",\"position\":2,\"name\":\"Como usar as aspas?\"}]},{\"@type\":\"WebSite\",\"@id\":\"https:\\\/\\\/monicaguerretta.com\\\/qualeocerto\\\/#website\",\"url\":\"https:\\\/\\\/monicaguerretta.com\\\/qualeocerto\\\/\",\"name\":\"Qual \u00e9 o Certo?\",\"description\":\"M\u00f4nica Guerretta | Redatora publicit\u00e1ria | Copywriting - UX Writing\",\"publisher\":{\"@id\":\"https:\\\/\\\/monicaguerretta.com\\\/qualeocerto\\\/#organization\"},\"potentialAction\":[{\"@type\":\"SearchAction\",\"target\":{\"@type\":\"EntryPoint\",\"urlTemplate\":\"https:\\\/\\\/monicaguerretta.com\\\/qualeocerto\\\/?s={search_term_string}\"},\"query-input\":{\"@type\":\"PropertyValueSpecification\",\"valueRequired\":true,\"valueName\":\"search_term_string\"}}],\"inLanguage\":\"pt-BR\"},{\"@type\":\"Organization\",\"@id\":\"https:\\\/\\\/monicaguerretta.com\\\/qualeocerto\\\/#organization\",\"name\":\"Qual \u00e9 o certo?\",\"url\":\"https:\\\/\\\/monicaguerretta.com\\\/qualeocerto\\\/\",\"logo\":{\"@type\":\"ImageObject\",\"inLanguage\":\"pt-BR\",\"@id\":\"https:\\\/\\\/monicaguerretta.com\\\/qualeocerto\\\/#\\\/schema\\\/logo\\\/image\\\/\",\"url\":\"https:\\\/\\\/monicaguerretta.com\\\/qualeocerto\\\/wp-content\\\/uploads\\\/2022\\\/08\\\/marca-quale.png\",\"contentUrl\":\"https:\\\/\\\/monicaguerretta.com\\\/qualeocerto\\\/wp-content\\\/uploads\\\/2022\\\/08\\\/marca-quale.png\",\"width\":592,\"height\":315,\"caption\":\"Qual \u00e9 o certo?\"},\"image\":{\"@id\":\"https:\\\/\\\/monicaguerretta.com\\\/qualeocerto\\\/#\\\/schema\\\/logo\\\/image\\\/\"},\"sameAs\":[\"https:\\\/\\\/www.facebook.com\\\/qualeocerto\",\"https:\\\/\\\/www.instagram.com\\\/qualeocerto\\\/\",\"https:\\\/\\\/www.youtube.com\\\/c\\\/qualeocerto\"]},{\"@type\":\"Person\",\"@id\":\"https:\\\/\\\/monicaguerretta.com\\\/qualeocerto\\\/#\\\/schema\\\/person\\\/214b5e9a83b11fe11a18ecae0d21f79a\",\"name\":\"M\u00f4nica Guerretta\",\"image\":{\"@type\":\"ImageObject\",\"inLanguage\":\"pt-BR\",\"@id\":\"https:\\\/\\\/secure.gravatar.com\\\/avatar\\\/cc0028ec5e6e39e7cd7e61c0fa6158a6d7f1edc39c4f536d768ad95ee3e26a8a?s=96&d=mm&r=g\",\"url\":\"https:\\\/\\\/secure.gravatar.com\\\/avatar\\\/cc0028ec5e6e39e7cd7e61c0fa6158a6d7f1edc39c4f536d768ad95ee3e26a8a?s=96&d=mm&r=g\",\"contentUrl\":\"https:\\\/\\\/secure.gravatar.com\\\/avatar\\\/cc0028ec5e6e39e7cd7e61c0fa6158a6d7f1edc39c4f536d768ad95ee3e26a8a?s=96&d=mm&r=g\",\"caption\":\"M\u00f4nica Guerretta\"}}]}<\/script>\n<!-- \/ Yoast SEO plugin. -->","yoast_head_json":{"title":"Como usar as aspas? &#187; Qual \u00e9 o certo?","description":"A verdade \u00e9 esta: muitas pessoas n\u00e3o sabem usar as aspas. Mas aqui voc\u00ea vai aprender a us\u00e1-las direitinho. Ahhhhh, vai! =)","robots":{"index":"index","follow":"follow","max-snippet":"max-snippet:-1","max-image-preview":"max-image-preview:large","max-video-preview":"max-video-preview:-1"},"canonical":"https:\/\/monicaguerretta.com\/qualeocerto\/aspas\/","og_locale":"pt_BR","og_type":"article","og_title":"Como usar as aspas? &#187; Qual \u00e9 o certo?","og_description":"A verdade \u00e9 esta: muitas pessoas n\u00e3o sabem usar as aspas. Mas aqui voc\u00ea vai aprender a us\u00e1-las direitinho. Ahhhhh, vai! =)","og_url":"https:\/\/monicaguerretta.com\/qualeocerto\/aspas\/","og_site_name":"Qual \u00e9 o certo?","article_publisher":"https:\/\/www.facebook.com\/qualeocerto","article_published_time":"2023-01-26T14:11:45+00:00","article_modified_time":"2023-01-28T18:52:22+00:00","og_image":[{"width":1080,"height":1081,"url":"https:\/\/monicaguerretta.com\/qualeocerto\/wp-content\/uploads\/2023\/01\/aspas-qual-e-o-certo.png","type":"image\/png"}],"author":"M\u00f4nica Guerretta","twitter_card":"summary_large_image","twitter_misc":{"Escrito por":"M\u00f4nica Guerretta","Est. tempo de leitura":"7 minutos"},"schema":{"@context":"https:\/\/schema.org","@graph":[{"@type":"Article","@id":"https:\/\/monicaguerretta.com\/qualeocerto\/aspas\/#article","isPartOf":{"@id":"https:\/\/monicaguerretta.com\/qualeocerto\/aspas\/"},"author":{"name":"M\u00f4nica Guerretta","@id":"https:\/\/monicaguerretta.com\/qualeocerto\/#\/schema\/person\/214b5e9a83b11fe11a18ecae0d21f79a"},"headline":"Como usar as aspas?","datePublished":"2023-01-26T14:11:45+00:00","dateModified":"2023-01-28T18:52:22+00:00","mainEntityOfPage":{"@id":"https:\/\/monicaguerretta.com\/qualeocerto\/aspas\/"},"wordCount":653,"commentCount":0,"publisher":{"@id":"https:\/\/monicaguerretta.com\/qualeocerto\/#organization"},"image":{"@id":"https:\/\/monicaguerretta.com\/qualeocerto\/aspas\/#primaryimage"},"thumbnailUrl":"https:\/\/monicaguerretta.com\/qualeocerto\/wp-content\/uploads\/2023\/01\/aspas-qual-e-o-certo.png","keywords":["aspas","pontua\u00e7\u00f5es"],"articleSection":["Pontua\u00e7\u00f5es","Portugu\u00eas","Uncategorized"],"inLanguage":"pt-BR","potentialAction":[{"@type":"CommentAction","name":"Comment","target":["https:\/\/monicaguerretta.com\/qualeocerto\/aspas\/#respond"]}]},{"@type":"WebPage","@id":"https:\/\/monicaguerretta.com\/qualeocerto\/aspas\/","url":"https:\/\/monicaguerretta.com\/qualeocerto\/aspas\/","name":"Como usar as aspas? &#187; Qual \u00e9 o certo?","isPartOf":{"@id":"https:\/\/monicaguerretta.com\/qualeocerto\/#website"},"primaryImageOfPage":{"@id":"https:\/\/monicaguerretta.com\/qualeocerto\/aspas\/#primaryimage"},"image":{"@id":"https:\/\/monicaguerretta.com\/qualeocerto\/aspas\/#primaryimage"},"thumbnailUrl":"https:\/\/monicaguerretta.com\/qualeocerto\/wp-content\/uploads\/2023\/01\/aspas-qual-e-o-certo.png","datePublished":"2023-01-26T14:11:45+00:00","dateModified":"2023-01-28T18:52:22+00:00","description":"A verdade \u00e9 esta: muitas pessoas n\u00e3o sabem usar as aspas. Mas aqui voc\u00ea vai aprender a us\u00e1-las direitinho. Ahhhhh, vai! =)","breadcrumb":{"@id":"https:\/\/monicaguerretta.com\/qualeocerto\/aspas\/#breadcrumb"},"inLanguage":"pt-BR","potentialAction":[{"@type":"ReadAction","target":["https:\/\/monicaguerretta.com\/qualeocerto\/aspas\/"]}]},{"@type":"ImageObject","inLanguage":"pt-BR","@id":"https:\/\/monicaguerretta.com\/qualeocerto\/aspas\/#primaryimage","url":"https:\/\/monicaguerretta.com\/qualeocerto\/wp-content\/uploads\/2023\/01\/aspas-qual-e-o-certo.png","contentUrl":"https:\/\/monicaguerretta.com\/qualeocerto\/wp-content\/uploads\/2023\/01\/aspas-qual-e-o-certo.png","width":1080,"height":1081,"caption":"aspas - qual \u00e9 o certo"},{"@type":"BreadcrumbList","@id":"https:\/\/monicaguerretta.com\/qualeocerto\/aspas\/#breadcrumb","itemListElement":[{"@type":"ListItem","position":1,"name":"In\u00edcio","item":"https:\/\/monicaguerretta.com\/qualeocerto\/"},{"@type":"ListItem","position":2,"name":"Como usar as aspas?"}]},{"@type":"WebSite","@id":"https:\/\/monicaguerretta.com\/qualeocerto\/#website","url":"https:\/\/monicaguerretta.com\/qualeocerto\/","name":"Qual \u00e9 o Certo?","description":"M\u00f4nica Guerretta | Redatora publicit\u00e1ria | Copywriting - UX Writing","publisher":{"@id":"https:\/\/monicaguerretta.com\/qualeocerto\/#organization"},"potentialAction":[{"@type":"SearchAction","target":{"@type":"EntryPoint","urlTemplate":"https:\/\/monicaguerretta.com\/qualeocerto\/?s={search_term_string}"},"query-input":{"@type":"PropertyValueSpecification","valueRequired":true,"valueName":"search_term_string"}}],"inLanguage":"pt-BR"},{"@type":"Organization","@id":"https:\/\/monicaguerretta.com\/qualeocerto\/#organization","name":"Qual \u00e9 o certo?","url":"https:\/\/monicaguerretta.com\/qualeocerto\/","logo":{"@type":"ImageObject","inLanguage":"pt-BR","@id":"https:\/\/monicaguerretta.com\/qualeocerto\/#\/schema\/logo\/image\/","url":"https:\/\/monicaguerretta.com\/qualeocerto\/wp-content\/uploads\/2022\/08\/marca-quale.png","contentUrl":"https:\/\/monicaguerretta.com\/qualeocerto\/wp-content\/uploads\/2022\/08\/marca-quale.png","width":592,"height":315,"caption":"Qual \u00e9 o certo?"},"image":{"@id":"https:\/\/monicaguerretta.com\/qualeocerto\/#\/schema\/logo\/image\/"},"sameAs":["https:\/\/www.facebook.com\/qualeocerto","https:\/\/www.instagram.com\/qualeocerto\/","https:\/\/www.youtube.com\/c\/qualeocerto"]},{"@type":"Person","@id":"https:\/\/monicaguerretta.com\/qualeocerto\/#\/schema\/person\/214b5e9a83b11fe11a18ecae0d21f79a","name":"M\u00f4nica Guerretta","image":{"@type":"ImageObject","inLanguage":"pt-BR","@id":"https:\/\/secure.gravatar.com\/avatar\/cc0028ec5e6e39e7cd7e61c0fa6158a6d7f1edc39c4f536d768ad95ee3e26a8a?s=96&d=mm&r=g","url":"https:\/\/secure.gravatar.com\/avatar\/cc0028ec5e6e39e7cd7e61c0fa6158a6d7f1edc39c4f536d768ad95ee3e26a8a?s=96&d=mm&r=g","contentUrl":"https:\/\/secure.gravatar.com\/avatar\/cc0028ec5e6e39e7cd7e61c0fa6158a6d7f1edc39c4f536d768ad95ee3e26a8a?s=96&d=mm&r=g","caption":"M\u00f4nica Guerretta"}}]}},"_links":{"self":[{"href":"https:\/\/monicaguerretta.com\/qualeocerto\/wp-json\/wp\/v2\/posts\/2750","targetHints":{"allow":["GET"]}}],"collection":[{"href":"https:\/\/monicaguerretta.com\/qualeocerto\/wp-json\/wp\/v2\/posts"}],"about":[{"href":"https:\/\/monicaguerretta.com\/qualeocerto\/wp-json\/wp\/v2\/types\/post"}],"author":[{"embeddable":true,"href":"https:\/\/monicaguerretta.com\/qualeocerto\/wp-json\/wp\/v2\/users\/2"}],"replies":[{"embeddable":true,"href":"https:\/\/monicaguerretta.com\/qualeocerto\/wp-json\/wp\/v2\/comments?post=2750"}],"version-history":[{"count":13,"href":"https:\/\/monicaguerretta.com\/qualeocerto\/wp-json\/wp\/v2\/posts\/2750\/revisions"}],"predecessor-version":[{"id":2802,"href":"https:\/\/monicaguerretta.com\/qualeocerto\/wp-json\/wp\/v2\/posts\/2750\/revisions\/2802"}],"wp:featuredmedia":[{"embeddable":true,"href":"https:\/\/monicaguerretta.com\/qualeocerto\/wp-json\/wp\/v2\/media\/2752"}],"wp:attachment":[{"href":"https:\/\/monicaguerretta.com\/qualeocerto\/wp-json\/wp\/v2\/media?parent=2750"}],"wp:term":[{"taxonomy":"category","embeddable":true,"href":"https:\/\/monicaguerretta.com\/qualeocerto\/wp-json\/wp\/v2\/categories?post=2750"},{"taxonomy":"post_tag","embeddable":true,"href":"https:\/\/monicaguerretta.com\/qualeocerto\/wp-json\/wp\/v2\/tags?post=2750"}],"curies":[{"name":"wp","href":"https:\/\/api.w.org\/{rel}","templated":true}]}}