{"id":2791,"date":"2023-02-02T14:24:08","date_gmt":"2023-02-02T17:24:08","guid":{"rendered":"https:\/\/monicaguerretta.com\/qualeocerto\/?p=2791"},"modified":"2023-02-06T16:23:59","modified_gmt":"2023-02-06T19:23:59","slug":"quanto-cobrar-por-seu-trabalho","status":"publish","type":"post","link":"https:\/\/monicaguerretta.com\/qualeocerto\/quanto-cobrar-por-seu-trabalho\/","title":{"rendered":"<strong>Quer saber quanto cobrar por seus servi\u00e7os de freelancer? Use um cron\u00f4metro<\/strong>"},"content":{"rendered":"\t\t<div data-elementor-type=\"wp-post\" data-elementor-id=\"2791\" class=\"elementor elementor-2791\">\n\t\t\t\t\t\t<section class=\"elementor-section elementor-top-section elementor-element elementor-element-b153c20 elementor-section-boxed elementor-section-height-default elementor-section-height-default\" data-id=\"b153c20\" data-element_type=\"section\">\n\t\t\t\t\t\t<div class=\"elementor-container elementor-column-gap-default\">\n\t\t\t\t\t<div class=\"elementor-column elementor-col-100 elementor-top-column elementor-element elementor-element-7a65c5c\" data-id=\"7a65c5c\" data-element_type=\"column\">\n\t\t\t<div class=\"elementor-widget-wrap elementor-element-populated\">\n\t\t\t\t\t\t<div class=\"elementor-element elementor-element-d82adcf elementor-widget elementor-widget-text-editor\" data-id=\"d82adcf\" data-element_type=\"widget\" data-widget_type=\"text-editor.default\">\n\t\t\t\t<div class=\"elementor-widget-container\">\n\t\t\t\t\t\t\t\t\t<p>Este conte\u00fado \u00e9 para quem trabalha como <strong><mark class=\"has-inline-color has-vivid-purple-color\" style=\"background-color: rgba(0, 0, 0, 0);\">freelancer<\/mark><\/strong> e sempre sofre na hora de criar uma proposta: \u201cQuanto cobrar pelo meu servi\u00e7o?\u201d \ud83e\udd14<\/p>\n<p><!-- \/wp:paragraph --><!-- wp:paragraph --><\/p>\n<p>Quem aqui que, na <strong><mark class=\"has-inline-color has-vivid-purple-color\" style=\"background-color: rgba(0, 0, 0, 0);\">vida de freela<\/mark><\/strong>, nunca cobrou um valor e, depois de finalizar o trabalho, percebeu que n\u00e3o valeu a pena, <strong>porque o trabalho <span style=\"text-decoration: underline;\">deu muito mais trabalho<\/span><\/strong> do que previu na hora de fazer a proposta? \ud83d\ude29<\/p>\n<p><!-- \/wp:paragraph --><!-- wp:paragraph --><\/p>\n<p>Ahhhh, pois \u00e9\u2026 Quem nunca, n\u00e3o \u00e9 mesmo?<\/p>\n<p><!-- \/wp:paragraph --><!-- wp:paragraph --><\/p>\n<p>Por isso criei este conte\u00fado. Vou mostrar agora um dos passos mais importantes da vida de quem \u00e9 <strong><mark class=\"has-inline-color has-vivid-purple-color\" style=\"background-color: rgba(0, 0, 0, 0);\">profissional freelancer<\/mark><\/strong>, seja no <strong>copywriting<\/strong>, seja no <strong>design<\/strong>, ou <strong>social media<\/strong>\u2026 o que for.\u00a0<\/p>\n<p><!-- \/wp:paragraph --><!-- wp:paragraph --><\/p>\n<p>Na verdade, eu considero este o passo n\u00famero 1:<\/p>\n<p><!-- \/wp:paragraph --><!-- wp:heading {\"level\":3,\"textColor\":\"vivid-purple\"} --><\/p>\n<h3 class=\"has-vivid-purple-color has-text-color\"><strong>Voc\u00ea precisa cronometrar suas horas de trabalho todos os dias \u23f1\ufe0f<\/strong><\/h3>\t\t\t\t\t\t\t\t<\/div>\n\t\t\t\t<\/div>\n\t\t\t\t\t<\/div>\n\t\t<\/div>\n\t\t\t\t\t<\/div>\n\t\t<\/section>\n\t\t\t\t<section class=\"elementor-section elementor-top-section elementor-element elementor-element-22a67b4 elementor-section-boxed elementor-section-height-default elementor-section-height-default\" data-id=\"22a67b4\" data-element_type=\"section\">\n\t\t\t\t\t\t<div class=\"elementor-container elementor-column-gap-default\">\n\t\t\t\t\t<div class=\"elementor-column elementor-col-100 elementor-top-column elementor-element elementor-element-ffcdbf6\" data-id=\"ffcdbf6\" data-element_type=\"column\">\n\t\t\t<div class=\"elementor-widget-wrap elementor-element-populated\">\n\t\t\t\t\t\t<div class=\"elementor-element elementor-element-9b0357c elementor-widget elementor-widget-video\" data-id=\"9b0357c\" data-element_type=\"widget\" data-settings=\"{&quot;youtube_url&quot;:&quot;https:\\\/\\\/youtu.be\\\/vZu7qa3Poy4&quot;,&quot;video_type&quot;:&quot;youtube&quot;,&quot;controls&quot;:&quot;yes&quot;}\" data-widget_type=\"video.default\">\n\t\t\t\t<div class=\"elementor-widget-container\">\n\t\t\t\t\t\t\t<div class=\"elementor-wrapper elementor-open-inline\">\n\t\t\t<div class=\"elementor-video\"><\/div>\t\t<\/div>\n\t\t\t\t\t\t<\/div>\n\t\t\t\t<\/div>\n\t\t\t\t\t<\/div>\n\t\t<\/div>\n\t\t\t\t\t<\/div>\n\t\t<\/section>\n\t\t\t\t<section class=\"elementor-section elementor-top-section elementor-element elementor-element-447c0c0d elementor-section-boxed elementor-section-height-default elementor-section-height-default\" data-id=\"447c0c0d\" data-element_type=\"section\">\n\t\t\t\t\t\t<div class=\"elementor-container elementor-column-gap-default\">\n\t\t\t\t\t<div class=\"elementor-column elementor-col-100 elementor-top-column elementor-element elementor-element-397ae45b\" data-id=\"397ae45b\" data-element_type=\"column\">\n\t\t\t<div class=\"elementor-widget-wrap elementor-element-populated\">\n\t\t\t\t\t\t<div class=\"elementor-element elementor-element-5816ff92 elementor-widget elementor-widget-text-editor\" data-id=\"5816ff92\" data-element_type=\"widget\" data-widget_type=\"text-editor.default\">\n\t\t\t\t<div class=\"elementor-widget-container\">\n\t\t\t\t\t\t\t\t\t<!-- wp:paragraph --><!-- \/wp:embed --><!-- wp:paragraph -->\n<p>Vixe\u2026 Aposto que voc\u00ea pensou: \u201cCronometrar minhas horas de trabalho? Todos os dias? Que h\u00e1bito mais esquisito\u2026 Eu, hein!\u201d<\/p>\n<!-- \/wp:paragraph --><!-- wp:paragraph -->\n<p>Mas eu garanto que cronometrar seu tempo de trabalho todos os dias <a href=\"https:\/\/monicaguerretta.com\/qualeocerto\/traz-ou-tras\/\" target=\"_blank\" rel=\"noreferrer noopener\">traz<\/a> um bocado de vantagens para voc\u00ea, principalmente para ajudar a saber <strong><mark class=\"has-inline-color has-vivid-purple-color\" style=\"background-color: rgba(0, 0, 0, 0);\">quanto cobrar pelos seus trabalhos<\/mark><\/strong>. Afinal, assim voc\u00ea conseguir\u00e1 fazer or\u00e7amentos muito mais justos com a realidade \u2014 e com voc\u00ea. \ud83d\udcb0<\/p>\n<!-- \/wp:paragraph --><!-- wp:paragraph -->\n<p>Ent\u00e3o, preparei esta lista com <strong>5 benef\u00edcios que voc\u00ea ter\u00e1 quando passar a cronometrar suas horas<\/strong>.\u00a0<\/p>\n<!-- \/wp:paragraph --><!-- wp:heading {\"level\":3,\"textColor\":\"vivid-purple\"} -->\n<h3 class=\"has-vivid-purple-color has-text-color\"><strong>Benef\u00edcio #1:<\/strong><\/h3>\n<!-- \/wp:heading --><!-- wp:heading {\"textColor\":\"vivid-purple\"} -->\n<h2 class=\"has-vivid-purple-color has-text-color\"><strong>Saber exatamente quanto tempo voc\u00ea investe em cada trabalho<\/strong><\/h2>\n<!-- \/wp:heading --><!-- wp:paragraph -->\n<p>Quando voc\u00ea cronometra tudo o que faz de trabalho durante o dia, voc\u00ea sabe, em n\u00fameros, o que lhe exige mais e o que \u00e9 mais tranquilo.<\/p>\n<!-- \/wp:paragraph --><!-- wp:paragraph -->\n<p>Por exemplo: voc\u00ea vai saber que, para fazer um e-mail marketing, leva em m\u00e9dia 40 minutos, mas que precisa de v\u00e1rias horas para criar o nome de uma empresa ou <a href=\"https:\/\/monicaguerretta.com\/qualeocerto\/logotipo-ou-logomarca\/\" target=\"_blank\" rel=\"noreferrer noopener\">um logo<\/a>. Ali\u00e1s, voc\u00ea vai saber exatamente quantas horas.<\/p>\n<!-- \/wp:paragraph --><!-- wp:paragraph -->\n<p>Ter esse controle, essa precis\u00e3o, \u00e9 \u00fatil demais <strong>para voc\u00ea se de$envolver na <mark class=\"has-inline-color has-vivid-purple-color\" style=\"background-color: rgba(0, 0, 0, 0);\">vida de freelancer<\/mark><\/strong>.<\/p>\n<!-- \/wp:paragraph --><!-- wp:heading {\"level\":3,\"textColor\":\"vivid-purple\"} -->\n<h3 class=\"has-vivid-purple-color has-text-color\"><strong>Benef\u00edcio #2:<\/strong><\/h3>\n<!-- \/wp:heading --><!-- wp:heading {\"textColor\":\"vivid-purple\"} -->\n<h2 class=\"has-vivid-purple-color has-text-color\"><strong>Sentir mais seguran\u00e7a ao fazer uma proposta para um cliente<\/strong><\/h2>\n<!-- \/wp:heading --><!-- wp:paragraph -->\n<p>Depois de passar meses ou anos cronometrando todo o seu tempo de trabalho, voc\u00ea ter\u00e1 um hist\u00f3rico maravilhoso com <strong>o tempo exato que voc\u00ea leva para criar cada material<\/strong>.<\/p>\n<!-- \/wp:paragraph --><!-- wp:paragraph -->\n<p><strong><mark class=\"has-inline-color has-vivid-purple-color\" style=\"background-color: rgba(0, 0, 0, 0);\">Ou seja: por entender exatamente quanto tempo voc\u00ea precisa para cada trabalho, voc\u00ea saber\u00e1 quanto cobrar por cada tipo de material de uma forma mais justa.\u00a0<\/mark><\/strong><\/p>\n<!-- \/wp:paragraph --><!-- wp:paragraph -->\n<p><strong>Vantagem extra:<\/strong><br \/>Sabe aquelas tarefas que voc\u00ea pensa: \u201cAhhh, vou cobrar barato por esse trabalho porque isso eu fa\u00e7o em 10 minutinhos.\u201d? Pois ent\u00e3o\u2026 Depois de come\u00e7ar a cronometrar tudinho, voc\u00ea ver\u00e1 que, na verdade, leva mais de meia hora ou, at\u00e9 mesmo, mais de uma hora. \ud83d\ude31<\/p>\n<!-- \/wp:paragraph --><!-- wp:paragraph -->\n<p>E, por favor, se valorize, n\u00e9? Nada de cobrar baratinho porque acha que leva s\u00f3 10 minutos. Al\u00e9m de pensar no tempo de execu\u00e7\u00e3o, voc\u00ea precisa considerar sua experi\u00eancia, todo o seu tempo e dinheiro investidos em estudo, seus anos de pr\u00e1tica\u2026<\/p>\n<!-- \/wp:paragraph --><!-- wp:paragraph -->\n<p>Mesmo que voc\u00ea leve apenas 10 minutos para fazer algo, voc\u00ea chegou a esse n\u00edvel por causa da sua experi\u00eancia e de toda a sua bagagem profissional. Ent\u00e3o voc\u00ea tamb\u00e9m deve considerar isso na hora de definir o or\u00e7amento. Combinado? \ud83d\ude09<\/p>\n<!-- \/wp:paragraph --><!-- wp:heading {\"level\":3,\"textColor\":\"vivid-purple\"} -->\n<h3 class=\"has-vivid-purple-color has-text-color\"><strong>Benef\u00edcio #3:<\/strong><\/h3>\n<!-- \/wp:heading --><!-- wp:heading {\"textColor\":\"vivid-purple\"} -->\n<h2 class=\"has-vivid-purple-color has-text-color\"><strong>Saber quanto tempo voc\u00ea trabalha por dia<\/strong><\/h2>\n<!-- \/wp:heading --><!-- wp:paragraph -->\n<p>\u201cAhhhh, isso eu j\u00e1 sei! Trabalho das 8h \u00e0s 18h com intervalo de 2 horas para o almo\u00e7o.\u201d<\/p>\n<!-- \/wp:paragraph --><!-- wp:paragraph -->\n<p>Meu bem, se voc\u00ea pensa que, por isso, trabalha exatamente 8 horas por dia e que essas 8 horas s\u00e3o produtivas, voc\u00ea precisa <span style=\"text-decoration: underline;\">mesmo<\/span> cronometrar seu tempo de trabalho, viu?<\/p>\n<!-- \/wp:paragraph --><!-- wp:paragraph -->\n<p>Vamos considerar que voc\u00ea passe mesmo 8 horas diariamente em frente ao computador, sem pausas para tomar \u00e1gua, ir ao banheiro, levantar um pouquinho para se alongar. Ainda assim voc\u00ea vai descobrir que seu tempo total de trabalho n\u00e3o ser\u00e1 de 8 horas.<\/p>\n<!-- \/wp:paragraph --><!-- wp:paragraph -->\n<p>Pode acreditar! Faz o teste a\u00ed, cronometra suas horas, e depois me conta. Belezura? \ud83d\ude42<\/p>\n<!-- \/wp:paragraph --><!-- wp:heading {\"level\":3,\"textColor\":\"vivid-purple\"} -->\n<h3 class=\"has-vivid-purple-color has-text-color\"><strong>Benef\u00edcio #4:<\/strong><\/h3>\n<!-- \/wp:heading --><!-- wp:heading {\"textColor\":\"vivid-purple\"} -->\n<h2 class=\"has-vivid-purple-color has-text-color\"><strong>Entender como funciona a sua produtividade<\/strong><\/h2>\n<!-- \/wp:heading --><!-- wp:paragraph -->\n<p>Cronometrando seu tempo de trabalho todos os dias, o dia todo, voc\u00ea passa a entender tamb\u00e9m como funciona sua produtividade.<\/p>\n<!-- \/wp:paragraph --><!-- wp:paragraph -->\n<p>Voc\u00ea notar\u00e1 que, em alguns dias, parece que voc\u00ea ativou o modo turbo! Est\u00e1 rendendo demais e consegue entregar um bocado de coisas em um dia s\u00f3. No entanto, em outros dias, voc\u00ea n\u00e3o vai estar nesse pique todo, n\u00e3o. \ud83d\ude05<\/p>\n<!-- \/wp:paragraph --><!-- wp:paragraph -->\n<p>E est\u00e1 tudo bem. Isso acontece com todo mundo. Entender como seu corpo e mente funcionam no dia a dia faz parte do processo. Assim voc\u00ea respeita tamb\u00e9m os seus limites na hora de fazer o pr\u00f3ximo item da lista.<\/p>\n<!-- \/wp:paragraph --><!-- wp:heading {\"level\":3,\"textColor\":\"vivid-purple\"} -->\n<h3 class=\"has-vivid-purple-color has-text-color\"><strong>Benef\u00edcio #5:<\/strong><\/h3>\n<!-- \/wp:heading --><!-- wp:heading {\"textColor\":\"vivid-purple\"} -->\n<h2 class=\"has-vivid-purple-color has-text-color\"><strong>Conseguir organizar melhor a sua agenda<\/strong><\/h2>\n<!-- \/wp:heading --><!-- wp:paragraph -->\n<p>Quando voc\u00ea sabe qual \u00e9 a m\u00e9dia de tempo que leva para cada tarefa e quantas horas voc\u00ea trabalha efetivamente por dia, voc\u00ea consegue planejar seu dia de trabalho de uma forma muito mais justa com a realidade.<\/p>\n<!-- \/wp:paragraph --><!-- wp:paragraph -->\n<p>Sabe aquela sensa\u00e7\u00e3o de: \u201cPoxa, eu estava com tanta coisa pra fazer, mas fiz s\u00f3 duas e, minha nossa!, t\u00f4 um caco!\u201d? Quando voc\u00ea cronometra seu tempo de trabalho, voc\u00ea percebe que essas duas coisas foram muito mais demoradas do que voc\u00ea imaginava! Por isso voc\u00ea est\u00e1 se sentindo um caco.<\/p>\n<!-- \/wp:paragraph --><!-- wp:paragraph -->\n<p>Mas n\u00e3o \u00e9 para se frustrar n\u00e3o, viu! Voc\u00ea fez coisa pra caramba!\u00a0<\/p>\n<!-- \/wp:paragraph --><!-- wp:paragraph -->\n<p>Com o passar do tempo, voc\u00ea j\u00e1 vai saber: \u201cHummm, tenho esses dois trabalhos para entregar nos pr\u00f3ximos dias. Ent\u00e3o preciso organizar a agenda para reservar X horas pra cada um deles.&#8221;<\/p>\n<!-- \/wp:paragraph --><!-- wp:paragraph -->\n<p>Se voc\u00ea s\u00f3 enche a sua agenda de forma aleat\u00f3ria, j\u00e1 era produtividade e bem-estar, hein!\u00a0<\/p>\n<!-- \/wp:paragraph --><!-- wp:paragraph -->\n<p>Portanto, trate de cronometrar seu tempo para se conhecer direitinho, pois ter esse controle \u00e9 sensacional! Isso ajudar\u00e1 demais na sua produtividade e na organiza\u00e7\u00e3o da sua agenda.<\/p>\n<!-- \/wp:paragraph --><!-- wp:paragraph -->\n<p>Dessa forma, ao fim do dia ser\u00e1 muito mais comum voc\u00ea sentir aquele bem-estarzinho: \u201cAh, que maravilha! Hoje consegui fazer tudo o que planejei.\u201d<\/p>\n<!-- \/wp:paragraph --><!-- wp:paragraph -->\n<p>Enfim, esses s\u00e3o 5 benef\u00edcios de cronometrar suas horas de trabalho todos os dias.<\/p>\n<!-- \/wp:paragraph --><!-- wp:heading {\"level\":3,\"textColor\":\"vivid-purple\"} -->\n<h3 class=\"has-vivid-purple-color has-text-color\"><strong>Voc\u00ea quer saber qual ferramenta eu uso para cronometrar meu tempo de trabalho?<\/strong><\/h3>\n<!-- \/wp:heading --><!-- wp:paragraph -->\n<p>N\u00e3o, a resposta n\u00e3o \u00e9 \u201cum cron\u00f4metro\u201d. \ud83d\ude06<br \/>Lembre-se de que, al\u00e9m de cronometrar, precisamos dos relat\u00f3rios.<\/p>\n<!-- \/wp:paragraph --><!-- wp:paragraph -->\n<p>Hoje, o sistema que uso \u00e9 o <a href=\"https:\/\/app.clockify.me\/login\" target=\"_blank\" rel=\"noreferrer noopener\"><strong>Clockify<\/strong><\/a>.<\/p>\n<!-- \/wp:paragraph --><!-- wp:paragraph -->\n<p>Inclusive, usei o <strong>Clockify<\/strong> para cronometrar todo o tempo que usei para criar este artigo, o roteiro do v\u00eddeo que est\u00e1 l\u00e1 em cima e tamb\u00e9m quanto tempo levei para gravar, editar e publicar o v\u00eddeo. Foi coisarada, viu?! \ud83e\udd2f<\/p>\n<!-- \/wp:paragraph --><!-- wp:heading {\"level\":3} -->\n<h3><strong><mark class=\"has-inline-color has-vivid-purple-color\" style=\"background-color: rgba(0, 0, 0, 0);\">Por que resolvi cronometrar tudo o que fa\u00e7o?<\/mark><\/strong><\/h3>\n<!-- \/wp:heading --><!-- wp:paragraph -->\n<p>Eu comecei a registrar meu tempo de trabalho h\u00e1 um bocado de anos porque, com alguns clientes, tenho um contrato de trabalho por horas. Desse modo, eu fa\u00e7o os trabalhos e no fim do m\u00eas mando o relat\u00f3rio de horas trabalhadas com a nota fiscal.<\/p>\n<!-- \/wp:paragraph --><!-- wp:paragraph -->\n<p>Por causa desses trabalhos cronometrados, percebi que registrando o tempo de tudo o que fa\u00e7o tenho um hist\u00f3rico maravilhoso tamb\u00e9m para saber quanto cobrar por projeto.<\/p>\n<!-- \/wp:paragraph --><!-- wp:paragraph -->\n<p>Desde ent\u00e3o nunca mais parei de cronometrar minhas horas. Por isso, j\u00e1 te aviso:<br \/>Cronometrar suas horas de trabalho \u00e9 um caminho sem volta. Depois que voc\u00ea come\u00e7a a fazer isso e tem tudo registradinho, bem bonitinho, voc\u00ea n\u00e3o vai mais parar. \ud83e\udd11<\/p>\n<!-- \/wp:paragraph -->\t\t\t\t\t\t\t\t<\/div>\n\t\t\t\t<\/div>\n\t\t\t\t\t<\/div>\n\t\t<\/div>\n\t\t\t\t\t<\/div>\n\t\t<\/section>\n\t\t\t\t<section class=\"elementor-section elementor-top-section elementor-element elementor-element-4765dc2 elementor-section-boxed elementor-section-height-default elementor-section-height-default\" data-id=\"4765dc2\" data-element_type=\"section\">\n\t\t\t\t\t\t<div class=\"elementor-container elementor-column-gap-default\">\n\t\t\t\t\t<div class=\"elementor-column elementor-col-33 elementor-top-column elementor-element elementor-element-d35734e\" data-id=\"d35734e\" data-element_type=\"column\">\n\t\t\t<div class=\"elementor-widget-wrap elementor-element-populated\">\n\t\t\t\t\t\t<div class=\"elementor-element elementor-element-117beec elementor-invisible elementor-widget elementor-widget-image\" data-id=\"117beec\" data-element_type=\"widget\" data-settings=\"{&quot;_animation&quot;:&quot;slideInLeft&quot;}\" data-widget_type=\"image.default\">\n\t\t\t\t<div class=\"elementor-widget-container\">\n\t\t\t\t\t\t\t\t\t\t\t\t\t\t\t<img fetchpriority=\"high\" decoding=\"async\" width=\"681\" height=\"1024\" src=\"https:\/\/monicaguerretta.com\/qualeocerto\/wp-content\/uploads\/2022\/07\/Monica-Guerretta-Qual-e-o-certo-681x1024.jpg\" class=\"attachment-large size-large wp-image-1980\" alt=\"M\u00f4nica-Guerretta-Qual-\u00e9-o-certo\" srcset=\"https:\/\/monicaguerretta.com\/qualeocerto\/wp-content\/uploads\/2022\/07\/Monica-Guerretta-Qual-e-o-certo-681x1024.jpg 681w, https:\/\/monicaguerretta.com\/qualeocerto\/wp-content\/uploads\/2022\/07\/Monica-Guerretta-Qual-e-o-certo-200x300.jpg 200w, https:\/\/monicaguerretta.com\/qualeocerto\/wp-content\/uploads\/2022\/07\/Monica-Guerretta-Qual-e-o-certo-768x1155.jpg 768w, https:\/\/monicaguerretta.com\/qualeocerto\/wp-content\/uploads\/2022\/07\/Monica-Guerretta-Qual-e-o-certo-1022x1536.jpg 1022w, https:\/\/monicaguerretta.com\/qualeocerto\/wp-content\/uploads\/2022\/07\/Monica-Guerretta-Qual-e-o-certo-1362x2048.jpg 1362w, https:\/\/monicaguerretta.com\/qualeocerto\/wp-content\/uploads\/2022\/07\/Monica-Guerretta-Qual-e-o-certo-scaled.jpg 1703w\" sizes=\"(max-width: 681px) 100vw, 681px\" \/>\t\t\t\t\t\t\t\t\t\t\t\t\t\t\t<\/div>\n\t\t\t\t<\/div>\n\t\t\t\t\t<\/div>\n\t\t<\/div>\n\t\t\t\t<div class=\"elementor-column elementor-col-66 elementor-top-column elementor-element elementor-element-2a59758\" data-id=\"2a59758\" data-element_type=\"column\">\n\t\t\t<div class=\"elementor-widget-wrap elementor-element-populated\">\n\t\t\t\t\t\t<div class=\"elementor-element elementor-element-386fc77 elementor-invisible elementor-widget elementor-widget-text-editor\" data-id=\"386fc77\" data-element_type=\"widget\" data-settings=\"{&quot;_animation&quot;:&quot;slideInRight&quot;}\" data-widget_type=\"text-editor.default\">\n\t\t\t\t<div class=\"elementor-widget-container\">\n\t\t\t\t\t\t\t\t\t<p><b>Este conte\u00fado ajudou voc\u00ea a pro$perar na vida de freelancer?<br \/><\/b><span style=\"font-weight: 400;\">Ent\u00e3o apoie o Qual \u00e9 o certo?, por favorzinho. <img decoding=\"async\" class=\"emoji\" role=\"img\" draggable=\"false\" src=\"https:\/\/s.w.org\/images\/core\/emoji\/14.0.0\/svg\/1f499.svg\" alt=\"\ud83d\udc99\" \/><br \/><\/span><span style=\"font-weight: 400;\"><img decoding=\"async\" class=\"emoji\" role=\"img\" draggable=\"false\" src=\"https:\/\/s.w.org\/images\/core\/emoji\/14.0.0\/svg\/2705.svg\" alt=\"\u2705\" \/> <\/span><a href=\"https:\/\/www.youtube.com\/c\/qualeocerto\" target=\"_blank\" rel=\"noopener\"><span style=\"font-weight: 400;\">Inscreva-se no canal do YouTube<\/span><\/a><br \/><span style=\"font-weight: 400;\"><img decoding=\"async\" class=\"emoji\" role=\"img\" draggable=\"false\" src=\"https:\/\/s.w.org\/images\/core\/emoji\/14.0.0\/svg\/2705.svg\" alt=\"\u2705\" \/> <\/span><a href=\"https:\/\/www.instagram.com\/qualeocerto\/\" target=\"_blank\" rel=\"noopener\"><span style=\"font-weight: 400;\">Siga no Instagram<\/span><\/a><br \/><span style=\"font-weight: 400;\"><img decoding=\"async\" class=\"emoji\" role=\"img\" draggable=\"false\" src=\"https:\/\/s.w.org\/images\/core\/emoji\/14.0.0\/svg\/2705.svg\" alt=\"\u2705\" \/> <\/span><a href=\"https:\/\/www.linkedin.com\/in\/monicaguerretta\/\"><span style=\"font-weight: 400;\">Acompanhe no LinkedIn<\/span><\/a><br \/><span style=\"font-weight: 400;\"><img decoding=\"async\" class=\"emoji\" role=\"img\" draggable=\"false\" src=\"https:\/\/s.w.org\/images\/core\/emoji\/14.0.0\/svg\/2705.svg\" alt=\"\u2705\" \/> <\/span><a href=\"https:\/\/monicaguerretta.com\/qualeocerto\/vamos-conversar\/\" target=\"_blank\" rel=\"noopener\"><span style=\"font-weight: 400;\">Pague um cafezinho para mim<\/span><\/a><br \/><span style=\"font-weight: 400;\"><img decoding=\"async\" class=\"emoji\" role=\"img\" draggable=\"false\" src=\"https:\/\/s.w.org\/images\/core\/emoji\/14.0.0\/svg\/2705.svg\" alt=\"\u2705\" \/> Compartilhe este conte\u00fado <\/span><\/p>\t\t\t\t\t\t\t\t<\/div>\n\t\t\t\t<\/div>\n\t\t\t\t\t<\/div>\n\t\t<\/div>\n\t\t\t\t\t<\/div>\n\t\t<\/section>\n\t\t\t\t<\/div>\n\t\t","protected":false},"excerpt":{"rendered":"<p>Este conte\u00fado \u00e9 para quem trabalha como freelancer e sempre sofre na hora de criar uma&hellip;<\/p>\n","protected":false},"author":2,"featured_media":2792,"comment_status":"open","ping_status":"open","sticky":false,"template":"","format":"standard","meta":{"_exactmetrics_skip_tracking":false,"_exactmetrics_sitenote_active":false,"_exactmetrics_sitenote_note":"","_exactmetrics_sitenote_category":0,"footnotes":""},"categories":[292],"tags":[310,326,313,314],"class_list":["post-2791","post","type-post","status-publish","format-standard","has-post-thumbnail","hentry","category-publicidade-e-copywriting","tag-freelancer","tag-quanto-cobrar","tag-vida-de-freela","tag-vida-de-freelancer"],"yoast_head":"<!-- This site is optimized with the Yoast SEO plugin v27.5 - https:\/\/yoast.com\/product\/yoast-seo-wordpress\/ -->\n<title>Quer saber quanto cobrar por seus servi\u00e7os de freelancer? Use um cron\u00f4metro &#187; Qual \u00e9 o certo?<\/title>\n<meta name=\"description\" content=\"Voc\u00ea \u00e9 freelancer e sempre sofre quando precisa fazer um or\u00e7amento? Saiba agora quanto cobrar por seus servi\u00e7os de uma forma justa com voc\u00ea.\" \/>\n<meta name=\"robots\" content=\"index, follow, max-snippet:-1, max-image-preview:large, max-video-preview:-1\" \/>\n<link rel=\"canonical\" href=\"https:\/\/monicaguerretta.com\/qualeocerto\/quanto-cobrar-por-seu-trabalho\/\" \/>\n<meta property=\"og:locale\" content=\"pt_BR\" \/>\n<meta property=\"og:type\" content=\"article\" \/>\n<meta property=\"og:title\" content=\"Quer saber quanto cobrar por seus servi\u00e7os de freelancer? Use um cron\u00f4metro &#187; Qual \u00e9 o certo?\" \/>\n<meta property=\"og:description\" content=\"Voc\u00ea \u00e9 freelancer e sempre sofre quando precisa fazer um or\u00e7amento? Saiba agora quanto cobrar por seus servi\u00e7os de uma forma justa com voc\u00ea.\" \/>\n<meta property=\"og:url\" content=\"https:\/\/monicaguerretta.com\/qualeocerto\/quanto-cobrar-por-seu-trabalho\/\" \/>\n<meta property=\"og:site_name\" content=\"Qual \u00e9 o certo?\" \/>\n<meta property=\"article:publisher\" content=\"https:\/\/www.facebook.com\/qualeocerto\" \/>\n<meta property=\"article:published_time\" content=\"2023-02-02T17:24:08+00:00\" \/>\n<meta property=\"article:modified_time\" content=\"2023-02-06T19:23:59+00:00\" \/>\n<meta property=\"og:image\" content=\"https:\/\/monicaguerretta.com\/qualeocerto\/wp-content\/uploads\/2023\/02\/quanto-cobrar-por-qual-e-o-certo.png\" \/>\n\t<meta property=\"og:image:width\" content=\"1080\" \/>\n\t<meta property=\"og:image:height\" content=\"1081\" \/>\n\t<meta property=\"og:image:type\" content=\"image\/png\" \/>\n<meta name=\"author\" content=\"M\u00f4nica Guerretta\" \/>\n<meta name=\"twitter:card\" content=\"summary_large_image\" \/>\n<meta name=\"twitter:label1\" content=\"Escrito por\" \/>\n\t<meta name=\"twitter:data1\" content=\"M\u00f4nica Guerretta\" \/>\n\t<meta name=\"twitter:label2\" content=\"Est. tempo de leitura\" \/>\n\t<meta name=\"twitter:data2\" content=\"11 minutos\" \/>\n<script type=\"application\/ld+json\" class=\"yoast-schema-graph\">{\"@context\":\"https:\\\/\\\/schema.org\",\"@graph\":[{\"@type\":\"Article\",\"@id\":\"https:\\\/\\\/monicaguerretta.com\\\/qualeocerto\\\/quanto-cobrar-por-seu-trabalho\\\/#article\",\"isPartOf\":{\"@id\":\"https:\\\/\\\/monicaguerretta.com\\\/qualeocerto\\\/quanto-cobrar-por-seu-trabalho\\\/\"},\"author\":{\"name\":\"M\u00f4nica Guerretta\",\"@id\":\"https:\\\/\\\/monicaguerretta.com\\\/qualeocerto\\\/#\\\/schema\\\/person\\\/214b5e9a83b11fe11a18ecae0d21f79a\"},\"headline\":\"Quer saber quanto cobrar por seus servi\u00e7os de freelancer? Use um cron\u00f4metro\",\"datePublished\":\"2023-02-02T17:24:08+00:00\",\"dateModified\":\"2023-02-06T19:23:59+00:00\",\"mainEntityOfPage\":{\"@id\":\"https:\\\/\\\/monicaguerretta.com\\\/qualeocerto\\\/quanto-cobrar-por-seu-trabalho\\\/\"},\"wordCount\":1234,\"commentCount\":0,\"publisher\":{\"@id\":\"https:\\\/\\\/monicaguerretta.com\\\/qualeocerto\\\/#organization\"},\"image\":{\"@id\":\"https:\\\/\\\/monicaguerretta.com\\\/qualeocerto\\\/quanto-cobrar-por-seu-trabalho\\\/#primaryimage\"},\"thumbnailUrl\":\"https:\\\/\\\/monicaguerretta.com\\\/qualeocerto\\\/wp-content\\\/uploads\\\/2023\\\/02\\\/quanto-cobrar-por-qual-e-o-certo.png\",\"keywords\":[\"freelancer\",\"quanto cobrar\",\"vida de freela\",\"vida de freelancer\"],\"articleSection\":[\"Publicidade &amp; Copywriting\"],\"inLanguage\":\"pt-BR\",\"potentialAction\":[{\"@type\":\"CommentAction\",\"name\":\"Comment\",\"target\":[\"https:\\\/\\\/monicaguerretta.com\\\/qualeocerto\\\/quanto-cobrar-por-seu-trabalho\\\/#respond\"]}]},{\"@type\":\"WebPage\",\"@id\":\"https:\\\/\\\/monicaguerretta.com\\\/qualeocerto\\\/quanto-cobrar-por-seu-trabalho\\\/\",\"url\":\"https:\\\/\\\/monicaguerretta.com\\\/qualeocerto\\\/quanto-cobrar-por-seu-trabalho\\\/\",\"name\":\"Quer saber quanto cobrar por seus servi\u00e7os de freelancer? Use um cron\u00f4metro &#187; Qual \u00e9 o certo?\",\"isPartOf\":{\"@id\":\"https:\\\/\\\/monicaguerretta.com\\\/qualeocerto\\\/#website\"},\"primaryImageOfPage\":{\"@id\":\"https:\\\/\\\/monicaguerretta.com\\\/qualeocerto\\\/quanto-cobrar-por-seu-trabalho\\\/#primaryimage\"},\"image\":{\"@id\":\"https:\\\/\\\/monicaguerretta.com\\\/qualeocerto\\\/quanto-cobrar-por-seu-trabalho\\\/#primaryimage\"},\"thumbnailUrl\":\"https:\\\/\\\/monicaguerretta.com\\\/qualeocerto\\\/wp-content\\\/uploads\\\/2023\\\/02\\\/quanto-cobrar-por-qual-e-o-certo.png\",\"datePublished\":\"2023-02-02T17:24:08+00:00\",\"dateModified\":\"2023-02-06T19:23:59+00:00\",\"description\":\"Voc\u00ea \u00e9 freelancer e sempre sofre quando precisa fazer um or\u00e7amento? Saiba agora quanto cobrar por seus servi\u00e7os de uma forma justa com voc\u00ea.\",\"breadcrumb\":{\"@id\":\"https:\\\/\\\/monicaguerretta.com\\\/qualeocerto\\\/quanto-cobrar-por-seu-trabalho\\\/#breadcrumb\"},\"inLanguage\":\"pt-BR\",\"potentialAction\":[{\"@type\":\"ReadAction\",\"target\":[\"https:\\\/\\\/monicaguerretta.com\\\/qualeocerto\\\/quanto-cobrar-por-seu-trabalho\\\/\"]}]},{\"@type\":\"ImageObject\",\"inLanguage\":\"pt-BR\",\"@id\":\"https:\\\/\\\/monicaguerretta.com\\\/qualeocerto\\\/quanto-cobrar-por-seu-trabalho\\\/#primaryimage\",\"url\":\"https:\\\/\\\/monicaguerretta.com\\\/qualeocerto\\\/wp-content\\\/uploads\\\/2023\\\/02\\\/quanto-cobrar-por-qual-e-o-certo.png\",\"contentUrl\":\"https:\\\/\\\/monicaguerretta.com\\\/qualeocerto\\\/wp-content\\\/uploads\\\/2023\\\/02\\\/quanto-cobrar-por-qual-e-o-certo.png\",\"width\":1080,\"height\":1081,\"caption\":\"quanto cobrar por - qual \u00e9 o certo\"},{\"@type\":\"BreadcrumbList\",\"@id\":\"https:\\\/\\\/monicaguerretta.com\\\/qualeocerto\\\/quanto-cobrar-por-seu-trabalho\\\/#breadcrumb\",\"itemListElement\":[{\"@type\":\"ListItem\",\"position\":1,\"name\":\"In\u00edcio\",\"item\":\"https:\\\/\\\/monicaguerretta.com\\\/qualeocerto\\\/\"},{\"@type\":\"ListItem\",\"position\":2,\"name\":\"Quer saber quanto cobrar por seus servi\u00e7os de freelancer? Use um cron\u00f4metro\"}]},{\"@type\":\"WebSite\",\"@id\":\"https:\\\/\\\/monicaguerretta.com\\\/qualeocerto\\\/#website\",\"url\":\"https:\\\/\\\/monicaguerretta.com\\\/qualeocerto\\\/\",\"name\":\"Qual \u00e9 o Certo?\",\"description\":\"M\u00f4nica Guerretta | Redatora publicit\u00e1ria | Copywriting - UX Writing\",\"publisher\":{\"@id\":\"https:\\\/\\\/monicaguerretta.com\\\/qualeocerto\\\/#organization\"},\"potentialAction\":[{\"@type\":\"SearchAction\",\"target\":{\"@type\":\"EntryPoint\",\"urlTemplate\":\"https:\\\/\\\/monicaguerretta.com\\\/qualeocerto\\\/?s={search_term_string}\"},\"query-input\":{\"@type\":\"PropertyValueSpecification\",\"valueRequired\":true,\"valueName\":\"search_term_string\"}}],\"inLanguage\":\"pt-BR\"},{\"@type\":\"Organization\",\"@id\":\"https:\\\/\\\/monicaguerretta.com\\\/qualeocerto\\\/#organization\",\"name\":\"Qual \u00e9 o certo?\",\"url\":\"https:\\\/\\\/monicaguerretta.com\\\/qualeocerto\\\/\",\"logo\":{\"@type\":\"ImageObject\",\"inLanguage\":\"pt-BR\",\"@id\":\"https:\\\/\\\/monicaguerretta.com\\\/qualeocerto\\\/#\\\/schema\\\/logo\\\/image\\\/\",\"url\":\"https:\\\/\\\/monicaguerretta.com\\\/qualeocerto\\\/wp-content\\\/uploads\\\/2022\\\/08\\\/marca-quale.png\",\"contentUrl\":\"https:\\\/\\\/monicaguerretta.com\\\/qualeocerto\\\/wp-content\\\/uploads\\\/2022\\\/08\\\/marca-quale.png\",\"width\":592,\"height\":315,\"caption\":\"Qual \u00e9 o certo?\"},\"image\":{\"@id\":\"https:\\\/\\\/monicaguerretta.com\\\/qualeocerto\\\/#\\\/schema\\\/logo\\\/image\\\/\"},\"sameAs\":[\"https:\\\/\\\/www.facebook.com\\\/qualeocerto\",\"https:\\\/\\\/www.instagram.com\\\/qualeocerto\\\/\",\"https:\\\/\\\/www.youtube.com\\\/c\\\/qualeocerto\"]},{\"@type\":\"Person\",\"@id\":\"https:\\\/\\\/monicaguerretta.com\\\/qualeocerto\\\/#\\\/schema\\\/person\\\/214b5e9a83b11fe11a18ecae0d21f79a\",\"name\":\"M\u00f4nica Guerretta\",\"image\":{\"@type\":\"ImageObject\",\"inLanguage\":\"pt-BR\",\"@id\":\"https:\\\/\\\/secure.gravatar.com\\\/avatar\\\/cc0028ec5e6e39e7cd7e61c0fa6158a6d7f1edc39c4f536d768ad95ee3e26a8a?s=96&d=mm&r=g\",\"url\":\"https:\\\/\\\/secure.gravatar.com\\\/avatar\\\/cc0028ec5e6e39e7cd7e61c0fa6158a6d7f1edc39c4f536d768ad95ee3e26a8a?s=96&d=mm&r=g\",\"contentUrl\":\"https:\\\/\\\/secure.gravatar.com\\\/avatar\\\/cc0028ec5e6e39e7cd7e61c0fa6158a6d7f1edc39c4f536d768ad95ee3e26a8a?s=96&d=mm&r=g\",\"caption\":\"M\u00f4nica Guerretta\"}}]}<\/script>\n<!-- \/ Yoast SEO plugin. -->","yoast_head_json":{"title":"Quer saber quanto cobrar por seus servi\u00e7os de freelancer? Use um cron\u00f4metro &#187; Qual \u00e9 o certo?","description":"Voc\u00ea \u00e9 freelancer e sempre sofre quando precisa fazer um or\u00e7amento? Saiba agora quanto cobrar por seus servi\u00e7os de uma forma justa com voc\u00ea.","robots":{"index":"index","follow":"follow","max-snippet":"max-snippet:-1","max-image-preview":"max-image-preview:large","max-video-preview":"max-video-preview:-1"},"canonical":"https:\/\/monicaguerretta.com\/qualeocerto\/quanto-cobrar-por-seu-trabalho\/","og_locale":"pt_BR","og_type":"article","og_title":"Quer saber quanto cobrar por seus servi\u00e7os de freelancer? Use um cron\u00f4metro &#187; Qual \u00e9 o certo?","og_description":"Voc\u00ea \u00e9 freelancer e sempre sofre quando precisa fazer um or\u00e7amento? Saiba agora quanto cobrar por seus servi\u00e7os de uma forma justa com voc\u00ea.","og_url":"https:\/\/monicaguerretta.com\/qualeocerto\/quanto-cobrar-por-seu-trabalho\/","og_site_name":"Qual \u00e9 o certo?","article_publisher":"https:\/\/www.facebook.com\/qualeocerto","article_published_time":"2023-02-02T17:24:08+00:00","article_modified_time":"2023-02-06T19:23:59+00:00","og_image":[{"width":1080,"height":1081,"url":"https:\/\/monicaguerretta.com\/qualeocerto\/wp-content\/uploads\/2023\/02\/quanto-cobrar-por-qual-e-o-certo.png","type":"image\/png"}],"author":"M\u00f4nica Guerretta","twitter_card":"summary_large_image","twitter_misc":{"Escrito por":"M\u00f4nica Guerretta","Est. tempo de leitura":"11 minutos"},"schema":{"@context":"https:\/\/schema.org","@graph":[{"@type":"Article","@id":"https:\/\/monicaguerretta.com\/qualeocerto\/quanto-cobrar-por-seu-trabalho\/#article","isPartOf":{"@id":"https:\/\/monicaguerretta.com\/qualeocerto\/quanto-cobrar-por-seu-trabalho\/"},"author":{"name":"M\u00f4nica Guerretta","@id":"https:\/\/monicaguerretta.com\/qualeocerto\/#\/schema\/person\/214b5e9a83b11fe11a18ecae0d21f79a"},"headline":"Quer saber quanto cobrar por seus servi\u00e7os de freelancer? Use um cron\u00f4metro","datePublished":"2023-02-02T17:24:08+00:00","dateModified":"2023-02-06T19:23:59+00:00","mainEntityOfPage":{"@id":"https:\/\/monicaguerretta.com\/qualeocerto\/quanto-cobrar-por-seu-trabalho\/"},"wordCount":1234,"commentCount":0,"publisher":{"@id":"https:\/\/monicaguerretta.com\/qualeocerto\/#organization"},"image":{"@id":"https:\/\/monicaguerretta.com\/qualeocerto\/quanto-cobrar-por-seu-trabalho\/#primaryimage"},"thumbnailUrl":"https:\/\/monicaguerretta.com\/qualeocerto\/wp-content\/uploads\/2023\/02\/quanto-cobrar-por-qual-e-o-certo.png","keywords":["freelancer","quanto cobrar","vida de freela","vida de freelancer"],"articleSection":["Publicidade &amp; Copywriting"],"inLanguage":"pt-BR","potentialAction":[{"@type":"CommentAction","name":"Comment","target":["https:\/\/monicaguerretta.com\/qualeocerto\/quanto-cobrar-por-seu-trabalho\/#respond"]}]},{"@type":"WebPage","@id":"https:\/\/monicaguerretta.com\/qualeocerto\/quanto-cobrar-por-seu-trabalho\/","url":"https:\/\/monicaguerretta.com\/qualeocerto\/quanto-cobrar-por-seu-trabalho\/","name":"Quer saber quanto cobrar por seus servi\u00e7os de freelancer? Use um cron\u00f4metro &#187; Qual \u00e9 o certo?","isPartOf":{"@id":"https:\/\/monicaguerretta.com\/qualeocerto\/#website"},"primaryImageOfPage":{"@id":"https:\/\/monicaguerretta.com\/qualeocerto\/quanto-cobrar-por-seu-trabalho\/#primaryimage"},"image":{"@id":"https:\/\/monicaguerretta.com\/qualeocerto\/quanto-cobrar-por-seu-trabalho\/#primaryimage"},"thumbnailUrl":"https:\/\/monicaguerretta.com\/qualeocerto\/wp-content\/uploads\/2023\/02\/quanto-cobrar-por-qual-e-o-certo.png","datePublished":"2023-02-02T17:24:08+00:00","dateModified":"2023-02-06T19:23:59+00:00","description":"Voc\u00ea \u00e9 freelancer e sempre sofre quando precisa fazer um or\u00e7amento? Saiba agora quanto cobrar por seus servi\u00e7os de uma forma justa com voc\u00ea.","breadcrumb":{"@id":"https:\/\/monicaguerretta.com\/qualeocerto\/quanto-cobrar-por-seu-trabalho\/#breadcrumb"},"inLanguage":"pt-BR","potentialAction":[{"@type":"ReadAction","target":["https:\/\/monicaguerretta.com\/qualeocerto\/quanto-cobrar-por-seu-trabalho\/"]}]},{"@type":"ImageObject","inLanguage":"pt-BR","@id":"https:\/\/monicaguerretta.com\/qualeocerto\/quanto-cobrar-por-seu-trabalho\/#primaryimage","url":"https:\/\/monicaguerretta.com\/qualeocerto\/wp-content\/uploads\/2023\/02\/quanto-cobrar-por-qual-e-o-certo.png","contentUrl":"https:\/\/monicaguerretta.com\/qualeocerto\/wp-content\/uploads\/2023\/02\/quanto-cobrar-por-qual-e-o-certo.png","width":1080,"height":1081,"caption":"quanto cobrar por - qual \u00e9 o certo"},{"@type":"BreadcrumbList","@id":"https:\/\/monicaguerretta.com\/qualeocerto\/quanto-cobrar-por-seu-trabalho\/#breadcrumb","itemListElement":[{"@type":"ListItem","position":1,"name":"In\u00edcio","item":"https:\/\/monicaguerretta.com\/qualeocerto\/"},{"@type":"ListItem","position":2,"name":"Quer saber quanto cobrar por seus servi\u00e7os de freelancer? Use um cron\u00f4metro"}]},{"@type":"WebSite","@id":"https:\/\/monicaguerretta.com\/qualeocerto\/#website","url":"https:\/\/monicaguerretta.com\/qualeocerto\/","name":"Qual \u00e9 o Certo?","description":"M\u00f4nica Guerretta | Redatora publicit\u00e1ria | Copywriting - UX Writing","publisher":{"@id":"https:\/\/monicaguerretta.com\/qualeocerto\/#organization"},"potentialAction":[{"@type":"SearchAction","target":{"@type":"EntryPoint","urlTemplate":"https:\/\/monicaguerretta.com\/qualeocerto\/?s={search_term_string}"},"query-input":{"@type":"PropertyValueSpecification","valueRequired":true,"valueName":"search_term_string"}}],"inLanguage":"pt-BR"},{"@type":"Organization","@id":"https:\/\/monicaguerretta.com\/qualeocerto\/#organization","name":"Qual \u00e9 o certo?","url":"https:\/\/monicaguerretta.com\/qualeocerto\/","logo":{"@type":"ImageObject","inLanguage":"pt-BR","@id":"https:\/\/monicaguerretta.com\/qualeocerto\/#\/schema\/logo\/image\/","url":"https:\/\/monicaguerretta.com\/qualeocerto\/wp-content\/uploads\/2022\/08\/marca-quale.png","contentUrl":"https:\/\/monicaguerretta.com\/qualeocerto\/wp-content\/uploads\/2022\/08\/marca-quale.png","width":592,"height":315,"caption":"Qual \u00e9 o certo?"},"image":{"@id":"https:\/\/monicaguerretta.com\/qualeocerto\/#\/schema\/logo\/image\/"},"sameAs":["https:\/\/www.facebook.com\/qualeocerto","https:\/\/www.instagram.com\/qualeocerto\/","https:\/\/www.youtube.com\/c\/qualeocerto"]},{"@type":"Person","@id":"https:\/\/monicaguerretta.com\/qualeocerto\/#\/schema\/person\/214b5e9a83b11fe11a18ecae0d21f79a","name":"M\u00f4nica Guerretta","image":{"@type":"ImageObject","inLanguage":"pt-BR","@id":"https:\/\/secure.gravatar.com\/avatar\/cc0028ec5e6e39e7cd7e61c0fa6158a6d7f1edc39c4f536d768ad95ee3e26a8a?s=96&d=mm&r=g","url":"https:\/\/secure.gravatar.com\/avatar\/cc0028ec5e6e39e7cd7e61c0fa6158a6d7f1edc39c4f536d768ad95ee3e26a8a?s=96&d=mm&r=g","contentUrl":"https:\/\/secure.gravatar.com\/avatar\/cc0028ec5e6e39e7cd7e61c0fa6158a6d7f1edc39c4f536d768ad95ee3e26a8a?s=96&d=mm&r=g","caption":"M\u00f4nica Guerretta"}}]}},"_links":{"self":[{"href":"https:\/\/monicaguerretta.com\/qualeocerto\/wp-json\/wp\/v2\/posts\/2791","targetHints":{"allow":["GET"]}}],"collection":[{"href":"https:\/\/monicaguerretta.com\/qualeocerto\/wp-json\/wp\/v2\/posts"}],"about":[{"href":"https:\/\/monicaguerretta.com\/qualeocerto\/wp-json\/wp\/v2\/types\/post"}],"author":[{"embeddable":true,"href":"https:\/\/monicaguerretta.com\/qualeocerto\/wp-json\/wp\/v2\/users\/2"}],"replies":[{"embeddable":true,"href":"https:\/\/monicaguerretta.com\/qualeocerto\/wp-json\/wp\/v2\/comments?post=2791"}],"version-history":[{"count":14,"href":"https:\/\/monicaguerretta.com\/qualeocerto\/wp-json\/wp\/v2\/posts\/2791\/revisions"}],"predecessor-version":[{"id":2826,"href":"https:\/\/monicaguerretta.com\/qualeocerto\/wp-json\/wp\/v2\/posts\/2791\/revisions\/2826"}],"wp:featuredmedia":[{"embeddable":true,"href":"https:\/\/monicaguerretta.com\/qualeocerto\/wp-json\/wp\/v2\/media\/2792"}],"wp:attachment":[{"href":"https:\/\/monicaguerretta.com\/qualeocerto\/wp-json\/wp\/v2\/media?parent=2791"}],"wp:term":[{"taxonomy":"category","embeddable":true,"href":"https:\/\/monicaguerretta.com\/qualeocerto\/wp-json\/wp\/v2\/categories?post=2791"},{"taxonomy":"post_tag","embeddable":true,"href":"https:\/\/monicaguerretta.com\/qualeocerto\/wp-json\/wp\/v2\/tags?post=2791"}],"curies":[{"name":"wp","href":"https:\/\/api.w.org\/{rel}","templated":true}]}}