{"id":2818,"date":"2021-09-27T19:26:00","date_gmt":"2021-09-27T22:26:00","guid":{"rendered":"https:\/\/monicaguerretta.com\/qualeocerto\/?p=2818"},"modified":"2023-02-13T19:54:40","modified_gmt":"2023-02-13T22:54:40","slug":"virgula-antes-de-e","status":"publish","type":"post","link":"https:\/\/monicaguerretta.com\/qualeocerto\/virgula-antes-de-e\/","title":{"rendered":"<strong>\u00c9 poss\u00edvel usar v\u00edrgula antes de \u201ce\u201d? E depois? Como faz?<\/strong>"},"content":{"rendered":"\t\t<div data-elementor-type=\"wp-post\" data-elementor-id=\"2818\" class=\"elementor elementor-2818\">\n\t\t\t\t\t\t<section class=\"elementor-section elementor-top-section elementor-element elementor-element-6575d60 elementor-section-boxed elementor-section-height-default elementor-section-height-default\" data-id=\"6575d60\" data-element_type=\"section\">\n\t\t\t\t\t\t<div class=\"elementor-container elementor-column-gap-default\">\n\t\t\t\t\t<div class=\"elementor-column elementor-col-100 elementor-top-column elementor-element elementor-element-e325b8c\" data-id=\"e325b8c\" data-element_type=\"column\">\n\t\t\t<div class=\"elementor-widget-wrap elementor-element-populated\">\n\t\t\t\t\t\t<div class=\"elementor-element elementor-element-758e6fa elementor-widget elementor-widget-text-editor\" data-id=\"758e6fa\" data-element_type=\"widget\" data-widget_type=\"text-editor.default\">\n\t\t\t\t<div class=\"elementor-widget-container\">\n\t\t\t\t\t\t\t\t\t<p>Este \u00e9 mais um conte\u00fado criado para ajudar quem vive levando uma lambada da v\u00edrgula. \ud83d\ude31<\/p>\n<p><!-- \/wp:paragraph --><!-- wp:paragraph --><\/p>\n<p>J\u00e1 come\u00e7o dizendo que sim, \u00e9 poss\u00edvel usar v\u00edrgula antes de <strong><mark class=\"has-inline-color has-vivid-purple-color\" style=\"background-color: rgba(0, 0, 0, 0);\">e<\/mark><\/strong>.<br \/>Ali\u00e1s, voc\u00ea consegue usar essa pontua\u00e7\u00e3o antes da conjun\u00e7\u00e3o <strong><mark class=\"has-inline-color has-vivid-purple-color\" style=\"background-color: rgba(0, 0, 0, 0);\">e<\/mark><\/strong> em tr\u00eas situa\u00e7\u00f5es.<\/p>\n<p><!-- \/wp:paragraph --><!-- wp:paragraph --><\/p>\n<p>Ent\u00e3o vamos l\u00e1!<\/p>\t\t\t\t\t\t\t\t<\/div>\n\t\t\t\t<\/div>\n\t\t\t\t\t<\/div>\n\t\t<\/div>\n\t\t\t\t\t<\/div>\n\t\t<\/section>\n\t\t\t\t<section class=\"elementor-section elementor-top-section elementor-element elementor-element-825d491 elementor-section-boxed elementor-section-height-default elementor-section-height-default\" data-id=\"825d491\" data-element_type=\"section\">\n\t\t\t\t\t\t<div class=\"elementor-container elementor-column-gap-default\">\n\t\t\t\t\t<div class=\"elementor-column elementor-col-100 elementor-top-column elementor-element elementor-element-a1496e8\" data-id=\"a1496e8\" data-element_type=\"column\">\n\t\t\t<div class=\"elementor-widget-wrap elementor-element-populated\">\n\t\t\t\t\t\t<div class=\"elementor-element elementor-element-8011f75 elementor-widget elementor-widget-video\" data-id=\"8011f75\" data-element_type=\"widget\" data-settings=\"{&quot;youtube_url&quot;:&quot;https:\\\/\\\/youtu.be\\\/AO-fvDPF_0w&quot;,&quot;video_type&quot;:&quot;youtube&quot;,&quot;controls&quot;:&quot;yes&quot;}\" data-widget_type=\"video.default\">\n\t\t\t\t<div class=\"elementor-widget-container\">\n\t\t\t\t\t\t\t<div class=\"elementor-wrapper elementor-open-inline\">\n\t\t\t<div class=\"elementor-video\"><\/div>\t\t<\/div>\n\t\t\t\t\t\t<\/div>\n\t\t\t\t<\/div>\n\t\t\t\t\t<\/div>\n\t\t<\/div>\n\t\t\t\t\t<\/div>\n\t\t<\/section>\n\t\t\t\t<section class=\"elementor-section elementor-top-section elementor-element elementor-element-1ddd17d9 elementor-section-boxed elementor-section-height-default elementor-section-height-default\" data-id=\"1ddd17d9\" data-element_type=\"section\">\n\t\t\t\t\t\t<div class=\"elementor-container elementor-column-gap-default\">\n\t\t\t\t\t<div class=\"elementor-column elementor-col-100 elementor-top-column elementor-element elementor-element-63e9c5b7\" data-id=\"63e9c5b7\" data-element_type=\"column\">\n\t\t\t<div class=\"elementor-widget-wrap elementor-element-populated\">\n\t\t\t\t\t\t<div class=\"elementor-element elementor-element-5eadce11 elementor-widget elementor-widget-text-editor\" data-id=\"5eadce11\" data-element_type=\"widget\" data-widget_type=\"text-editor.default\">\n\t\t\t\t<div class=\"elementor-widget-container\">\n\t\t\t\t\t\t\t\t\t<!-- wp:paragraph --><!-- \/wp:embed --><!-- wp:heading {\"textColor\":\"vivid-purple\"} -->\n<h2 class=\"has-vivid-purple-color has-text-color\"><strong>Quando usar v\u00edrgula antes de <span style=\"text-decoration: underline;\">e<\/span>?<\/strong><\/h2>\n<!-- \/wp:heading --><!-- wp:heading {\"level\":3,\"textColor\":\"vivid-purple\"} -->\n<h4 class=\"has-vivid-purple-color has-text-color\"><strong>Situa\u00e7\u00e3o n\u00famero 1:<\/strong><\/h4>\n<!-- \/wp:heading --><!-- wp:heading {\"level\":3,\"textColor\":\"vivid-purple\"} -->\n<h3 class=\"has-vivid-purple-color has-text-color\"><strong>Quando houver uma explica\u00e7\u00e3o intercalada antes do <span style=\"text-decoration: underline;\">e<\/span><\/strong><\/h3>\n<!-- \/wp:heading --><!-- wp:paragraph -->\n<p>Vou explicar direto com exemplos, porque assim fica mais f\u00e1cil. \ud83d\ude09<\/p>\n<!-- \/wp:paragraph --><!-- wp:paragraph -->\n<p>Considere esta frase:<\/p>\n<!-- \/wp:paragraph --><!-- wp:paragraph -->\n<p><strong>\u2705 Preparei esta aula para voc\u00ea <mark class=\"has-inline-color has-vivid-purple-color\" style=\"background-color: rgba(0, 0, 0, 0);\">e<\/mark> para todo mundo que se perde com a v\u00edrgula.<\/strong><\/p>\n<!-- \/wp:paragraph --><!-- wp:paragraph -->\n<p>Agora, vou incluir uma explica\u00e7\u00e3o antes de <strong><strong><mark class=\"has-inline-color has-vivid-purple-color\" style=\"background-color: rgba(0, 0, 0, 0);\">e<\/mark><\/strong><\/strong>:<\/p>\n<!-- \/wp:paragraph --><!-- wp:paragraph -->\n<p><strong>\u2705 Preparei esta aula para voc\u00ea<span style=\"text-decoration: underline;\">, que quer melhorar seu portugu\u00eas,<\/span><mark class=\"has-inline-color has-vivid-purple-color\" style=\"background-color: rgba(0, 0, 0, 0);\"> e<\/mark> para todo mundo que se perde com a v\u00edrgula.<\/strong><\/p>\n<!-- \/wp:paragraph --><!-- wp:paragraph -->\n<p>Portanto, se voc\u00ea adicionar uma explica\u00e7\u00e3o isolada entre v\u00edrgulas, voc\u00ea consegue usar v\u00edrgula antes de <strong><strong><mark class=\"has-inline-color has-vivid-purple-color\" style=\"background-color: rgba(0, 0, 0, 0);\">e<\/mark><\/strong><\/strong>.<br \/>Entendeu como funciona?<\/p>\n<!-- \/wp:paragraph --><!-- wp:paragraph -->\n<p>Veja outro exemplo:<\/p>\n<!-- \/wp:paragraph --><!-- wp:paragraph -->\n<p><strong>\u2705 Salve este conte\u00fado nos seus favoritos <strong><strong><mark class=\"has-inline-color has-vivid-purple-color\" style=\"background-color: rgba(0, 0, 0, 0);\">e<\/mark><\/strong><\/strong> inscreva-se no canal do Qual \u00e9 o certo? no YouTube.<\/strong><\/p>\n<!-- \/wp:paragraph --><!-- wp:paragraph -->\n<p>Se incluirmos uma intercala\u00e7\u00e3o, uma explica\u00e7\u00e3o, antes de <strong><strong><mark class=\"has-inline-color has-vivid-purple-color\" style=\"background-color: rgba(0, 0, 0, 0);\">e<\/mark><\/strong><\/strong>, assim conseguimos usar v\u00edrgula:<\/p>\n<!-- \/wp:paragraph --><!-- wp:paragraph -->\n<p><strong>\u2705 Salve este conte\u00fado nos seus favoritos<strong><span style=\"text-decoration: underline;\">, <strong><strong>se esta explica\u00e7\u00e3o<\/strong> foi \u00fatil para voc\u00ea,<\/strong><\/span><\/strong> <strong><mark class=\"has-inline-color has-vivid-purple-color\" style=\"background-color: rgba(0, 0, 0, 0);\">e<\/mark><\/strong> inscreva-se no canal do Qual \u00e9 o certo? no YouTube.<\/strong><\/p>\n<!-- \/wp:paragraph --><!-- wp:paragraph -->\n<p>Belezura? \ud83d\ude42<\/p>\n<!-- \/wp:paragraph --><!-- wp:heading {\"level\":3,\"textColor\":\"vivid-purple\"} -->\n<h4 class=\"has-vivid-purple-color has-text-color\"><strong>Situa\u00e7\u00e3o n\u00famero 2:<\/strong><\/h4>\n<!-- \/wp:heading --><!-- wp:heading {\"level\":3,\"textColor\":\"vivid-purple\"} -->\n<h3 class=\"has-vivid-purple-color has-text-color\"><strong>Quando aparecerem sujeitos diferentes na frase<\/strong><\/h3>\n<!-- \/wp:heading --><!-- wp:paragraph -->\n<p>Novamente, vamos direto aos exemplos.<\/p>\n<!-- \/wp:paragraph --><!-- wp:paragraph -->\n<p><strong>\u2705 Fiz esta aula para voc\u00ea, <mark class=\"has-inline-color has-vivid-purple-color\" style=\"background-color: rgba(0, 0, 0, 0);\">e<\/mark> voc\u00ea curtiu.<\/strong><\/p>\n<!-- \/wp:paragraph --><!-- wp:paragraph -->\n<p>Voc\u00ea percebeu? Aqui temos sujeitos diferentes em cada parte da frase.<br \/>Primeiro, o sujeito sou euzinha; na segunda parte, o sujeito \u00e9 voc\u00ea, que curtiu o conte\u00fado. \ud83d\ude01<\/p>\n<!-- \/wp:paragraph --><!-- wp:paragraph -->\n<p>Desse modo, precisamos usar v\u00edrgula antes de <strong><strong><mark class=\"has-inline-color has-vivid-purple-color\" style=\"background-color: rgba(0, 0, 0, 0);\">e<\/mark><\/strong><\/strong>.<\/p>\n<!-- \/wp:paragraph --><!-- wp:paragraph -->\n<p><strong>\u2705 Pedi demiss\u00e3o para o meu chefe, <strong><mark class=\"has-inline-color has-vivid-purple-color\" style=\"background-color: rgba(0, 0, 0, 0);\">e<\/mark><\/strong> ele lamentou.<\/strong><\/p>\n<!-- \/wp:paragraph --><!-- wp:paragraph -->\n<p><strong>\u2705 Contei a ele que decidi me mudar de cidade, <strong><strong><mark class=\"has-inline-color has-vivid-purple-color\" style=\"background-color: rgba(0, 0, 0, 0);\">e<\/mark><\/strong><\/strong> ele insistiu para que eu mudasse de ideia.<\/strong><\/p>\n<!-- \/wp:paragraph --><!-- wp:paragraph -->\n<p>Em todos esses exemplos temos um sujeito na primeira parte \u2014 antes de <strong><strong><mark class=\"has-inline-color has-vivid-purple-color\" style=\"background-color: rgba(0, 0, 0, 0);\">e<\/mark><\/strong><\/strong> \u2014 e outro sujeito na segunda parte \u2014 depois de <strong><strong><mark class=\"has-inline-color has-vivid-purple-color\" style=\"background-color: rgba(0, 0, 0, 0);\">e<\/mark><\/strong><\/strong>. Por isso a v\u00edrgula aparece na frente do <strong><strong><mark class=\"has-inline-color has-vivid-purple-color\" style=\"background-color: rgba(0, 0, 0, 0);\">e<\/mark><\/strong><\/strong>.<\/p>\n<!-- \/wp:paragraph --><!-- wp:heading {\"level\":3,\"textColor\":\"vivid-purple\"} -->\n<h4 class=\"has-vivid-purple-color has-text-color\"><strong>Situa\u00e7\u00e3o n\u00famero 3:<\/strong><\/h4>\n<!-- \/wp:heading --><!-- wp:heading {\"level\":3,\"textColor\":\"vivid-purple\"} -->\n<h3 class=\"has-vivid-purple-color has-text-color\"><strong>Quando quiser dar mais \u00eanfase na mudan\u00e7a de sentido no seu texto<\/strong><\/h3>\n<!-- \/wp:heading --><!-- wp:paragraph -->\n<p>Calma, tamb\u00e9m trouxe um exemplo sobre isso.<\/p>\n<!-- \/wp:paragraph --><!-- wp:paragraph -->\n<p><strong>\u2705 O novo produto foi lan\u00e7ado na semana passada, <strong><mark class=\"has-inline-color has-vivid-purple-color\" style=\"background-color: rgba(0, 0, 0, 0);\">e<\/mark><\/strong> j\u00e1 superou a marca de um milh\u00e3o de vendas.<\/strong><\/p>\n<!-- \/wp:paragraph --><!-- wp:paragraph -->\n<p>Voc\u00ea viu que n\u00e3o mudou o sujeito, n\u00e9? O novo produto foi lan\u00e7ado e o novo produto teve um milh\u00e3o de vendas. Ou seja: \u00e9 o mesmo sujeito nas duas partes.<\/p>\n<!-- \/wp:paragraph --><!-- wp:paragraph -->\n<p>Tamb\u00e9m <a href=\"https:\/\/monicaguerretta.com\/qualeocerto\/nao-e-nenhum\/\" target=\"_blank\" rel=\"noreferrer noopener\">n\u00e3o apareceu nenhuma<\/a> intercala\u00e7\u00e3o explicando algo antes do <strong><strong><mark class=\"has-inline-color has-vivid-purple-color\" style=\"background-color: rgba(0, 0, 0, 0);\">e<\/mark><\/strong><\/strong>. No entanto, para trazer mais \u00eanfase \u00e0 segunda parte da frase, inclu\u00edmos uma v\u00edrgula antes dele.<\/p>\n<!-- \/wp:paragraph --><!-- wp:paragraph -->\n<p>A frase poderia ser escrita normalmente sem essa v\u00edrgula:<\/p>\n<!-- \/wp:paragraph --><!-- wp:paragraph -->\n<p><strong>\u2705 O novo produto foi lan\u00e7ado na semana passada <strong><mark class=\"has-inline-color has-vivid-purple-color\" style=\"background-color: rgba(0, 0, 0, 0);\">e<\/mark><\/strong> j\u00e1 superou a marca de um milh\u00e3o de vendas.<\/strong><\/p>\n<!-- \/wp:paragraph --><!-- wp:paragraph -->\n<p>Voc\u00ea pode escrever como preferir, depende apenas da \u00eanfase que voc\u00ea quer dar ao seu texto. Combinado?<\/p>\n<!-- \/wp:paragraph --><!-- wp:paragraph -->\n<p>Bom, chegou o momento de falarmos sobre a segunda parte do t\u00edtulo:<\/p>\n<!-- \/wp:paragraph --><!-- wp:heading {\"textColor\":\"vivid-purple\"} -->\n<h2 class=\"has-vivid-purple-color has-text-color\"><strong>Quando usar v\u00edrgula depois de <span style=\"text-decoration: underline;\">e<\/span>?<\/strong><\/h2>\n<!-- \/wp:heading --><!-- wp:paragraph -->\n<p>Agora precisamos resgatar a situa\u00e7\u00e3o n\u00famero 1, que expliquei l\u00e1 no in\u00edcio.<\/p>\n<!-- \/wp:paragraph --><!-- wp:paragraph -->\n<p>Considerando o uso da v\u00edrgula com explica\u00e7\u00f5es intercaladas, temos a possibilidade de usar v\u00edrgula <span style=\"text-decoration: underline;\">antes de <strong><strong><strong><mark class=\"has-inline-color has-vivid-purple-color\" style=\"background-color: rgba(0, 0, 0, 0);\">e<\/mark><\/strong><\/strong><\/strong><\/span>, <span style=\"text-decoration: underline;\">depois de <strong><strong><strong><mark class=\"has-inline-color has-vivid-purple-color\" style=\"background-color: rgba(0, 0, 0, 0);\">e<\/mark><\/strong><\/strong><\/strong><\/span>, e ainda \u2014 talvez para a sua surpresa \u2014 <span style=\"text-decoration: underline;\">antes e depois de <strong><strong><strong><mark class=\"has-inline-color has-vivid-purple-color\" style=\"background-color: rgba(0, 0, 0, 0);\">e<\/mark><\/strong><\/strong><\/strong><\/span>. \ud83e\udd2f Neste \u00faltimo caso, quando houver explica\u00e7\u00f5es intercaladas antes e depois dele.<\/p>\n<!-- \/wp:paragraph --><!-- wp:paragraph -->\n<p>Por exemplo (somente com <span style=\"text-decoration: underline;\">v\u00edrgula ap\u00f3s a conjun\u00e7\u00e3o<\/span>):<\/p>\n<!-- \/wp:paragraph --><!-- wp:paragraph -->\n<p><strong>\u2705 Preparei esta aula para voc\u00ea <strong><mark class=\"has-inline-color has-vivid-purple-color\" style=\"background-color: rgba(0, 0, 0, 0);\">e<\/mark><\/strong><span style=\"text-decoration: underline;\">, como voc\u00ea deve imaginar,<\/span> para todo mundo que se perde com a v\u00edrgula.<\/strong><\/p>\n<!-- \/wp:paragraph --><!-- wp:paragraph -->\n<p>Aqui, <span style=\"text-decoration: underline;\">v\u00edrgula antes e depois<\/span>:<\/p>\n<!-- \/wp:paragraph --><!-- wp:paragraph -->\n<p><strong>\u2705 Preparei esta aula para voc\u00ea<span style=\"text-decoration: underline;\">, que quer melhorar seu portugu\u00eas,<\/span> <strong><mark class=\"has-inline-color has-vivid-purple-color\" style=\"background-color: rgba(0, 0, 0, 0);\">e<\/mark><\/strong><span style=\"text-decoration: underline;\">, como voc\u00ea deve imaginar,<\/span> para todo mundo que se perde com a v\u00edrgula.<\/strong><\/p>\n<!-- \/wp:paragraph --><!-- wp:paragraph -->\n<p><strong>\u2705 Salve este conte\u00fado nos seus favoritos<span style=\"text-decoration: underline;\">, se esta explica\u00e7\u00e3o foi \u00fatil para voc\u00ea,<\/span> <strong><mark class=\"has-inline-color has-vivid-purple-color\" style=\"background-color: rgba(0, 0, 0, 0);\">e<\/mark><\/strong><span style=\"text-decoration: underline;\">, para apoiar a Moniquinha,<\/span> inscreva-se no canal do Qual \u00e9 o certo? no YouTube.<\/strong><\/p>\n<!-- \/wp:paragraph --><!-- wp:paragraph -->\n<p>Minha nossa! S\u00e3o muitas v\u00edrgulas juntas, n\u00e3o \u00e9 mesmo?<br \/>Mas esses dois exemplos est\u00e3o corretos. \ud83d\ude42<\/p>\n<!-- \/wp:paragraph -->\t\t\t\t\t\t\t\t<\/div>\n\t\t\t\t<\/div>\n\t\t\t\t\t<\/div>\n\t\t<\/div>\n\t\t\t\t\t<\/div>\n\t\t<\/section>\n\t\t\t\t<section class=\"elementor-section elementor-top-section elementor-element elementor-element-e3bbf8d elementor-section-boxed elementor-section-height-default elementor-section-height-default\" data-id=\"e3bbf8d\" data-element_type=\"section\">\n\t\t\t\t\t\t<div class=\"elementor-container elementor-column-gap-default\">\n\t\t\t\t\t<div class=\"elementor-column elementor-col-33 elementor-top-column elementor-element elementor-element-4d400b3\" data-id=\"4d400b3\" data-element_type=\"column\">\n\t\t\t<div class=\"elementor-widget-wrap elementor-element-populated\">\n\t\t\t\t\t\t<div class=\"elementor-element elementor-element-9180cb0 elementor-invisible elementor-widget elementor-widget-image\" data-id=\"9180cb0\" data-element_type=\"widget\" data-settings=\"{&quot;_animation&quot;:&quot;slideInLeft&quot;}\" data-widget_type=\"image.default\">\n\t\t\t\t<div class=\"elementor-widget-container\">\n\t\t\t\t\t\t\t\t\t\t\t\t\t\t\t<img fetchpriority=\"high\" decoding=\"async\" width=\"681\" height=\"1024\" src=\"https:\/\/monicaguerretta.com\/qualeocerto\/wp-content\/uploads\/2022\/07\/Monica-Guerretta-Qual-e-o-certo-681x1024.jpg\" class=\"attachment-large size-large wp-image-1980\" alt=\"M\u00f4nica-Guerretta-Qual-\u00e9-o-certo\" srcset=\"https:\/\/monicaguerretta.com\/qualeocerto\/wp-content\/uploads\/2022\/07\/Monica-Guerretta-Qual-e-o-certo-681x1024.jpg 681w, https:\/\/monicaguerretta.com\/qualeocerto\/wp-content\/uploads\/2022\/07\/Monica-Guerretta-Qual-e-o-certo-200x300.jpg 200w, https:\/\/monicaguerretta.com\/qualeocerto\/wp-content\/uploads\/2022\/07\/Monica-Guerretta-Qual-e-o-certo-768x1155.jpg 768w, https:\/\/monicaguerretta.com\/qualeocerto\/wp-content\/uploads\/2022\/07\/Monica-Guerretta-Qual-e-o-certo-1022x1536.jpg 1022w, https:\/\/monicaguerretta.com\/qualeocerto\/wp-content\/uploads\/2022\/07\/Monica-Guerretta-Qual-e-o-certo-1362x2048.jpg 1362w, https:\/\/monicaguerretta.com\/qualeocerto\/wp-content\/uploads\/2022\/07\/Monica-Guerretta-Qual-e-o-certo-scaled.jpg 1703w\" sizes=\"(max-width: 681px) 100vw, 681px\" \/>\t\t\t\t\t\t\t\t\t\t\t\t\t\t\t<\/div>\n\t\t\t\t<\/div>\n\t\t\t\t\t<\/div>\n\t\t<\/div>\n\t\t\t\t<div class=\"elementor-column elementor-col-66 elementor-top-column elementor-element elementor-element-04247fb\" data-id=\"04247fb\" data-element_type=\"column\">\n\t\t\t<div class=\"elementor-widget-wrap elementor-element-populated\">\n\t\t\t\t\t\t<div class=\"elementor-element elementor-element-ab38d09 elementor-invisible elementor-widget elementor-widget-text-editor\" data-id=\"ab38d09\" data-element_type=\"widget\" data-settings=\"{&quot;_animation&quot;:&quot;slideInRight&quot;}\" data-widget_type=\"text-editor.default\">\n\t\t\t\t<div class=\"elementor-widget-container\">\n\t\t\t\t\t\t\t\t\t<p><b>Este conte\u00fado ajudou voc\u00ea a se entender um pouquinho melhor com a v\u00edrgula?<br \/><\/b><span style=\"font-weight: 400;\">Ent\u00e3o apoie o Qual \u00e9 o certo?, por favorzinho. <img decoding=\"async\" class=\"emoji\" role=\"img\" draggable=\"false\" src=\"https:\/\/s.w.org\/images\/core\/emoji\/14.0.0\/svg\/1f499.svg\" alt=\"\ud83d\udc99\" \/><br \/><\/span><span style=\"font-weight: 400;\"><img decoding=\"async\" class=\"emoji\" role=\"img\" draggable=\"false\" src=\"https:\/\/s.w.org\/images\/core\/emoji\/14.0.0\/svg\/2705.svg\" alt=\"\u2705\" \/> <\/span><a href=\"https:\/\/www.youtube.com\/c\/qualeocerto\" target=\"_blank\" rel=\"noopener\"><span style=\"font-weight: 400;\">Inscreva-se no canal do YouTube<\/span><\/a><br \/><span style=\"font-weight: 400;\"><img decoding=\"async\" class=\"emoji\" role=\"img\" draggable=\"false\" src=\"https:\/\/s.w.org\/images\/core\/emoji\/14.0.0\/svg\/2705.svg\" alt=\"\u2705\" \/> <\/span><a href=\"https:\/\/www.instagram.com\/qualeocerto\/\" target=\"_blank\" rel=\"noopener\"><span style=\"font-weight: 400;\">Siga no Instagram<\/span><\/a><br \/><span style=\"font-weight: 400;\"><img decoding=\"async\" class=\"emoji\" role=\"img\" draggable=\"false\" src=\"https:\/\/s.w.org\/images\/core\/emoji\/14.0.0\/svg\/2705.svg\" alt=\"\u2705\" \/> <\/span><a href=\"https:\/\/www.linkedin.com\/in\/monicaguerretta\/\"><span style=\"font-weight: 400;\">Acompanhe no LinkedIn<\/span><\/a><br \/><span style=\"font-weight: 400;\"><img decoding=\"async\" class=\"emoji\" role=\"img\" draggable=\"false\" src=\"https:\/\/s.w.org\/images\/core\/emoji\/14.0.0\/svg\/2705.svg\" alt=\"\u2705\" \/> <\/span><a href=\"https:\/\/monicaguerretta.com\/qualeocerto\/vamos-conversar\/\" target=\"_blank\" rel=\"noopener\"><span style=\"font-weight: 400;\">Pague um cafezinho para mim<\/span><\/a><br \/><span style=\"font-weight: 400;\"><img decoding=\"async\" class=\"emoji\" role=\"img\" draggable=\"false\" src=\"https:\/\/s.w.org\/images\/core\/emoji\/14.0.0\/svg\/2705.svg\" alt=\"\u2705\" \/> Compartilhe este conte\u00fado <\/span><\/p>\t\t\t\t\t\t\t\t<\/div>\n\t\t\t\t<\/div>\n\t\t\t\t\t<\/div>\n\t\t<\/div>\n\t\t\t\t\t<\/div>\n\t\t<\/section>\n\t\t\t\t<\/div>\n\t\t","protected":false},"excerpt":{"rendered":"<p>Este \u00e9 mais um conte\u00fado criado para ajudar quem vive levando uma lambada da v\u00edrgula. \ud83d\ude31&hellip;<\/p>\n","protected":false},"author":2,"featured_media":2819,"comment_status":"open","ping_status":"open","sticky":false,"template":"","format":"standard","meta":{"_exactmetrics_skip_tracking":false,"_exactmetrics_sitenote_active":false,"_exactmetrics_sitenote_note":"","_exactmetrics_sitenote_category":0,"footnotes":""},"categories":[265,291,176],"tags":[327,287,329,328],"class_list":["post-2818","post","type-post","status-publish","format-standard","has-post-thumbnail","hentry","category-pontuacoes","category-portugues","category-virgula","tag-virgula-antes-de-e","tag-virgula-com-conjuncoes","tag-virgula-com-intercalacoes","tag-virgula-depois-de-e"],"yoast_head":"<!-- This site is optimized with the Yoast SEO plugin v28.4 - https:\/\/yoast.com\/product\/yoast-seo-wordpress\/ -->\n<title>\u00c9 poss\u00edvel usar v\u00edrgula antes de \u201ce\u201d? E depois? Como faz? &#187; Qual \u00e9 o certo?<\/title>\n<meta name=\"description\" content=\"Se voc\u00ea ainda se perde com a v\u00edrgula e tem d\u00favida sobre se \u00e9 poss\u00edvel usar v\u00edrgula antes de e, este conte\u00fado \u00e9 para voc\u00ea.\" \/>\n<meta name=\"robots\" content=\"index, follow, max-snippet:-1, max-image-preview:large, max-video-preview:-1\" \/>\n<link rel=\"canonical\" href=\"https:\/\/monicaguerretta.com\/qualeocerto\/virgula-antes-de-e\/\" \/>\n<meta property=\"og:locale\" content=\"pt_BR\" \/>\n<meta property=\"og:type\" content=\"article\" \/>\n<meta property=\"og:title\" content=\"\u00c9 poss\u00edvel usar v\u00edrgula antes de \u201ce\u201d? E depois? Como faz? &#187; Qual \u00e9 o certo?\" \/>\n<meta property=\"og:description\" content=\"Se voc\u00ea ainda se perde com a v\u00edrgula e tem d\u00favida sobre se \u00e9 poss\u00edvel usar v\u00edrgula antes de e, este conte\u00fado \u00e9 para voc\u00ea.\" \/>\n<meta property=\"og:url\" content=\"https:\/\/monicaguerretta.com\/qualeocerto\/virgula-antes-de-e\/\" \/>\n<meta property=\"og:site_name\" content=\"Qual \u00e9 o certo?\" \/>\n<meta property=\"article:publisher\" content=\"https:\/\/www.facebook.com\/qualeocerto\" \/>\n<meta property=\"article:published_time\" content=\"2021-09-27T22:26:00+00:00\" \/>\n<meta property=\"article:modified_time\" content=\"2023-02-13T22:54:40+00:00\" \/>\n<meta property=\"og:image\" content=\"https:\/\/monicaguerretta.com\/qualeocerto\/wp-content\/uploads\/2023\/02\/virgula-antes-de-e-qual-e-o-certo.png\" \/>\n\t<meta property=\"og:image:width\" content=\"1080\" \/>\n\t<meta property=\"og:image:height\" content=\"1081\" \/>\n\t<meta property=\"og:image:type\" content=\"image\/png\" \/>\n<meta name=\"author\" content=\"M\u00f4nica Guerretta\" \/>\n<meta name=\"twitter:card\" content=\"summary_large_image\" \/>\n<meta name=\"twitter:label1\" content=\"Escrito por\" \/>\n\t<meta name=\"twitter:data1\" content=\"M\u00f4nica Guerretta\" \/>\n\t<meta name=\"twitter:label2\" content=\"Est. tempo de leitura\" \/>\n\t<meta name=\"twitter:data2\" content=\"9 minutos\" \/>\n<script type=\"application\/ld+json\" class=\"yoast-schema-graph\">{\"@context\":\"https:\\\/\\\/schema.org\",\"@graph\":[{\"@type\":\"Article\",\"@id\":\"https:\\\/\\\/monicaguerretta.com\\\/qualeocerto\\\/virgula-antes-de-e\\\/#article\",\"isPartOf\":{\"@id\":\"https:\\\/\\\/monicaguerretta.com\\\/qualeocerto\\\/virgula-antes-de-e\\\/\"},\"author\":{\"name\":\"M\u00f4nica Guerretta\",\"@id\":\"https:\\\/\\\/monicaguerretta.com\\\/qualeocerto\\\/#\\\/schema\\\/person\\\/118874294430cb7c9b1bc5523f63cbf4\"},\"headline\":\"\u00c9 poss\u00edvel usar v\u00edrgula antes de \u201ce\u201d? E depois? Como faz?\",\"datePublished\":\"2021-09-27T22:26:00+00:00\",\"dateModified\":\"2023-02-13T22:54:40+00:00\",\"mainEntityOfPage\":{\"@id\":\"https:\\\/\\\/monicaguerretta.com\\\/qualeocerto\\\/virgula-antes-de-e\\\/\"},\"wordCount\":743,\"commentCount\":0,\"publisher\":{\"@id\":\"https:\\\/\\\/monicaguerretta.com\\\/qualeocerto\\\/#organization\"},\"image\":{\"@id\":\"https:\\\/\\\/monicaguerretta.com\\\/qualeocerto\\\/virgula-antes-de-e\\\/#primaryimage\"},\"thumbnailUrl\":\"https:\\\/\\\/monicaguerretta.com\\\/qualeocerto\\\/wp-content\\\/uploads\\\/2023\\\/02\\\/virgula-antes-de-e-qual-e-o-certo.png\",\"keywords\":[\"v\u00edrgula antes de e\",\"v\u00edrgula com conjun\u00e7\u00f5es\",\"v\u00edrgula com intercala\u00e7\u00f5es\",\"v\u00edrgula depois de e\"],\"articleSection\":[\"Pontua\u00e7\u00f5es\",\"Portugu\u00eas\",\"V\u00edrgula\"],\"inLanguage\":\"pt-BR\",\"potentialAction\":[{\"@type\":\"CommentAction\",\"name\":\"Comment\",\"target\":[\"https:\\\/\\\/monicaguerretta.com\\\/qualeocerto\\\/virgula-antes-de-e\\\/#respond\"]}]},{\"@type\":\"WebPage\",\"@id\":\"https:\\\/\\\/monicaguerretta.com\\\/qualeocerto\\\/virgula-antes-de-e\\\/\",\"url\":\"https:\\\/\\\/monicaguerretta.com\\\/qualeocerto\\\/virgula-antes-de-e\\\/\",\"name\":\"\u00c9 poss\u00edvel usar v\u00edrgula antes de \u201ce\u201d? E depois? Como faz? &#187; Qual \u00e9 o certo?\",\"isPartOf\":{\"@id\":\"https:\\\/\\\/monicaguerretta.com\\\/qualeocerto\\\/#website\"},\"primaryImageOfPage\":{\"@id\":\"https:\\\/\\\/monicaguerretta.com\\\/qualeocerto\\\/virgula-antes-de-e\\\/#primaryimage\"},\"image\":{\"@id\":\"https:\\\/\\\/monicaguerretta.com\\\/qualeocerto\\\/virgula-antes-de-e\\\/#primaryimage\"},\"thumbnailUrl\":\"https:\\\/\\\/monicaguerretta.com\\\/qualeocerto\\\/wp-content\\\/uploads\\\/2023\\\/02\\\/virgula-antes-de-e-qual-e-o-certo.png\",\"datePublished\":\"2021-09-27T22:26:00+00:00\",\"dateModified\":\"2023-02-13T22:54:40+00:00\",\"description\":\"Se voc\u00ea ainda se perde com a v\u00edrgula e tem d\u00favida sobre se \u00e9 poss\u00edvel usar v\u00edrgula antes de e, este conte\u00fado \u00e9 para voc\u00ea.\",\"breadcrumb\":{\"@id\":\"https:\\\/\\\/monicaguerretta.com\\\/qualeocerto\\\/virgula-antes-de-e\\\/#breadcrumb\"},\"inLanguage\":\"pt-BR\",\"potentialAction\":[{\"@type\":\"ReadAction\",\"target\":[\"https:\\\/\\\/monicaguerretta.com\\\/qualeocerto\\\/virgula-antes-de-e\\\/\"]}]},{\"@type\":\"ImageObject\",\"inLanguage\":\"pt-BR\",\"@id\":\"https:\\\/\\\/monicaguerretta.com\\\/qualeocerto\\\/virgula-antes-de-e\\\/#primaryimage\",\"url\":\"https:\\\/\\\/monicaguerretta.com\\\/qualeocerto\\\/wp-content\\\/uploads\\\/2023\\\/02\\\/virgula-antes-de-e-qual-e-o-certo.png\",\"contentUrl\":\"https:\\\/\\\/monicaguerretta.com\\\/qualeocerto\\\/wp-content\\\/uploads\\\/2023\\\/02\\\/virgula-antes-de-e-qual-e-o-certo.png\",\"width\":1080,\"height\":1081,\"caption\":\"v\u00edrgula antes de e - qual \u00e9 o certo\"},{\"@type\":\"BreadcrumbList\",\"@id\":\"https:\\\/\\\/monicaguerretta.com\\\/qualeocerto\\\/virgula-antes-de-e\\\/#breadcrumb\",\"itemListElement\":[{\"@type\":\"ListItem\",\"position\":1,\"name\":\"In\u00edcio\",\"item\":\"https:\\\/\\\/monicaguerretta.com\\\/qualeocerto\\\/\"},{\"@type\":\"ListItem\",\"position\":2,\"name\":\"\u00c9 poss\u00edvel usar v\u00edrgula antes de \u201ce\u201d? E depois? Como faz?\"}]},{\"@type\":\"WebSite\",\"@id\":\"https:\\\/\\\/monicaguerretta.com\\\/qualeocerto\\\/#website\",\"url\":\"https:\\\/\\\/monicaguerretta.com\\\/qualeocerto\\\/\",\"name\":\"Qual \u00e9 o Certo?\",\"description\":\"M\u00f4nica Guerretta | Redatora publicit\u00e1ria | Copywriting - UX Writing\",\"publisher\":{\"@id\":\"https:\\\/\\\/monicaguerretta.com\\\/qualeocerto\\\/#organization\"},\"potentialAction\":[{\"@type\":\"SearchAction\",\"target\":{\"@type\":\"EntryPoint\",\"urlTemplate\":\"https:\\\/\\\/monicaguerretta.com\\\/qualeocerto\\\/?s={search_term_string}\"},\"query-input\":{\"@type\":\"PropertyValueSpecification\",\"valueRequired\":true,\"valueName\":\"search_term_string\"}}],\"inLanguage\":\"pt-BR\"},{\"@type\":\"Organization\",\"@id\":\"https:\\\/\\\/monicaguerretta.com\\\/qualeocerto\\\/#organization\",\"name\":\"Qual \u00e9 o certo?\",\"url\":\"https:\\\/\\\/monicaguerretta.com\\\/qualeocerto\\\/\",\"logo\":{\"@type\":\"ImageObject\",\"inLanguage\":\"pt-BR\",\"@id\":\"https:\\\/\\\/monicaguerretta.com\\\/qualeocerto\\\/#\\\/schema\\\/logo\\\/image\\\/\",\"url\":\"https:\\\/\\\/monicaguerretta.com\\\/qualeocerto\\\/wp-content\\\/uploads\\\/2022\\\/08\\\/marca-quale.png\",\"contentUrl\":\"https:\\\/\\\/monicaguerretta.com\\\/qualeocerto\\\/wp-content\\\/uploads\\\/2022\\\/08\\\/marca-quale.png\",\"width\":592,\"height\":315,\"caption\":\"Qual \u00e9 o certo?\"},\"image\":{\"@id\":\"https:\\\/\\\/monicaguerretta.com\\\/qualeocerto\\\/#\\\/schema\\\/logo\\\/image\\\/\"},\"sameAs\":[\"https:\\\/\\\/www.facebook.com\\\/qualeocerto\",\"https:\\\/\\\/www.instagram.com\\\/qualeocerto\\\/\",\"https:\\\/\\\/www.youtube.com\\\/c\\\/qualeocerto\"]},{\"@type\":\"Person\",\"@id\":\"https:\\\/\\\/monicaguerretta.com\\\/qualeocerto\\\/#\\\/schema\\\/person\\\/118874294430cb7c9b1bc5523f63cbf4\",\"name\":\"M\u00f4nica Guerretta\",\"image\":{\"@type\":\"ImageObject\",\"inLanguage\":\"pt-BR\",\"@id\":\"https:\\\/\\\/secure.gravatar.com\\\/avatar\\\/cc0028ec5e6e39e7cd7e61c0fa6158a6d7f1edc39c4f536d768ad95ee3e26a8a?s=96&d=mm&r=g\",\"url\":\"https:\\\/\\\/secure.gravatar.com\\\/avatar\\\/cc0028ec5e6e39e7cd7e61c0fa6158a6d7f1edc39c4f536d768ad95ee3e26a8a?s=96&d=mm&r=g\",\"contentUrl\":\"https:\\\/\\\/secure.gravatar.com\\\/avatar\\\/cc0028ec5e6e39e7cd7e61c0fa6158a6d7f1edc39c4f536d768ad95ee3e26a8a?s=96&d=mm&r=g\",\"caption\":\"M\u00f4nica Guerretta\"}}]}<\/script>\n<!-- \/ Yoast SEO plugin. -->","yoast_head_json":{"title":"\u00c9 poss\u00edvel usar v\u00edrgula antes de \u201ce\u201d? E depois? Como faz? &#187; Qual \u00e9 o certo?","description":"Se voc\u00ea ainda se perde com a v\u00edrgula e tem d\u00favida sobre se \u00e9 poss\u00edvel usar v\u00edrgula antes de e, este conte\u00fado \u00e9 para voc\u00ea.","robots":{"index":"index","follow":"follow","max-snippet":"max-snippet:-1","max-image-preview":"max-image-preview:large","max-video-preview":"max-video-preview:-1"},"canonical":"https:\/\/monicaguerretta.com\/qualeocerto\/virgula-antes-de-e\/","og_locale":"pt_BR","og_type":"article","og_title":"\u00c9 poss\u00edvel usar v\u00edrgula antes de \u201ce\u201d? E depois? Como faz? &#187; Qual \u00e9 o certo?","og_description":"Se voc\u00ea ainda se perde com a v\u00edrgula e tem d\u00favida sobre se \u00e9 poss\u00edvel usar v\u00edrgula antes de e, este conte\u00fado \u00e9 para voc\u00ea.","og_url":"https:\/\/monicaguerretta.com\/qualeocerto\/virgula-antes-de-e\/","og_site_name":"Qual \u00e9 o certo?","article_publisher":"https:\/\/www.facebook.com\/qualeocerto","article_published_time":"2021-09-27T22:26:00+00:00","article_modified_time":"2023-02-13T22:54:40+00:00","og_image":[{"width":1080,"height":1081,"url":"https:\/\/monicaguerretta.com\/qualeocerto\/wp-content\/uploads\/2023\/02\/virgula-antes-de-e-qual-e-o-certo.png","type":"image\/png"}],"author":"M\u00f4nica Guerretta","twitter_card":"summary_large_image","twitter_misc":{"Escrito por":"M\u00f4nica Guerretta","Est. tempo de leitura":"9 minutos"},"schema":{"@context":"https:\/\/schema.org","@graph":[{"@type":"Article","@id":"https:\/\/monicaguerretta.com\/qualeocerto\/virgula-antes-de-e\/#article","isPartOf":{"@id":"https:\/\/monicaguerretta.com\/qualeocerto\/virgula-antes-de-e\/"},"author":{"name":"M\u00f4nica Guerretta","@id":"https:\/\/monicaguerretta.com\/qualeocerto\/#\/schema\/person\/118874294430cb7c9b1bc5523f63cbf4"},"headline":"\u00c9 poss\u00edvel usar v\u00edrgula antes de \u201ce\u201d? E depois? Como faz?","datePublished":"2021-09-27T22:26:00+00:00","dateModified":"2023-02-13T22:54:40+00:00","mainEntityOfPage":{"@id":"https:\/\/monicaguerretta.com\/qualeocerto\/virgula-antes-de-e\/"},"wordCount":743,"commentCount":0,"publisher":{"@id":"https:\/\/monicaguerretta.com\/qualeocerto\/#organization"},"image":{"@id":"https:\/\/monicaguerretta.com\/qualeocerto\/virgula-antes-de-e\/#primaryimage"},"thumbnailUrl":"https:\/\/monicaguerretta.com\/qualeocerto\/wp-content\/uploads\/2023\/02\/virgula-antes-de-e-qual-e-o-certo.png","keywords":["v\u00edrgula antes de e","v\u00edrgula com conjun\u00e7\u00f5es","v\u00edrgula com intercala\u00e7\u00f5es","v\u00edrgula depois de e"],"articleSection":["Pontua\u00e7\u00f5es","Portugu\u00eas","V\u00edrgula"],"inLanguage":"pt-BR","potentialAction":[{"@type":"CommentAction","name":"Comment","target":["https:\/\/monicaguerretta.com\/qualeocerto\/virgula-antes-de-e\/#respond"]}]},{"@type":"WebPage","@id":"https:\/\/monicaguerretta.com\/qualeocerto\/virgula-antes-de-e\/","url":"https:\/\/monicaguerretta.com\/qualeocerto\/virgula-antes-de-e\/","name":"\u00c9 poss\u00edvel usar v\u00edrgula antes de \u201ce\u201d? E depois? Como faz? &#187; Qual \u00e9 o certo?","isPartOf":{"@id":"https:\/\/monicaguerretta.com\/qualeocerto\/#website"},"primaryImageOfPage":{"@id":"https:\/\/monicaguerretta.com\/qualeocerto\/virgula-antes-de-e\/#primaryimage"},"image":{"@id":"https:\/\/monicaguerretta.com\/qualeocerto\/virgula-antes-de-e\/#primaryimage"},"thumbnailUrl":"https:\/\/monicaguerretta.com\/qualeocerto\/wp-content\/uploads\/2023\/02\/virgula-antes-de-e-qual-e-o-certo.png","datePublished":"2021-09-27T22:26:00+00:00","dateModified":"2023-02-13T22:54:40+00:00","description":"Se voc\u00ea ainda se perde com a v\u00edrgula e tem d\u00favida sobre se \u00e9 poss\u00edvel usar v\u00edrgula antes de e, este conte\u00fado \u00e9 para voc\u00ea.","breadcrumb":{"@id":"https:\/\/monicaguerretta.com\/qualeocerto\/virgula-antes-de-e\/#breadcrumb"},"inLanguage":"pt-BR","potentialAction":[{"@type":"ReadAction","target":["https:\/\/monicaguerretta.com\/qualeocerto\/virgula-antes-de-e\/"]}]},{"@type":"ImageObject","inLanguage":"pt-BR","@id":"https:\/\/monicaguerretta.com\/qualeocerto\/virgula-antes-de-e\/#primaryimage","url":"https:\/\/monicaguerretta.com\/qualeocerto\/wp-content\/uploads\/2023\/02\/virgula-antes-de-e-qual-e-o-certo.png","contentUrl":"https:\/\/monicaguerretta.com\/qualeocerto\/wp-content\/uploads\/2023\/02\/virgula-antes-de-e-qual-e-o-certo.png","width":1080,"height":1081,"caption":"v\u00edrgula antes de e - qual \u00e9 o certo"},{"@type":"BreadcrumbList","@id":"https:\/\/monicaguerretta.com\/qualeocerto\/virgula-antes-de-e\/#breadcrumb","itemListElement":[{"@type":"ListItem","position":1,"name":"In\u00edcio","item":"https:\/\/monicaguerretta.com\/qualeocerto\/"},{"@type":"ListItem","position":2,"name":"\u00c9 poss\u00edvel usar v\u00edrgula antes de \u201ce\u201d? E depois? Como faz?"}]},{"@type":"WebSite","@id":"https:\/\/monicaguerretta.com\/qualeocerto\/#website","url":"https:\/\/monicaguerretta.com\/qualeocerto\/","name":"Qual \u00e9 o Certo?","description":"M\u00f4nica Guerretta | Redatora publicit\u00e1ria | Copywriting - UX Writing","publisher":{"@id":"https:\/\/monicaguerretta.com\/qualeocerto\/#organization"},"potentialAction":[{"@type":"SearchAction","target":{"@type":"EntryPoint","urlTemplate":"https:\/\/monicaguerretta.com\/qualeocerto\/?s={search_term_string}"},"query-input":{"@type":"PropertyValueSpecification","valueRequired":true,"valueName":"search_term_string"}}],"inLanguage":"pt-BR"},{"@type":"Organization","@id":"https:\/\/monicaguerretta.com\/qualeocerto\/#organization","name":"Qual \u00e9 o certo?","url":"https:\/\/monicaguerretta.com\/qualeocerto\/","logo":{"@type":"ImageObject","inLanguage":"pt-BR","@id":"https:\/\/monicaguerretta.com\/qualeocerto\/#\/schema\/logo\/image\/","url":"https:\/\/monicaguerretta.com\/qualeocerto\/wp-content\/uploads\/2022\/08\/marca-quale.png","contentUrl":"https:\/\/monicaguerretta.com\/qualeocerto\/wp-content\/uploads\/2022\/08\/marca-quale.png","width":592,"height":315,"caption":"Qual \u00e9 o certo?"},"image":{"@id":"https:\/\/monicaguerretta.com\/qualeocerto\/#\/schema\/logo\/image\/"},"sameAs":["https:\/\/www.facebook.com\/qualeocerto","https:\/\/www.instagram.com\/qualeocerto\/","https:\/\/www.youtube.com\/c\/qualeocerto"]},{"@type":"Person","@id":"https:\/\/monicaguerretta.com\/qualeocerto\/#\/schema\/person\/118874294430cb7c9b1bc5523f63cbf4","name":"M\u00f4nica Guerretta","image":{"@type":"ImageObject","inLanguage":"pt-BR","@id":"https:\/\/secure.gravatar.com\/avatar\/cc0028ec5e6e39e7cd7e61c0fa6158a6d7f1edc39c4f536d768ad95ee3e26a8a?s=96&d=mm&r=g","url":"https:\/\/secure.gravatar.com\/avatar\/cc0028ec5e6e39e7cd7e61c0fa6158a6d7f1edc39c4f536d768ad95ee3e26a8a?s=96&d=mm&r=g","contentUrl":"https:\/\/secure.gravatar.com\/avatar\/cc0028ec5e6e39e7cd7e61c0fa6158a6d7f1edc39c4f536d768ad95ee3e26a8a?s=96&d=mm&r=g","caption":"M\u00f4nica Guerretta"}}]}},"_links":{"self":[{"href":"https:\/\/monicaguerretta.com\/qualeocerto\/wp-json\/wp\/v2\/posts\/2818","targetHints":{"allow":["GET"]}}],"collection":[{"href":"https:\/\/monicaguerretta.com\/qualeocerto\/wp-json\/wp\/v2\/posts"}],"about":[{"href":"https:\/\/monicaguerretta.com\/qualeocerto\/wp-json\/wp\/v2\/types\/post"}],"author":[{"embeddable":true,"href":"https:\/\/monicaguerretta.com\/qualeocerto\/wp-json\/wp\/v2\/users\/2"}],"replies":[{"embeddable":true,"href":"https:\/\/monicaguerretta.com\/qualeocerto\/wp-json\/wp\/v2\/comments?post=2818"}],"version-history":[{"count":5,"href":"https:\/\/monicaguerretta.com\/qualeocerto\/wp-json\/wp\/v2\/posts\/2818\/revisions"}],"predecessor-version":[{"id":2825,"href":"https:\/\/monicaguerretta.com\/qualeocerto\/wp-json\/wp\/v2\/posts\/2818\/revisions\/2825"}],"wp:featuredmedia":[{"embeddable":true,"href":"https:\/\/monicaguerretta.com\/qualeocerto\/wp-json\/wp\/v2\/media\/2819"}],"wp:attachment":[{"href":"https:\/\/monicaguerretta.com\/qualeocerto\/wp-json\/wp\/v2\/media?parent=2818"}],"wp:term":[{"taxonomy":"category","embeddable":true,"href":"https:\/\/monicaguerretta.com\/qualeocerto\/wp-json\/wp\/v2\/categories?post=2818"},{"taxonomy":"post_tag","embeddable":true,"href":"https:\/\/monicaguerretta.com\/qualeocerto\/wp-json\/wp\/v2\/tags?post=2818"}],"curies":[{"name":"wp","href":"https:\/\/api.w.org\/{rel}","templated":true}]}}