{"id":2836,"date":"2023-03-02T19:12:42","date_gmt":"2023-03-02T22:12:42","guid":{"rendered":"https:\/\/monicaguerretta.com\/qualeocerto\/?p=2836"},"modified":"2023-03-02T19:19:34","modified_gmt":"2023-03-02T22:19:34","slug":"mais-ou-maior","status":"publish","type":"post","link":"https:\/\/monicaguerretta.com\/qualeocerto\/mais-ou-maior\/","title":{"rendered":"<strong>Mais ou maior? Quando usar cada um?<\/strong>"},"content":{"rendered":"\t\t<div data-elementor-type=\"wp-post\" data-elementor-id=\"2836\" class=\"elementor elementor-2836\">\n\t\t\t\t\t\t<section class=\"elementor-section elementor-top-section elementor-element elementor-element-3f1d675 elementor-section-boxed elementor-section-height-default elementor-section-height-default\" data-id=\"3f1d675\" data-element_type=\"section\">\n\t\t\t\t\t\t<div class=\"elementor-container elementor-column-gap-default\">\n\t\t\t\t\t<div class=\"elementor-column elementor-col-100 elementor-top-column elementor-element elementor-element-d09c176\" data-id=\"d09c176\" data-element_type=\"column\">\n\t\t\t<div class=\"elementor-widget-wrap elementor-element-populated\">\n\t\t\t\t\t\t<div class=\"elementor-element elementor-element-cea9dea elementor-widget elementor-widget-text-editor\" data-id=\"cea9dea\" data-element_type=\"widget\" data-widget_type=\"text-editor.default\">\n\t\t\t\t<div class=\"elementor-widget-container\">\n\t\t\t\t\t\t\t\t\t<p>Voc\u00ea costuma usar as palavras <strong><mark class=\"has-inline-color has-vivid-purple-color\" style=\"background-color: rgba(0, 0, 0, 0);\">mais<\/mark><\/strong> e <strong><mark class=\"has-inline-color has-vivid-purple-color\" style=\"background-color: rgba(0, 0, 0, 0);\">maior<\/mark><\/strong> como se fossem sin\u00f4nimos?<br \/>Essa confus\u00e3o \u00e9 bem comum, viu!<\/p>\n<p><!-- \/wp:paragraph --><!-- wp:paragraph --><\/p>\n<p>Se esse for o seu caso ou se voc\u00ea simplesmente n\u00e3o sabe se deve usar <strong><mark class=\"has-inline-color has-vivid-purple-color\" style=\"background-color: rgba(0, 0, 0, 0);\">mais<\/mark><\/strong> ou <strong><mark class=\"has-inline-color has-vivid-purple-color\" style=\"background-color: rgba(0, 0, 0, 0);\">maior<\/mark><\/strong>, vem comigo!<\/p>\t\t\t\t\t\t\t\t<\/div>\n\t\t\t\t<\/div>\n\t\t\t\t\t<\/div>\n\t\t<\/div>\n\t\t\t\t\t<\/div>\n\t\t<\/section>\n\t\t\t\t<section class=\"elementor-section elementor-top-section elementor-element elementor-element-d992bbd elementor-section-boxed elementor-section-height-default elementor-section-height-default\" data-id=\"d992bbd\" data-element_type=\"section\">\n\t\t\t\t\t\t<div class=\"elementor-container elementor-column-gap-default\">\n\t\t\t\t\t<div class=\"elementor-column elementor-col-100 elementor-top-column elementor-element elementor-element-d19c74f\" data-id=\"d19c74f\" data-element_type=\"column\">\n\t\t\t<div class=\"elementor-widget-wrap elementor-element-populated\">\n\t\t\t\t\t\t<div class=\"elementor-element elementor-element-c97da5f elementor-widget elementor-widget-video\" data-id=\"c97da5f\" data-element_type=\"widget\" data-settings=\"{&quot;youtube_url&quot;:&quot;https:\\\/\\\/youtu.be\\\/YO6nn9yKLX4&quot;,&quot;video_type&quot;:&quot;youtube&quot;,&quot;controls&quot;:&quot;yes&quot;}\" data-widget_type=\"video.default\">\n\t\t\t\t<div class=\"elementor-widget-container\">\n\t\t\t\t\t\t\t<div class=\"elementor-wrapper elementor-open-inline\">\n\t\t\t<div class=\"elementor-video\"><\/div>\t\t<\/div>\n\t\t\t\t\t\t<\/div>\n\t\t\t\t<\/div>\n\t\t\t\t\t<\/div>\n\t\t<\/div>\n\t\t\t\t\t<\/div>\n\t\t<\/section>\n\t\t\t\t<section class=\"elementor-section elementor-top-section elementor-element elementor-element-75924b78 elementor-section-boxed elementor-section-height-default elementor-section-height-default\" data-id=\"75924b78\" data-element_type=\"section\">\n\t\t\t\t\t\t<div class=\"elementor-container elementor-column-gap-default\">\n\t\t\t\t\t<div class=\"elementor-column elementor-col-100 elementor-top-column elementor-element elementor-element-79abc4c0\" data-id=\"79abc4c0\" data-element_type=\"column\">\n\t\t\t<div class=\"elementor-widget-wrap elementor-element-populated\">\n\t\t\t\t\t\t<div class=\"elementor-element elementor-element-f3fe5ea elementor-widget elementor-widget-text-editor\" data-id=\"f3fe5ea\" data-element_type=\"widget\" data-widget_type=\"text-editor.default\">\n\t\t\t\t<div class=\"elementor-widget-container\">\n\t\t\t\t\t\t\t\t\t<!-- wp:paragraph --><!-- \/wp:embed --><!-- wp:paragraph -->\n<p>Para nos ajudar a exterminar essa confus\u00e3o, pesquisei os significados dessas duas palavrinhas no dicion\u00e1rio.<\/p>\n<!-- \/wp:paragraph --><!-- wp:heading -->\n<h2><strong><mark class=\"has-inline-color has-vivid-purple-color\" style=\"background-color: rgba(0, 0, 0, 0);\">Quando usar <span style=\"text-decoration: underline;\">maior<\/span>?<\/mark><\/strong><\/h2>\n<!-- \/wp:heading --><!-- wp:paragraph -->\n<p><strong><mark class=\"has-inline-color has-vivid-purple-color\" style=\"background-color: rgba(0, 0, 0, 0);\">Maior<\/mark><\/strong>, segundo o dicion\u00e1rio <a href=\"https:\/\/houaiss.uol.com.br\/corporativo\/apps\/uol_www\/v6-1\/html\/index.php#4\" target=\"_blank\" rel=\"noreferrer noopener\">Houaiss:<\/a><\/p>\n<!-- \/wp:paragraph --><!-- wp:quote -->\n<blockquote class=\"wp-block-quote\"><!-- wp:paragraph -->\n<p>\u201cmaior<br \/>adjetivo de dois g\u00eaneros<br \/>1. que supera outro em n\u00famero, grandeza, extens\u00e3o, intensidade, dura\u00e7\u00e3o, import\u00e2ncia, superioridade, excel\u00eancia; superior \u2039Belo Horizonte \u00e9 uma cidade grande, mas S\u00e3o Paulo \u00e9 maior\u203a \u2039viviam na maior felicidade\u203a \u2039condenado \u00e0 pena maior\u203a\u201d<\/p>\n<!-- \/wp:paragraph --><\/blockquote>\n<!-- \/wp:quote --><!-- wp:paragraph -->\n<p>Voc\u00ea viu que os exemplos j\u00e1 nos ajudam demais, n\u00e9?<\/p>\n<!-- \/wp:paragraph --><!-- wp:paragraph -->\n<p>Ent\u00e3o, voc\u00ea usa a palavra <strong><strong><mark class=\"has-inline-color has-vivid-purple-color\" style=\"background-color: rgba(0, 0, 0, 0);\">maior<\/mark><\/strong><\/strong> quando faz uma compara\u00e7\u00e3o, para mostrar que uma pessoa ou alguma coisa supera outra em n\u00famero, extens\u00e3o, intensidade, dura\u00e7\u00e3o, import\u00e2ncia\u2026 e assim por diante, como vimos acima.<\/p>\n<!-- \/wp:paragraph --><!-- wp:paragraph -->\n<p>Vamos agora para a outra palavrinha.<\/p>\n<!-- \/wp:paragraph --><!-- wp:heading -->\n<h2><strong><mark class=\"has-inline-color has-vivid-purple-color\" style=\"background-color: rgba(0, 0, 0, 0);\">Quando usar <span style=\"text-decoration: underline;\">mais<\/span>?<\/mark><\/strong><\/h2>\n<!-- \/wp:heading --><!-- wp:paragraph -->\n<p><strong><mark class=\"has-inline-color has-vivid-purple-color\" style=\"background-color: rgba(0, 0, 0, 0);\">Mais<\/mark><\/strong>, de acordo com o <a href=\"https:\/\/michaelis.uol.com.br\/moderno-portugues\/busca\/portugues-brasileiro\/mais\/\" target=\"_blank\" rel=\"noreferrer noopener\">Michaelis<\/a>:<\/p>\n<!-- \/wp:paragraph --><!-- wp:quote -->\n<blockquote class=\"wp-block-quote\"><!-- wp:paragraph -->\n<p>\u201cmais<br \/>adv\u00e9rbio<br \/>1. Em maior quantidade ou n\u00famero: Sua biblioteca aumenta cada dia mais.<br \/>2. Com maior intensidade: Precisou trabalhar mais para comprar a casa que tanto queria.<br \/>3. Em grau superior: Considera a praia mais divertida que a pescaria de barco.\u201d<\/p>\n<!-- \/wp:paragraph --><\/blockquote>\n<!-- \/wp:quote --><!-- wp:paragraph -->\n<p>Novamente, os exemplos nos ajudam bastante!<\/p>\n<!-- \/wp:paragraph --><!-- wp:heading {\"level\":3} -->\n<h3><strong><mark class=\"has-inline-color has-vivid-purple-color\" style=\"background-color: rgba(0, 0, 0, 0);\"><span style=\"text-decoration: underline;\">Mais informa\u00e7\u00f5es<\/span> ou <span style=\"text-decoration: underline;\">maiores informa\u00e7\u00f5es<\/span>?<\/mark><\/strong><\/h3>\n<!-- \/wp:heading --><!-- wp:paragraph -->\n<p>Enfim, ap\u00f3s essas explica\u00e7\u00f5es, n\u00f3s entendemos <a href=\"https:\/\/monicaguerretta.com\/qualeocerto\/o-uso-dos-porques\/\" target=\"_blank\" rel=\"noreferrer noopener\">por que<\/a> n\u00e3o faz sentido dizer \u274c <strong><mark class=\"has-inline-color has-vivid-red-color\" style=\"background-color: rgba(0, 0, 0, 0);\">maiores informa\u00e7\u00f5es<\/mark><\/strong> neste caso:<br \/>\u274c <strong>Para <mark class=\"has-inline-color has-vivid-red-color\" style=\"background-color: rgba(0, 0, 0, 0);\">maiores<\/mark> informa\u00e7\u00f5es, entre em contato pelo WhatsApp.<\/strong><\/p>\n<!-- \/wp:paragraph --><!-- wp:paragraph -->\n<p>Afinal, aqui n\u00e3o estamos falando do tamanho das informa\u00e7\u00f5es, uma informa\u00e7\u00e3o n\u00e3o \u00e9 maior que a outra; estamos falando da quantidade. Ou voc\u00ea tem mais informa\u00e7\u00f5es, ou voc\u00ea tem menos informa\u00e7\u00f5es.<\/p>\n<!-- \/wp:paragraph --><!-- wp:paragraph -->\n<p>Por isso, o certo \u00e9:<br \/>\u2705<strong> Para <mark class=\"has-inline-color has-vivid-green-cyan-color\" style=\"background-color: rgba(0, 0, 0, 0);\">mais<\/mark> informa\u00e7\u00f5es, entre em contato pelo WhatsApp.<\/strong><\/p>\n<!-- \/wp:paragraph --><!-- wp:heading -->\n<h2><strong><mark class=\"has-inline-color has-vivid-purple-color\" style=\"background-color: rgba(0, 0, 0, 0);\">De onde vem tanta confus\u00e3o? \ud83d\ude05<\/mark><\/strong><\/h2>\n<!-- \/wp:heading --><!-- wp:paragraph -->\n<p>Para responder essa pergunta, vamos resgatar o \u00faltimo exemplo do Michaelis sobre os usos da palavra <strong><mark class=\"has-inline-color has-vivid-purple-color\" style=\"background-color: rgba(0, 0, 0, 0);\">mais<\/mark><\/strong>:<br \/>\u2705<strong> \u201cConsidera a praia <mark class=\"has-inline-color has-vivid-green-cyan-color\" style=\"background-color: rgba(0, 0, 0, 0);\">mais<\/mark> divertida que a pescaria de barco.\u201d<\/strong><\/p>\n<!-- \/wp:paragraph --><!-- wp:paragraph -->\n<p>Olha s\u00f3 a encrenca!<br \/>Por isso \u00e9 t\u00e3o comum acontecer essa confus\u00e3o. \ud83d\ude35\u200d\ud83d\udcab<\/p>\n<!-- \/wp:paragraph --><!-- wp:paragraph -->\n<p>No exemplo acima tamb\u00e9m temos a ideia de compara\u00e7\u00e3o.<br \/>Entretanto, voc\u00ea sabe, no seu cora\u00e7\u00e3o, que o certo \u00e9 dizer que uma coisa \u00e9 <strong><mark class=\"has-inline-color has-vivid-green-cyan-color\" style=\"background-color: rgba(0, 0, 0, 0);\">mais<\/mark><\/strong> divertida que a outra, n\u00e3o que uma coisa \u00e9 <strong><mark class=\"has-inline-color has-vivid-red-color\" style=\"background-color: rgba(0, 0, 0, 0);\">maior<\/mark><\/strong> divertida que a outra.\u00a0<\/p>\n<!-- \/wp:paragraph --><!-- wp:paragraph -->\n<p>N\u00e3o \u00e9 verdade? Voc\u00ea apenas sabe.\u00a0<\/p>\n<!-- \/wp:paragraph --><!-- wp:paragraph -->\n<p>Mas veja esta outra frase:<br \/>\u2705 <strong>Considera ir \u00e0 praia a <mark class=\"has-inline-color has-vivid-green-cyan-color\" style=\"background-color: rgba(0, 0, 0, 0);\">maior<\/mark> divers\u00e3o.<\/strong><\/p>\n<!-- \/wp:paragraph --><!-- wp:paragraph -->\n<p>A\u00ed sim est\u00e1 certo!<br \/>Pois aqui temos <a href=\"https:\/\/monicaguerretta.com\/qualeocerto\/aprenda-a-usar-o-mesmo-sem-errar\/\" target=\"_blank\" rel=\"noreferrer noopener\">o mesmo<\/a> que acontece em um dos exemplos do dicion\u00e1rio Houaiss para a palavra <strong>maior<\/strong>:<br \/>\u2705 <strong>\u201cViviam na <mark class=\"has-inline-color has-vivid-green-cyan-color\" style=\"background-color: rgba(0, 0, 0, 0);\">maior<\/mark> felicidade.\u201d<\/strong><\/p>\n<!-- \/wp:paragraph --><!-- wp:paragraph -->\n<p>Ou seja: estamos falando de um alto grau de felicidade e de um alto grau de divers\u00e3o. Sacou? \ud83d\ude09<\/p>\n<!-- \/wp:paragraph --><!-- wp:heading -->\n<h2><strong><mark class=\"has-inline-color has-vivid-purple-color\" style=\"background-color: rgba(0, 0, 0, 0);\">Mais exemplos: <span style=\"text-decoration: underline;\">mais<\/span> ou <span style=\"text-decoration: underline;\">maior<\/span>?<\/mark><\/strong><\/h2>\n<!-- \/wp:heading --><!-- wp:paragraph -->\n<p>\u274c<strong> O equipamento entrega <mark class=\"has-inline-color has-vivid-red-color\" style=\"background-color: rgba(0, 0, 0, 0);\">mais<\/mark> desempenho.<\/strong><\/p>\n<!-- \/wp:paragraph --><!-- wp:paragraph -->\n<p>Na verdade, se a sua inten\u00e7\u00e3o \u00e9 comparar o desempenho desse equipamento com o desempenho de um equipamento de uma vers\u00e3o anterior, por exemplo, o certo \u00e9 dizer:<br \/>\u2705<strong> O equipamento entrega <mark class=\"has-inline-color has-vivid-green-cyan-color\" style=\"background-color: rgba(0, 0, 0, 0);\">melhor<\/mark> desempenho.<\/strong><\/p>\n<!-- \/wp:paragraph --><!-- wp:paragraph -->\n<p>Porque o desempenho dele \u00e9 melhor que o desempenho da vers\u00e3o anterior.<\/p>\n<!-- \/wp:paragraph --><!-- wp:paragraph -->\n<p>Entendeu?<\/p>\n<!-- \/wp:paragraph --><!-- wp:paragraph -->\n<p>\u00daltimo exemplo:<br \/>Voc\u00ea pode dizer que um produto \u00e9 \u2705 <strong><mark class=\"has-inline-color has-vivid-green-cyan-color\" style=\"background-color: rgba(0, 0, 0, 0);\">mais vers\u00e1til<\/mark><\/strong> ou pode dizer que \u2705 <strong><mark class=\"has-inline-color has-vivid-green-cyan-color\" style=\"background-color: rgba(0, 0, 0, 0);\">a versatilidade dele \u00e9 maior<\/mark><\/strong> quando voc\u00ea o compara com outro produto.<\/p>\n<!-- \/wp:paragraph --><!-- wp:paragraph -->\n<p>Percebe como funciona?<br \/>Fica mais f\u00e1cil entender quando resgatamos a informa\u00e7\u00e3o de que <mark class=\"has-inline-color has-vivid-purple-color\" style=\"background-color: rgba(0, 0, 0, 0);\"><strong>maior<\/strong> \u00e9 um adjetivo<\/mark> e que <mark class=\"has-inline-color has-vivid-purple-color\" style=\"background-color: rgba(0, 0, 0, 0);\"><strong>mais<\/strong> \u00e9 um adv\u00e9rbio<\/mark>: o adjetivo <strong><mark class=\"has-inline-color has-vivid-purple-color\" style=\"background-color: rgba(0, 0, 0, 0);\">maior<\/mark><\/strong> descreve uma qualidade, o adv\u00e9rbio <strong><mark class=\"has-inline-color has-vivid-purple-color\" style=\"background-color: rgba(0, 0, 0, 0);\">mais<\/mark><\/strong> expressa a superioridade.<\/p>\n<!-- \/wp:paragraph --><!-- wp:paragraph -->\n<p><a href=\"https:\/\/monicaguerretta.com\/qualeocerto\/as-vezes-tem-crase\/\" target=\"_blank\" rel=\"noreferrer noopener\">\u00c0s vezes<\/a> parece meio confuso mesmo. Por isso, a solu\u00e7\u00e3o \u00e9 recorrer aos dicion\u00e1rios. <br \/>Dessa forma voc\u00ea v\u00ea os significados, encontra exemplos\u2026 assim fica f\u00e1cil, f\u00e1cil saber quando usar cada um.<\/p>\n<!-- \/wp:paragraph --><!-- wp:paragraph -->\n<p>Caso voc\u00ea ainda se perca com essa hist\u00f3ria de <strong><mark class=\"has-inline-color has-vivid-purple-color\" style=\"background-color: rgba(0, 0, 0, 0);\">adv\u00e9rbio<\/mark><\/strong>, recomendo para voc\u00ea este artigo:<br \/><a href=\"https:\/\/monicaguerretta.com\/qualeocerto\/adverbios\/\" target=\"_blank\" rel=\"noreferrer noopener\"><strong>O que s\u00e3o adv\u00e9rbios e o que voc\u00ea tem a ver com isso?<\/strong><\/a><br \/>Nele explico os adv\u00e9rbios de um jeito bem bonitinho, para voc\u00ea nunca mais se perder. \ud83e\udd70<\/p>\n<!-- \/wp:paragraph -->\t\t\t\t\t\t\t\t<\/div>\n\t\t\t\t<\/div>\n\t\t\t\t\t<\/div>\n\t\t<\/div>\n\t\t\t\t\t<\/div>\n\t\t<\/section>\n\t\t\t\t<section class=\"elementor-section elementor-top-section elementor-element elementor-element-b6b1de3 elementor-section-boxed elementor-section-height-default elementor-section-height-default\" data-id=\"b6b1de3\" data-element_type=\"section\">\n\t\t\t\t\t\t<div class=\"elementor-container elementor-column-gap-default\">\n\t\t\t\t\t<div class=\"elementor-column elementor-col-33 elementor-top-column elementor-element elementor-element-1d4a112\" data-id=\"1d4a112\" data-element_type=\"column\">\n\t\t\t<div class=\"elementor-widget-wrap elementor-element-populated\">\n\t\t\t\t\t\t<div class=\"elementor-element elementor-element-1503647 elementor-invisible elementor-widget elementor-widget-image\" data-id=\"1503647\" data-element_type=\"widget\" data-settings=\"{&quot;_animation&quot;:&quot;slideInLeft&quot;}\" data-widget_type=\"image.default\">\n\t\t\t\t<div class=\"elementor-widget-container\">\n\t\t\t\t\t\t\t\t\t\t\t\t\t\t\t<img fetchpriority=\"high\" decoding=\"async\" width=\"681\" height=\"1024\" src=\"https:\/\/monicaguerretta.com\/qualeocerto\/wp-content\/uploads\/2022\/07\/Monica-Guerretta-Qual-e-o-certo-681x1024.jpg\" class=\"attachment-large size-large wp-image-1980\" alt=\"M\u00f4nica-Guerretta-Qual-\u00e9-o-certo\" srcset=\"https:\/\/monicaguerretta.com\/qualeocerto\/wp-content\/uploads\/2022\/07\/Monica-Guerretta-Qual-e-o-certo-681x1024.jpg 681w, https:\/\/monicaguerretta.com\/qualeocerto\/wp-content\/uploads\/2022\/07\/Monica-Guerretta-Qual-e-o-certo-200x300.jpg 200w, https:\/\/monicaguerretta.com\/qualeocerto\/wp-content\/uploads\/2022\/07\/Monica-Guerretta-Qual-e-o-certo-768x1155.jpg 768w, https:\/\/monicaguerretta.com\/qualeocerto\/wp-content\/uploads\/2022\/07\/Monica-Guerretta-Qual-e-o-certo-1022x1536.jpg 1022w, https:\/\/monicaguerretta.com\/qualeocerto\/wp-content\/uploads\/2022\/07\/Monica-Guerretta-Qual-e-o-certo-1362x2048.jpg 1362w, https:\/\/monicaguerretta.com\/qualeocerto\/wp-content\/uploads\/2022\/07\/Monica-Guerretta-Qual-e-o-certo-scaled.jpg 1703w\" sizes=\"(max-width: 681px) 100vw, 681px\" \/>\t\t\t\t\t\t\t\t\t\t\t\t\t\t\t<\/div>\n\t\t\t\t<\/div>\n\t\t\t\t\t<\/div>\n\t\t<\/div>\n\t\t\t\t<div class=\"elementor-column elementor-col-66 elementor-top-column elementor-element elementor-element-8396516\" data-id=\"8396516\" data-element_type=\"column\">\n\t\t\t<div class=\"elementor-widget-wrap elementor-element-populated\">\n\t\t\t\t\t\t<div class=\"elementor-element elementor-element-2e3eda2 elementor-invisible elementor-widget elementor-widget-text-editor\" data-id=\"2e3eda2\" data-element_type=\"widget\" data-settings=\"{&quot;_animation&quot;:&quot;slideInRight&quot;}\" data-widget_type=\"text-editor.default\">\n\t\t\t\t<div class=\"elementor-widget-container\">\n\t\t\t\t\t\t\t\t\t<p><b>Este conte\u00fado ajudou voc\u00ea a se entender um pouquinho melhor com o portugu\u00eas?<br \/><\/b><span style=\"font-weight: 400;\">Ent\u00e3o apoie o Qual \u00e9 o certo?, por favorzinho. <img decoding=\"async\" class=\"emoji\" role=\"img\" draggable=\"false\" src=\"https:\/\/s.w.org\/images\/core\/emoji\/14.0.0\/svg\/1f499.svg\" alt=\"\ud83d\udc99\" \/><br \/><\/span><span style=\"font-weight: 400;\"><img decoding=\"async\" class=\"emoji\" role=\"img\" draggable=\"false\" src=\"https:\/\/s.w.org\/images\/core\/emoji\/14.0.0\/svg\/2705.svg\" alt=\"\u2705\" \/> <\/span><a href=\"https:\/\/www.youtube.com\/c\/qualeocerto\" target=\"_blank\" rel=\"noopener\"><span style=\"font-weight: 400;\">Inscreva-se no canal do YouTube<\/span><\/a><br \/><span style=\"font-weight: 400;\"><img decoding=\"async\" class=\"emoji\" role=\"img\" draggable=\"false\" src=\"https:\/\/s.w.org\/images\/core\/emoji\/14.0.0\/svg\/2705.svg\" alt=\"\u2705\" \/> <\/span><a href=\"https:\/\/www.instagram.com\/qualeocerto\/\" target=\"_blank\" rel=\"noopener\"><span style=\"font-weight: 400;\">Siga no Instagram<\/span><\/a><br \/><span style=\"font-weight: 400;\"><img decoding=\"async\" class=\"emoji\" role=\"img\" draggable=\"false\" src=\"https:\/\/s.w.org\/images\/core\/emoji\/14.0.0\/svg\/2705.svg\" alt=\"\u2705\" \/> <\/span><a href=\"https:\/\/www.linkedin.com\/in\/monicaguerretta\/\"><span style=\"font-weight: 400;\">Acompanhe no LinkedIn<\/span><\/a><br \/><span style=\"font-weight: 400;\"><img decoding=\"async\" class=\"emoji\" role=\"img\" draggable=\"false\" src=\"https:\/\/s.w.org\/images\/core\/emoji\/14.0.0\/svg\/2705.svg\" alt=\"\u2705\" \/> <\/span><a href=\"https:\/\/monicaguerretta.com\/qualeocerto\/vamos-conversar\/\" target=\"_blank\" rel=\"noopener\"><span style=\"font-weight: 400;\">Pague um cafezinho para mim<\/span><\/a><br \/><span style=\"font-weight: 400;\"><img decoding=\"async\" class=\"emoji\" role=\"img\" draggable=\"false\" src=\"https:\/\/s.w.org\/images\/core\/emoji\/14.0.0\/svg\/2705.svg\" alt=\"\u2705\" \/> Compartilhe este conte\u00fado <\/span><\/p>\t\t\t\t\t\t\t\t<\/div>\n\t\t\t\t<\/div>\n\t\t\t\t\t<\/div>\n\t\t<\/div>\n\t\t\t\t\t<\/div>\n\t\t<\/section>\n\t\t\t\t<\/div>\n\t\t","protected":false},"excerpt":{"rendered":"<p>Voc\u00ea costuma usar as palavras mais e maior como se fossem sin\u00f4nimos? Essa confus\u00e3o \u00e9 bem&hellip;<\/p>\n","protected":false},"author":2,"featured_media":2837,"comment_status":"open","ping_status":"open","sticky":false,"template":"","format":"standard","meta":{"_exactmetrics_skip_tracking":false,"_exactmetrics_sitenote_active":false,"_exactmetrics_sitenote_note":"","_exactmetrics_sitenote_category":0,"footnotes":""},"categories":[179,291],"tags":[330,60],"class_list":["post-2836","post","type-post","status-publish","format-standard","has-post-thumbnail","hentry","category-confusoes-comuns","category-portugues","tag-maior","tag-mais"],"yoast_head":"<!-- This site is optimized with the Yoast SEO plugin v27.5 - https:\/\/yoast.com\/product\/yoast-seo-wordpress\/ -->\n<title>Mais ou maior? Quando usar cada um? &#187; Qual \u00e9 o certo?<\/title>\n<meta name=\"robots\" content=\"index, follow, max-snippet:-1, max-image-preview:large, max-video-preview:-1\" \/>\n<link rel=\"canonical\" href=\"https:\/\/monicaguerretta.com\/qualeocerto\/mais-ou-maior\/\" \/>\n<meta property=\"og:locale\" content=\"pt_BR\" \/>\n<meta property=\"og:type\" content=\"article\" \/>\n<meta property=\"og:title\" content=\"Mais ou maior? Quando usar cada um? &#187; Qual \u00e9 o certo?\" \/>\n<meta property=\"og:description\" content=\"Voc\u00ea costuma usar as palavras mais e maior como se fossem sin\u00f4nimos? Essa confus\u00e3o \u00e9 bem&hellip;\" \/>\n<meta property=\"og:url\" content=\"https:\/\/monicaguerretta.com\/qualeocerto\/mais-ou-maior\/\" \/>\n<meta property=\"og:site_name\" content=\"Qual \u00e9 o certo?\" \/>\n<meta property=\"article:publisher\" content=\"https:\/\/www.facebook.com\/qualeocerto\" \/>\n<meta property=\"article:published_time\" content=\"2023-03-02T22:12:42+00:00\" \/>\n<meta property=\"article:modified_time\" content=\"2023-03-02T22:19:34+00:00\" \/>\n<meta property=\"og:image\" content=\"https:\/\/monicaguerretta.com\/qualeocerto\/wp-content\/uploads\/2023\/03\/mais-ou-maior-qual-e-o-certo.png\" \/>\n\t<meta property=\"og:image:width\" content=\"1080\" \/>\n\t<meta property=\"og:image:height\" content=\"1081\" \/>\n\t<meta property=\"og:image:type\" content=\"image\/png\" \/>\n<meta name=\"author\" content=\"M\u00f4nica Guerretta\" \/>\n<meta name=\"twitter:card\" content=\"summary_large_image\" \/>\n<meta name=\"twitter:label1\" content=\"Escrito por\" \/>\n\t<meta name=\"twitter:data1\" content=\"M\u00f4nica Guerretta\" \/>\n\t<meta name=\"twitter:label2\" content=\"Est. tempo de leitura\" \/>\n\t<meta name=\"twitter:data2\" content=\"6 minutos\" \/>\n<script type=\"application\/ld+json\" class=\"yoast-schema-graph\">{\"@context\":\"https:\\\/\\\/schema.org\",\"@graph\":[{\"@type\":\"Article\",\"@id\":\"https:\\\/\\\/monicaguerretta.com\\\/qualeocerto\\\/mais-ou-maior\\\/#article\",\"isPartOf\":{\"@id\":\"https:\\\/\\\/monicaguerretta.com\\\/qualeocerto\\\/mais-ou-maior\\\/\"},\"author\":{\"name\":\"M\u00f4nica Guerretta\",\"@id\":\"https:\\\/\\\/monicaguerretta.com\\\/qualeocerto\\\/#\\\/schema\\\/person\\\/214b5e9a83b11fe11a18ecae0d21f79a\"},\"headline\":\"Mais ou maior? Quando usar cada um?\",\"datePublished\":\"2023-03-02T22:12:42+00:00\",\"dateModified\":\"2023-03-02T22:19:34+00:00\",\"mainEntityOfPage\":{\"@id\":\"https:\\\/\\\/monicaguerretta.com\\\/qualeocerto\\\/mais-ou-maior\\\/\"},\"wordCount\":714,\"commentCount\":0,\"publisher\":{\"@id\":\"https:\\\/\\\/monicaguerretta.com\\\/qualeocerto\\\/#organization\"},\"image\":{\"@id\":\"https:\\\/\\\/monicaguerretta.com\\\/qualeocerto\\\/mais-ou-maior\\\/#primaryimage\"},\"thumbnailUrl\":\"https:\\\/\\\/monicaguerretta.com\\\/qualeocerto\\\/wp-content\\\/uploads\\\/2023\\\/03\\\/mais-ou-maior-qual-e-o-certo.png\",\"keywords\":[\"maior\",\"mais\"],\"articleSection\":[\"Confus\u00f5es comuns\",\"Portugu\u00eas\"],\"inLanguage\":\"pt-BR\",\"potentialAction\":[{\"@type\":\"CommentAction\",\"name\":\"Comment\",\"target\":[\"https:\\\/\\\/monicaguerretta.com\\\/qualeocerto\\\/mais-ou-maior\\\/#respond\"]}]},{\"@type\":\"WebPage\",\"@id\":\"https:\\\/\\\/monicaguerretta.com\\\/qualeocerto\\\/mais-ou-maior\\\/\",\"url\":\"https:\\\/\\\/monicaguerretta.com\\\/qualeocerto\\\/mais-ou-maior\\\/\",\"name\":\"Mais ou maior? Quando usar cada um? &#187; Qual \u00e9 o certo?\",\"isPartOf\":{\"@id\":\"https:\\\/\\\/monicaguerretta.com\\\/qualeocerto\\\/#website\"},\"primaryImageOfPage\":{\"@id\":\"https:\\\/\\\/monicaguerretta.com\\\/qualeocerto\\\/mais-ou-maior\\\/#primaryimage\"},\"image\":{\"@id\":\"https:\\\/\\\/monicaguerretta.com\\\/qualeocerto\\\/mais-ou-maior\\\/#primaryimage\"},\"thumbnailUrl\":\"https:\\\/\\\/monicaguerretta.com\\\/qualeocerto\\\/wp-content\\\/uploads\\\/2023\\\/03\\\/mais-ou-maior-qual-e-o-certo.png\",\"datePublished\":\"2023-03-02T22:12:42+00:00\",\"dateModified\":\"2023-03-02T22:19:34+00:00\",\"breadcrumb\":{\"@id\":\"https:\\\/\\\/monicaguerretta.com\\\/qualeocerto\\\/mais-ou-maior\\\/#breadcrumb\"},\"inLanguage\":\"pt-BR\",\"potentialAction\":[{\"@type\":\"ReadAction\",\"target\":[\"https:\\\/\\\/monicaguerretta.com\\\/qualeocerto\\\/mais-ou-maior\\\/\"]}]},{\"@type\":\"ImageObject\",\"inLanguage\":\"pt-BR\",\"@id\":\"https:\\\/\\\/monicaguerretta.com\\\/qualeocerto\\\/mais-ou-maior\\\/#primaryimage\",\"url\":\"https:\\\/\\\/monicaguerretta.com\\\/qualeocerto\\\/wp-content\\\/uploads\\\/2023\\\/03\\\/mais-ou-maior-qual-e-o-certo.png\",\"contentUrl\":\"https:\\\/\\\/monicaguerretta.com\\\/qualeocerto\\\/wp-content\\\/uploads\\\/2023\\\/03\\\/mais-ou-maior-qual-e-o-certo.png\",\"width\":1080,\"height\":1081,\"caption\":\"mais ou maior - qual \u00e9 o certo\"},{\"@type\":\"BreadcrumbList\",\"@id\":\"https:\\\/\\\/monicaguerretta.com\\\/qualeocerto\\\/mais-ou-maior\\\/#breadcrumb\",\"itemListElement\":[{\"@type\":\"ListItem\",\"position\":1,\"name\":\"In\u00edcio\",\"item\":\"https:\\\/\\\/monicaguerretta.com\\\/qualeocerto\\\/\"},{\"@type\":\"ListItem\",\"position\":2,\"name\":\"Mais ou maior? Quando usar cada um?\"}]},{\"@type\":\"WebSite\",\"@id\":\"https:\\\/\\\/monicaguerretta.com\\\/qualeocerto\\\/#website\",\"url\":\"https:\\\/\\\/monicaguerretta.com\\\/qualeocerto\\\/\",\"name\":\"Qual \u00e9 o Certo?\",\"description\":\"M\u00f4nica Guerretta | Redatora publicit\u00e1ria | Copywriting - UX Writing\",\"publisher\":{\"@id\":\"https:\\\/\\\/monicaguerretta.com\\\/qualeocerto\\\/#organization\"},\"potentialAction\":[{\"@type\":\"SearchAction\",\"target\":{\"@type\":\"EntryPoint\",\"urlTemplate\":\"https:\\\/\\\/monicaguerretta.com\\\/qualeocerto\\\/?s={search_term_string}\"},\"query-input\":{\"@type\":\"PropertyValueSpecification\",\"valueRequired\":true,\"valueName\":\"search_term_string\"}}],\"inLanguage\":\"pt-BR\"},{\"@type\":\"Organization\",\"@id\":\"https:\\\/\\\/monicaguerretta.com\\\/qualeocerto\\\/#organization\",\"name\":\"Qual \u00e9 o certo?\",\"url\":\"https:\\\/\\\/monicaguerretta.com\\\/qualeocerto\\\/\",\"logo\":{\"@type\":\"ImageObject\",\"inLanguage\":\"pt-BR\",\"@id\":\"https:\\\/\\\/monicaguerretta.com\\\/qualeocerto\\\/#\\\/schema\\\/logo\\\/image\\\/\",\"url\":\"https:\\\/\\\/monicaguerretta.com\\\/qualeocerto\\\/wp-content\\\/uploads\\\/2022\\\/08\\\/marca-quale.png\",\"contentUrl\":\"https:\\\/\\\/monicaguerretta.com\\\/qualeocerto\\\/wp-content\\\/uploads\\\/2022\\\/08\\\/marca-quale.png\",\"width\":592,\"height\":315,\"caption\":\"Qual \u00e9 o certo?\"},\"image\":{\"@id\":\"https:\\\/\\\/monicaguerretta.com\\\/qualeocerto\\\/#\\\/schema\\\/logo\\\/image\\\/\"},\"sameAs\":[\"https:\\\/\\\/www.facebook.com\\\/qualeocerto\",\"https:\\\/\\\/www.instagram.com\\\/qualeocerto\\\/\",\"https:\\\/\\\/www.youtube.com\\\/c\\\/qualeocerto\"]},{\"@type\":\"Person\",\"@id\":\"https:\\\/\\\/monicaguerretta.com\\\/qualeocerto\\\/#\\\/schema\\\/person\\\/214b5e9a83b11fe11a18ecae0d21f79a\",\"name\":\"M\u00f4nica Guerretta\",\"image\":{\"@type\":\"ImageObject\",\"inLanguage\":\"pt-BR\",\"@id\":\"https:\\\/\\\/secure.gravatar.com\\\/avatar\\\/cc0028ec5e6e39e7cd7e61c0fa6158a6d7f1edc39c4f536d768ad95ee3e26a8a?s=96&d=mm&r=g\",\"url\":\"https:\\\/\\\/secure.gravatar.com\\\/avatar\\\/cc0028ec5e6e39e7cd7e61c0fa6158a6d7f1edc39c4f536d768ad95ee3e26a8a?s=96&d=mm&r=g\",\"contentUrl\":\"https:\\\/\\\/secure.gravatar.com\\\/avatar\\\/cc0028ec5e6e39e7cd7e61c0fa6158a6d7f1edc39c4f536d768ad95ee3e26a8a?s=96&d=mm&r=g\",\"caption\":\"M\u00f4nica Guerretta\"}}]}<\/script>\n<!-- \/ Yoast SEO plugin. -->","yoast_head_json":{"title":"Mais ou maior? Quando usar cada um? &#187; Qual \u00e9 o certo?","robots":{"index":"index","follow":"follow","max-snippet":"max-snippet:-1","max-image-preview":"max-image-preview:large","max-video-preview":"max-video-preview:-1"},"canonical":"https:\/\/monicaguerretta.com\/qualeocerto\/mais-ou-maior\/","og_locale":"pt_BR","og_type":"article","og_title":"Mais ou maior? Quando usar cada um? &#187; Qual \u00e9 o certo?","og_description":"Voc\u00ea costuma usar as palavras mais e maior como se fossem sin\u00f4nimos? Essa confus\u00e3o \u00e9 bem&hellip;","og_url":"https:\/\/monicaguerretta.com\/qualeocerto\/mais-ou-maior\/","og_site_name":"Qual \u00e9 o certo?","article_publisher":"https:\/\/www.facebook.com\/qualeocerto","article_published_time":"2023-03-02T22:12:42+00:00","article_modified_time":"2023-03-02T22:19:34+00:00","og_image":[{"width":1080,"height":1081,"url":"https:\/\/monicaguerretta.com\/qualeocerto\/wp-content\/uploads\/2023\/03\/mais-ou-maior-qual-e-o-certo.png","type":"image\/png"}],"author":"M\u00f4nica Guerretta","twitter_card":"summary_large_image","twitter_misc":{"Escrito por":"M\u00f4nica Guerretta","Est. tempo de leitura":"6 minutos"},"schema":{"@context":"https:\/\/schema.org","@graph":[{"@type":"Article","@id":"https:\/\/monicaguerretta.com\/qualeocerto\/mais-ou-maior\/#article","isPartOf":{"@id":"https:\/\/monicaguerretta.com\/qualeocerto\/mais-ou-maior\/"},"author":{"name":"M\u00f4nica Guerretta","@id":"https:\/\/monicaguerretta.com\/qualeocerto\/#\/schema\/person\/214b5e9a83b11fe11a18ecae0d21f79a"},"headline":"Mais ou maior? Quando usar cada um?","datePublished":"2023-03-02T22:12:42+00:00","dateModified":"2023-03-02T22:19:34+00:00","mainEntityOfPage":{"@id":"https:\/\/monicaguerretta.com\/qualeocerto\/mais-ou-maior\/"},"wordCount":714,"commentCount":0,"publisher":{"@id":"https:\/\/monicaguerretta.com\/qualeocerto\/#organization"},"image":{"@id":"https:\/\/monicaguerretta.com\/qualeocerto\/mais-ou-maior\/#primaryimage"},"thumbnailUrl":"https:\/\/monicaguerretta.com\/qualeocerto\/wp-content\/uploads\/2023\/03\/mais-ou-maior-qual-e-o-certo.png","keywords":["maior","mais"],"articleSection":["Confus\u00f5es comuns","Portugu\u00eas"],"inLanguage":"pt-BR","potentialAction":[{"@type":"CommentAction","name":"Comment","target":["https:\/\/monicaguerretta.com\/qualeocerto\/mais-ou-maior\/#respond"]}]},{"@type":"WebPage","@id":"https:\/\/monicaguerretta.com\/qualeocerto\/mais-ou-maior\/","url":"https:\/\/monicaguerretta.com\/qualeocerto\/mais-ou-maior\/","name":"Mais ou maior? Quando usar cada um? &#187; Qual \u00e9 o certo?","isPartOf":{"@id":"https:\/\/monicaguerretta.com\/qualeocerto\/#website"},"primaryImageOfPage":{"@id":"https:\/\/monicaguerretta.com\/qualeocerto\/mais-ou-maior\/#primaryimage"},"image":{"@id":"https:\/\/monicaguerretta.com\/qualeocerto\/mais-ou-maior\/#primaryimage"},"thumbnailUrl":"https:\/\/monicaguerretta.com\/qualeocerto\/wp-content\/uploads\/2023\/03\/mais-ou-maior-qual-e-o-certo.png","datePublished":"2023-03-02T22:12:42+00:00","dateModified":"2023-03-02T22:19:34+00:00","breadcrumb":{"@id":"https:\/\/monicaguerretta.com\/qualeocerto\/mais-ou-maior\/#breadcrumb"},"inLanguage":"pt-BR","potentialAction":[{"@type":"ReadAction","target":["https:\/\/monicaguerretta.com\/qualeocerto\/mais-ou-maior\/"]}]},{"@type":"ImageObject","inLanguage":"pt-BR","@id":"https:\/\/monicaguerretta.com\/qualeocerto\/mais-ou-maior\/#primaryimage","url":"https:\/\/monicaguerretta.com\/qualeocerto\/wp-content\/uploads\/2023\/03\/mais-ou-maior-qual-e-o-certo.png","contentUrl":"https:\/\/monicaguerretta.com\/qualeocerto\/wp-content\/uploads\/2023\/03\/mais-ou-maior-qual-e-o-certo.png","width":1080,"height":1081,"caption":"mais ou maior - qual \u00e9 o certo"},{"@type":"BreadcrumbList","@id":"https:\/\/monicaguerretta.com\/qualeocerto\/mais-ou-maior\/#breadcrumb","itemListElement":[{"@type":"ListItem","position":1,"name":"In\u00edcio","item":"https:\/\/monicaguerretta.com\/qualeocerto\/"},{"@type":"ListItem","position":2,"name":"Mais ou maior? Quando usar cada um?"}]},{"@type":"WebSite","@id":"https:\/\/monicaguerretta.com\/qualeocerto\/#website","url":"https:\/\/monicaguerretta.com\/qualeocerto\/","name":"Qual \u00e9 o Certo?","description":"M\u00f4nica Guerretta | Redatora publicit\u00e1ria | Copywriting - UX Writing","publisher":{"@id":"https:\/\/monicaguerretta.com\/qualeocerto\/#organization"},"potentialAction":[{"@type":"SearchAction","target":{"@type":"EntryPoint","urlTemplate":"https:\/\/monicaguerretta.com\/qualeocerto\/?s={search_term_string}"},"query-input":{"@type":"PropertyValueSpecification","valueRequired":true,"valueName":"search_term_string"}}],"inLanguage":"pt-BR"},{"@type":"Organization","@id":"https:\/\/monicaguerretta.com\/qualeocerto\/#organization","name":"Qual \u00e9 o certo?","url":"https:\/\/monicaguerretta.com\/qualeocerto\/","logo":{"@type":"ImageObject","inLanguage":"pt-BR","@id":"https:\/\/monicaguerretta.com\/qualeocerto\/#\/schema\/logo\/image\/","url":"https:\/\/monicaguerretta.com\/qualeocerto\/wp-content\/uploads\/2022\/08\/marca-quale.png","contentUrl":"https:\/\/monicaguerretta.com\/qualeocerto\/wp-content\/uploads\/2022\/08\/marca-quale.png","width":592,"height":315,"caption":"Qual \u00e9 o certo?"},"image":{"@id":"https:\/\/monicaguerretta.com\/qualeocerto\/#\/schema\/logo\/image\/"},"sameAs":["https:\/\/www.facebook.com\/qualeocerto","https:\/\/www.instagram.com\/qualeocerto\/","https:\/\/www.youtube.com\/c\/qualeocerto"]},{"@type":"Person","@id":"https:\/\/monicaguerretta.com\/qualeocerto\/#\/schema\/person\/214b5e9a83b11fe11a18ecae0d21f79a","name":"M\u00f4nica Guerretta","image":{"@type":"ImageObject","inLanguage":"pt-BR","@id":"https:\/\/secure.gravatar.com\/avatar\/cc0028ec5e6e39e7cd7e61c0fa6158a6d7f1edc39c4f536d768ad95ee3e26a8a?s=96&d=mm&r=g","url":"https:\/\/secure.gravatar.com\/avatar\/cc0028ec5e6e39e7cd7e61c0fa6158a6d7f1edc39c4f536d768ad95ee3e26a8a?s=96&d=mm&r=g","contentUrl":"https:\/\/secure.gravatar.com\/avatar\/cc0028ec5e6e39e7cd7e61c0fa6158a6d7f1edc39c4f536d768ad95ee3e26a8a?s=96&d=mm&r=g","caption":"M\u00f4nica Guerretta"}}]}},"_links":{"self":[{"href":"https:\/\/monicaguerretta.com\/qualeocerto\/wp-json\/wp\/v2\/posts\/2836","targetHints":{"allow":["GET"]}}],"collection":[{"href":"https:\/\/monicaguerretta.com\/qualeocerto\/wp-json\/wp\/v2\/posts"}],"about":[{"href":"https:\/\/monicaguerretta.com\/qualeocerto\/wp-json\/wp\/v2\/types\/post"}],"author":[{"embeddable":true,"href":"https:\/\/monicaguerretta.com\/qualeocerto\/wp-json\/wp\/v2\/users\/2"}],"replies":[{"embeddable":true,"href":"https:\/\/monicaguerretta.com\/qualeocerto\/wp-json\/wp\/v2\/comments?post=2836"}],"version-history":[{"count":11,"href":"https:\/\/monicaguerretta.com\/qualeocerto\/wp-json\/wp\/v2\/posts\/2836\/revisions"}],"predecessor-version":[{"id":2873,"href":"https:\/\/monicaguerretta.com\/qualeocerto\/wp-json\/wp\/v2\/posts\/2836\/revisions\/2873"}],"wp:featuredmedia":[{"embeddable":true,"href":"https:\/\/monicaguerretta.com\/qualeocerto\/wp-json\/wp\/v2\/media\/2837"}],"wp:attachment":[{"href":"https:\/\/monicaguerretta.com\/qualeocerto\/wp-json\/wp\/v2\/media?parent=2836"}],"wp:term":[{"taxonomy":"category","embeddable":true,"href":"https:\/\/monicaguerretta.com\/qualeocerto\/wp-json\/wp\/v2\/categories?post=2836"},{"taxonomy":"post_tag","embeddable":true,"href":"https:\/\/monicaguerretta.com\/qualeocerto\/wp-json\/wp\/v2\/tags?post=2836"}],"curies":[{"name":"wp","href":"https:\/\/api.w.org\/{rel}","templated":true}]}}