{"id":2963,"date":"2023-02-09T20:26:00","date_gmt":"2023-02-09T23:26:00","guid":{"rendered":"https:\/\/monicaguerretta.com\/qualeocerto\/?p=2963"},"modified":"2023-04-24T10:20:45","modified_gmt":"2023-04-24T13:20:45","slug":"como-nao-noticiar-um-show-dos-backstreet-boys","status":"publish","type":"post","link":"https:\/\/monicaguerretta.com\/qualeocerto\/como-nao-noticiar-um-show-dos-backstreet-boys\/","title":{"rendered":"<strong>Como N\u00c3O noticiar um show? Uma aula de boas maneiras na reda\u00e7\u00e3o<\/strong>"},"content":{"rendered":"\t\t<div data-elementor-type=\"wp-post\" data-elementor-id=\"2963\" class=\"elementor elementor-2963\">\n\t\t\t\t\t\t<section class=\"elementor-section elementor-top-section elementor-element elementor-element-91d79b7 elementor-section-boxed elementor-section-height-default elementor-section-height-default\" data-id=\"91d79b7\" data-element_type=\"section\">\n\t\t\t\t\t\t<div class=\"elementor-container elementor-column-gap-default\">\n\t\t\t\t\t<div class=\"elementor-column elementor-col-100 elementor-top-column elementor-element elementor-element-a8215d0\" data-id=\"a8215d0\" data-element_type=\"column\">\n\t\t\t<div class=\"elementor-widget-wrap elementor-element-populated\">\n\t\t\t\t\t\t<div class=\"elementor-element elementor-element-c311826 elementor-widget elementor-widget-text-editor\" data-id=\"c311826\" data-element_type=\"widget\" data-widget_type=\"text-editor.default\">\n\t\t\t\t<div class=\"elementor-widget-container\">\n\t\t\t\t\t\t\t\t\t<p>Gente, eu fiquei chocada! \ud83d\udc23<br \/>No dia 29 de janeiro vi uma publica\u00e7\u00e3o que me deixou chocada!<\/p>\t\t\t\t\t\t\t\t<\/div>\n\t\t\t\t<\/div>\n\t\t\t\t\t<\/div>\n\t\t<\/div>\n\t\t\t\t\t<\/div>\n\t\t<\/section>\n\t\t\t\t<section class=\"elementor-section elementor-top-section elementor-element elementor-element-b89eeed elementor-section-boxed elementor-section-height-default elementor-section-height-default\" data-id=\"b89eeed\" data-element_type=\"section\">\n\t\t\t\t\t\t<div class=\"elementor-container elementor-column-gap-default\">\n\t\t\t\t\t<div class=\"elementor-column elementor-col-100 elementor-top-column elementor-element elementor-element-f9778f6\" data-id=\"f9778f6\" data-element_type=\"column\">\n\t\t\t<div class=\"elementor-widget-wrap elementor-element-populated\">\n\t\t\t\t\t\t<div class=\"elementor-element elementor-element-9145126 elementor-widget elementor-widget-video\" data-id=\"9145126\" data-element_type=\"widget\" data-settings=\"{&quot;youtube_url&quot;:&quot;https:\\\/\\\/youtu.be\\\/A8rt3H9idC4&quot;,&quot;video_type&quot;:&quot;youtube&quot;,&quot;controls&quot;:&quot;yes&quot;}\" data-widget_type=\"video.default\">\n\t\t\t\t<div class=\"elementor-widget-container\">\n\t\t\t\t\t\t\t<div class=\"elementor-wrapper elementor-open-inline\">\n\t\t\t<div class=\"elementor-video\"><\/div>\t\t<\/div>\n\t\t\t\t\t\t<\/div>\n\t\t\t\t<\/div>\n\t\t\t\t\t<\/div>\n\t\t<\/div>\n\t\t\t\t\t<\/div>\n\t\t<\/section>\n\t\t\t\t<section class=\"elementor-section elementor-top-section elementor-element elementor-element-5d4a251b elementor-section-boxed elementor-section-height-default elementor-section-height-default\" data-id=\"5d4a251b\" data-element_type=\"section\">\n\t\t\t\t\t\t<div class=\"elementor-container elementor-column-gap-default\">\n\t\t\t\t\t<div class=\"elementor-column elementor-col-100 elementor-top-column elementor-element elementor-element-4abade5\" data-id=\"4abade5\" data-element_type=\"column\">\n\t\t\t<div class=\"elementor-widget-wrap elementor-element-populated\">\n\t\t\t\t\t\t<div class=\"elementor-element elementor-element-5339df31 elementor-widget elementor-widget-text-editor\" data-id=\"5339df31\" data-element_type=\"widget\" data-widget_type=\"text-editor.default\">\n\t\t\t\t<div class=\"elementor-widget-container\">\n\t\t\t\t\t\t\t\t\t\n<p>Estou falando <a href=\"https:\/\/www.instagram.com\/p\/Cn9tfFLtF1o\/\" target=\"_blank\" rel=\"noreferrer noopener\">deste post da Folha de S\u00e3o Paulo<\/a> publicado no Instagram:<\/p>\n<div class=\"wp-block-image\">\n<figure class=\"aligncenter size-full is-resized\"><img fetchpriority=\"high\" decoding=\"async\" class=\"wp-image-2964\" src=\"https:\/\/monicaguerretta.com\/qualeocerto\/wp-content\/uploads\/2023\/04\/backstreet-boys-folha-de-sao-paulo-1.png\" alt=\"backstreet boys folha de s\u00e3o paulo 1\" width=\"540\" height=\"542\" srcset=\"https:\/\/monicaguerretta.com\/qualeocerto\/wp-content\/uploads\/2023\/04\/backstreet-boys-folha-de-sao-paulo-1.png 814w, https:\/\/monicaguerretta.com\/qualeocerto\/wp-content\/uploads\/2023\/04\/backstreet-boys-folha-de-sao-paulo-1-300x300.png 300w, https:\/\/monicaguerretta.com\/qualeocerto\/wp-content\/uploads\/2023\/04\/backstreet-boys-folha-de-sao-paulo-1-150x150.png 150w, https:\/\/monicaguerretta.com\/qualeocerto\/wp-content\/uploads\/2023\/04\/backstreet-boys-folha-de-sao-paulo-1-768x769.png 768w\" sizes=\"(max-width: 540px) 100vw, 540px\" \/><\/figure>\n<\/div>\n<p>Olha essa chamada, gente! \ud83d\ude31<\/p>\n\n<p>Vi esse post no domingo \u00e0 noite porque minha irm\u00e3 o enviou pelo Whats, no grupo da fam\u00edlia. Na hora respondi:<br \/>\u2014 Minha nossa! Quantos adjetivos pejorativos!<br \/>Para n\u00e3o dizer que achei uma \ud83d\udca9, n\u00e9! \ud83d\ude05<\/p>\n\n<h2 class=\"wp-block-heading\"><strong><mark class=\"has-inline-color has-vivid-purple-color\" style=\"background-color: rgba(0, 0, 0, 0);\">Por que criam t\u00edtulos como esse?<\/mark><\/strong><\/h2>\n\n<p>Bom, talvez voc\u00ea j\u00e1 saiba a resposta. A inten\u00e7\u00e3o com t\u00edtulos assim \u00e9 <strong>convencer as pessoas a clicarem<\/strong> no link da bio ou no link que est\u00e1 nos Stories \u2014 no caso do Instagram.<\/p>\n\n<p>Mas, gente! Precisa usar termos pejorativos para descrever milhares de pessoas que estavam no show? Ali\u00e1s, <span style=\"text-decoration: underline;\">uma parte das pessoas<\/span>, pois tinha gente de v\u00e1rias idades, e n\u00e3o havia apenas mulheres, n\u00e3o.<\/p>\n\n<p>Afinal, tem como convencer as pessoas a entrarem no site para ler a mat\u00e9ria completa sem ofender ningu\u00e9m?<\/p>\n\n<p><strong>\u26a0\ufe0f Spoiler: sim, tem! \ud83d\ude42<\/strong><\/p>\n\n<p>Primeiro, vamos contextualizar&#8230;<\/p>\n\n<h3 class=\"wp-block-heading\"><strong><mark class=\"has-inline-color has-vivid-purple-color\" style=\"background-color: rgba(0, 0, 0, 0);\">O sucesso dos Backstreet Boys nos anos 90<\/mark><\/strong><\/h3>\n\n<p>Certamente voc\u00ea se lembra bem do sucesso que os Backstreet Boys fizeram na d\u00e9cada de 90. Caso n\u00e3o seja da sua \u00e9poca, voc\u00ea com certeza j\u00e1 ouviu falar sobre eles, n\u00e3o \u00e9 mesmo?!<\/p>\n\n<p>Eu acompanhava o grupo no per\u00edodo do auge da MTV; assistia todo dia para ver clipes dos Backstreet Boys, Metallica, Foo Fighters, Green Day, Rammstein, Blink 182\u2026 Sim, bem ecl\u00e9tica! Hahahaha \ud83d\ude05<\/p>\n\n<p>Na \u00e9poca, eles vieram para o Brasil, mas eu n\u00e3o fui ao show. No entanto, agora, em 2023, realizei o sonho da adolesc\u00eancia.<\/p>\n\n<p>Pois \u00e9, sou uma trintona \u2014 quase quarentona \ud83e\udd2a \u2014 superfeliz que assistiu ao show deles em Curitiba e posso dizer: a plateia ficou alvoro\u00e7ada quando eles arremessaram os &#8220;souvenirs&#8221;, vulgo cuecas. Mas a maior emo\u00e7\u00e3o, sem d\u00favida, foi ver ao vivo os \u00eddolos da adolesc\u00eancia com suas m\u00fasicas e coreografias nost\u00e1lgicas.<\/p>\n\n<p>Ai, t\u00e3o bonitinhos! Foi emocionante! \ud83e\udd72<\/p>\n\n<p>Enfim, vamos \u00e0 li\u00e7\u00e3o deste conte\u00fado:<\/p>\n\n<h2 class=\"wp-block-heading\"><strong><mark class=\"has-inline-color has-vivid-purple-color\" style=\"background-color: rgba(0, 0, 0, 0);\">Como N\u00c3O noticiar um show?<\/mark><\/strong><\/h2>\n\n<p>Na mat\u00e9ria da Folha colocaram muitos r\u00f3tulos na plateia e nos Backstreet Boys. <a href=\"https:\/\/monicaguerretta.com\/qualeocerto\/ao-inves-de-ou-em-vez-de\/\" target=\"_blank\" rel=\"noreferrer noopener\">Em vez disso<\/a>, na minha opini\u00e3o, poderiam enaltecer a alegria do p\u00fablico, a felicidade do momento.<\/p>\n\n<p>Mesmo que eu n\u00e3o seja jornalista \u2014 sou publicit\u00e1ria \u2014, vejo que um evento t\u00e3o feliz, que envolveu uma alegria t\u00e3o genu\u00edna entre a banda e a plateia, merece, sim, uma not\u00edcia mais simp\u00e1tica.<\/p>\n\n<p>Ent\u00e3o vamos ver alguns trechos da mat\u00e9ria comentados por mim.<\/p>\n\n<p>Senta, que l\u00e1 vem o sarcasmo. \ud83d\ude01<\/p>\n\n<blockquote class=\"wp-block-quote is-layout-flow wp-block-quote-is-layout-flow\">\n<p><strong>\u201cUma multid\u00e3o de mulheres trintonas e quarentonas abarrotava o Allianz Parque, em S\u00e3o Paulo, na noite desta sexta-feira.\u201d<\/strong><\/p>\n<\/blockquote>\n\n<p>Sim, s\u00f3 havia mulheres na plateia. E s\u00f3 dessas idades. Aham! \ud83d\ude44<\/p>\n\n<blockquote class=\"wp-block-quote is-layout-flow wp-block-quote-is-layout-flow\">\n<p><strong>\u201cEstavam ali para relembrar a adolesc\u00eancia e cantar a plenos pulm\u00f5es hits dos Backstreet Boys.\u201d<\/strong><\/p>\n<\/blockquote>\n\n<p>Minha nossa! Como eu amo esses clich\u00eas, \u201ca plenos pulm\u00f5es\u201d.<br \/>Mentira! \ud83e\udd23<\/p>\n\n<blockquote class=\"wp-block-quote is-layout-flow wp-block-quote-is-layout-flow\">\n<p><strong>&#8220;\u2018Estou me sentindo t\u00e3o jovem\u2019, disse uma mulher, rindo. Atr\u00e1s dela, outra f\u00e3, que aparentava estar na casa dos 50 anos, tirava selfies com uma faixinha tem\u00e1tica amarrada na cabe\u00e7a. Seu marido, com cabelos grisalhos, encarava o palco com cara de poucos amigos.\u201d<\/strong><\/p>\n<\/blockquote>\n\n<p>S\u00e9rio, gente! Pra que dizer que <strong>\u201caparentava estar na casa dos 50 anos\u201d<\/strong>? Por que n\u00e3o perguntou a idade da mulher para colocar a informa\u00e7\u00e3o precisa, j\u00e1 que o autor achou a informa\u00e7\u00e3o t\u00e3o relevante?!<\/p>\n\n<p>E poxa vida, n\u00e9? Sobrou at\u00e9 para o marido, pobrezinho! O cara foi l\u00e1, acompanhou a esposa, e depois ainda tem que ler isso\u2026<\/p>\n\n<blockquote class=\"wp-block-quote is-layout-flow wp-block-quote-is-layout-flow\">\n<p><strong>\u201cA idade dos integrantes da banda vai de 42 a 51 anos \u2014 longe dos 20 e poucos que tinham quando o grupo surgiu em Orlando, nos Estados Unidos, no in\u00edcio dos anos 1990.\u201d<\/strong><\/p>\n<\/blockquote>\n\n<p>O qu\u00ea?! Eles envelheceram tudo isso dos anos 90 pra c\u00e1?! T\u00f4 chocada! \ud83d\udc23\u00a0<br \/>Ainda bem que temos a mat\u00e9ria para nos avisar que eles n\u00e3o est\u00e3o mais na casa dos 20 e poucos anos. \ud83e\udd26\ud83c\udffb\u200d\u2640\ufe0f<\/p>\n\n<p>Mas olha s\u00f3, agora vamos ver um elogio!<br \/>E logo depois uma ofensa gratuita\u2026<\/p>\n\n<blockquote class=\"wp-block-quote is-layout-flow wp-block-quote-is-layout-flow\">\n<p><strong>\u201cO quinteto soltou a voz na dram\u00e1tica \u2018Incomplete\u2019. Em seguida, na faixa \u2018Undone\u2019, fizeram uma daquelas coreografias com as quais encantaram toda uma gera\u00e7\u00e3o. S\u00e3o movimentos suaves e charmosos, nada parecidos com as dancinhas bobas do TikTok que hoje alavancam artistas pop.\u201d<\/strong><\/p>\n<\/blockquote>\n\n<p>Pra que ofender mais gente?! Podia parar ali, no elogio, que ficaria \u00f3timo.<\/p>\n\n<blockquote class=\"wp-block-quote is-layout-flow wp-block-quote-is-layout-flow\">\n<p><strong>\u201cFoi l\u00e1 pela metade do show que AJ McLean e Kevin Richardson interromperam a apresenta\u00e7\u00e3o para mudar de look. Fizeram isso no palco mesmo, dentro de um trocador m\u00f3vel. McLean depois atirou uma cueca azul, supostamente usada, para as f\u00e3s. Uma onda de berros se ergueu.\u201d<\/strong><\/p>\n<\/blockquote>\n\n<p>Ah, claro, n\u00e9, gente?! At\u00e9 se jogassem um microfone, a <a href=\"https:\/\/monicaguerretta.com\/qualeocerto\/plateia-tem-acento\/\" target=\"_blank\" rel=\"noreferrer noopener\">plateia<\/a> ficaria empolgada para pegar. Imagina! Qualquer objeto deles ou supostamente deles causaria fervo. Pense, ent\u00e3o, cuecas! \ud83d\ude05\ud83d\ude02<\/p>\n\n<p>Caso voc\u00ea queira ler a mat\u00e9ria completa, <a href=\"https:\/\/www1.folha.uol.com.br\/ilustrada\/2023\/01\/backstreet-boys-atiram-cuecas-para-trintonas-em-show-nostalgico-em-sp.shtml\" target=\"_blank\" rel=\"noreferrer noopener\">o link para a Folha de S\u00e3o Paulo est\u00e1 aqui<\/a>.<\/p>\n\n<h3 class=\"wp-block-heading\"><strong><mark class=\"has-inline-color has-vivid-purple-color\" style=\"background-color: rgba(0, 0, 0, 0);\">Vamos criar conte\u00fados mais amistosos? Por favorzinho!<\/mark><\/strong><\/h3>\n\n<p>Sempre falo sobre a import\u00e2ncia de criarmos conte\u00fados mais amig\u00e1veis, que fa\u00e7am as pessoas se sentirem bem, sentirem um bem-estarzinho por ler aquilo. A\u00ed v\u00eam pessoas que s\u00f3 pensam em ca\u00e7ar cliques e escrevem coisas desse tipo para conseguir alcan\u00e7ar seu objetivo. Acho triste, sabe?!<\/p>\n\n<p>Mas preciso destacar que achei maravilhoso ver os coment\u00e1rios na <a href=\"https:\/\/www.instagram.com\/p\/Cn9tfFLtF1o\/\" target=\"_blank\" rel=\"noreferrer noopener\">publica\u00e7\u00e3o sobre a mat\u00e9ria no Instagram da Folha<\/a>. Olha\u2026 o autor mereceu, viu? Cada um deles! Espero que ele use essa pol\u00eamica como inspira\u00e7\u00e3o para escrever mat\u00e9rias mais amistosas.<\/p>\n\n<p>Se bem que, provavelmente, o autor nem deve ter se importado com o au\u00ea negativo&#8230; Afinal, conseguiu chamar a aten\u00e7\u00e3o de um p\u00fablico gigantesco dessa forma. At\u00e9 aqui apareceu como <strong>refer\u00eancia de como n\u00e3o noticiar um show<\/strong> pelo qual milhares de pessoas estavam esperando h\u00e1 anos.<\/p>\n\n<p>Inclusive, n\u00e3o \u00e9 a primeira vez que <s>um absurdo<\/s> uma pol\u00eamica da Folha de S\u00e3o Paulo vem parar aqui no Qual \u00e9 o certo?. No ano passado, criei um conte\u00fado sobre racismo reverso por causa deles. O link est\u00e1 aqui:<br \/><a href=\"https:\/\/monicaguerretta.com\/qualeocerto\/racismo-reverso-existe\/\" target=\"_blank\" rel=\"noreferrer noopener\">Racismo reverso existe? O que dizem os dicion\u00e1rios?<\/a><\/p>\n\n<h3 class=\"wp-block-heading\"><strong><mark class=\"has-inline-color has-vivid-purple-color\" style=\"background-color: rgba(0, 0, 0, 0);\">E o t\u00edtulo? Tem como criar um t\u00edtulo convidativo sem ofender ningu\u00e9m?<\/mark><\/strong><\/h3>\n\n<p>Existe alguma outra possibilidade para despertar o interesse das pessoas e estimul\u00e1-las a entrarem na mat\u00e9ria?<\/p>\n\n<p>Digo com seguran\u00e7a que sim.<br \/>\u00c9 poss\u00edvel escrever t\u00edtulos chamativos sem ofender ningu\u00e9m. Pode acreditar!<\/p>\n\n<p>Observe, o t\u00edtulo original \u00e9:<\/p>\n\n<blockquote class=\"wp-block-quote is-layout-flow wp-block-quote-is-layout-flow\">\n<p><strong>\u201cBackstreet Boys atiram cuecas para trintonas em show nost\u00e1lgico em SP\u201d<\/strong><\/p>\n<\/blockquote>\n\n<p>Precisamos destacar que, al\u00e9m do termo pejorativo, essa vers\u00e3o exclui outros p\u00fablicos. No show ao qual fui havia homens pulando e dan\u00e7ando tamb\u00e9m, por exemplo. Aposto que nos outros shows da turn\u00ea tamb\u00e9m havia.<\/p>\n\n<p>Nesse sentido, pensei em tr\u00eas sugest\u00f5es:<\/p>\n\n<p>\u2b50 <strong>Backstreet Boys emocionam e surpreendem f\u00e3s em turn\u00ea adiada por tr\u00eas anos<\/strong><\/p>\n\n<p>\u2b50 <strong>Backstreet Boys emocionam f\u00e3s de diferentes gera\u00e7\u00f5es em show nost\u00e1lgico<\/strong><br \/>Tem at\u00e9 t\u00edtulo inclusivo. Viu s\u00f3?<\/p>\n\n<p>\u2b50 <strong>Backstreet Boys em S\u00e3o Paulo: grupo surpreende f\u00e3s com souvenirs inusitados<\/strong><\/p>\n\n<p>Olha s\u00f3! Esse t\u00edtulo at\u00e9 desperta a curiosidade, concorda?<br \/>E, mais uma vez, n\u00e3o ofendi ningu\u00e9m.<\/p>\n\n<p>Ou, ent\u00e3o, uma op\u00e7\u00e3o extra com um pequeno ajuste:<br \/>\u2b50 <strong>Backstreet Boys atiram cuecas para f\u00e3s em show nost\u00e1lgico em SP<\/strong><\/p>\n\n<p>Viu que m\u00e1gico?!<br \/>S\u00f3 troquei uma palavra e pronto. Desse modo o t\u00edtulo n\u00e3o ofende mais ningu\u00e9m.<\/p>\n\n<p>Bom, esses foram t\u00edtulos que pensei, assim, rapidinho, n\u00e9!<br \/>Imagine se algu\u00e9m me pagasse para isso. \ud83d\ude01<\/p>\n\n<p>Por fim, tamb\u00e9m criei um texto como sugest\u00e3o para substituir o que publicaram no Instagram. Caso voc\u00ea queira ler, <a href=\"https:\/\/www.instagram.com\/p\/CoIGz0XrIlh\/\" target=\"_blank\" rel=\"noreferrer noopener\">minha vers\u00e3o est\u00e1 no Instagram do Qual \u00e9 o certo?<\/a>.<\/p>\n\t\t\t\t\t\t\t\t<\/div>\n\t\t\t\t<\/div>\n\t\t\t\t\t<\/div>\n\t\t<\/div>\n\t\t\t\t\t<\/div>\n\t\t<\/section>\n\t\t\t\t<section class=\"elementor-section elementor-top-section elementor-element elementor-element-f591666 elementor-section-boxed elementor-section-height-default elementor-section-height-default\" data-id=\"f591666\" data-element_type=\"section\">\n\t\t\t\t\t\t<div class=\"elementor-container elementor-column-gap-default\">\n\t\t\t\t\t<div class=\"elementor-column elementor-col-33 elementor-top-column elementor-element elementor-element-e650498\" data-id=\"e650498\" data-element_type=\"column\">\n\t\t\t<div class=\"elementor-widget-wrap elementor-element-populated\">\n\t\t\t\t\t\t<div class=\"elementor-element elementor-element-cd833e4 elementor-invisible elementor-widget elementor-widget-image\" data-id=\"cd833e4\" data-element_type=\"widget\" data-settings=\"{&quot;_animation&quot;:&quot;slideInLeft&quot;}\" data-widget_type=\"image.default\">\n\t\t\t\t<div class=\"elementor-widget-container\">\n\t\t\t\t\t\t\t\t\t\t\t\t\t\t\t<img decoding=\"async\" width=\"681\" height=\"1024\" src=\"https:\/\/monicaguerretta.com\/qualeocerto\/wp-content\/uploads\/2022\/07\/Monica-Guerretta-Qual-e-o-certo-681x1024.jpg\" class=\"attachment-large size-large wp-image-1980\" alt=\"M\u00f4nica-Guerretta-Qual-\u00e9-o-certo\" srcset=\"https:\/\/monicaguerretta.com\/qualeocerto\/wp-content\/uploads\/2022\/07\/Monica-Guerretta-Qual-e-o-certo-681x1024.jpg 681w, https:\/\/monicaguerretta.com\/qualeocerto\/wp-content\/uploads\/2022\/07\/Monica-Guerretta-Qual-e-o-certo-200x300.jpg 200w, https:\/\/monicaguerretta.com\/qualeocerto\/wp-content\/uploads\/2022\/07\/Monica-Guerretta-Qual-e-o-certo-768x1155.jpg 768w, https:\/\/monicaguerretta.com\/qualeocerto\/wp-content\/uploads\/2022\/07\/Monica-Guerretta-Qual-e-o-certo-1022x1536.jpg 1022w, https:\/\/monicaguerretta.com\/qualeocerto\/wp-content\/uploads\/2022\/07\/Monica-Guerretta-Qual-e-o-certo-1362x2048.jpg 1362w, https:\/\/monicaguerretta.com\/qualeocerto\/wp-content\/uploads\/2022\/07\/Monica-Guerretta-Qual-e-o-certo-scaled.jpg 1703w\" sizes=\"(max-width: 681px) 100vw, 681px\" \/>\t\t\t\t\t\t\t\t\t\t\t\t\t\t\t<\/div>\n\t\t\t\t<\/div>\n\t\t\t\t\t<\/div>\n\t\t<\/div>\n\t\t\t\t<div class=\"elementor-column elementor-col-66 elementor-top-column elementor-element elementor-element-8f5aeac\" data-id=\"8f5aeac\" data-element_type=\"column\">\n\t\t\t<div class=\"elementor-widget-wrap elementor-element-populated\">\n\t\t\t\t\t\t<div class=\"elementor-element elementor-element-2691690 elementor-invisible elementor-widget elementor-widget-text-editor\" data-id=\"2691690\" data-element_type=\"widget\" data-settings=\"{&quot;_animation&quot;:&quot;slideInRight&quot;}\" data-widget_type=\"text-editor.default\">\n\t\t\t\t<div class=\"elementor-widget-container\">\n\t\t\t\t\t\t\t\t\t<p><b>E a\u00ed, voc\u00ea gostou de ver meus coment\u00e1rios e sugest\u00f5es para uma comunica\u00e7\u00e3o mais amig\u00e1vel?<br \/><\/b><span style=\"font-weight: 400;\">Ent\u00e3o apoie o Qual \u00e9 o certo?, por favorzinho. <img decoding=\"async\" class=\"emoji\" role=\"img\" draggable=\"false\" src=\"https:\/\/s.w.org\/images\/core\/emoji\/14.0.0\/svg\/1f499.svg\" alt=\"\ud83d\udc99\" \/><br \/><\/span><span style=\"font-weight: 400;\"><img decoding=\"async\" class=\"emoji\" role=\"img\" draggable=\"false\" src=\"https:\/\/s.w.org\/images\/core\/emoji\/14.0.0\/svg\/2705.svg\" alt=\"\u2705\" \/> <\/span><a href=\"https:\/\/www.youtube.com\/c\/qualeocerto\" target=\"_blank\" rel=\"noopener\"><span style=\"font-weight: 400;\">Inscreva-se no canal do YouTube<\/span><\/a><br \/><span style=\"font-weight: 400;\"><img decoding=\"async\" class=\"emoji\" role=\"img\" draggable=\"false\" src=\"https:\/\/s.w.org\/images\/core\/emoji\/14.0.0\/svg\/2705.svg\" alt=\"\u2705\" \/> <\/span><a href=\"https:\/\/www.instagram.com\/qualeocerto\/\" target=\"_blank\" rel=\"noopener\"><span style=\"font-weight: 400;\">Siga no Instagram<\/span><\/a><br \/><span style=\"font-weight: 400;\"><img decoding=\"async\" class=\"emoji\" role=\"img\" draggable=\"false\" src=\"https:\/\/s.w.org\/images\/core\/emoji\/14.0.0\/svg\/2705.svg\" alt=\"\u2705\" \/> <\/span><a href=\"https:\/\/www.linkedin.com\/in\/monicaguerretta\/\"><span style=\"font-weight: 400;\">Acompanhe no LinkedIn<\/span><\/a><br \/><span style=\"font-weight: 400;\"><img decoding=\"async\" class=\"emoji\" role=\"img\" draggable=\"false\" src=\"https:\/\/s.w.org\/images\/core\/emoji\/14.0.0\/svg\/2705.svg\" alt=\"\u2705\" \/> <\/span><a href=\"https:\/\/monicaguerretta.com\/qualeocerto\/vamos-conversar\/\" target=\"_blank\" rel=\"noopener\"><span style=\"font-weight: 400;\">Pague um cafezinho para mim<\/span><\/a><br \/><span style=\"font-weight: 400;\"><img decoding=\"async\" class=\"emoji\" role=\"img\" draggable=\"false\" src=\"https:\/\/s.w.org\/images\/core\/emoji\/14.0.0\/svg\/2705.svg\" alt=\"\u2705\" \/> Compartilhe este conte\u00fado <\/span><\/p>\t\t\t\t\t\t\t\t<\/div>\n\t\t\t\t<\/div>\n\t\t\t\t\t<\/div>\n\t\t<\/div>\n\t\t\t\t\t<\/div>\n\t\t<\/section>\n\t\t\t\t<\/div>\n\t\t","protected":false},"excerpt":{"rendered":"<p>Gente, eu fiquei chocada! \ud83d\udc23No dia 29 de janeiro vi uma publica\u00e7\u00e3o que me deixou chocada!&hellip;<\/p>\n","protected":false},"author":2,"featured_media":2984,"comment_status":"open","ping_status":"open","sticky":false,"template":"","format":"standard","meta":{"_exactmetrics_skip_tracking":false,"_exactmetrics_sitenote_active":false,"_exactmetrics_sitenote_note":"","_exactmetrics_sitenote_category":0,"footnotes":""},"categories":[292],"tags":[341,342,140,299],"class_list":["post-2963","post","type-post","status-publish","format-standard","has-post-thumbnail","hentry","category-publicidade-e-copywriting","tag-backstreet-boys","tag-jornalismo","tag-noticia","tag-redacao-publicitaria"],"yoast_head":"<!-- This site is optimized with the Yoast SEO plugin v27.5 - https:\/\/yoast.com\/product\/yoast-seo-wordpress\/ -->\n<title>Como N\u00c3O noticiar um show? Uma aula de boas maneiras na reda\u00e7\u00e3o &#187; Qual \u00e9 o certo?<\/title>\n<meta name=\"description\" content=\"Backstreet Boys finalmente voltaram ao Brasil! Bora ver como n\u00e3o noticiar a turn\u00ea deles, pela qual muitas pessoas aguardaram ansiosas?!\" \/>\n<meta name=\"robots\" content=\"index, follow, max-snippet:-1, max-image-preview:large, max-video-preview:-1\" \/>\n<link rel=\"canonical\" href=\"https:\/\/monicaguerretta.com\/qualeocerto\/como-nao-noticiar-um-show-dos-backstreet-boys\/\" \/>\n<meta property=\"og:locale\" content=\"pt_BR\" \/>\n<meta property=\"og:type\" content=\"article\" \/>\n<meta property=\"og:title\" content=\"Como N\u00c3O noticiar um show? Uma aula de boas maneiras na reda\u00e7\u00e3o &#187; Qual \u00e9 o certo?\" \/>\n<meta property=\"og:description\" content=\"Backstreet Boys finalmente voltaram ao Brasil! Bora ver como n\u00e3o noticiar a turn\u00ea deles, pela qual muitas pessoas aguardaram ansiosas?!\" \/>\n<meta property=\"og:url\" content=\"https:\/\/monicaguerretta.com\/qualeocerto\/como-nao-noticiar-um-show-dos-backstreet-boys\/\" \/>\n<meta property=\"og:site_name\" content=\"Qual \u00e9 o certo?\" \/>\n<meta property=\"article:publisher\" content=\"https:\/\/www.facebook.com\/qualeocerto\" \/>\n<meta property=\"article:published_time\" content=\"2023-02-09T23:26:00+00:00\" \/>\n<meta property=\"article:modified_time\" content=\"2023-04-24T13:20:45+00:00\" \/>\n<meta property=\"og:image\" content=\"https:\/\/monicaguerretta.com\/qualeocerto\/wp-content\/uploads\/2023\/02\/como-nao-noticiar-um-show-dos-backstreet-boys-qual-e-o-certo.png\" \/>\n\t<meta property=\"og:image:width\" content=\"1080\" \/>\n\t<meta property=\"og:image:height\" content=\"1081\" \/>\n\t<meta property=\"og:image:type\" content=\"image\/png\" \/>\n<meta name=\"author\" content=\"M\u00f4nica Guerretta\" \/>\n<meta name=\"twitter:card\" content=\"summary_large_image\" \/>\n<meta name=\"twitter:label1\" content=\"Escrito por\" \/>\n\t<meta name=\"twitter:data1\" content=\"M\u00f4nica Guerretta\" \/>\n\t<meta name=\"twitter:label2\" content=\"Est. tempo de leitura\" \/>\n\t<meta name=\"twitter:data2\" content=\"9 minutos\" \/>\n<script type=\"application\/ld+json\" class=\"yoast-schema-graph\">{\"@context\":\"https:\\\/\\\/schema.org\",\"@graph\":[{\"@type\":\"Article\",\"@id\":\"https:\\\/\\\/monicaguerretta.com\\\/qualeocerto\\\/como-nao-noticiar-um-show-dos-backstreet-boys\\\/#article\",\"isPartOf\":{\"@id\":\"https:\\\/\\\/monicaguerretta.com\\\/qualeocerto\\\/como-nao-noticiar-um-show-dos-backstreet-boys\\\/\"},\"author\":{\"name\":\"M\u00f4nica Guerretta\",\"@id\":\"https:\\\/\\\/monicaguerretta.com\\\/qualeocerto\\\/#\\\/schema\\\/person\\\/214b5e9a83b11fe11a18ecae0d21f79a\"},\"headline\":\"Como N\u00c3O noticiar um show? Uma aula de boas maneiras na reda\u00e7\u00e3o\",\"datePublished\":\"2023-02-09T23:26:00+00:00\",\"dateModified\":\"2023-04-24T13:20:45+00:00\",\"mainEntityOfPage\":{\"@id\":\"https:\\\/\\\/monicaguerretta.com\\\/qualeocerto\\\/como-nao-noticiar-um-show-dos-backstreet-boys\\\/\"},\"wordCount\":1384,\"commentCount\":0,\"publisher\":{\"@id\":\"https:\\\/\\\/monicaguerretta.com\\\/qualeocerto\\\/#organization\"},\"image\":{\"@id\":\"https:\\\/\\\/monicaguerretta.com\\\/qualeocerto\\\/como-nao-noticiar-um-show-dos-backstreet-boys\\\/#primaryimage\"},\"thumbnailUrl\":\"https:\\\/\\\/monicaguerretta.com\\\/qualeocerto\\\/wp-content\\\/uploads\\\/2023\\\/02\\\/como-nao-noticiar-um-show-dos-backstreet-boys-qual-e-o-certo.png\",\"keywords\":[\"backstreet boys\",\"jornalismo\",\"not\u00edcia\",\"reda\u00e7\u00e3o publicit\u00e1ria\"],\"articleSection\":[\"Publicidade &amp; Copywriting\"],\"inLanguage\":\"pt-BR\",\"potentialAction\":[{\"@type\":\"CommentAction\",\"name\":\"Comment\",\"target\":[\"https:\\\/\\\/monicaguerretta.com\\\/qualeocerto\\\/como-nao-noticiar-um-show-dos-backstreet-boys\\\/#respond\"]}]},{\"@type\":\"WebPage\",\"@id\":\"https:\\\/\\\/monicaguerretta.com\\\/qualeocerto\\\/como-nao-noticiar-um-show-dos-backstreet-boys\\\/\",\"url\":\"https:\\\/\\\/monicaguerretta.com\\\/qualeocerto\\\/como-nao-noticiar-um-show-dos-backstreet-boys\\\/\",\"name\":\"Como N\u00c3O noticiar um show? Uma aula de boas maneiras na reda\u00e7\u00e3o &#187; Qual \u00e9 o certo?\",\"isPartOf\":{\"@id\":\"https:\\\/\\\/monicaguerretta.com\\\/qualeocerto\\\/#website\"},\"primaryImageOfPage\":{\"@id\":\"https:\\\/\\\/monicaguerretta.com\\\/qualeocerto\\\/como-nao-noticiar-um-show-dos-backstreet-boys\\\/#primaryimage\"},\"image\":{\"@id\":\"https:\\\/\\\/monicaguerretta.com\\\/qualeocerto\\\/como-nao-noticiar-um-show-dos-backstreet-boys\\\/#primaryimage\"},\"thumbnailUrl\":\"https:\\\/\\\/monicaguerretta.com\\\/qualeocerto\\\/wp-content\\\/uploads\\\/2023\\\/02\\\/como-nao-noticiar-um-show-dos-backstreet-boys-qual-e-o-certo.png\",\"datePublished\":\"2023-02-09T23:26:00+00:00\",\"dateModified\":\"2023-04-24T13:20:45+00:00\",\"description\":\"Backstreet Boys finalmente voltaram ao Brasil! Bora ver como n\u00e3o noticiar a turn\u00ea deles, pela qual muitas pessoas aguardaram ansiosas?!\",\"breadcrumb\":{\"@id\":\"https:\\\/\\\/monicaguerretta.com\\\/qualeocerto\\\/como-nao-noticiar-um-show-dos-backstreet-boys\\\/#breadcrumb\"},\"inLanguage\":\"pt-BR\",\"potentialAction\":[{\"@type\":\"ReadAction\",\"target\":[\"https:\\\/\\\/monicaguerretta.com\\\/qualeocerto\\\/como-nao-noticiar-um-show-dos-backstreet-boys\\\/\"]}]},{\"@type\":\"ImageObject\",\"inLanguage\":\"pt-BR\",\"@id\":\"https:\\\/\\\/monicaguerretta.com\\\/qualeocerto\\\/como-nao-noticiar-um-show-dos-backstreet-boys\\\/#primaryimage\",\"url\":\"https:\\\/\\\/monicaguerretta.com\\\/qualeocerto\\\/wp-content\\\/uploads\\\/2023\\\/02\\\/como-nao-noticiar-um-show-dos-backstreet-boys-qual-e-o-certo.png\",\"contentUrl\":\"https:\\\/\\\/monicaguerretta.com\\\/qualeocerto\\\/wp-content\\\/uploads\\\/2023\\\/02\\\/como-nao-noticiar-um-show-dos-backstreet-boys-qual-e-o-certo.png\",\"width\":1080,\"height\":1081,\"caption\":\"como n\u00e3o noticiar um show dos backstreet boys - qual \u00e9 o certo\"},{\"@type\":\"BreadcrumbList\",\"@id\":\"https:\\\/\\\/monicaguerretta.com\\\/qualeocerto\\\/como-nao-noticiar-um-show-dos-backstreet-boys\\\/#breadcrumb\",\"itemListElement\":[{\"@type\":\"ListItem\",\"position\":1,\"name\":\"In\u00edcio\",\"item\":\"https:\\\/\\\/monicaguerretta.com\\\/qualeocerto\\\/\"},{\"@type\":\"ListItem\",\"position\":2,\"name\":\"Como N\u00c3O noticiar um show? Uma aula de boas maneiras na reda\u00e7\u00e3o\"}]},{\"@type\":\"WebSite\",\"@id\":\"https:\\\/\\\/monicaguerretta.com\\\/qualeocerto\\\/#website\",\"url\":\"https:\\\/\\\/monicaguerretta.com\\\/qualeocerto\\\/\",\"name\":\"Qual \u00e9 o Certo?\",\"description\":\"M\u00f4nica Guerretta | Redatora publicit\u00e1ria | Copywriting - UX Writing\",\"publisher\":{\"@id\":\"https:\\\/\\\/monicaguerretta.com\\\/qualeocerto\\\/#organization\"},\"potentialAction\":[{\"@type\":\"SearchAction\",\"target\":{\"@type\":\"EntryPoint\",\"urlTemplate\":\"https:\\\/\\\/monicaguerretta.com\\\/qualeocerto\\\/?s={search_term_string}\"},\"query-input\":{\"@type\":\"PropertyValueSpecification\",\"valueRequired\":true,\"valueName\":\"search_term_string\"}}],\"inLanguage\":\"pt-BR\"},{\"@type\":\"Organization\",\"@id\":\"https:\\\/\\\/monicaguerretta.com\\\/qualeocerto\\\/#organization\",\"name\":\"Qual \u00e9 o certo?\",\"url\":\"https:\\\/\\\/monicaguerretta.com\\\/qualeocerto\\\/\",\"logo\":{\"@type\":\"ImageObject\",\"inLanguage\":\"pt-BR\",\"@id\":\"https:\\\/\\\/monicaguerretta.com\\\/qualeocerto\\\/#\\\/schema\\\/logo\\\/image\\\/\",\"url\":\"https:\\\/\\\/monicaguerretta.com\\\/qualeocerto\\\/wp-content\\\/uploads\\\/2022\\\/08\\\/marca-quale.png\",\"contentUrl\":\"https:\\\/\\\/monicaguerretta.com\\\/qualeocerto\\\/wp-content\\\/uploads\\\/2022\\\/08\\\/marca-quale.png\",\"width\":592,\"height\":315,\"caption\":\"Qual \u00e9 o certo?\"},\"image\":{\"@id\":\"https:\\\/\\\/monicaguerretta.com\\\/qualeocerto\\\/#\\\/schema\\\/logo\\\/image\\\/\"},\"sameAs\":[\"https:\\\/\\\/www.facebook.com\\\/qualeocerto\",\"https:\\\/\\\/www.instagram.com\\\/qualeocerto\\\/\",\"https:\\\/\\\/www.youtube.com\\\/c\\\/qualeocerto\"]},{\"@type\":\"Person\",\"@id\":\"https:\\\/\\\/monicaguerretta.com\\\/qualeocerto\\\/#\\\/schema\\\/person\\\/214b5e9a83b11fe11a18ecae0d21f79a\",\"name\":\"M\u00f4nica Guerretta\",\"image\":{\"@type\":\"ImageObject\",\"inLanguage\":\"pt-BR\",\"@id\":\"https:\\\/\\\/secure.gravatar.com\\\/avatar\\\/cc0028ec5e6e39e7cd7e61c0fa6158a6d7f1edc39c4f536d768ad95ee3e26a8a?s=96&d=mm&r=g\",\"url\":\"https:\\\/\\\/secure.gravatar.com\\\/avatar\\\/cc0028ec5e6e39e7cd7e61c0fa6158a6d7f1edc39c4f536d768ad95ee3e26a8a?s=96&d=mm&r=g\",\"contentUrl\":\"https:\\\/\\\/secure.gravatar.com\\\/avatar\\\/cc0028ec5e6e39e7cd7e61c0fa6158a6d7f1edc39c4f536d768ad95ee3e26a8a?s=96&d=mm&r=g\",\"caption\":\"M\u00f4nica Guerretta\"}}]}<\/script>\n<!-- \/ Yoast SEO plugin. -->","yoast_head_json":{"title":"Como N\u00c3O noticiar um show? Uma aula de boas maneiras na reda\u00e7\u00e3o &#187; Qual \u00e9 o certo?","description":"Backstreet Boys finalmente voltaram ao Brasil! Bora ver como n\u00e3o noticiar a turn\u00ea deles, pela qual muitas pessoas aguardaram ansiosas?!","robots":{"index":"index","follow":"follow","max-snippet":"max-snippet:-1","max-image-preview":"max-image-preview:large","max-video-preview":"max-video-preview:-1"},"canonical":"https:\/\/monicaguerretta.com\/qualeocerto\/como-nao-noticiar-um-show-dos-backstreet-boys\/","og_locale":"pt_BR","og_type":"article","og_title":"Como N\u00c3O noticiar um show? Uma aula de boas maneiras na reda\u00e7\u00e3o &#187; Qual \u00e9 o certo?","og_description":"Backstreet Boys finalmente voltaram ao Brasil! Bora ver como n\u00e3o noticiar a turn\u00ea deles, pela qual muitas pessoas aguardaram ansiosas?!","og_url":"https:\/\/monicaguerretta.com\/qualeocerto\/como-nao-noticiar-um-show-dos-backstreet-boys\/","og_site_name":"Qual \u00e9 o certo?","article_publisher":"https:\/\/www.facebook.com\/qualeocerto","article_published_time":"2023-02-09T23:26:00+00:00","article_modified_time":"2023-04-24T13:20:45+00:00","og_image":[{"width":1080,"height":1081,"url":"https:\/\/monicaguerretta.com\/qualeocerto\/wp-content\/uploads\/2023\/02\/como-nao-noticiar-um-show-dos-backstreet-boys-qual-e-o-certo.png","type":"image\/png"}],"author":"M\u00f4nica Guerretta","twitter_card":"summary_large_image","twitter_misc":{"Escrito por":"M\u00f4nica Guerretta","Est. tempo de leitura":"9 minutos"},"schema":{"@context":"https:\/\/schema.org","@graph":[{"@type":"Article","@id":"https:\/\/monicaguerretta.com\/qualeocerto\/como-nao-noticiar-um-show-dos-backstreet-boys\/#article","isPartOf":{"@id":"https:\/\/monicaguerretta.com\/qualeocerto\/como-nao-noticiar-um-show-dos-backstreet-boys\/"},"author":{"name":"M\u00f4nica Guerretta","@id":"https:\/\/monicaguerretta.com\/qualeocerto\/#\/schema\/person\/214b5e9a83b11fe11a18ecae0d21f79a"},"headline":"Como N\u00c3O noticiar um show? Uma aula de boas maneiras na reda\u00e7\u00e3o","datePublished":"2023-02-09T23:26:00+00:00","dateModified":"2023-04-24T13:20:45+00:00","mainEntityOfPage":{"@id":"https:\/\/monicaguerretta.com\/qualeocerto\/como-nao-noticiar-um-show-dos-backstreet-boys\/"},"wordCount":1384,"commentCount":0,"publisher":{"@id":"https:\/\/monicaguerretta.com\/qualeocerto\/#organization"},"image":{"@id":"https:\/\/monicaguerretta.com\/qualeocerto\/como-nao-noticiar-um-show-dos-backstreet-boys\/#primaryimage"},"thumbnailUrl":"https:\/\/monicaguerretta.com\/qualeocerto\/wp-content\/uploads\/2023\/02\/como-nao-noticiar-um-show-dos-backstreet-boys-qual-e-o-certo.png","keywords":["backstreet boys","jornalismo","not\u00edcia","reda\u00e7\u00e3o publicit\u00e1ria"],"articleSection":["Publicidade &amp; Copywriting"],"inLanguage":"pt-BR","potentialAction":[{"@type":"CommentAction","name":"Comment","target":["https:\/\/monicaguerretta.com\/qualeocerto\/como-nao-noticiar-um-show-dos-backstreet-boys\/#respond"]}]},{"@type":"WebPage","@id":"https:\/\/monicaguerretta.com\/qualeocerto\/como-nao-noticiar-um-show-dos-backstreet-boys\/","url":"https:\/\/monicaguerretta.com\/qualeocerto\/como-nao-noticiar-um-show-dos-backstreet-boys\/","name":"Como N\u00c3O noticiar um show? Uma aula de boas maneiras na reda\u00e7\u00e3o &#187; Qual \u00e9 o certo?","isPartOf":{"@id":"https:\/\/monicaguerretta.com\/qualeocerto\/#website"},"primaryImageOfPage":{"@id":"https:\/\/monicaguerretta.com\/qualeocerto\/como-nao-noticiar-um-show-dos-backstreet-boys\/#primaryimage"},"image":{"@id":"https:\/\/monicaguerretta.com\/qualeocerto\/como-nao-noticiar-um-show-dos-backstreet-boys\/#primaryimage"},"thumbnailUrl":"https:\/\/monicaguerretta.com\/qualeocerto\/wp-content\/uploads\/2023\/02\/como-nao-noticiar-um-show-dos-backstreet-boys-qual-e-o-certo.png","datePublished":"2023-02-09T23:26:00+00:00","dateModified":"2023-04-24T13:20:45+00:00","description":"Backstreet Boys finalmente voltaram ao Brasil! Bora ver como n\u00e3o noticiar a turn\u00ea deles, pela qual muitas pessoas aguardaram ansiosas?!","breadcrumb":{"@id":"https:\/\/monicaguerretta.com\/qualeocerto\/como-nao-noticiar-um-show-dos-backstreet-boys\/#breadcrumb"},"inLanguage":"pt-BR","potentialAction":[{"@type":"ReadAction","target":["https:\/\/monicaguerretta.com\/qualeocerto\/como-nao-noticiar-um-show-dos-backstreet-boys\/"]}]},{"@type":"ImageObject","inLanguage":"pt-BR","@id":"https:\/\/monicaguerretta.com\/qualeocerto\/como-nao-noticiar-um-show-dos-backstreet-boys\/#primaryimage","url":"https:\/\/monicaguerretta.com\/qualeocerto\/wp-content\/uploads\/2023\/02\/como-nao-noticiar-um-show-dos-backstreet-boys-qual-e-o-certo.png","contentUrl":"https:\/\/monicaguerretta.com\/qualeocerto\/wp-content\/uploads\/2023\/02\/como-nao-noticiar-um-show-dos-backstreet-boys-qual-e-o-certo.png","width":1080,"height":1081,"caption":"como n\u00e3o noticiar um show dos backstreet boys - qual \u00e9 o certo"},{"@type":"BreadcrumbList","@id":"https:\/\/monicaguerretta.com\/qualeocerto\/como-nao-noticiar-um-show-dos-backstreet-boys\/#breadcrumb","itemListElement":[{"@type":"ListItem","position":1,"name":"In\u00edcio","item":"https:\/\/monicaguerretta.com\/qualeocerto\/"},{"@type":"ListItem","position":2,"name":"Como N\u00c3O noticiar um show? Uma aula de boas maneiras na reda\u00e7\u00e3o"}]},{"@type":"WebSite","@id":"https:\/\/monicaguerretta.com\/qualeocerto\/#website","url":"https:\/\/monicaguerretta.com\/qualeocerto\/","name":"Qual \u00e9 o Certo?","description":"M\u00f4nica Guerretta | Redatora publicit\u00e1ria | Copywriting - UX Writing","publisher":{"@id":"https:\/\/monicaguerretta.com\/qualeocerto\/#organization"},"potentialAction":[{"@type":"SearchAction","target":{"@type":"EntryPoint","urlTemplate":"https:\/\/monicaguerretta.com\/qualeocerto\/?s={search_term_string}"},"query-input":{"@type":"PropertyValueSpecification","valueRequired":true,"valueName":"search_term_string"}}],"inLanguage":"pt-BR"},{"@type":"Organization","@id":"https:\/\/monicaguerretta.com\/qualeocerto\/#organization","name":"Qual \u00e9 o certo?","url":"https:\/\/monicaguerretta.com\/qualeocerto\/","logo":{"@type":"ImageObject","inLanguage":"pt-BR","@id":"https:\/\/monicaguerretta.com\/qualeocerto\/#\/schema\/logo\/image\/","url":"https:\/\/monicaguerretta.com\/qualeocerto\/wp-content\/uploads\/2022\/08\/marca-quale.png","contentUrl":"https:\/\/monicaguerretta.com\/qualeocerto\/wp-content\/uploads\/2022\/08\/marca-quale.png","width":592,"height":315,"caption":"Qual \u00e9 o certo?"},"image":{"@id":"https:\/\/monicaguerretta.com\/qualeocerto\/#\/schema\/logo\/image\/"},"sameAs":["https:\/\/www.facebook.com\/qualeocerto","https:\/\/www.instagram.com\/qualeocerto\/","https:\/\/www.youtube.com\/c\/qualeocerto"]},{"@type":"Person","@id":"https:\/\/monicaguerretta.com\/qualeocerto\/#\/schema\/person\/214b5e9a83b11fe11a18ecae0d21f79a","name":"M\u00f4nica Guerretta","image":{"@type":"ImageObject","inLanguage":"pt-BR","@id":"https:\/\/secure.gravatar.com\/avatar\/cc0028ec5e6e39e7cd7e61c0fa6158a6d7f1edc39c4f536d768ad95ee3e26a8a?s=96&d=mm&r=g","url":"https:\/\/secure.gravatar.com\/avatar\/cc0028ec5e6e39e7cd7e61c0fa6158a6d7f1edc39c4f536d768ad95ee3e26a8a?s=96&d=mm&r=g","contentUrl":"https:\/\/secure.gravatar.com\/avatar\/cc0028ec5e6e39e7cd7e61c0fa6158a6d7f1edc39c4f536d768ad95ee3e26a8a?s=96&d=mm&r=g","caption":"M\u00f4nica Guerretta"}}]}},"_links":{"self":[{"href":"https:\/\/monicaguerretta.com\/qualeocerto\/wp-json\/wp\/v2\/posts\/2963","targetHints":{"allow":["GET"]}}],"collection":[{"href":"https:\/\/monicaguerretta.com\/qualeocerto\/wp-json\/wp\/v2\/posts"}],"about":[{"href":"https:\/\/monicaguerretta.com\/qualeocerto\/wp-json\/wp\/v2\/types\/post"}],"author":[{"embeddable":true,"href":"https:\/\/monicaguerretta.com\/qualeocerto\/wp-json\/wp\/v2\/users\/2"}],"replies":[{"embeddable":true,"href":"https:\/\/monicaguerretta.com\/qualeocerto\/wp-json\/wp\/v2\/comments?post=2963"}],"version-history":[{"count":30,"href":"https:\/\/monicaguerretta.com\/qualeocerto\/wp-json\/wp\/v2\/posts\/2963\/revisions"}],"predecessor-version":[{"id":2997,"href":"https:\/\/monicaguerretta.com\/qualeocerto\/wp-json\/wp\/v2\/posts\/2963\/revisions\/2997"}],"wp:featuredmedia":[{"embeddable":true,"href":"https:\/\/monicaguerretta.com\/qualeocerto\/wp-json\/wp\/v2\/media\/2984"}],"wp:attachment":[{"href":"https:\/\/monicaguerretta.com\/qualeocerto\/wp-json\/wp\/v2\/media?parent=2963"}],"wp:term":[{"taxonomy":"category","embeddable":true,"href":"https:\/\/monicaguerretta.com\/qualeocerto\/wp-json\/wp\/v2\/categories?post=2963"},{"taxonomy":"post_tag","embeddable":true,"href":"https:\/\/monicaguerretta.com\/qualeocerto\/wp-json\/wp\/v2\/tags?post=2963"}],"curies":[{"name":"wp","href":"https:\/\/api.w.org\/{rel}","templated":true}]}}