{"id":3025,"date":"2023-04-07T14:47:00","date_gmt":"2023-04-07T17:47:00","guid":{"rendered":"https:\/\/monicaguerretta.com\/qualeocerto\/?p=3025"},"modified":"2023-05-28T17:06:30","modified_gmt":"2023-05-28T20:06:30","slug":"7-redundancias-redundantes","status":"publish","type":"post","link":"https:\/\/monicaguerretta.com\/qualeocerto\/7-redundancias-redundantes\/","title":{"rendered":"<strong>7 redund\u00e2ncias redundantes que interferem na objetividade de seus textos<\/strong>"},"content":{"rendered":"\t\t<div data-elementor-type=\"wp-post\" data-elementor-id=\"3025\" class=\"elementor elementor-3025\">\n\t\t\t\t\t\t<section class=\"elementor-section elementor-top-section elementor-element elementor-element-546aa1f elementor-section-boxed elementor-section-height-default elementor-section-height-default\" data-id=\"546aa1f\" data-element_type=\"section\">\n\t\t\t\t\t\t<div class=\"elementor-container elementor-column-gap-default\">\n\t\t\t\t\t<div class=\"elementor-column elementor-col-100 elementor-top-column elementor-element elementor-element-e387639\" data-id=\"e387639\" data-element_type=\"column\">\n\t\t\t<div class=\"elementor-widget-wrap elementor-element-populated\">\n\t\t\t\t\t\t<div class=\"elementor-element elementor-element-fe471c5 elementor-widget elementor-widget-text-editor\" data-id=\"fe471c5\" data-element_type=\"widget\" data-widget_type=\"text-editor.default\">\n\t\t\t\t<div class=\"elementor-widget-container\">\n\t\t\t\t\t\t\t\t\t<p>Todo mundo sempre fala das mesmas <span style=\"text-decoration: underline;\">redund\u00e2ncias redundantes<\/span>:<br \/>\u2014 N\u00e3o pode dizer \u201csubir pra cima\u201d.<br \/>\u2014 Falar \u201cdescer pra baixo\u201d \u00e9 feio.<br \/>\u2014 Dizer \u201ch\u00e1 muitos anos atr\u00e1s\u201d est\u00e1 errado.<\/p>\n<p><!-- \/wp:paragraph --><!-- wp:paragraph --><\/p>\n<p>Olha, \u201csubir pra cima\u201d e \u201cdescer pra baixo\u201d eu concordo, porque o movimento de subir e o movimento de descer s\u00e3o autoexplicativos. \ud83d\ude04\u00a0<\/p>\n<p><!-- \/wp:paragraph --><!-- wp:paragraph --><\/p>\n<p>No entanto, sobre esse neg\u00f3cio de que n\u00e3o pode dizer \u201ch\u00e1 muitos anos atr\u00e1s\u201d, vejo que \u2014 em algumas situa\u00e7\u00f5es \u2014 usar <strong><mark class=\"has-inline-color has-vivid-purple-color\" style=\"background-color: rgba(0, 0, 0, 0);\">h\u00e1<\/mark><\/strong> e <strong><mark class=\"has-inline-color has-vivid-purple-color\" style=\"background-color: rgba(0, 0, 0, 0);\">atr\u00e1s<\/mark><\/strong> juntos ajuda a evitar ambiguidades, especialmente na fala. Ainda, precisamos lembrar que <a href=\"https:\/\/monicaguerretta.com\/qualeocerto\/ha-ou-a-muitos-anos\/\" target=\"_blank\" rel=\"noreferrer noopener\">muitas pessoas se confundem com o <strong>h\u00e1<\/strong> e o <strong>a<\/strong><\/a>, ent\u00e3o adicionar a palavra <strong><mark class=\"has-inline-color has-vivid-purple-color\" style=\"background-color: rgba(0, 0, 0, 0);\">atr\u00e1s<\/mark><\/strong> nesses casos facilita a compreens\u00e3o.<\/p>\n<p><!-- \/wp:paragraph --><!-- wp:paragraph --><\/p>\n<p>Enfim, neste conte\u00fado vou falar de redund\u00e2ncias que podem comprometer a objetividade dos seus textos, mas ningu\u00e9m fala sobre elas.<\/p>\t\t\t\t\t\t\t\t<\/div>\n\t\t\t\t<\/div>\n\t\t\t\t\t<\/div>\n\t\t<\/div>\n\t\t\t\t\t<\/div>\n\t\t<\/section>\n\t\t\t\t<section class=\"elementor-section elementor-top-section elementor-element elementor-element-b8e7609 elementor-section-boxed elementor-section-height-default elementor-section-height-default\" data-id=\"b8e7609\" data-element_type=\"section\">\n\t\t\t\t\t\t<div class=\"elementor-container elementor-column-gap-default\">\n\t\t\t\t\t<div class=\"elementor-column elementor-col-100 elementor-top-column elementor-element elementor-element-3f9327b\" data-id=\"3f9327b\" data-element_type=\"column\">\n\t\t\t<div class=\"elementor-widget-wrap elementor-element-populated\">\n\t\t\t\t\t\t<div class=\"elementor-element elementor-element-45ab88f elementor-widget elementor-widget-video\" data-id=\"45ab88f\" data-element_type=\"widget\" data-settings=\"{&quot;youtube_url&quot;:&quot;https:\\\/\\\/youtu.be\\\/fULo8xaQgYs&quot;,&quot;video_type&quot;:&quot;youtube&quot;,&quot;controls&quot;:&quot;yes&quot;}\" data-widget_type=\"video.default\">\n\t\t\t\t<div class=\"elementor-widget-container\">\n\t\t\t\t\t\t\t<div class=\"elementor-wrapper elementor-open-inline\">\n\t\t\t<div class=\"elementor-video\"><\/div>\t\t<\/div>\n\t\t\t\t\t\t<\/div>\n\t\t\t\t<\/div>\n\t\t\t\t\t<\/div>\n\t\t<\/div>\n\t\t\t\t\t<\/div>\n\t\t<\/section>\n\t\t\t\t<section class=\"elementor-section elementor-top-section elementor-element elementor-element-1f25d9e elementor-section-boxed elementor-section-height-default elementor-section-height-default\" data-id=\"1f25d9e\" data-element_type=\"section\">\n\t\t\t\t\t\t<div class=\"elementor-container elementor-column-gap-default\">\n\t\t\t\t\t<div class=\"elementor-column elementor-col-100 elementor-top-column elementor-element elementor-element-3b8df03e\" data-id=\"3b8df03e\" data-element_type=\"column\">\n\t\t\t<div class=\"elementor-widget-wrap elementor-element-populated\">\n\t\t\t\t\t\t<div class=\"elementor-element elementor-element-fb36a6e elementor-widget elementor-widget-text-editor\" data-id=\"fb36a6e\" data-element_type=\"widget\" data-widget_type=\"text-editor.default\">\n\t\t\t\t<div class=\"elementor-widget-container\">\n\t\t\t\t\t\t\t\t\t<!-- wp:paragraph --><!-- \/wp:embed --><!-- wp:paragraph -->\n<p>Vamos \u00e0 lista:<\/p>\n<!-- \/wp:paragraph --><!-- wp:heading -->\n<h2 class=\"wp-block-heading\"><mark class=\"has-inline-color has-vivid-purple-color\" style=\"background-color: rgba(0, 0, 0, 0);\"><strong>Redund\u00e2ncia #1: <span style=\"text-decoration: underline;\">Aprender algo novo<\/span><\/strong><\/mark><\/h2>\n<!-- \/wp:heading --><!-- wp:paragraph -->\n<p>Quando voc\u00ea aprende algo, \u00e9 claro que esse conhecimento \u00e9 novo para voc\u00ea. Portanto, n\u00e3o importa se for algo que j\u00e1 exista h\u00e1 sei l\u00e1 quantos anos, d\u00e9cadas, s\u00e9culos\u2026 Se voc\u00ea acabou de aprender, isso \u00e9 algo novo para voc\u00ea e pronto!<\/p>\n<!-- \/wp:paragraph --><!-- wp:paragraph -->\n<p>Ent\u00e3o, em vez de dizer <strong><mark class=\"has-inline-color has-vivid-purple-color\" style=\"background-color: rgba(0, 0, 0, 0);\">aprender algo novo<\/mark><\/strong>, voc\u00ea pode dizer apenas <strong><mark class=\"has-inline-color has-vivid-green-cyan-color\" style=\"background-color: rgba(0, 0, 0, 0);\">aprender algo<\/mark><\/strong>.<\/p>\n<!-- \/wp:paragraph --><!-- wp:heading -->\n<h2 class=\"wp-block-heading\"><strong><mark class=\"has-inline-color has-vivid-purple-color\" style=\"background-color: rgba(0, 0, 0, 0);\">Redund\u00e2ncia #2: <span style=\"text-decoration: underline;\">Conhecer pessoas novas<\/span><\/mark><\/strong><\/h2>\n<!-- \/wp:heading --><!-- wp:paragraph -->\n<p>Mesma coisa aqui. Quando voc\u00ea conhece algu\u00e9m, essa pessoa j\u00e1 vai ser novidade para voc\u00ea.<\/p>\n<!-- \/wp:paragraph --><!-- wp:paragraph -->\n<p>Por isso, em vez de dizer <strong><mark class=\"has-inline-color has-vivid-purple-color\" style=\"background-color: rgba(0, 0, 0, 0);\">conhecer pessoas novas<\/mark><\/strong>, voc\u00ea pode dizer apenas <strong><mark class=\"has-inline-color has-vivid-green-cyan-color\" style=\"background-color: rgba(0, 0, 0, 0);\">conhecer pessoas<\/mark><\/strong>.<\/p>\n<!-- \/wp:paragraph --><!-- wp:paragraph -->\n<p>Tem tamb\u00e9m o irm\u00e3ozinho de <strong><mark class=\"has-inline-color has-vivid-purple-color\" style=\"background-color: rgba(0, 0, 0, 0);\">conhecer pessoas novas<\/mark><\/strong>:<\/p>\n<!-- \/wp:paragraph --><!-- wp:heading -->\n<h2 class=\"wp-block-heading\"><strong><mark class=\"has-inline-color has-vivid-purple-color\" style=\"background-color: rgba(0, 0, 0, 0);\">Redund\u00e2ncia #3: <span style=\"text-decoration: underline;\">Conhecer lugares novos<\/span><\/mark><\/strong><\/h2>\n<!-- \/wp:heading --><!-- wp:paragraph -->\n<p>Afinal, quando voc\u00ea conhece um lugar, \u00e9 claro que ele \u00e9 novo para voc\u00ea.<\/p>\n<!-- \/wp:paragraph --><!-- wp:paragraph -->\n<p>Logo, em vez de dizer <strong><mark class=\"has-inline-color has-vivid-purple-color\" style=\"background-color: rgba(0, 0, 0, 0);\">conhecer lugares novos<\/mark><\/strong>, voc\u00ea pode dizer simplesmente <strong><mark class=\"has-inline-color has-vivid-green-cyan-color\" style=\"background-color: rgba(0, 0, 0, 0);\">conhecer lugares<\/mark><\/strong>.<\/p>\n<!-- \/wp:paragraph --><!-- wp:paragraph -->\n<p>Olha s\u00f3! Fica at\u00e9 mais elegante, concorda comigo?<br \/>Conhecer pessoas, conhecer lugares\u2026 Acho chique!<\/p>\n<!-- \/wp:paragraph --><!-- wp:paragraph -->\n<p>Agora vou falar de uma <span style=\"text-decoration: underline;\">redund\u00e2ncia<\/span> ainda mais <span style=\"text-decoration: underline;\">redundante<\/span>. \ud83d\ude06<\/p>\n<!-- \/wp:paragraph --><!-- wp:heading -->\n<h2 class=\"wp-block-heading\"><strong><mark class=\"has-inline-color has-vivid-purple-color\" style=\"background-color: rgba(0, 0, 0, 0);\">Redund\u00e2ncia #4: <span style=\"text-decoration: underline;\">Criar algo novo<\/span><\/mark><\/strong><\/h2>\n<!-- \/wp:heading --><!-- wp:paragraph -->\n<p>Bom, como estas quatro primeiras redund\u00e2ncias mencionam a palavra <strong><mark class=\"has-inline-color has-vivid-purple-color\" style=\"background-color: rgba(0, 0, 0, 0);\">novo<\/mark><\/strong>, vamos ver os significados dessa palavrinha? No Michaelis on-line voc\u00ea encontra quase 20 sentidos para ela. Ent\u00e3o, selecionei os que mais nos interessam para o tema deste conte\u00fado.<\/p>\n<!-- \/wp:paragraph --><!-- wp:paragraph -->\n<p><strong><mark class=\"has-inline-color has-vivid-purple-color\" style=\"background-color: rgba(0, 0, 0, 0);\">Novo<\/mark><\/strong>, de acordo com o <a href=\"https:\/\/michaelis.uol.com.br\/moderno-portugues\/busca\/portugues-brasileiro\/novo\/\" target=\"_blank\" rel=\"noreferrer noopener\">dicion\u00e1rio Michaelis<\/a>:<\/p>\n<!-- \/wp:paragraph --><!-- wp:quote -->\n<blockquote class=\"wp-block-quote\"><!-- wp:paragraph -->\n<p>\u201c1. Que existe ou que apareceu h\u00e1 pouco tempo, que \u00e9 recente, que n\u00e3o existia antes.\u201d<br \/>\u201c4. Que acaba de ser adquirido.\u201d<br \/>\u201c5. Que foi feito, conclu\u00eddo ou inventado recentemente; que n\u00e3o tinha sido imaginado ou realizado antes; que apareceu ou que foi visto pela primeira vez.\u201d<br \/>\u201c6. Que revela originalidade e novidade.\u201d<\/p>\n<!-- \/wp:paragraph --><\/blockquote>\n<!-- \/wp:quote --><!-- wp:paragraph -->\n<p>Existem mais significados para a palavra <strong><mark class=\"has-inline-color has-vivid-purple-color\" style=\"background-color: rgba(0, 0, 0, 0);\">novo<\/mark><\/strong> que tamb\u00e9m se encaixam aqui; por\u00e9m, como eu disse acima, selecionei algumas para resumir. Se voc\u00ea quiser ler <a href=\"https:\/\/michaelis.uol.com.br\/moderno-portugues\/busca\/portugues-brasileiro\/novo\/\" target=\"_blank\" rel=\"noreferrer noopener\">a lista completa, \u00e9 s\u00f3 consultar o titio Michaelis<\/a>. \ud83d\ude09<\/p>\n<!-- \/wp:paragraph --><!-- wp:paragraph -->\n<p>Bom, dessa forma ficou ainda mais f\u00e1cil entender a redund\u00e2ncia em:<\/p>\n<!-- \/wp:paragraph --><!-- wp:list -->\n<ul><!-- wp:list-item -->\n<li><span style=\"text-decoration: underline;\">Aprender<\/span> algo <strong>novo<\/strong>,<\/li>\n<!-- \/wp:list-item --><!-- wp:list-item -->\n<li><span style=\"text-decoration: underline;\">Conhecer<\/span> pessoas <strong>novas<\/strong>,<\/li>\n<!-- \/wp:list-item --><!-- wp:list-item -->\n<li><span style=\"text-decoration: underline;\">Conhecer<\/span> lugares <strong>novos<\/strong>,<\/li>\n<!-- \/wp:list-item --><!-- wp:list-item -->\n<li><span style=\"text-decoration: underline;\">Criar<\/span> algo <strong>novo<\/strong>.<\/li>\n<!-- \/wp:list-item --><\/ul>\n<!-- \/wp:list --><!-- wp:paragraph -->\n<p>Quando voc\u00ea cria algo, \u00e9 \u00f3bvio que esse neg\u00f3cio \u00e9 novo. Isso porque n\u00e3o tem como criar algo velho; voc\u00ea criou algo, poxa vida! Deu origem a algo! Ent\u00e3o \u00e9 claro que isso \u00e9 uma novidade.<\/p>\n<!-- \/wp:paragraph --><!-- wp:paragraph -->\n<p>Nesse sentido, em vez de dizer <strong><mark class=\"has-inline-color has-vivid-purple-color\" style=\"background-color: rgba(0, 0, 0, 0);\">criar algo novo<\/mark><\/strong>, voc\u00ea pode dizer apenas <strong><mark class=\"has-inline-color has-vivid-green-cyan-color\" style=\"background-color: rgba(0, 0, 0, 0);\">criar algo<\/mark><\/strong>.<\/p>\n<!-- \/wp:paragraph --><!-- wp:heading {\"level\":3} -->\n<h3 class=\"wp-block-heading\">\u26a0\ufe0f <strong><mark class=\"has-inline-color has-vivid-purple-color\" style=\"background-color: rgba(0, 0, 0, 0);\">Ei!<\/mark><\/strong> <strong>Uma reflex\u00e3o sobre as redund\u00e2ncias redundantes<\/strong><\/h3>\n<!-- \/wp:heading --><!-- wp:paragraph -->\n<p>Antes de continuar, quero refor\u00e7ar uma coisa.<\/p>\n<!-- \/wp:paragraph --><!-- wp:paragraph -->\n<p>N\u00e3o estou dizendo que essas redund\u00e2ncias s\u00e3o erros de portugu\u00eas, pois redund\u00e2ncias n\u00e3o s\u00e3o erros. <a href=\"https:\/\/michaelis.uol.com.br\/moderno-portugues\/busca\/portugues-brasileiro\/redund%C3%A2ncia\/\" target=\"_blank\" rel=\"noreferrer noopener\">Se voc\u00ea olhar no Michaelis<\/a>, por exemplo, vai encontrar que redund\u00e2ncia \u00e9 o \u201cexcesso ou repeti\u00e7\u00e3o desnecess\u00e1ria de palavras\u201d, \u201cprolixidade\u201d.<\/p>\n<!-- \/wp:paragraph --><!-- wp:paragraph -->\n<p>Uma <a href=\"https:\/\/michaelis.uol.com.br\/moderno-portugues\/busca\/portugues-brasileiro\/prolixo\/\" target=\"_blank\" rel=\"noreferrer noopener\">pessoa prolixa \u00e9 aquela que usa palavras em excesso para falar sobre algo<\/a>, que faz explica\u00e7\u00f5es com rodeios, que transforma explica\u00e7\u00f5es que poderiam ser simples em algo cansativo pra quem ouve, sabe?<\/p>\n<!-- \/wp:paragraph --><!-- wp:paragraph -->\n<p>Ent\u00e3o voc\u00ea percebe a prolixidade dessas redund\u00e2ncias que estou mostrando aqui, n\u00e9?! \ud83e\udd2d<\/p>\n<!-- \/wp:paragraph --><!-- wp:paragraph -->\n<p>Agora, de volta \u00e0 lista\u2026<\/p>\n<!-- \/wp:paragraph --><!-- wp:heading -->\n<h2 class=\"wp-block-heading\"><strong><mark class=\"has-inline-color has-vivid-purple-color\" style=\"background-color: rgba(0, 0, 0, 0);\">Redund\u00e2ncia #5: <span style=\"text-decoration: underline;\">Mais completo<\/span><\/mark><\/strong><\/h2>\n<!-- \/wp:heading --><!-- wp:paragraph -->\n<p>Gente, se algo \u00e9 <strong><mark class=\"has-inline-color has-vivid-purple-color\" style=\"background-color: rgba(0, 0, 0, 0);\">completo<\/mark><\/strong>, isso j\u00e1 significa que n\u00e3o falta nada. Portanto, n\u00e3o tem como ser <strong><mark class=\"has-inline-color has-vivid-purple-color\" style=\"background-color: rgba(0, 0, 0, 0);\">mais<\/mark><\/strong> ou <mark class=\"has-inline-color has-vivid-purple-color\" style=\"background-color: rgba(0, 0, 0, 0);\"><strong>menos completo<\/strong><\/mark>.<\/p>\n<!-- \/wp:paragraph --><!-- wp:paragraph -->\n<p>Da\u00ed voc\u00ea pode querer comparar&#8230; por exemplo, dizer que o kit de ferramentas X \u00e9 <strong><mark class=\"has-inline-color has-vivid-purple-color\" style=\"background-color: rgba(0, 0, 0, 0);\">mais completo<\/mark><\/strong> que o kit Y. Desse modo, o kit que seria <mark class=\"has-inline-color has-vivid-purple-color\" style=\"background-color: rgba(0, 0, 0, 0);\"><strong>menos completo<\/strong><\/mark> n\u00e3o \u00e9 completo, pois falta algo.<\/p>\n<!-- \/wp:paragraph --><!-- wp:paragraph -->\n<p>Enfim, n\u00e3o tem como atribuir grau para a palavra <strong><mark class=\"has-inline-color has-vivid-purple-color\" style=\"background-color: rgba(0, 0, 0, 0);\">completo<\/mark><\/strong>. Ou o bagulho \u00e9 completo ou n\u00e3o \u00e9. \ud83d\ude05<\/p>\n<!-- \/wp:paragraph --><!-- wp:paragraph -->\n<p>Seria o equivalente a dizer <strong><mark class=\"has-inline-color has-vivid-purple-color\" style=\"background-color: rgba(0, 0, 0, 0);\">mais gr\u00e1vida<\/mark><\/strong>; ou est\u00e1 gr\u00e1vida ou n\u00e3o. N\u00e3o tem como estar <strong><mark class=\"has-inline-color has-vivid-purple-color\" style=\"background-color: rgba(0, 0, 0, 0);\">mais gr\u00e1vida<\/mark><\/strong> ou <strong><mark class=\"has-inline-color has-vivid-purple-color\" style=\"background-color: rgba(0, 0, 0, 0);\">menos gr\u00e1vida<\/mark><\/strong>, saca?<\/p>\n<!-- \/wp:paragraph --><!-- wp:paragraph -->\n<p>\u00c9 diferente de dizer <strong><mark class=\"has-inline-color has-vivid-purple-color\" style=\"background-color: rgba(0, 0, 0, 0);\">mais legal<\/mark><\/strong>, por exemplo. A\u00ed sim, uma coisa pode ser mais legal que outra, portanto aqui conseguimos passar a ideia de intensidade ao usar a palavra <strong><mark class=\"has-inline-color has-vivid-purple-color\" style=\"background-color: rgba(0, 0, 0, 0);\">mais<\/mark><\/strong>.<\/p>\n<!-- \/wp:paragraph --><!-- wp:paragraph -->\n<p>Mas com <mark class=\"has-inline-color has-vivid-purple-color\" style=\"background-color: rgba(0, 0, 0, 0);\"><strong>completo<\/strong><\/mark> n\u00e3o d\u00e1, n\u00e3o. Ou \u00e9 completo, ou n\u00e3o \u00e9. Logo, em vez de dizer <strong><mark class=\"has-inline-color has-vivid-purple-color\" style=\"background-color: rgba(0, 0, 0, 0);\">mais completo<\/mark><\/strong>, diga apenas <strong><mark class=\"has-inline-color has-vivid-green-cyan-color\" style=\"background-color: rgba(0, 0, 0, 0);\">completo<\/mark><\/strong>.<\/p>\n<!-- \/wp:paragraph --><!-- wp:paragraph -->\n<p><strong>Anote isto:<\/strong> <strong><mark class=\"has-inline-color has-vivid-purple-color\" style=\"background-color: rgba(0, 0, 0, 0);\">mais completo<\/mark><\/strong> e <mark class=\"has-inline-color has-vivid-purple-color\" style=\"background-color: rgba(0, 0, 0, 0);\"><strong>menos completo<\/strong><\/mark> n\u00e3o s\u00e3o sin\u00f4nimos de <strong><mark class=\"has-inline-color has-vivid-purple-color\" style=\"background-color: rgba(0, 0, 0, 0);\">tem mais itens<\/mark><\/strong> e <strong><mark class=\"has-inline-color has-vivid-purple-color\" style=\"background-color: rgba(0, 0, 0, 0);\">tem menos itens<\/mark><\/strong>, respectivamente.<\/p>\n<!-- \/wp:paragraph --><!-- wp:heading -->\n<h2 class=\"wp-block-heading\"><strong><mark class=\"has-inline-color has-vivid-purple-color\" style=\"background-color: rgba(0, 0, 0, 0);\">Redund\u00e2ncia #6: <span style=\"text-decoration: underline;\">V\u00e1rios tipos diferentes<\/span><\/mark><\/strong><\/h2>\n<!-- \/wp:heading --><!-- wp:paragraph -->\n<p>Essa aqui, tamb\u00e9m, ningu\u00e9m deve ter te falado, n\u00e9?<\/p>\n<!-- \/wp:paragraph --><!-- wp:paragraph -->\n<p>Por exemplo: dizer que existem <mark class=\"has-inline-color has-vivid-purple-color\" style=\"background-color: rgba(0, 0, 0, 0);\"><strong>v\u00e1rios tipos diferentes<\/strong><\/mark> de plantas.<br \/>U\u00e9! Se existem v\u00e1rios tipos de plantas, \u00e9 claro que esses tipos s\u00e3o diferentes. \ud83e\udd2a<\/p>\n<!-- \/wp:paragraph --><!-- wp:paragraph -->\n<p>Repito: nada do que estou dizendo aqui est\u00e1 errado. Quer dizer, a do <strong><mark class=\"has-inline-color has-vivid-purple-color\" style=\"background-color: rgba(0, 0, 0, 0);\">mais completo<\/mark><\/strong> \u00e9 melhor n\u00e3o usar, est\u00e1 bem?<\/p>\n<!-- \/wp:paragraph --><!-- wp:paragraph -->\n<p>Entretanto, quanto aos outros t\u00f3picos, saiba que s\u00e3o apenas informa\u00e7\u00f5es redundantes, e voc\u00ea consegue passar a mesma mensagem com menos palavras, com mais objetividade. Fale a verdade: isso \u00e9 bem interessante para ter uma comunica\u00e7\u00e3o mais direta, concorda?<\/p>\n<!-- \/wp:paragraph --><!-- wp:paragraph -->\n<p>Sendo assim, em vez de dizer <strong><mark class=\"has-inline-color has-vivid-purple-color\" style=\"background-color: rgba(0, 0, 0, 0);\"><mark class=\"has-inline-color has-vivid-purple-color\" style=\"background-color: rgba(0, 0, 0, 0);\"><strong>v\u00e1rios tipos diferentes<\/strong><\/mark><\/mark><\/strong>, diga apenas <strong><mark class=\"has-inline-color has-vivid-green-cyan-color\" style=\"background-color: rgba(0, 0, 0, 0);\">v\u00e1rios tipos<\/mark><\/strong>.<\/p>\n<!-- \/wp:paragraph --><!-- wp:paragraph -->\n<p>Bom, mas vamos \u00e0 \u00faltima <span style=\"text-decoration: underline;\">redund\u00e2ncia redundante<\/span> da lista.<br \/>E sim, estou sendo zoeirinha cada vez que falo <strong><mark class=\"has-inline-color has-vivid-purple-color\" style=\"background-color: rgba(0, 0, 0, 0);\">redund\u00e2ncia redundante<\/mark><\/strong>. \ud83e\udd23<\/p>\n<!-- \/wp:paragraph --><!-- wp:heading -->\n<h2 class=\"wp-block-heading\"><strong><mark class=\"has-inline-color has-vivid-purple-color\" style=\"background-color: rgba(0, 0, 0, 0);\">Redund\u00e2ncia #7: <span style=\"text-decoration: underline;\">V\u00e1rios nichos diferentes<\/span><\/mark><\/strong><\/h2>\n<!-- \/wp:heading --><!-- wp:paragraph -->\n<p>H\u00e1 alguns dias vi um an\u00fancio no Instagram que ensinava sobre palavras vendedoras que funcionam para v\u00e1rios nichos diferentes.<\/p>\n<!-- \/wp:paragraph --><!-- wp:paragraph -->\n<p>Ah, esses milagres de gurus do <strong>copywriting<\/strong>\u2026 Como se existissem palavras sozinhas que ajudassem a vender mais. \ud83e\udd26\ud83c\udffb\u200d\u2640\ufe0f<br \/>J\u00e1 ouvi palavras lucrativas, tamb\u00e9m\u2026 \ud83e\udd26\ud83c\udffb\u200d\u2640\ufe0f Ai, socorro!<\/p>\n<!-- \/wp:paragraph --><!-- wp:paragraph -->\n<p>Na verdade, pensando bem, eu consigo escolher uma palavra que ajuda uma empresa a vender mais, sim.<\/p>\n<!-- \/wp:paragraph --><!-- wp:paragraph -->\n<p>Sabe qual palavra \u00e9?<br \/><strong>Marketing<\/strong>. \ud83d\ude0e<\/p>\n<!-- \/wp:paragraph --><!-- wp:paragraph -->\n<p>Ah! Tem outra palavra que tamb\u00e9m ajuda a vender mais.<br \/><strong>Criatividade<\/strong>. \ud83d\ude01<\/p>\n<!-- \/wp:paragraph --><!-- wp:paragraph -->\n<p>Enfim, se voc\u00ea fala que algo serve para <strong><mark class=\"has-inline-color has-vivid-purple-color\" style=\"background-color: rgba(0, 0, 0, 0);\">v\u00e1rios nichos<\/mark><\/strong>, \u00e9 \u00f3bvio que s\u00e3o nichos diferentes, certo? Afinal, voc\u00ea n\u00e3o diria que algo funciona para <strong><mark class=\"has-inline-color has-vivid-purple-color\" style=\"background-color: rgba(0, 0, 0, 0);\">v\u00e1rios nichos iguais<\/mark><\/strong>. \ud83e\udd28<\/p>\n<!-- \/wp:paragraph --><!-- wp:paragraph -->\n<p>Ou seja: al\u00e9m do absurdo de querer vender ideias enganadoras, por favor, cuidado com a prolixidade. Combinado?<\/p>\n<!-- \/wp:paragraph --><!-- wp:paragraph -->\n<p>Ent\u00e3o, em vez de dizer <strong><strong><strong><mark class=\"has-inline-color has-vivid-purple-color\" style=\"background-color: rgba(0, 0, 0, 0);\">v\u00e1rios nichos diferentes<\/mark><\/strong><\/strong><\/strong>, diga apenas <strong><strong><strong><mark class=\"has-inline-color has-vivid-green-cyan-color\" style=\"background-color: rgba(0, 0, 0, 0);\">v\u00e1rios nichos<\/mark><\/strong><\/strong><\/strong>.<\/p>\n<!-- \/wp:paragraph --><!-- wp:paragraph -->\n<p>\u00a0<\/p>\n<!-- \/wp:paragraph --><!-- wp:paragraph -->\n<p>Bom, em conclus\u00e3o, falando em <strong><mark class=\"has-inline-color has-vivid-purple-color\" style=\"background-color: rgba(0, 0, 0, 0);\">redund\u00e2ncias redundantes<\/mark><\/strong>, vou abrir o meu cora\u00e7\u00e3o \ud83d\udc99 e dizer uma que eu n\u00e3o consigo abandonar: <strong><mark class=\"has-inline-color has-vivid-purple-color\" style=\"background-color: rgba(0, 0, 0, 0);\">certeza absoluta<\/mark><\/strong>! \ud83d\ude05<\/p>\n<!-- \/wp:paragraph --><!-- wp:paragraph -->\n<p>Essa eu encho a boca pra falar, sabe?! Pois passa muito mais for\u00e7a meter um <strong><mark class=\"has-inline-color has-vivid-purple-color\" style=\"background-color: rgba(0, 0, 0, 0);\">certeza absoluta<\/mark><\/strong> na conversa. \ud83e\udd23<\/p>\n<!-- \/wp:paragraph --><!-- wp:paragraph -->\n<p>Imagine este papo ap\u00f3s voc\u00ea contar algo que deixa uma pessoa chocada \ud83d\udc23:<br \/>\u2014 Nossa, \u00e9 s\u00e9rio?! Voc\u00ea tem certeza?!<br \/>\u2014 Certeza absoluta!<\/p>\n<!-- \/wp:paragraph --><!-- wp:paragraph -->\n<p>Ent\u00e3o, refor\u00e7o: redund\u00e2ncias n\u00e3o s\u00e3o erros, s\u00e3o apenas\u2026 redundantes. S\u00f3 isso!<\/p>\n<!-- \/wp:paragraph --><!-- wp:paragraph --><!-- \/wp:paragraph -->\t\t\t\t\t\t\t\t<\/div>\n\t\t\t\t<\/div>\n\t\t\t\t\t<\/div>\n\t\t<\/div>\n\t\t\t\t\t<\/div>\n\t\t<\/section>\n\t\t\t\t<section class=\"elementor-section elementor-top-section elementor-element elementor-element-499ad56 elementor-section-boxed elementor-section-height-default elementor-section-height-default\" data-id=\"499ad56\" data-element_type=\"section\">\n\t\t\t\t\t\t<div class=\"elementor-container elementor-column-gap-default\">\n\t\t\t\t\t<div class=\"elementor-column elementor-col-33 elementor-top-column elementor-element elementor-element-0d502d4\" data-id=\"0d502d4\" data-element_type=\"column\">\n\t\t\t<div class=\"elementor-widget-wrap elementor-element-populated\">\n\t\t\t\t\t\t<div class=\"elementor-element elementor-element-7dca573 elementor-invisible elementor-widget elementor-widget-image\" data-id=\"7dca573\" data-element_type=\"widget\" data-settings=\"{&quot;_animation&quot;:&quot;slideInLeft&quot;}\" data-widget_type=\"image.default\">\n\t\t\t\t<div class=\"elementor-widget-container\">\n\t\t\t\t\t\t\t\t\t\t\t\t\t\t\t<img fetchpriority=\"high\" decoding=\"async\" width=\"681\" height=\"1024\" src=\"https:\/\/monicaguerretta.com\/qualeocerto\/wp-content\/uploads\/2022\/07\/Monica-Guerretta-Qual-e-o-certo-681x1024.jpg\" class=\"attachment-large size-large wp-image-1980\" alt=\"M\u00f4nica-Guerretta-Qual-\u00e9-o-certo\" srcset=\"https:\/\/monicaguerretta.com\/qualeocerto\/wp-content\/uploads\/2022\/07\/Monica-Guerretta-Qual-e-o-certo-681x1024.jpg 681w, https:\/\/monicaguerretta.com\/qualeocerto\/wp-content\/uploads\/2022\/07\/Monica-Guerretta-Qual-e-o-certo-200x300.jpg 200w, https:\/\/monicaguerretta.com\/qualeocerto\/wp-content\/uploads\/2022\/07\/Monica-Guerretta-Qual-e-o-certo-768x1155.jpg 768w, https:\/\/monicaguerretta.com\/qualeocerto\/wp-content\/uploads\/2022\/07\/Monica-Guerretta-Qual-e-o-certo-1022x1536.jpg 1022w, https:\/\/monicaguerretta.com\/qualeocerto\/wp-content\/uploads\/2022\/07\/Monica-Guerretta-Qual-e-o-certo-1362x2048.jpg 1362w, https:\/\/monicaguerretta.com\/qualeocerto\/wp-content\/uploads\/2022\/07\/Monica-Guerretta-Qual-e-o-certo-scaled.jpg 1703w\" sizes=\"(max-width: 681px) 100vw, 681px\" \/>\t\t\t\t\t\t\t\t\t\t\t\t\t\t\t<\/div>\n\t\t\t\t<\/div>\n\t\t\t\t\t<\/div>\n\t\t<\/div>\n\t\t\t\t<div class=\"elementor-column elementor-col-66 elementor-top-column elementor-element elementor-element-49f762a\" data-id=\"49f762a\" data-element_type=\"column\">\n\t\t\t<div class=\"elementor-widget-wrap elementor-element-populated\">\n\t\t\t\t\t\t<div class=\"elementor-element elementor-element-329cbec elementor-invisible elementor-widget elementor-widget-text-editor\" data-id=\"329cbec\" data-element_type=\"widget\" data-settings=\"{&quot;_animation&quot;:&quot;slideInRight&quot;}\" data-widget_type=\"text-editor.default\">\n\t\t\t\t<div class=\"elementor-widget-container\">\n\t\t\t\t\t\t\t\t\t<p><b>E a\u00ed, voc\u00ea gostou de saber sobre essas redund\u00e2ncias redundantes?<br \/><\/b><span style=\"font-weight: 400;\">Ent\u00e3o apoie o Qual \u00e9 o certo?, por favorzinho. <img decoding=\"async\" class=\"emoji\" role=\"img\" draggable=\"false\" src=\"https:\/\/s.w.org\/images\/core\/emoji\/14.0.0\/svg\/1f499.svg\" alt=\"\ud83d\udc99\" \/><br \/><\/span><span style=\"font-weight: 400;\"><img decoding=\"async\" class=\"emoji\" role=\"img\" draggable=\"false\" src=\"https:\/\/s.w.org\/images\/core\/emoji\/14.0.0\/svg\/2705.svg\" alt=\"\u2705\" \/> <\/span><a href=\"https:\/\/www.youtube.com\/c\/qualeocerto\" target=\"_blank\" rel=\"noopener\"><span style=\"font-weight: 400;\">Inscreva-se no canal do YouTube<\/span><\/a><br \/><span style=\"font-weight: 400;\"><img decoding=\"async\" class=\"emoji\" role=\"img\" draggable=\"false\" src=\"https:\/\/s.w.org\/images\/core\/emoji\/14.0.0\/svg\/2705.svg\" alt=\"\u2705\" \/> <\/span><a href=\"https:\/\/www.instagram.com\/qualeocerto\/\" target=\"_blank\" rel=\"noopener\"><span style=\"font-weight: 400;\">Siga no Instagram<\/span><\/a><br \/><span style=\"font-weight: 400;\"><img decoding=\"async\" class=\"emoji\" role=\"img\" draggable=\"false\" src=\"https:\/\/s.w.org\/images\/core\/emoji\/14.0.0\/svg\/2705.svg\" alt=\"\u2705\" \/> <\/span><a href=\"https:\/\/www.linkedin.com\/in\/monicaguerretta\/\"><span style=\"font-weight: 400;\">Acompanhe no LinkedIn<\/span><\/a><br \/><span style=\"font-weight: 400;\"><img decoding=\"async\" class=\"emoji\" role=\"img\" draggable=\"false\" src=\"https:\/\/s.w.org\/images\/core\/emoji\/14.0.0\/svg\/2705.svg\" alt=\"\u2705\" \/> <\/span><a href=\"https:\/\/monicaguerretta.com\/qualeocerto\/vamos-conversar\/\" target=\"_blank\" rel=\"noopener\"><span style=\"font-weight: 400;\">Pague um cafezinho para mim<\/span><\/a><br \/><span style=\"font-weight: 400;\"><img decoding=\"async\" class=\"emoji\" role=\"img\" draggable=\"false\" src=\"https:\/\/s.w.org\/images\/core\/emoji\/14.0.0\/svg\/2705.svg\" alt=\"\u2705\" \/> Compartilhe este conte\u00fado <\/span><\/p>\t\t\t\t\t\t\t\t<\/div>\n\t\t\t\t<\/div>\n\t\t\t\t\t<\/div>\n\t\t<\/div>\n\t\t\t\t\t<\/div>\n\t\t<\/section>\n\t\t\t\t<\/div>\n\t\t","protected":false},"excerpt":{"rendered":"<p>Todo mundo sempre fala das mesmas redund\u00e2ncias redundantes:\u2014 N\u00e3o pode dizer \u201csubir pra cima\u201d.\u2014 Falar \u201cdescer&hellip;<\/p>\n","protected":false},"author":2,"featured_media":3030,"comment_status":"open","ping_status":"open","sticky":false,"template":"","format":"standard","meta":{"_exactmetrics_skip_tracking":false,"_exactmetrics_sitenote_active":false,"_exactmetrics_sitenote_note":"","_exactmetrics_sitenote_category":0,"footnotes":""},"categories":[291],"tags":[347,222,346],"class_list":["post-3025","post","type-post","status-publish","format-standard","has-post-thumbnail","hentry","category-portugues","tag-objetividade","tag-redundancia","tag-redundante"],"yoast_head":"<!-- This site is optimized with the Yoast SEO plugin v27.5 - https:\/\/yoast.com\/product\/yoast-seo-wordpress\/ -->\n<title>7 redund\u00e2ncias redundantes que interferem na objetividade de seus textos &#187; Qual \u00e9 o certo?<\/title>\n<meta name=\"description\" content=\"Existe uma s\u00e9rie de redund\u00e2ncias que ningu\u00e9m diz que s\u00e3o redundantes... Mas eu digo! Vem aprender 7 delas para criar textos mais objetivos.\" \/>\n<meta name=\"robots\" content=\"index, follow, max-snippet:-1, max-image-preview:large, max-video-preview:-1\" \/>\n<link rel=\"canonical\" href=\"https:\/\/monicaguerretta.com\/qualeocerto\/7-redundancias-redundantes\/\" \/>\n<meta property=\"og:locale\" content=\"pt_BR\" \/>\n<meta property=\"og:type\" content=\"article\" \/>\n<meta property=\"og:title\" content=\"7 redund\u00e2ncias redundantes que interferem na objetividade de seus textos &#187; Qual \u00e9 o certo?\" \/>\n<meta property=\"og:description\" content=\"Existe uma s\u00e9rie de redund\u00e2ncias que ningu\u00e9m diz que s\u00e3o redundantes... Mas eu digo! Vem aprender 7 delas para criar textos mais objetivos.\" \/>\n<meta property=\"og:url\" content=\"https:\/\/monicaguerretta.com\/qualeocerto\/7-redundancias-redundantes\/\" \/>\n<meta property=\"og:site_name\" content=\"Qual \u00e9 o certo?\" \/>\n<meta property=\"article:publisher\" content=\"https:\/\/www.facebook.com\/qualeocerto\" \/>\n<meta property=\"article:published_time\" content=\"2023-04-07T17:47:00+00:00\" \/>\n<meta property=\"article:modified_time\" content=\"2023-05-28T20:06:30+00:00\" \/>\n<meta property=\"og:image\" content=\"https:\/\/monicaguerretta.com\/qualeocerto\/wp-content\/uploads\/2023\/04\/redundancias-redundantes-qual-e-o-certo.png\" \/>\n\t<meta property=\"og:image:width\" content=\"1080\" \/>\n\t<meta property=\"og:image:height\" content=\"1081\" \/>\n\t<meta property=\"og:image:type\" content=\"image\/png\" \/>\n<meta name=\"author\" content=\"M\u00f4nica Guerretta\" \/>\n<meta name=\"twitter:card\" content=\"summary_large_image\" \/>\n<meta name=\"twitter:label1\" content=\"Escrito por\" \/>\n\t<meta name=\"twitter:data1\" content=\"M\u00f4nica Guerretta\" \/>\n\t<meta name=\"twitter:label2\" content=\"Est. tempo de leitura\" \/>\n\t<meta name=\"twitter:data2\" content=\"8 minutos\" \/>\n<script type=\"application\/ld+json\" class=\"yoast-schema-graph\">{\"@context\":\"https:\\\/\\\/schema.org\",\"@graph\":[{\"@type\":\"Article\",\"@id\":\"https:\\\/\\\/monicaguerretta.com\\\/qualeocerto\\\/7-redundancias-redundantes\\\/#article\",\"isPartOf\":{\"@id\":\"https:\\\/\\\/monicaguerretta.com\\\/qualeocerto\\\/7-redundancias-redundantes\\\/\"},\"author\":{\"name\":\"M\u00f4nica Guerretta\",\"@id\":\"https:\\\/\\\/monicaguerretta.com\\\/qualeocerto\\\/#\\\/schema\\\/person\\\/214b5e9a83b11fe11a18ecae0d21f79a\"},\"headline\":\"7 redund\u00e2ncias redundantes que interferem na objetividade de seus textos\",\"datePublished\":\"2023-04-07T17:47:00+00:00\",\"dateModified\":\"2023-05-28T20:06:30+00:00\",\"mainEntityOfPage\":{\"@id\":\"https:\\\/\\\/monicaguerretta.com\\\/qualeocerto\\\/7-redundancias-redundantes\\\/\"},\"wordCount\":1240,\"commentCount\":0,\"publisher\":{\"@id\":\"https:\\\/\\\/monicaguerretta.com\\\/qualeocerto\\\/#organization\"},\"image\":{\"@id\":\"https:\\\/\\\/monicaguerretta.com\\\/qualeocerto\\\/7-redundancias-redundantes\\\/#primaryimage\"},\"thumbnailUrl\":\"https:\\\/\\\/monicaguerretta.com\\\/qualeocerto\\\/wp-content\\\/uploads\\\/2023\\\/04\\\/redundancias-redundantes-qual-e-o-certo.png\",\"keywords\":[\"objetividade\",\"redund\u00e2ncia\",\"redundante\"],\"articleSection\":[\"Portugu\u00eas\"],\"inLanguage\":\"pt-BR\",\"potentialAction\":[{\"@type\":\"CommentAction\",\"name\":\"Comment\",\"target\":[\"https:\\\/\\\/monicaguerretta.com\\\/qualeocerto\\\/7-redundancias-redundantes\\\/#respond\"]}]},{\"@type\":\"WebPage\",\"@id\":\"https:\\\/\\\/monicaguerretta.com\\\/qualeocerto\\\/7-redundancias-redundantes\\\/\",\"url\":\"https:\\\/\\\/monicaguerretta.com\\\/qualeocerto\\\/7-redundancias-redundantes\\\/\",\"name\":\"7 redund\u00e2ncias redundantes que interferem na objetividade de seus textos &#187; Qual \u00e9 o certo?\",\"isPartOf\":{\"@id\":\"https:\\\/\\\/monicaguerretta.com\\\/qualeocerto\\\/#website\"},\"primaryImageOfPage\":{\"@id\":\"https:\\\/\\\/monicaguerretta.com\\\/qualeocerto\\\/7-redundancias-redundantes\\\/#primaryimage\"},\"image\":{\"@id\":\"https:\\\/\\\/monicaguerretta.com\\\/qualeocerto\\\/7-redundancias-redundantes\\\/#primaryimage\"},\"thumbnailUrl\":\"https:\\\/\\\/monicaguerretta.com\\\/qualeocerto\\\/wp-content\\\/uploads\\\/2023\\\/04\\\/redundancias-redundantes-qual-e-o-certo.png\",\"datePublished\":\"2023-04-07T17:47:00+00:00\",\"dateModified\":\"2023-05-28T20:06:30+00:00\",\"description\":\"Existe uma s\u00e9rie de redund\u00e2ncias que ningu\u00e9m diz que s\u00e3o redundantes... Mas eu digo! Vem aprender 7 delas para criar textos mais objetivos.\",\"breadcrumb\":{\"@id\":\"https:\\\/\\\/monicaguerretta.com\\\/qualeocerto\\\/7-redundancias-redundantes\\\/#breadcrumb\"},\"inLanguage\":\"pt-BR\",\"potentialAction\":[{\"@type\":\"ReadAction\",\"target\":[\"https:\\\/\\\/monicaguerretta.com\\\/qualeocerto\\\/7-redundancias-redundantes\\\/\"]}]},{\"@type\":\"ImageObject\",\"inLanguage\":\"pt-BR\",\"@id\":\"https:\\\/\\\/monicaguerretta.com\\\/qualeocerto\\\/7-redundancias-redundantes\\\/#primaryimage\",\"url\":\"https:\\\/\\\/monicaguerretta.com\\\/qualeocerto\\\/wp-content\\\/uploads\\\/2023\\\/04\\\/redundancias-redundantes-qual-e-o-certo.png\",\"contentUrl\":\"https:\\\/\\\/monicaguerretta.com\\\/qualeocerto\\\/wp-content\\\/uploads\\\/2023\\\/04\\\/redundancias-redundantes-qual-e-o-certo.png\",\"width\":1080,\"height\":1081,\"caption\":\"redund\u00e2ncias redundantes - qual \u00e9 o certo\"},{\"@type\":\"BreadcrumbList\",\"@id\":\"https:\\\/\\\/monicaguerretta.com\\\/qualeocerto\\\/7-redundancias-redundantes\\\/#breadcrumb\",\"itemListElement\":[{\"@type\":\"ListItem\",\"position\":1,\"name\":\"In\u00edcio\",\"item\":\"https:\\\/\\\/monicaguerretta.com\\\/qualeocerto\\\/\"},{\"@type\":\"ListItem\",\"position\":2,\"name\":\"7 redund\u00e2ncias redundantes que interferem na objetividade de seus textos\"}]},{\"@type\":\"WebSite\",\"@id\":\"https:\\\/\\\/monicaguerretta.com\\\/qualeocerto\\\/#website\",\"url\":\"https:\\\/\\\/monicaguerretta.com\\\/qualeocerto\\\/\",\"name\":\"Qual \u00e9 o Certo?\",\"description\":\"M\u00f4nica Guerretta | Redatora publicit\u00e1ria | Copywriting - UX Writing\",\"publisher\":{\"@id\":\"https:\\\/\\\/monicaguerretta.com\\\/qualeocerto\\\/#organization\"},\"potentialAction\":[{\"@type\":\"SearchAction\",\"target\":{\"@type\":\"EntryPoint\",\"urlTemplate\":\"https:\\\/\\\/monicaguerretta.com\\\/qualeocerto\\\/?s={search_term_string}\"},\"query-input\":{\"@type\":\"PropertyValueSpecification\",\"valueRequired\":true,\"valueName\":\"search_term_string\"}}],\"inLanguage\":\"pt-BR\"},{\"@type\":\"Organization\",\"@id\":\"https:\\\/\\\/monicaguerretta.com\\\/qualeocerto\\\/#organization\",\"name\":\"Qual \u00e9 o certo?\",\"url\":\"https:\\\/\\\/monicaguerretta.com\\\/qualeocerto\\\/\",\"logo\":{\"@type\":\"ImageObject\",\"inLanguage\":\"pt-BR\",\"@id\":\"https:\\\/\\\/monicaguerretta.com\\\/qualeocerto\\\/#\\\/schema\\\/logo\\\/image\\\/\",\"url\":\"https:\\\/\\\/monicaguerretta.com\\\/qualeocerto\\\/wp-content\\\/uploads\\\/2022\\\/08\\\/marca-quale.png\",\"contentUrl\":\"https:\\\/\\\/monicaguerretta.com\\\/qualeocerto\\\/wp-content\\\/uploads\\\/2022\\\/08\\\/marca-quale.png\",\"width\":592,\"height\":315,\"caption\":\"Qual \u00e9 o certo?\"},\"image\":{\"@id\":\"https:\\\/\\\/monicaguerretta.com\\\/qualeocerto\\\/#\\\/schema\\\/logo\\\/image\\\/\"},\"sameAs\":[\"https:\\\/\\\/www.facebook.com\\\/qualeocerto\",\"https:\\\/\\\/www.instagram.com\\\/qualeocerto\\\/\",\"https:\\\/\\\/www.youtube.com\\\/c\\\/qualeocerto\"]},{\"@type\":\"Person\",\"@id\":\"https:\\\/\\\/monicaguerretta.com\\\/qualeocerto\\\/#\\\/schema\\\/person\\\/214b5e9a83b11fe11a18ecae0d21f79a\",\"name\":\"M\u00f4nica Guerretta\",\"image\":{\"@type\":\"ImageObject\",\"inLanguage\":\"pt-BR\",\"@id\":\"https:\\\/\\\/secure.gravatar.com\\\/avatar\\\/cc0028ec5e6e39e7cd7e61c0fa6158a6d7f1edc39c4f536d768ad95ee3e26a8a?s=96&d=mm&r=g\",\"url\":\"https:\\\/\\\/secure.gravatar.com\\\/avatar\\\/cc0028ec5e6e39e7cd7e61c0fa6158a6d7f1edc39c4f536d768ad95ee3e26a8a?s=96&d=mm&r=g\",\"contentUrl\":\"https:\\\/\\\/secure.gravatar.com\\\/avatar\\\/cc0028ec5e6e39e7cd7e61c0fa6158a6d7f1edc39c4f536d768ad95ee3e26a8a?s=96&d=mm&r=g\",\"caption\":\"M\u00f4nica Guerretta\"}}]}<\/script>\n<!-- \/ Yoast SEO plugin. -->","yoast_head_json":{"title":"7 redund\u00e2ncias redundantes que interferem na objetividade de seus textos &#187; Qual \u00e9 o certo?","description":"Existe uma s\u00e9rie de redund\u00e2ncias que ningu\u00e9m diz que s\u00e3o redundantes... Mas eu digo! Vem aprender 7 delas para criar textos mais objetivos.","robots":{"index":"index","follow":"follow","max-snippet":"max-snippet:-1","max-image-preview":"max-image-preview:large","max-video-preview":"max-video-preview:-1"},"canonical":"https:\/\/monicaguerretta.com\/qualeocerto\/7-redundancias-redundantes\/","og_locale":"pt_BR","og_type":"article","og_title":"7 redund\u00e2ncias redundantes que interferem na objetividade de seus textos &#187; Qual \u00e9 o certo?","og_description":"Existe uma s\u00e9rie de redund\u00e2ncias que ningu\u00e9m diz que s\u00e3o redundantes... Mas eu digo! Vem aprender 7 delas para criar textos mais objetivos.","og_url":"https:\/\/monicaguerretta.com\/qualeocerto\/7-redundancias-redundantes\/","og_site_name":"Qual \u00e9 o certo?","article_publisher":"https:\/\/www.facebook.com\/qualeocerto","article_published_time":"2023-04-07T17:47:00+00:00","article_modified_time":"2023-05-28T20:06:30+00:00","og_image":[{"width":1080,"height":1081,"url":"https:\/\/monicaguerretta.com\/qualeocerto\/wp-content\/uploads\/2023\/04\/redundancias-redundantes-qual-e-o-certo.png","type":"image\/png"}],"author":"M\u00f4nica Guerretta","twitter_card":"summary_large_image","twitter_misc":{"Escrito por":"M\u00f4nica Guerretta","Est. tempo de leitura":"8 minutos"},"schema":{"@context":"https:\/\/schema.org","@graph":[{"@type":"Article","@id":"https:\/\/monicaguerretta.com\/qualeocerto\/7-redundancias-redundantes\/#article","isPartOf":{"@id":"https:\/\/monicaguerretta.com\/qualeocerto\/7-redundancias-redundantes\/"},"author":{"name":"M\u00f4nica Guerretta","@id":"https:\/\/monicaguerretta.com\/qualeocerto\/#\/schema\/person\/214b5e9a83b11fe11a18ecae0d21f79a"},"headline":"7 redund\u00e2ncias redundantes que interferem na objetividade de seus textos","datePublished":"2023-04-07T17:47:00+00:00","dateModified":"2023-05-28T20:06:30+00:00","mainEntityOfPage":{"@id":"https:\/\/monicaguerretta.com\/qualeocerto\/7-redundancias-redundantes\/"},"wordCount":1240,"commentCount":0,"publisher":{"@id":"https:\/\/monicaguerretta.com\/qualeocerto\/#organization"},"image":{"@id":"https:\/\/monicaguerretta.com\/qualeocerto\/7-redundancias-redundantes\/#primaryimage"},"thumbnailUrl":"https:\/\/monicaguerretta.com\/qualeocerto\/wp-content\/uploads\/2023\/04\/redundancias-redundantes-qual-e-o-certo.png","keywords":["objetividade","redund\u00e2ncia","redundante"],"articleSection":["Portugu\u00eas"],"inLanguage":"pt-BR","potentialAction":[{"@type":"CommentAction","name":"Comment","target":["https:\/\/monicaguerretta.com\/qualeocerto\/7-redundancias-redundantes\/#respond"]}]},{"@type":"WebPage","@id":"https:\/\/monicaguerretta.com\/qualeocerto\/7-redundancias-redundantes\/","url":"https:\/\/monicaguerretta.com\/qualeocerto\/7-redundancias-redundantes\/","name":"7 redund\u00e2ncias redundantes que interferem na objetividade de seus textos &#187; Qual \u00e9 o certo?","isPartOf":{"@id":"https:\/\/monicaguerretta.com\/qualeocerto\/#website"},"primaryImageOfPage":{"@id":"https:\/\/monicaguerretta.com\/qualeocerto\/7-redundancias-redundantes\/#primaryimage"},"image":{"@id":"https:\/\/monicaguerretta.com\/qualeocerto\/7-redundancias-redundantes\/#primaryimage"},"thumbnailUrl":"https:\/\/monicaguerretta.com\/qualeocerto\/wp-content\/uploads\/2023\/04\/redundancias-redundantes-qual-e-o-certo.png","datePublished":"2023-04-07T17:47:00+00:00","dateModified":"2023-05-28T20:06:30+00:00","description":"Existe uma s\u00e9rie de redund\u00e2ncias que ningu\u00e9m diz que s\u00e3o redundantes... Mas eu digo! Vem aprender 7 delas para criar textos mais objetivos.","breadcrumb":{"@id":"https:\/\/monicaguerretta.com\/qualeocerto\/7-redundancias-redundantes\/#breadcrumb"},"inLanguage":"pt-BR","potentialAction":[{"@type":"ReadAction","target":["https:\/\/monicaguerretta.com\/qualeocerto\/7-redundancias-redundantes\/"]}]},{"@type":"ImageObject","inLanguage":"pt-BR","@id":"https:\/\/monicaguerretta.com\/qualeocerto\/7-redundancias-redundantes\/#primaryimage","url":"https:\/\/monicaguerretta.com\/qualeocerto\/wp-content\/uploads\/2023\/04\/redundancias-redundantes-qual-e-o-certo.png","contentUrl":"https:\/\/monicaguerretta.com\/qualeocerto\/wp-content\/uploads\/2023\/04\/redundancias-redundantes-qual-e-o-certo.png","width":1080,"height":1081,"caption":"redund\u00e2ncias redundantes - qual \u00e9 o certo"},{"@type":"BreadcrumbList","@id":"https:\/\/monicaguerretta.com\/qualeocerto\/7-redundancias-redundantes\/#breadcrumb","itemListElement":[{"@type":"ListItem","position":1,"name":"In\u00edcio","item":"https:\/\/monicaguerretta.com\/qualeocerto\/"},{"@type":"ListItem","position":2,"name":"7 redund\u00e2ncias redundantes que interferem na objetividade de seus textos"}]},{"@type":"WebSite","@id":"https:\/\/monicaguerretta.com\/qualeocerto\/#website","url":"https:\/\/monicaguerretta.com\/qualeocerto\/","name":"Qual \u00e9 o Certo?","description":"M\u00f4nica Guerretta | Redatora publicit\u00e1ria | Copywriting - UX Writing","publisher":{"@id":"https:\/\/monicaguerretta.com\/qualeocerto\/#organization"},"potentialAction":[{"@type":"SearchAction","target":{"@type":"EntryPoint","urlTemplate":"https:\/\/monicaguerretta.com\/qualeocerto\/?s={search_term_string}"},"query-input":{"@type":"PropertyValueSpecification","valueRequired":true,"valueName":"search_term_string"}}],"inLanguage":"pt-BR"},{"@type":"Organization","@id":"https:\/\/monicaguerretta.com\/qualeocerto\/#organization","name":"Qual \u00e9 o certo?","url":"https:\/\/monicaguerretta.com\/qualeocerto\/","logo":{"@type":"ImageObject","inLanguage":"pt-BR","@id":"https:\/\/monicaguerretta.com\/qualeocerto\/#\/schema\/logo\/image\/","url":"https:\/\/monicaguerretta.com\/qualeocerto\/wp-content\/uploads\/2022\/08\/marca-quale.png","contentUrl":"https:\/\/monicaguerretta.com\/qualeocerto\/wp-content\/uploads\/2022\/08\/marca-quale.png","width":592,"height":315,"caption":"Qual \u00e9 o certo?"},"image":{"@id":"https:\/\/monicaguerretta.com\/qualeocerto\/#\/schema\/logo\/image\/"},"sameAs":["https:\/\/www.facebook.com\/qualeocerto","https:\/\/www.instagram.com\/qualeocerto\/","https:\/\/www.youtube.com\/c\/qualeocerto"]},{"@type":"Person","@id":"https:\/\/monicaguerretta.com\/qualeocerto\/#\/schema\/person\/214b5e9a83b11fe11a18ecae0d21f79a","name":"M\u00f4nica Guerretta","image":{"@type":"ImageObject","inLanguage":"pt-BR","@id":"https:\/\/secure.gravatar.com\/avatar\/cc0028ec5e6e39e7cd7e61c0fa6158a6d7f1edc39c4f536d768ad95ee3e26a8a?s=96&d=mm&r=g","url":"https:\/\/secure.gravatar.com\/avatar\/cc0028ec5e6e39e7cd7e61c0fa6158a6d7f1edc39c4f536d768ad95ee3e26a8a?s=96&d=mm&r=g","contentUrl":"https:\/\/secure.gravatar.com\/avatar\/cc0028ec5e6e39e7cd7e61c0fa6158a6d7f1edc39c4f536d768ad95ee3e26a8a?s=96&d=mm&r=g","caption":"M\u00f4nica Guerretta"}}]}},"_links":{"self":[{"href":"https:\/\/monicaguerretta.com\/qualeocerto\/wp-json\/wp\/v2\/posts\/3025","targetHints":{"allow":["GET"]}}],"collection":[{"href":"https:\/\/monicaguerretta.com\/qualeocerto\/wp-json\/wp\/v2\/posts"}],"about":[{"href":"https:\/\/monicaguerretta.com\/qualeocerto\/wp-json\/wp\/v2\/types\/post"}],"author":[{"embeddable":true,"href":"https:\/\/monicaguerretta.com\/qualeocerto\/wp-json\/wp\/v2\/users\/2"}],"replies":[{"embeddable":true,"href":"https:\/\/monicaguerretta.com\/qualeocerto\/wp-json\/wp\/v2\/comments?post=3025"}],"version-history":[{"count":14,"href":"https:\/\/monicaguerretta.com\/qualeocerto\/wp-json\/wp\/v2\/posts\/3025\/revisions"}],"predecessor-version":[{"id":3041,"href":"https:\/\/monicaguerretta.com\/qualeocerto\/wp-json\/wp\/v2\/posts\/3025\/revisions\/3041"}],"wp:featuredmedia":[{"embeddable":true,"href":"https:\/\/monicaguerretta.com\/qualeocerto\/wp-json\/wp\/v2\/media\/3030"}],"wp:attachment":[{"href":"https:\/\/monicaguerretta.com\/qualeocerto\/wp-json\/wp\/v2\/media?parent=3025"}],"wp:term":[{"taxonomy":"category","embeddable":true,"href":"https:\/\/monicaguerretta.com\/qualeocerto\/wp-json\/wp\/v2\/categories?post=3025"},{"taxonomy":"post_tag","embeddable":true,"href":"https:\/\/monicaguerretta.com\/qualeocerto\/wp-json\/wp\/v2\/tags?post=3025"}],"curies":[{"name":"wp","href":"https:\/\/api.w.org\/{rel}","templated":true}]}}