{"id":3052,"date":"2020-11-13T17:18:00","date_gmt":"2020-11-13T20:18:00","guid":{"rendered":"https:\/\/monicaguerretta.com\/qualeocerto\/?p=3052"},"modified":"2023-07-17T09:55:56","modified_gmt":"2023-07-17T12:55:56","slug":"tem-hifen-em-nomes-de-animais","status":"publish","type":"post","link":"https:\/\/monicaguerretta.com\/qualeocerto\/tem-hifen-em-nomes-de-animais\/","title":{"rendered":"<strong>Tem h\u00edfen em nomes de animais? Quando usar?<\/strong>"},"content":{"rendered":"\t\t<div data-elementor-type=\"wp-post\" data-elementor-id=\"3052\" class=\"elementor elementor-3052\">\n\t\t\t\t\t\t<section class=\"elementor-section elementor-top-section elementor-element elementor-element-84fd434 elementor-section-boxed elementor-section-height-default elementor-section-height-default\" data-id=\"84fd434\" data-element_type=\"section\">\n\t\t\t\t\t\t<div class=\"elementor-container elementor-column-gap-default\">\n\t\t\t\t\t<div class=\"elementor-column elementor-col-100 elementor-top-column elementor-element elementor-element-8cc068b\" data-id=\"8cc068b\" data-element_type=\"column\">\n\t\t\t<div class=\"elementor-widget-wrap elementor-element-populated\">\n\t\t\t\t\t\t<div class=\"elementor-element elementor-element-517d9c5 elementor-widget elementor-widget-text-editor\" data-id=\"517d9c5\" data-element_type=\"widget\" data-widget_type=\"text-editor.default\">\n\t\t\t\t<div class=\"elementor-widget-container\">\n\t\t\t\t\t\t\t\t\t<p>Voc\u00ea sabia que todos os nomes de animais que possuem dois ou mais elementos devem ser escritos com h\u00edfen?<br \/>Pois \u00e9, e ningu\u00e9m contou isso para voc\u00ea antes. Acertei?<\/p>\n<p><!-- \/wp:paragraph --><\/p>\n<p><!-- wp:paragraph --><\/p>\n<p>Vem comigo que eu vou mostrar para voc\u00ea que uma galera dos animaizinhos tem h\u00edfen nos seus nomes.<\/p>\t\t\t\t\t\t\t\t<\/div>\n\t\t\t\t<\/div>\n\t\t\t\t\t<\/div>\n\t\t<\/div>\n\t\t\t\t\t<\/div>\n\t\t<\/section>\n\t\t\t\t<section class=\"elementor-section elementor-top-section elementor-element elementor-element-9e18baf elementor-section-boxed elementor-section-height-default elementor-section-height-default\" data-id=\"9e18baf\" data-element_type=\"section\">\n\t\t\t\t\t\t<div class=\"elementor-container elementor-column-gap-default\">\n\t\t\t\t\t<div class=\"elementor-column elementor-col-100 elementor-top-column elementor-element elementor-element-741f3a4\" data-id=\"741f3a4\" data-element_type=\"column\">\n\t\t\t<div class=\"elementor-widget-wrap elementor-element-populated\">\n\t\t\t\t\t\t<div class=\"elementor-element elementor-element-cd419fb elementor-widget elementor-widget-video\" data-id=\"cd419fb\" data-element_type=\"widget\" data-settings=\"{&quot;youtube_url&quot;:&quot;https:\\\/\\\/youtu.be\\\/elKy4O6mLcc&quot;,&quot;video_type&quot;:&quot;youtube&quot;,&quot;controls&quot;:&quot;yes&quot;}\" data-widget_type=\"video.default\">\n\t\t\t\t<div class=\"elementor-widget-container\">\n\t\t\t\t\t\t\t<div class=\"elementor-wrapper elementor-open-inline\">\n\t\t\t<div class=\"elementor-video\"><\/div>\t\t<\/div>\n\t\t\t\t\t\t<\/div>\n\t\t\t\t<\/div>\n\t\t\t\t\t<\/div>\n\t\t<\/div>\n\t\t\t\t\t<\/div>\n\t\t<\/section>\n\t\t\t\t<section class=\"elementor-section elementor-top-section elementor-element elementor-element-297af597 elementor-section-boxed elementor-section-height-default elementor-section-height-default\" data-id=\"297af597\" data-element_type=\"section\">\n\t\t\t\t\t\t<div class=\"elementor-container elementor-column-gap-default\">\n\t\t\t\t\t<div class=\"elementor-column elementor-col-100 elementor-top-column elementor-element elementor-element-1a473a54\" data-id=\"1a473a54\" data-element_type=\"column\">\n\t\t\t<div class=\"elementor-widget-wrap elementor-element-populated\">\n\t\t\t\t\t\t<div class=\"elementor-element elementor-element-1f9c0120 elementor-widget elementor-widget-text-editor\" data-id=\"1f9c0120\" data-element_type=\"widget\" data-widget_type=\"text-editor.default\">\n\t\t\t\t<div class=\"elementor-widget-container\">\n\t\t\t\t\t\t\t\t\t<p><!-- wp:paragraph --><\/p>\n<p><!-- \/wp:embed --><\/p>\n<p><!-- wp:paragraph --><\/p>\n<p><strong>\ud83d\udea8 Alerta de spoiler:\u00a0<\/strong><br \/>At\u00e9 o urso-polar est\u00e1 na lista.<br \/>Sim! Urso-polar, com h\u00edfen. \ud83d\ude2f<\/p>\n<p><!-- \/wp:paragraph --><\/p>\n<p><!-- wp:heading {\"level\":3} --><\/p>\n<h3 class=\"wp-block-heading\"><strong>Antes, uma piadinha<\/strong><\/h3>\n<p><!-- \/wp:heading --><\/p>\n<p><!-- wp:paragraph --><\/p>\n<p>Voc\u00ea sabe por que colocaram uma cama el\u00e1stica no Polo Norte?<\/p>\n<p><!-- \/wp:paragraph --><\/p>\n<p><!-- wp:paragraph --><\/p>\n<p>\u00c9 para o urso-<span style=\"text-decoration: underline;\">polar<\/span>.<br \/>Hehehehehehe! Eu amo piadocas bobas! \ud83e\udd23<\/p>\n<p><!-- \/wp:paragraph --><\/p>\n<p><!-- wp:heading {\"textColor\":\"vivid-purple\"} --><\/p>\n<h2 class=\"wp-block-heading has-vivid-purple-color has-text-color\"><strong>Que hist\u00f3ria \u00e9 essa de h\u00edfen em nomes de animais?!<\/strong><\/h2>\n<p><!-- \/wp:heading --><\/p>\n<p><!-- wp:paragraph --><\/p>\n<p>Caso voc\u00ea seja uma pessoa que tenha ficado intrigada ao saber que at\u00e9 o <strong><a href=\"https:\/\/michaelis.uol.com.br\/moderno-portugues\/busca\/portugues-brasileiro\/urso-polar\/\" target=\"_blank\" rel=\"noreferrer noopener\">urso-polar<\/a><\/strong> \u2014 que est\u00e1 l\u00e1 longe! \u2014 tem h\u00edfen, eu explico:<\/p>\n<p><!-- \/wp:paragraph --><\/p>\n<p><!-- wp:paragraph --><\/p>\n<p><strong>Todos os nomes compostos de esp\u00e9cies zool\u00f3gicas devem ser escritos com h\u00edfen.<\/strong><br \/>Nomes compostos = nomes que possuem mais de um elemento.<\/p>\n<p><!-- \/wp:paragraph --><\/p>\n<p><!-- wp:paragraph --><\/p>\n<p>Ou seja: todos os nomes de bichinhos que possuem mais de um elemento devem ser escritos com h\u00edfen.<\/p>\n<p><!-- \/wp:paragraph --><\/p>\n<p><!-- wp:paragraph --><\/p>\n<p>Talvez agora voc\u00ea esteja pensando:<br \/>\u2014 Mas, gente! Ent\u00e3o tem muitos nomes de animais com h\u00edfen! \u00c9 isso mesmo, Moniquinha?!<br \/>Sim, \u00e9 isso mesmo. \ud83d\ude31<\/p>\n<p><!-- \/wp:paragraph --><\/p>\n<p><!-- wp:heading {\"textColor\":\"vivid-purple\"} --><\/p>\n<h2 class=\"wp-block-heading has-vivid-purple-color has-text-color\"><strong>A regra \u00e9 clara<\/strong><\/h2>\n<p><!-- \/wp:heading --><\/p>\n<p><!-- wp:quote --><\/p>\n<blockquote class=\"wp-block-quote\">\n<p><!-- wp:paragraph --><\/p>\n<p>\u201cUsa\u00ad\u2212se o h\u00edfen nos compostos que designam esp\u00e9cies animais, tenham ou n\u00e3o elementos de liga\u00e7\u00e3o.\u201d<\/p>\n<p><!-- \/wp:paragraph --><\/p>\n<\/blockquote>\n<p><!-- \/wp:quote --><\/p>\n<p><!-- wp:paragraph --><\/p>\n<p>Quem diz isso \u00e9 o <strong><a href=\"https:\/\/monicaguerretta.com\/qualeocerto\/wp-content\/uploads\/2022\/03\/Michaelis-Guia-Pratico-da-Nova-Ortografia.pdf\" target=\"_blank\" rel=\"noreferrer noopener\">Guia Pr\u00e1tico da Nova Ortografia do Michaelis<\/a><\/strong>. \ud83d\ude09<\/p>\n<p><!-- \/wp:paragraph --><\/p>\n<p><!-- wp:paragraph --><\/p>\n<p>Por exemplo, aqui est\u00e3o alguns nomes de animais com h\u00edfen: bem\u00ad\u2212te\u00ad\u2212vi, peixe\u00ad\u2212espada, peixe\u00ad\u2212do\u00ad\u2212para\u00edso, mico\u00ad\u2212le\u00e3o\u00ad\u2212dourado, andorinha\u00ad\u2212da\u00ad\u2212serra e lebre\u00ad\u2212da\u00ad\u2212patag\u00f4nia.<\/p>\n<p><!-- \/wp:paragraph --><\/p>\n<p><!-- wp:paragraph --><\/p>\n<p>Ap\u00f3s ver essa informa\u00e7\u00e3o, portanto, voc\u00ea deve ter percebido que a quantidade de nomes de animais com h\u00edfen \u00e9 absurda. Porque, afinal, se \u00e9 um nome composto, tem que meter o h\u00edfen nele. \ud83d\ude2c<\/p>\n<p><!-- \/wp:paragraph --><\/p>\n<p><!-- wp:heading {\"textColor\":\"vivid-purple\"} --><\/p>\n<h2 class=\"wp-block-heading has-vivid-purple-color has-text-color\"><strong>Como consultar se tem h\u00edfen nos nomes de animais?<\/strong><\/h2>\n<p><!-- \/wp:heading --><\/p>\n<p><!-- wp:paragraph --><\/p>\n<p>Se voc\u00ea estiver na d\u00favida, fique \u00e0 vontade para abrir o site do <a href=\"https:\/\/michaelis.uol.com.br\/\" target=\"_blank\" rel=\"noreferrer noopener\"><strong>Michaelis<\/strong><\/a> ou do <a href=\"https:\/\/www.academia.org.br\/nossa-lingua\/busca-no-vocabulario\" target=\"_blank\" rel=\"noreferrer noopener\"><strong>Volp<\/strong><\/a>. Ou, at\u00e9 mesmo, os dois. \ud83e\udd2d<\/p>\n<p><!-- \/wp:paragraph --><\/p>\n<p><!-- wp:paragraph --><\/p>\n<p>Vamos para o exerc\u00edcio!<br \/>Acesse o <a href=\"https:\/\/www.academia.org.br\/nossa-lingua\/busca-no-vocabulario\"><strong>Vol<\/strong><\/a><a href=\"https:\/\/www.academia.org.br\/nossa-lingua\/busca-no-vocabulario\" target=\"_blank\" rel=\"noreferrer noopener\"><strong>p<\/strong><\/a> e digite \u201cmacaco\u201d. Olha s\u00f3 a quantidade de nomes que aparecer\u00e3o!<\/p>\n<p><!-- \/wp:paragraph --><\/p>\n<p><!-- wp:image {\"align\":\"center\",\"id\":3059,\"width\":574,\"height\":610,\"sizeSlug\":\"full\",\"linkDestination\":\"none\"} --><\/p>\n<figure class=\"wp-block-image aligncenter size-full is-resized\"><img fetchpriority=\"high\" decoding=\"async\" class=\"wp-image-3059\" src=\"https:\/\/monicaguerretta.com\/qualeocerto\/wp-content\/uploads\/2023\/07\/hifens-em-nomes-de-animais-macaco.png\" alt=\"hifens em nomes de animais - macaco\" width=\"574\" height=\"610\" srcset=\"https:\/\/monicaguerretta.com\/qualeocerto\/wp-content\/uploads\/2023\/07\/hifens-em-nomes-de-animais-macaco.png 833w, https:\/\/monicaguerretta.com\/qualeocerto\/wp-content\/uploads\/2023\/07\/hifens-em-nomes-de-animais-macaco-282x300.png 282w, https:\/\/monicaguerretta.com\/qualeocerto\/wp-content\/uploads\/2023\/07\/hifens-em-nomes-de-animais-macaco-768x816.png 768w\" sizes=\"(max-width: 574px) 100vw, 574px\" \/>\n<p>\u00a0<\/p>\n<figcaption class=\"wp-element-caption\">E a lista continua, viu! N\u00e3o coube tudo em uma s\u00f3 imagem.<\/figcaption>\n<\/figure>\n<p><!-- \/wp:image --><\/p>\n<p><!-- wp:paragraph --><\/p>\n<p>Voc\u00ea viu s\u00f3 quantos nomes de macaquinhos devem ser escritos com h\u00edfen?!<\/p>\n<p><!-- \/wp:paragraph --><\/p>\n<p><!-- wp:paragraph --><\/p>\n<p>Dessa forma, est\u00e1 f\u00e1cil concluir que: sim, se o animal tem um nome composto, voc\u00ea precisa escrever esse nome com h\u00edfen.<\/p>\n<p><!-- \/wp:paragraph --><\/p>\n<p><!-- wp:heading {\"textColor\":\"vivid-purple\"} --><\/p>\n<h2 class=\"wp-block-heading has-vivid-purple-color has-text-color\"><strong>Mas s\u00e3o todos os nomes compostos mesmo?<\/strong><\/h2>\n<p><!-- \/wp:heading --><\/p>\n<p><!-- wp:paragraph --><\/p>\n<p>Se voc\u00ea quiser fazer um teste com outros nomes, fique \u00e0 vontade!<\/p>\n<p><!-- \/wp:paragraph --><\/p>\n<p><!-- wp:paragraph --><\/p>\n<p>\u2014 Ser\u00e1 que a <a href=\"https:\/\/michaelis.uol.com.br\/moderno-portugues\/busca\/portugues-brasileiro\/on%C3%A7a-pintada\/\" target=\"_blank\" rel=\"noreferrer noopener\"><strong>on\u00e7a-pintada<\/strong><\/a> tem h\u00edfen?<br \/>\u2014 Sim, tem!<\/p>\n<p><!-- \/wp:paragraph --><\/p>\n<p><!-- wp:image {\"align\":\"center\",\"id\":3061,\"width\":539,\"height\":196,\"sizeSlug\":\"full\",\"linkDestination\":\"none\"} --><\/p>\n<figure class=\"wp-block-image aligncenter size-full is-resized\"><img decoding=\"async\" class=\"wp-image-3061\" src=\"https:\/\/monicaguerretta.com\/qualeocerto\/wp-content\/uploads\/2023\/07\/onca-pintada-tem-hifen.png\" alt=\"on\u00e7a pintada tem hifen\" width=\"539\" height=\"196\" srcset=\"https:\/\/monicaguerretta.com\/qualeocerto\/wp-content\/uploads\/2023\/07\/onca-pintada-tem-hifen.png 623w, https:\/\/monicaguerretta.com\/qualeocerto\/wp-content\/uploads\/2023\/07\/onca-pintada-tem-hifen-300x109.png 300w\" sizes=\"(max-width: 539px) 100vw, 539px\" \/>\n<figcaption class=\"wp-element-caption\">Refer\u00eancia: Michaelis<\/figcaption>\n<\/figure>\n<p><!-- \/wp:image --><\/p>\n<p><!-- wp:paragraph --><\/p>\n<p>\u2014 E <a href=\"https:\/\/michaelis.uol.com.br\/moderno-portugues\/busca\/portugues-brasileiro\/tubar%C3%A3o-martelo\/\" target=\"_blank\" rel=\"noreferrer noopener\"><strong>tubar\u00e3o-martelo<\/strong><\/a>? Tem h\u00edfen?<br \/>\u2014 Tem!<\/p>\n<p><!-- \/wp:paragraph --><\/p>\n<p><!-- wp:image {\"align\":\"center\",\"id\":3054,\"width\":336,\"height\":130,\"sizeSlug\":\"full\",\"linkDestination\":\"none\"} --><\/p>\n<figure class=\"wp-block-image aligncenter size-full is-resized\"><img decoding=\"async\" class=\"wp-image-3054\" src=\"https:\/\/monicaguerretta.com\/qualeocerto\/wp-content\/uploads\/2023\/07\/tubarao-martelo-tem-hifen.png\" alt=\"tubarao martelo tem hifen\" width=\"336\" height=\"130\" srcset=\"https:\/\/monicaguerretta.com\/qualeocerto\/wp-content\/uploads\/2023\/07\/tubarao-martelo-tem-hifen.png 408w, https:\/\/monicaguerretta.com\/qualeocerto\/wp-content\/uploads\/2023\/07\/tubarao-martelo-tem-hifen-300x116.png 300w\" sizes=\"(max-width: 336px) 100vw, 336px\" \/>\n<figcaption class=\"wp-element-caption\">Refer\u00eancia: Michaelis<\/figcaption>\n<\/figure>\n<p><!-- \/wp:image --><\/p>\n<p><!-- wp:paragraph --><\/p>\n<p>\u2014 <a href=\"https:\/\/michaelis.uol.com.br\/moderno-portugues\/busca\/portugues-brasileiro\/bicho-pregui%C3%A7a\/\" target=\"_blank\" rel=\"noreferrer noopener\"><strong>Bicho-pregui\u00e7a<\/strong><\/a> tem h\u00edfen?<br \/>\u2014 Tem tamb\u00e9m!<\/p>\n<p><!-- \/wp:paragraph --><\/p>\n<p><!-- wp:image {\"align\":\"center\",\"id\":3058,\"width\":340,\"height\":132,\"sizeSlug\":\"full\",\"linkDestination\":\"none\"} --><\/p>\n<figure class=\"wp-block-image aligncenter size-full is-resized\"><img loading=\"lazy\" decoding=\"async\" class=\"wp-image-3058\" src=\"https:\/\/monicaguerretta.com\/qualeocerto\/wp-content\/uploads\/2023\/07\/bicho-preguica-tem-hifen.png\" alt=\"bicho pregui\u00e7a tem hifen\" width=\"340\" height=\"132\" srcset=\"https:\/\/monicaguerretta.com\/qualeocerto\/wp-content\/uploads\/2023\/07\/bicho-preguica-tem-hifen.png 408w, https:\/\/monicaguerretta.com\/qualeocerto\/wp-content\/uploads\/2023\/07\/bicho-preguica-tem-hifen-300x116.png 300w\" sizes=\"(max-width: 340px) 100vw, 340px\" \/>\n<figcaption class=\"wp-element-caption\">Refer\u00eancia: Michaelis<\/figcaption>\n<\/figure>\n<p><!-- \/wp:image --><\/p>\n<p><!-- wp:paragraph --><\/p>\n<p>\u2014 <a href=\"https:\/\/michaelis.uol.com.br\/moderno-portugues\/busca\/portugues-brasileiro\/tucano-de-bico-preto\/\" target=\"_blank\" rel=\"noreferrer noopener\"><strong>Tucano-de-bico-preto<\/strong><\/a> tem h\u00edfen? Ah, esse n\u00e3o deve ter, n\u00e9?!<br \/>\u2014 Siiiiiim, tem!<\/p>\n<p><!-- \/wp:paragraph --><\/p>\n<p><!-- wp:image {\"align\":\"center\",\"id\":3055,\"width\":497,\"height\":162,\"sizeSlug\":\"full\",\"linkDestination\":\"none\"} --><\/p>\n<figure class=\"wp-block-image aligncenter size-full is-resized\"><img loading=\"lazy\" decoding=\"async\" class=\"wp-image-3055\" src=\"https:\/\/monicaguerretta.com\/qualeocerto\/wp-content\/uploads\/2023\/07\/tucano-de-bico-preto-tem-hifen.png\" alt=\"tucano de bico preto tem hifen\" width=\"497\" height=\"162\" srcset=\"https:\/\/monicaguerretta.com\/qualeocerto\/wp-content\/uploads\/2023\/07\/tucano-de-bico-preto-tem-hifen.png 635w, https:\/\/monicaguerretta.com\/qualeocerto\/wp-content\/uploads\/2023\/07\/tucano-de-bico-preto-tem-hifen-300x98.png 300w\" sizes=\"(max-width: 497px) 100vw, 497px\" \/>\n<figcaption class=\"wp-element-caption\">Refer\u00eancia: Michaelis<\/figcaption>\n<\/figure>\n<p><!-- \/wp:image --><\/p>\n<p><!-- wp:paragraph --><\/p>\n<p>\u2014 <a href=\"https:\/\/michaelis.uol.com.br\/moderno-portugues\/busca\/portugues-brasileiro\/arara-azul\/\" target=\"_blank\" rel=\"noreferrer noopener\"><strong>Arara-azul<\/strong><\/a>? Tem h\u00edfen?<br \/>\u2014 Teeeeem!<\/p>\n<p><!-- \/wp:paragraph --><\/p>\n<p><!-- wp:image {\"align\":\"center\",\"id\":3056,\"width\":545,\"height\":177,\"sizeSlug\":\"full\",\"linkDestination\":\"none\"} --><\/p>\n<figure class=\"wp-block-image aligncenter size-full is-resized\"><img loading=\"lazy\" decoding=\"async\" class=\"wp-image-3056\" src=\"https:\/\/monicaguerretta.com\/qualeocerto\/wp-content\/uploads\/2023\/07\/arara-azul-tem-hifen.png\" alt=\"\" width=\"545\" height=\"177\" srcset=\"https:\/\/monicaguerretta.com\/qualeocerto\/wp-content\/uploads\/2023\/07\/arara-azul-tem-hifen.png 635w, https:\/\/monicaguerretta.com\/qualeocerto\/wp-content\/uploads\/2023\/07\/arara-azul-tem-hifen-300x98.png 300w\" sizes=\"(max-width: 545px) 100vw, 545px\" \/>\n<figcaption class=\"wp-element-caption\">Refer\u00eancia: Michaelis<\/figcaption>\n<\/figure>\n<p><!-- \/wp:image --><\/p>\n<p><!-- wp:paragraph --><\/p>\n<p>\u2014 Ent\u00e3o <a href=\"https:\/\/michaelis.uol.com.br\/moderno-portugues\/busca\/portugues-brasileiro\/macaco-prego-do-peito-amarelo\/\" target=\"_blank\" rel=\"noreferrer noopener\"><strong>macaco-prego-do-peito-amarelo<\/strong><\/a> tamb\u00e9m tem h\u00edfen?<br \/>\u2014 Tem, gente!<\/p>\n<p><!-- \/wp:paragraph --><\/p>\n<p><!-- wp:image {\"align\":\"center\",\"id\":3060,\"width\":498,\"height\":171,\"sizeSlug\":\"full\",\"linkDestination\":\"none\"} --><\/p>\n<figure class=\"wp-block-image aligncenter size-full is-resized\"><img loading=\"lazy\" decoding=\"async\" class=\"wp-image-3060\" src=\"https:\/\/monicaguerretta.com\/qualeocerto\/wp-content\/uploads\/2023\/07\/macaco-prego-do-peito-amarelo-tem-hifen.png\" alt=\"macaco prego do peito amarelo tem hifen\" width=\"498\" height=\"171\" srcset=\"https:\/\/monicaguerretta.com\/qualeocerto\/wp-content\/uploads\/2023\/07\/macaco-prego-do-peito-amarelo-tem-hifen.png 620w, https:\/\/monicaguerretta.com\/qualeocerto\/wp-content\/uploads\/2023\/07\/macaco-prego-do-peito-amarelo-tem-hifen-300x103.png 300w\" sizes=\"(max-width: 498px) 100vw, 498px\" \/>\n<figcaption class=\"wp-element-caption\">Refer\u00eancia: Michaelis<\/figcaption>\n<\/figure>\n<p><!-- \/wp:image --><\/p>\n<p><!-- wp:paragraph --><\/p>\n<p>S\u00e9rio, realmente s\u00e3o todos os nomes compostos de animais que devem ser escritos com h\u00edfen, est\u00e1 bem?\u00a0Todos mesmo, sem exce\u00e7\u00f5es.<\/p>\n<p><!-- \/wp:paragraph --><\/p>\n<p><!-- wp:paragraph --><\/p>\n<p>E acredite: at\u00e9 o <a href=\"https:\/\/michaelis.uol.com.br\/moderno-portugues\/busca\/portugues-brasileiro\/bicho-pap%C3%A3o\/\" target=\"_blank\" rel=\"noreferrer noopener\"><strong>bicho-pap\u00e3o<\/strong><\/a> tem h\u00edfen! \ud83d\ude04<\/p>\n<p><!-- \/wp:paragraph --><\/p>\n<p><!-- wp:image {\"align\":\"center\",\"id\":3057,\"width\":294,\"height\":114,\"sizeSlug\":\"full\",\"linkDestination\":\"none\"} --><\/p>\n<figure class=\"wp-block-image aligncenter size-full is-resized\"><img loading=\"lazy\" decoding=\"async\" class=\"wp-image-3057\" src=\"https:\/\/monicaguerretta.com\/qualeocerto\/wp-content\/uploads\/2023\/07\/bicho-papao-tem-hifen.png\" alt=\"bicho papao tem hifen\" width=\"294\" height=\"114\" srcset=\"https:\/\/monicaguerretta.com\/qualeocerto\/wp-content\/uploads\/2023\/07\/bicho-papao-tem-hifen.png 408w, https:\/\/monicaguerretta.com\/qualeocerto\/wp-content\/uploads\/2023\/07\/bicho-papao-tem-hifen-300x116.png 300w\" sizes=\"(max-width: 294px) 100vw, 294px\" \/>\n<figcaption class=\"wp-element-caption\">Refer\u00eancia: Michaelis<\/figcaption>\n<\/figure>\n<p><!-- \/wp:image --><\/p>\n<p><!-- wp:paragraph --><\/p>\n<p>Enfim, para concluir este conte\u00fado, eu trouxe uma <strong><mark class=\"has-inline-color has-vivid-purple-color\" style=\"background-color: rgba(0, 0, 0, 0);\">curiosidade extra<\/mark><\/strong>:<br \/>Sabia que o plural <strong><mark class=\"has-inline-color has-vivid-purple-color\" style=\"background-color: rgba(0, 0, 0, 0);\">hifens<\/mark><\/strong> n\u00e3o tem acento? \ud83e\udd2f<br \/>Pois \u00e9, h\u00edfen tem, mas <strong><mark class=\"has-inline-color has-vivid-purple-color\" style=\"background-color: rgba(0, 0, 0, 0);\">hifens<\/mark><\/strong> n\u00e3o. A vers\u00e3o plural que tem acento \u00e9 <strong><mark class=\"has-inline-color has-vivid-purple-color\" style=\"background-color: rgba(0, 0, 0, 0);\">h\u00edfenes<\/mark><\/strong>.<\/p>\n<p><!-- \/wp:paragraph --><\/p>\n<p><!-- wp:paragraph --><\/p>\n<p>Que loucura, n\u00e9?!<\/p>\n<p><!-- \/wp:paragraph --><\/p>\t\t\t\t\t\t\t\t<\/div>\n\t\t\t\t<\/div>\n\t\t\t\t\t<\/div>\n\t\t<\/div>\n\t\t\t\t\t<\/div>\n\t\t<\/section>\n\t\t\t\t<section class=\"elementor-section elementor-top-section elementor-element elementor-element-1605ff7 elementor-section-boxed elementor-section-height-default elementor-section-height-default\" data-id=\"1605ff7\" data-element_type=\"section\">\n\t\t\t\t\t\t<div class=\"elementor-container elementor-column-gap-default\">\n\t\t\t\t\t<div class=\"elementor-column elementor-col-33 elementor-top-column elementor-element elementor-element-10da2a8\" data-id=\"10da2a8\" data-element_type=\"column\">\n\t\t\t<div class=\"elementor-widget-wrap elementor-element-populated\">\n\t\t\t\t\t\t<div class=\"elementor-element elementor-element-58a84ff elementor-invisible elementor-widget elementor-widget-image\" data-id=\"58a84ff\" data-element_type=\"widget\" data-settings=\"{&quot;_animation&quot;:&quot;slideInLeft&quot;}\" data-widget_type=\"image.default\">\n\t\t\t\t<div class=\"elementor-widget-container\">\n\t\t\t\t\t\t\t\t\t\t\t\t\t\t\t<img loading=\"lazy\" decoding=\"async\" width=\"681\" height=\"1024\" src=\"https:\/\/monicaguerretta.com\/qualeocerto\/wp-content\/uploads\/2022\/07\/Monica-Guerretta-Qual-e-o-certo-681x1024.jpg\" class=\"attachment-large size-large wp-image-1980\" alt=\"M\u00f4nica-Guerretta-Qual-\u00e9-o-certo\" srcset=\"https:\/\/monicaguerretta.com\/qualeocerto\/wp-content\/uploads\/2022\/07\/Monica-Guerretta-Qual-e-o-certo-681x1024.jpg 681w, https:\/\/monicaguerretta.com\/qualeocerto\/wp-content\/uploads\/2022\/07\/Monica-Guerretta-Qual-e-o-certo-200x300.jpg 200w, https:\/\/monicaguerretta.com\/qualeocerto\/wp-content\/uploads\/2022\/07\/Monica-Guerretta-Qual-e-o-certo-768x1155.jpg 768w, https:\/\/monicaguerretta.com\/qualeocerto\/wp-content\/uploads\/2022\/07\/Monica-Guerretta-Qual-e-o-certo-1022x1536.jpg 1022w, https:\/\/monicaguerretta.com\/qualeocerto\/wp-content\/uploads\/2022\/07\/Monica-Guerretta-Qual-e-o-certo-1362x2048.jpg 1362w, https:\/\/monicaguerretta.com\/qualeocerto\/wp-content\/uploads\/2022\/07\/Monica-Guerretta-Qual-e-o-certo-scaled.jpg 1703w\" sizes=\"(max-width: 681px) 100vw, 681px\" \/>\t\t\t\t\t\t\t\t\t\t\t\t\t\t\t<\/div>\n\t\t\t\t<\/div>\n\t\t\t\t\t<\/div>\n\t\t<\/div>\n\t\t\t\t<div class=\"elementor-column elementor-col-66 elementor-top-column elementor-element elementor-element-9a6ebfd\" data-id=\"9a6ebfd\" data-element_type=\"column\">\n\t\t\t<div class=\"elementor-widget-wrap elementor-element-populated\">\n\t\t\t\t\t\t<div class=\"elementor-element elementor-element-48b2cbc elementor-invisible elementor-widget elementor-widget-text-editor\" data-id=\"48b2cbc\" data-element_type=\"widget\" data-settings=\"{&quot;_animation&quot;:&quot;slideInRight&quot;}\" data-widget_type=\"text-editor.default\">\n\t\t\t\t<div class=\"elementor-widget-container\">\n\t\t\t\t\t\t\t\t\t<p><b>E a\u00ed, consegui ajudar voc\u00ea a se entender um pouquinho melhor com o uso do h\u00edfen?<br \/><\/b><span style=\"font-weight: 400;\">Ent\u00e3o apoie o Qual \u00e9 o certo?, por favorzinho. <img decoding=\"async\" class=\"emoji\" role=\"img\" draggable=\"false\" src=\"https:\/\/s.w.org\/images\/core\/emoji\/14.0.0\/svg\/1f499.svg\" alt=\"\ud83d\udc99\" \/><br \/><\/span><span style=\"font-weight: 400;\"><img decoding=\"async\" class=\"emoji\" role=\"img\" draggable=\"false\" src=\"https:\/\/s.w.org\/images\/core\/emoji\/14.0.0\/svg\/2705.svg\" alt=\"\u2705\" \/> <\/span><a href=\"https:\/\/www.youtube.com\/c\/qualeocerto\" target=\"_blank\" rel=\"noopener\"><span style=\"font-weight: 400;\">Inscreva-se no canal do YouTube<\/span><\/a><br \/><span style=\"font-weight: 400;\"><img decoding=\"async\" class=\"emoji\" role=\"img\" draggable=\"false\" src=\"https:\/\/s.w.org\/images\/core\/emoji\/14.0.0\/svg\/2705.svg\" alt=\"\u2705\" \/> <\/span><a href=\"https:\/\/www.instagram.com\/qualeocerto\/\" target=\"_blank\" rel=\"noopener\"><span style=\"font-weight: 400;\">Siga no Instagram<\/span><\/a><br \/><span style=\"font-weight: 400;\"><img decoding=\"async\" class=\"emoji\" role=\"img\" draggable=\"false\" src=\"https:\/\/s.w.org\/images\/core\/emoji\/14.0.0\/svg\/2705.svg\" alt=\"\u2705\" \/> <\/span><a href=\"https:\/\/www.linkedin.com\/in\/monicaguerretta\/\"><span style=\"font-weight: 400;\">Acompanhe no LinkedIn<\/span><\/a><br \/><span style=\"font-weight: 400;\"><img decoding=\"async\" class=\"emoji\" role=\"img\" draggable=\"false\" src=\"https:\/\/s.w.org\/images\/core\/emoji\/14.0.0\/svg\/2705.svg\" alt=\"\u2705\" \/> <\/span><a href=\"https:\/\/monicaguerretta.com\/qualeocerto\/vamos-conversar\/\" target=\"_blank\" rel=\"noopener\"><span style=\"font-weight: 400;\">Pague um cafezinho para mim<\/span><\/a><br \/><span style=\"font-weight: 400;\"><img decoding=\"async\" class=\"emoji\" role=\"img\" draggable=\"false\" src=\"https:\/\/s.w.org\/images\/core\/emoji\/14.0.0\/svg\/2705.svg\" alt=\"\u2705\" \/> Compartilhe este conte\u00fado <\/span><\/p>\t\t\t\t\t\t\t\t<\/div>\n\t\t\t\t<\/div>\n\t\t\t\t\t<\/div>\n\t\t<\/div>\n\t\t\t\t\t<\/div>\n\t\t<\/section>\n\t\t\t\t<\/div>\n\t\t","protected":false},"excerpt":{"rendered":"<p>Voc\u00ea sabia que todos os nomes de animais que possuem dois ou mais elementos devem ser&hellip;<\/p>\n","protected":false},"author":2,"featured_media":3053,"comment_status":"open","ping_status":"open","sticky":false,"template":"","format":"standard","meta":{"_exactmetrics_skip_tracking":false,"_exactmetrics_sitenote_active":false,"_exactmetrics_sitenote_note":"","_exactmetrics_sitenote_category":0,"footnotes":""},"categories":[184,291],"tags":[348,163],"class_list":["post-3052","post","type-post","status-publish","format-standard","has-post-thumbnail","hentry","category-hifen","category-portugues","tag-hifen-em-nomes-de-animais","tag-tem-hifen"],"yoast_head":"<!-- This site is optimized with the Yoast SEO plugin v28.4 - https:\/\/yoast.com\/product\/yoast-seo-wordpress\/ -->\n<title>Tem h\u00edfen em nomes de animais? Quando usar? &#187; Qual \u00e9 o certo?<\/title>\n<meta name=\"description\" content=\"Voc\u00ea se perde bastante quando o assunto \u00e9 h\u00edfen em nomes de animais? Pois depois desta explica\u00e7\u00e3o voc\u00ea nunca mais vai errar!\" \/>\n<meta name=\"robots\" content=\"index, follow, max-snippet:-1, max-image-preview:large, max-video-preview:-1\" \/>\n<link rel=\"canonical\" href=\"https:\/\/monicaguerretta.com\/qualeocerto\/tem-hifen-em-nomes-de-animais\/\" \/>\n<meta property=\"og:locale\" content=\"pt_BR\" \/>\n<meta property=\"og:type\" content=\"article\" \/>\n<meta property=\"og:title\" content=\"Tem h\u00edfen em nomes de animais? Quando usar? &#187; Qual \u00e9 o certo?\" \/>\n<meta property=\"og:description\" content=\"Voc\u00ea se perde bastante quando o assunto \u00e9 h\u00edfen em nomes de animais? Pois depois desta explica\u00e7\u00e3o voc\u00ea nunca mais vai errar!\" \/>\n<meta property=\"og:url\" content=\"https:\/\/monicaguerretta.com\/qualeocerto\/tem-hifen-em-nomes-de-animais\/\" \/>\n<meta property=\"og:site_name\" content=\"Qual \u00e9 o certo?\" \/>\n<meta property=\"article:publisher\" content=\"https:\/\/www.facebook.com\/qualeocerto\" \/>\n<meta property=\"article:published_time\" content=\"2020-11-13T20:18:00+00:00\" \/>\n<meta property=\"article:modified_time\" content=\"2023-07-17T12:55:56+00:00\" \/>\n<meta property=\"og:image\" content=\"https:\/\/monicaguerretta.com\/qualeocerto\/wp-content\/uploads\/2023\/07\/tem-hifen-em-nomes-de-animais-qual-e-o-certo.png\" \/>\n\t<meta property=\"og:image:width\" content=\"1080\" \/>\n\t<meta property=\"og:image:height\" content=\"1081\" \/>\n\t<meta property=\"og:image:type\" content=\"image\/png\" \/>\n<meta name=\"author\" content=\"M\u00f4nica Guerretta\" \/>\n<meta name=\"twitter:card\" content=\"summary_large_image\" \/>\n<meta name=\"twitter:label1\" content=\"Escrito por\" \/>\n\t<meta name=\"twitter:data1\" content=\"M\u00f4nica Guerretta\" \/>\n\t<meta name=\"twitter:label2\" content=\"Est. tempo de leitura\" \/>\n\t<meta name=\"twitter:data2\" content=\"6 minutos\" \/>\n<script type=\"application\/ld+json\" class=\"yoast-schema-graph\">{\"@context\":\"https:\\\/\\\/schema.org\",\"@graph\":[{\"@type\":\"Article\",\"@id\":\"https:\\\/\\\/monicaguerretta.com\\\/qualeocerto\\\/tem-hifen-em-nomes-de-animais\\\/#article\",\"isPartOf\":{\"@id\":\"https:\\\/\\\/monicaguerretta.com\\\/qualeocerto\\\/tem-hifen-em-nomes-de-animais\\\/\"},\"author\":{\"name\":\"M\u00f4nica Guerretta\",\"@id\":\"https:\\\/\\\/monicaguerretta.com\\\/qualeocerto\\\/#\\\/schema\\\/person\\\/118874294430cb7c9b1bc5523f63cbf4\"},\"headline\":\"Tem h\u00edfen em nomes de animais? Quando usar?\",\"datePublished\":\"2020-11-13T20:18:00+00:00\",\"dateModified\":\"2023-07-17T12:55:56+00:00\",\"mainEntityOfPage\":{\"@id\":\"https:\\\/\\\/monicaguerretta.com\\\/qualeocerto\\\/tem-hifen-em-nomes-de-animais\\\/\"},\"wordCount\":620,\"commentCount\":0,\"publisher\":{\"@id\":\"https:\\\/\\\/monicaguerretta.com\\\/qualeocerto\\\/#organization\"},\"image\":{\"@id\":\"https:\\\/\\\/monicaguerretta.com\\\/qualeocerto\\\/tem-hifen-em-nomes-de-animais\\\/#primaryimage\"},\"thumbnailUrl\":\"https:\\\/\\\/monicaguerretta.com\\\/qualeocerto\\\/wp-content\\\/uploads\\\/2023\\\/07\\\/tem-hifen-em-nomes-de-animais-qual-e-o-certo.png\",\"keywords\":[\"h\u00edfen em nomes de animais\",\"tem h\u00edfen\"],\"articleSection\":[\"H\u00edfen\",\"Portugu\u00eas\"],\"inLanguage\":\"pt-BR\",\"potentialAction\":[{\"@type\":\"CommentAction\",\"name\":\"Comment\",\"target\":[\"https:\\\/\\\/monicaguerretta.com\\\/qualeocerto\\\/tem-hifen-em-nomes-de-animais\\\/#respond\"]}]},{\"@type\":\"WebPage\",\"@id\":\"https:\\\/\\\/monicaguerretta.com\\\/qualeocerto\\\/tem-hifen-em-nomes-de-animais\\\/\",\"url\":\"https:\\\/\\\/monicaguerretta.com\\\/qualeocerto\\\/tem-hifen-em-nomes-de-animais\\\/\",\"name\":\"Tem h\u00edfen em nomes de animais? Quando usar? &#187; Qual \u00e9 o certo?\",\"isPartOf\":{\"@id\":\"https:\\\/\\\/monicaguerretta.com\\\/qualeocerto\\\/#website\"},\"primaryImageOfPage\":{\"@id\":\"https:\\\/\\\/monicaguerretta.com\\\/qualeocerto\\\/tem-hifen-em-nomes-de-animais\\\/#primaryimage\"},\"image\":{\"@id\":\"https:\\\/\\\/monicaguerretta.com\\\/qualeocerto\\\/tem-hifen-em-nomes-de-animais\\\/#primaryimage\"},\"thumbnailUrl\":\"https:\\\/\\\/monicaguerretta.com\\\/qualeocerto\\\/wp-content\\\/uploads\\\/2023\\\/07\\\/tem-hifen-em-nomes-de-animais-qual-e-o-certo.png\",\"datePublished\":\"2020-11-13T20:18:00+00:00\",\"dateModified\":\"2023-07-17T12:55:56+00:00\",\"description\":\"Voc\u00ea se perde bastante quando o assunto \u00e9 h\u00edfen em nomes de animais? Pois depois desta explica\u00e7\u00e3o voc\u00ea nunca mais vai errar!\",\"breadcrumb\":{\"@id\":\"https:\\\/\\\/monicaguerretta.com\\\/qualeocerto\\\/tem-hifen-em-nomes-de-animais\\\/#breadcrumb\"},\"inLanguage\":\"pt-BR\",\"potentialAction\":[{\"@type\":\"ReadAction\",\"target\":[\"https:\\\/\\\/monicaguerretta.com\\\/qualeocerto\\\/tem-hifen-em-nomes-de-animais\\\/\"]}]},{\"@type\":\"ImageObject\",\"inLanguage\":\"pt-BR\",\"@id\":\"https:\\\/\\\/monicaguerretta.com\\\/qualeocerto\\\/tem-hifen-em-nomes-de-animais\\\/#primaryimage\",\"url\":\"https:\\\/\\\/monicaguerretta.com\\\/qualeocerto\\\/wp-content\\\/uploads\\\/2023\\\/07\\\/tem-hifen-em-nomes-de-animais-qual-e-o-certo.png\",\"contentUrl\":\"https:\\\/\\\/monicaguerretta.com\\\/qualeocerto\\\/wp-content\\\/uploads\\\/2023\\\/07\\\/tem-hifen-em-nomes-de-animais-qual-e-o-certo.png\",\"width\":1080,\"height\":1081,\"caption\":\"tem h\u00edfen em nomes de animais - qual \u00e9 o certo\"},{\"@type\":\"BreadcrumbList\",\"@id\":\"https:\\\/\\\/monicaguerretta.com\\\/qualeocerto\\\/tem-hifen-em-nomes-de-animais\\\/#breadcrumb\",\"itemListElement\":[{\"@type\":\"ListItem\",\"position\":1,\"name\":\"In\u00edcio\",\"item\":\"https:\\\/\\\/monicaguerretta.com\\\/qualeocerto\\\/\"},{\"@type\":\"ListItem\",\"position\":2,\"name\":\"Tem h\u00edfen em nomes de animais? Quando usar?\"}]},{\"@type\":\"WebSite\",\"@id\":\"https:\\\/\\\/monicaguerretta.com\\\/qualeocerto\\\/#website\",\"url\":\"https:\\\/\\\/monicaguerretta.com\\\/qualeocerto\\\/\",\"name\":\"Qual \u00e9 o Certo?\",\"description\":\"M\u00f4nica Guerretta | Redatora publicit\u00e1ria | Copywriting - UX Writing\",\"publisher\":{\"@id\":\"https:\\\/\\\/monicaguerretta.com\\\/qualeocerto\\\/#organization\"},\"potentialAction\":[{\"@type\":\"SearchAction\",\"target\":{\"@type\":\"EntryPoint\",\"urlTemplate\":\"https:\\\/\\\/monicaguerretta.com\\\/qualeocerto\\\/?s={search_term_string}\"},\"query-input\":{\"@type\":\"PropertyValueSpecification\",\"valueRequired\":true,\"valueName\":\"search_term_string\"}}],\"inLanguage\":\"pt-BR\"},{\"@type\":\"Organization\",\"@id\":\"https:\\\/\\\/monicaguerretta.com\\\/qualeocerto\\\/#organization\",\"name\":\"Qual \u00e9 o certo?\",\"url\":\"https:\\\/\\\/monicaguerretta.com\\\/qualeocerto\\\/\",\"logo\":{\"@type\":\"ImageObject\",\"inLanguage\":\"pt-BR\",\"@id\":\"https:\\\/\\\/monicaguerretta.com\\\/qualeocerto\\\/#\\\/schema\\\/logo\\\/image\\\/\",\"url\":\"https:\\\/\\\/monicaguerretta.com\\\/qualeocerto\\\/wp-content\\\/uploads\\\/2022\\\/08\\\/marca-quale.png\",\"contentUrl\":\"https:\\\/\\\/monicaguerretta.com\\\/qualeocerto\\\/wp-content\\\/uploads\\\/2022\\\/08\\\/marca-quale.png\",\"width\":592,\"height\":315,\"caption\":\"Qual \u00e9 o certo?\"},\"image\":{\"@id\":\"https:\\\/\\\/monicaguerretta.com\\\/qualeocerto\\\/#\\\/schema\\\/logo\\\/image\\\/\"},\"sameAs\":[\"https:\\\/\\\/www.facebook.com\\\/qualeocerto\",\"https:\\\/\\\/www.instagram.com\\\/qualeocerto\\\/\",\"https:\\\/\\\/www.youtube.com\\\/c\\\/qualeocerto\"]},{\"@type\":\"Person\",\"@id\":\"https:\\\/\\\/monicaguerretta.com\\\/qualeocerto\\\/#\\\/schema\\\/person\\\/118874294430cb7c9b1bc5523f63cbf4\",\"name\":\"M\u00f4nica Guerretta\",\"image\":{\"@type\":\"ImageObject\",\"inLanguage\":\"pt-BR\",\"@id\":\"https:\\\/\\\/secure.gravatar.com\\\/avatar\\\/cc0028ec5e6e39e7cd7e61c0fa6158a6d7f1edc39c4f536d768ad95ee3e26a8a?s=96&d=mm&r=g\",\"url\":\"https:\\\/\\\/secure.gravatar.com\\\/avatar\\\/cc0028ec5e6e39e7cd7e61c0fa6158a6d7f1edc39c4f536d768ad95ee3e26a8a?s=96&d=mm&r=g\",\"contentUrl\":\"https:\\\/\\\/secure.gravatar.com\\\/avatar\\\/cc0028ec5e6e39e7cd7e61c0fa6158a6d7f1edc39c4f536d768ad95ee3e26a8a?s=96&d=mm&r=g\",\"caption\":\"M\u00f4nica Guerretta\"}}]}<\/script>\n<!-- \/ Yoast SEO plugin. -->","yoast_head_json":{"title":"Tem h\u00edfen em nomes de animais? Quando usar? &#187; Qual \u00e9 o certo?","description":"Voc\u00ea se perde bastante quando o assunto \u00e9 h\u00edfen em nomes de animais? Pois depois desta explica\u00e7\u00e3o voc\u00ea nunca mais vai errar!","robots":{"index":"index","follow":"follow","max-snippet":"max-snippet:-1","max-image-preview":"max-image-preview:large","max-video-preview":"max-video-preview:-1"},"canonical":"https:\/\/monicaguerretta.com\/qualeocerto\/tem-hifen-em-nomes-de-animais\/","og_locale":"pt_BR","og_type":"article","og_title":"Tem h\u00edfen em nomes de animais? Quando usar? &#187; Qual \u00e9 o certo?","og_description":"Voc\u00ea se perde bastante quando o assunto \u00e9 h\u00edfen em nomes de animais? Pois depois desta explica\u00e7\u00e3o voc\u00ea nunca mais vai errar!","og_url":"https:\/\/monicaguerretta.com\/qualeocerto\/tem-hifen-em-nomes-de-animais\/","og_site_name":"Qual \u00e9 o certo?","article_publisher":"https:\/\/www.facebook.com\/qualeocerto","article_published_time":"2020-11-13T20:18:00+00:00","article_modified_time":"2023-07-17T12:55:56+00:00","og_image":[{"width":1080,"height":1081,"url":"https:\/\/monicaguerretta.com\/qualeocerto\/wp-content\/uploads\/2023\/07\/tem-hifen-em-nomes-de-animais-qual-e-o-certo.png","type":"image\/png"}],"author":"M\u00f4nica Guerretta","twitter_card":"summary_large_image","twitter_misc":{"Escrito por":"M\u00f4nica Guerretta","Est. tempo de leitura":"6 minutos"},"schema":{"@context":"https:\/\/schema.org","@graph":[{"@type":"Article","@id":"https:\/\/monicaguerretta.com\/qualeocerto\/tem-hifen-em-nomes-de-animais\/#article","isPartOf":{"@id":"https:\/\/monicaguerretta.com\/qualeocerto\/tem-hifen-em-nomes-de-animais\/"},"author":{"name":"M\u00f4nica Guerretta","@id":"https:\/\/monicaguerretta.com\/qualeocerto\/#\/schema\/person\/118874294430cb7c9b1bc5523f63cbf4"},"headline":"Tem h\u00edfen em nomes de animais? Quando usar?","datePublished":"2020-11-13T20:18:00+00:00","dateModified":"2023-07-17T12:55:56+00:00","mainEntityOfPage":{"@id":"https:\/\/monicaguerretta.com\/qualeocerto\/tem-hifen-em-nomes-de-animais\/"},"wordCount":620,"commentCount":0,"publisher":{"@id":"https:\/\/monicaguerretta.com\/qualeocerto\/#organization"},"image":{"@id":"https:\/\/monicaguerretta.com\/qualeocerto\/tem-hifen-em-nomes-de-animais\/#primaryimage"},"thumbnailUrl":"https:\/\/monicaguerretta.com\/qualeocerto\/wp-content\/uploads\/2023\/07\/tem-hifen-em-nomes-de-animais-qual-e-o-certo.png","keywords":["h\u00edfen em nomes de animais","tem h\u00edfen"],"articleSection":["H\u00edfen","Portugu\u00eas"],"inLanguage":"pt-BR","potentialAction":[{"@type":"CommentAction","name":"Comment","target":["https:\/\/monicaguerretta.com\/qualeocerto\/tem-hifen-em-nomes-de-animais\/#respond"]}]},{"@type":"WebPage","@id":"https:\/\/monicaguerretta.com\/qualeocerto\/tem-hifen-em-nomes-de-animais\/","url":"https:\/\/monicaguerretta.com\/qualeocerto\/tem-hifen-em-nomes-de-animais\/","name":"Tem h\u00edfen em nomes de animais? Quando usar? &#187; Qual \u00e9 o certo?","isPartOf":{"@id":"https:\/\/monicaguerretta.com\/qualeocerto\/#website"},"primaryImageOfPage":{"@id":"https:\/\/monicaguerretta.com\/qualeocerto\/tem-hifen-em-nomes-de-animais\/#primaryimage"},"image":{"@id":"https:\/\/monicaguerretta.com\/qualeocerto\/tem-hifen-em-nomes-de-animais\/#primaryimage"},"thumbnailUrl":"https:\/\/monicaguerretta.com\/qualeocerto\/wp-content\/uploads\/2023\/07\/tem-hifen-em-nomes-de-animais-qual-e-o-certo.png","datePublished":"2020-11-13T20:18:00+00:00","dateModified":"2023-07-17T12:55:56+00:00","description":"Voc\u00ea se perde bastante quando o assunto \u00e9 h\u00edfen em nomes de animais? Pois depois desta explica\u00e7\u00e3o voc\u00ea nunca mais vai errar!","breadcrumb":{"@id":"https:\/\/monicaguerretta.com\/qualeocerto\/tem-hifen-em-nomes-de-animais\/#breadcrumb"},"inLanguage":"pt-BR","potentialAction":[{"@type":"ReadAction","target":["https:\/\/monicaguerretta.com\/qualeocerto\/tem-hifen-em-nomes-de-animais\/"]}]},{"@type":"ImageObject","inLanguage":"pt-BR","@id":"https:\/\/monicaguerretta.com\/qualeocerto\/tem-hifen-em-nomes-de-animais\/#primaryimage","url":"https:\/\/monicaguerretta.com\/qualeocerto\/wp-content\/uploads\/2023\/07\/tem-hifen-em-nomes-de-animais-qual-e-o-certo.png","contentUrl":"https:\/\/monicaguerretta.com\/qualeocerto\/wp-content\/uploads\/2023\/07\/tem-hifen-em-nomes-de-animais-qual-e-o-certo.png","width":1080,"height":1081,"caption":"tem h\u00edfen em nomes de animais - qual \u00e9 o certo"},{"@type":"BreadcrumbList","@id":"https:\/\/monicaguerretta.com\/qualeocerto\/tem-hifen-em-nomes-de-animais\/#breadcrumb","itemListElement":[{"@type":"ListItem","position":1,"name":"In\u00edcio","item":"https:\/\/monicaguerretta.com\/qualeocerto\/"},{"@type":"ListItem","position":2,"name":"Tem h\u00edfen em nomes de animais? Quando usar?"}]},{"@type":"WebSite","@id":"https:\/\/monicaguerretta.com\/qualeocerto\/#website","url":"https:\/\/monicaguerretta.com\/qualeocerto\/","name":"Qual \u00e9 o Certo?","description":"M\u00f4nica Guerretta | Redatora publicit\u00e1ria | Copywriting - UX Writing","publisher":{"@id":"https:\/\/monicaguerretta.com\/qualeocerto\/#organization"},"potentialAction":[{"@type":"SearchAction","target":{"@type":"EntryPoint","urlTemplate":"https:\/\/monicaguerretta.com\/qualeocerto\/?s={search_term_string}"},"query-input":{"@type":"PropertyValueSpecification","valueRequired":true,"valueName":"search_term_string"}}],"inLanguage":"pt-BR"},{"@type":"Organization","@id":"https:\/\/monicaguerretta.com\/qualeocerto\/#organization","name":"Qual \u00e9 o certo?","url":"https:\/\/monicaguerretta.com\/qualeocerto\/","logo":{"@type":"ImageObject","inLanguage":"pt-BR","@id":"https:\/\/monicaguerretta.com\/qualeocerto\/#\/schema\/logo\/image\/","url":"https:\/\/monicaguerretta.com\/qualeocerto\/wp-content\/uploads\/2022\/08\/marca-quale.png","contentUrl":"https:\/\/monicaguerretta.com\/qualeocerto\/wp-content\/uploads\/2022\/08\/marca-quale.png","width":592,"height":315,"caption":"Qual \u00e9 o certo?"},"image":{"@id":"https:\/\/monicaguerretta.com\/qualeocerto\/#\/schema\/logo\/image\/"},"sameAs":["https:\/\/www.facebook.com\/qualeocerto","https:\/\/www.instagram.com\/qualeocerto\/","https:\/\/www.youtube.com\/c\/qualeocerto"]},{"@type":"Person","@id":"https:\/\/monicaguerretta.com\/qualeocerto\/#\/schema\/person\/118874294430cb7c9b1bc5523f63cbf4","name":"M\u00f4nica Guerretta","image":{"@type":"ImageObject","inLanguage":"pt-BR","@id":"https:\/\/secure.gravatar.com\/avatar\/cc0028ec5e6e39e7cd7e61c0fa6158a6d7f1edc39c4f536d768ad95ee3e26a8a?s=96&d=mm&r=g","url":"https:\/\/secure.gravatar.com\/avatar\/cc0028ec5e6e39e7cd7e61c0fa6158a6d7f1edc39c4f536d768ad95ee3e26a8a?s=96&d=mm&r=g","contentUrl":"https:\/\/secure.gravatar.com\/avatar\/cc0028ec5e6e39e7cd7e61c0fa6158a6d7f1edc39c4f536d768ad95ee3e26a8a?s=96&d=mm&r=g","caption":"M\u00f4nica Guerretta"}}]}},"_links":{"self":[{"href":"https:\/\/monicaguerretta.com\/qualeocerto\/wp-json\/wp\/v2\/posts\/3052","targetHints":{"allow":["GET"]}}],"collection":[{"href":"https:\/\/monicaguerretta.com\/qualeocerto\/wp-json\/wp\/v2\/posts"}],"about":[{"href":"https:\/\/monicaguerretta.com\/qualeocerto\/wp-json\/wp\/v2\/types\/post"}],"author":[{"embeddable":true,"href":"https:\/\/monicaguerretta.com\/qualeocerto\/wp-json\/wp\/v2\/users\/2"}],"replies":[{"embeddable":true,"href":"https:\/\/monicaguerretta.com\/qualeocerto\/wp-json\/wp\/v2\/comments?post=3052"}],"version-history":[{"count":11,"href":"https:\/\/monicaguerretta.com\/qualeocerto\/wp-json\/wp\/v2\/posts\/3052\/revisions"}],"predecessor-version":[{"id":3074,"href":"https:\/\/monicaguerretta.com\/qualeocerto\/wp-json\/wp\/v2\/posts\/3052\/revisions\/3074"}],"wp:featuredmedia":[{"embeddable":true,"href":"https:\/\/monicaguerretta.com\/qualeocerto\/wp-json\/wp\/v2\/media\/3053"}],"wp:attachment":[{"href":"https:\/\/monicaguerretta.com\/qualeocerto\/wp-json\/wp\/v2\/media?parent=3052"}],"wp:term":[{"taxonomy":"category","embeddable":true,"href":"https:\/\/monicaguerretta.com\/qualeocerto\/wp-json\/wp\/v2\/categories?post=3052"},{"taxonomy":"post_tag","embeddable":true,"href":"https:\/\/monicaguerretta.com\/qualeocerto\/wp-json\/wp\/v2\/tags?post=3052"}],"curies":[{"name":"wp","href":"https:\/\/api.w.org\/{rel}","templated":true}]}}