{"id":407,"date":"2020-06-02T21:33:53","date_gmt":"2020-06-02T21:33:53","guid":{"rendered":"https:\/\/monicaguerretta.com\/qualeocerto\/?p=407"},"modified":"2022-12-02T22:04:10","modified_gmt":"2022-12-02T22:04:10","slug":"3-ferramentas-essenciais-para-quem-quer-escrever-bem","status":"publish","type":"post","link":"https:\/\/monicaguerretta.com\/qualeocerto\/3-ferramentas-essenciais-para-quem-quer-escrever-bem\/","title":{"rendered":"<strong>3 ferramentas essenciais para quem quer escrever bem<\/strong>"},"content":{"rendered":"\n<p class=\"wp-block-paragraph\"><strong>Escrever bem \u00e9 fundamental para se comunicar bem<\/strong>; apresentar conte\u00fados escritos com qualidade \u00e9 essencial para passar credibilidade nos neg\u00f3cios e na vida.<\/p>\n\n\n\n<p class=\"wp-block-paragraph\">Quando voc\u00ea preza o bom uso do portugu\u00eas, torna-se capaz de transmitir sua mensagem da melhor forma. Isso favorece a <strong>compreens\u00e3o correta daquilo que voc\u00ea comunica<\/strong> e ainda <strong>valoriza a sua imagem<\/strong>. \ud83d\ude4c<\/p>\n\n\n\n<blockquote class=\"wp-block-quote is-style-large is-layout-flow wp-block-quote-is-layout-flow\"><p>&#8220;Escrever bem \u00e9 o essencial vis\u00edvel aos olhos.&#8221;<\/p><cite>GUERRETTA, M\u00f4nica. 2020<\/cite><\/blockquote>\n\n\n\n<p class=\"wp-block-paragraph\"><\/p>\n\n\n\n<p class=\"wp-block-paragraph\">Por\u00e9m, com tantas regras e com tantas mudan\u00e7as que teve a l\u00edngua portuguesa quando entrou em vigor o &#8220;<strong>novo&#8221; Acordo Ortogr\u00e1fico<\/strong> &#8211; que, na verdade, nem \u00e9 mais t\u00e3o novo assim, porque j\u00e1 est\u00e1 valendo desde 2009 \ud83e\udd2f -, <strong>como manter seu portugu\u00eas atualizado? Como escrever bem e sem erros?<\/strong><\/p>\n\n\n\n<p class=\"wp-block-paragraph\"><strong>A resposta \u00e9 simples:<\/strong> basta adquirir o h\u00e1bito de consultar as ferramentas certas. \ud83d\ude01<\/p>\n\n\n\n<p class=\"wp-block-paragraph\">Sim, existem ferramentas superimportantes para quem quer desenvolver sua habilidade com a escrita e <strong>redigir conte\u00fados com autoridade<\/strong>.<\/p>\n\n\n\n<h3 class=\"wp-block-heading\"><strong>Mas, afinal, quais ferramentas usar para escrever bem?<\/strong><\/h3>\n\n\n\n<p class=\"wp-block-paragraph\">Listo aqui <strong>tr\u00eas ferramentas que uso muito (muito mesmo!)<\/strong> e que ajudar\u00e3o voc\u00ea a <strong>escrever bem<\/strong> e <strong>se comunicar melhor<\/strong>, tanto <strong>no mundo corporativo<\/strong> quanto em conversas e mensagens do dia a dia.<\/p>\n\n\n\n<p class=\"wp-block-paragraph\"><\/p>\n\n\n\n<h2 class=\"wp-block-heading\"><strong><mark style=\"background-color:rgba(0, 0, 0, 0)\" class=\"has-inline-color has-vivid-purple-color\">Ferramenta #1:<\/mark><\/strong><br><strong><mark style=\"background-color:rgba(0, 0, 0, 0)\" class=\"has-inline-color has-vivid-purple-color\">Guia Pr\u00e1tico da Nova Ortografia &#8211; Michaelis<\/mark><\/strong><\/h2>\n\n\n\n<p class=\"wp-block-paragraph\">Para se atualizar com o <strong>novo Acordo Ortogr\u00e1fico<\/strong>, um \u00f3timo come\u00e7o \u00e9 ler o <strong>Guia Pr\u00e1tico da Nova Ortografia, do Michaelis<\/strong>. Como o nome diz, ele \u00e9 pr\u00e1tico mesmo, e explica todas (sim, TO-DAS) as mudan\u00e7as que foram aplicadas em 2009.<\/p>\n\n\n\n<p class=\"wp-block-paragraph\">Sabe o que \u00e9 mais legal? Voc\u00ea encontra o guia em aplicativo para celular. \ud83d\udcf1 Tem na <a rel=\"noreferrer noopener\" href=\"https:\/\/play.google.com\/store\/apps\/details?id=com.aandhsoftware.michaelis.orthography.guide&amp;hl=pt_BR\" target=\"_blank\">Play Store<\/a> e na <a rel=\"noreferrer noopener\" href=\"https:\/\/apps.apple.com\/br\/app\/michaelis-guia-pr%C3%A1tico-da-nova-ortografia\/id339904724\" target=\"_blank\">Apple Store<\/a>.<\/p>\n\n\n\n<div class=\"wp-block-image\"><figure class=\"aligncenter size-large\"><img fetchpriority=\"high\" decoding=\"async\" width=\"718\" height=\"623\" src=\"https:\/\/monicaguerretta.com\/qualeocerto\/wp-content\/uploads\/2020\/06\/escrever-bem-guia-michaelis-01.png\" alt=\"escrever bem guia michaelis\" class=\"wp-image-408\" srcset=\"https:\/\/monicaguerretta.com\/qualeocerto\/wp-content\/uploads\/2020\/06\/escrever-bem-guia-michaelis-01.png 718w, https:\/\/monicaguerretta.com\/qualeocerto\/wp-content\/uploads\/2020\/06\/escrever-bem-guia-michaelis-01-300x260.png 300w\" sizes=\"(max-width: 718px) 100vw, 718px\" \/><\/figure><\/div>\n\n\n\n<p class=\"wp-block-paragraph\">Ah!, e ele \u00e9 gratuito. Ent\u00e3o, \u00e9 s\u00f3 baixar e ser feliz! O aplicativo \u00e9 superf\u00e1cil de consultar. No menu principal voc\u00ea escolhe a categoria em que deseja se aprofundar, clica e pronto. \ud83d\udca1<\/p>\n\n\n\n<div class=\"wp-block-image\"><figure class=\"aligncenter size-large is-resized\"><img decoding=\"async\" src=\"https:\/\/monicaguerretta.com\/qualeocerto\/wp-content\/uploads\/2020\/06\/escrever-bem-guia-michaelis-02.png\" alt=\"escrever bem guia michaelis 02\" class=\"wp-image-409\" width=\"283\" height=\"449\" srcset=\"https:\/\/monicaguerretta.com\/qualeocerto\/wp-content\/uploads\/2020\/06\/escrever-bem-guia-michaelis-02.png 477w, https:\/\/monicaguerretta.com\/qualeocerto\/wp-content\/uploads\/2020\/06\/escrever-bem-guia-michaelis-02-189x300.png 189w\" sizes=\"(max-width: 283px) 100vw, 283px\" \/><\/figure><\/div>\n\n\n\n<p class=\"wp-block-paragraph\">N\u00e3o venha me dizer que voc\u00ea n\u00e3o tem tempo, porque \u00e9 bem rapidinho de consultar para acabar com as suas d\u00favidas. Quaisquer 5 minutinhos que voc\u00ea tirar para dar uma olhada nesse guia ser\u00e3o extremamente importantes para ajudar voc\u00ea na miss\u00e3o de escrever bem.<\/p>\n\n\n\n<p class=\"wp-block-paragraph\">Vale ler um pouquinho enquanto espera seu atendimento no consult\u00f3rio, enquanto aguarda sua vez na fila e at\u00e9 no \ud83d\udebd banheiro. Ent\u00e3o, sem desculpas, hein?! \ud83d\ude05<\/p>\n\n\n\n<p class=\"wp-block-paragraph\"><\/p>\n\n\n\n<h2 class=\"wp-block-heading\"><mark style=\"background-color:rgba(0, 0, 0, 0)\" class=\"has-inline-color has-vivid-purple-color\"><strong>Ferramenta #2:<\/strong><br><strong>Volp<\/strong><\/mark><\/h2>\n\n\n\n<p class=\"wp-block-paragraph\">O <a href=\"http:\/\/www.academia.org.br\/nossa-lingua\/busca-no-vocabulario\" target=\"_blank\" rel=\"noreferrer noopener\"><strong>Vocabul\u00e1rio <\/strong><\/a><strong><a href=\"http:\/\/www.academia.org.br\/nossa-lingua\/busca-no-vocabulario\" target=\"_blank\" rel=\"noreferrer noopener\">Ortogr\u00e1fico<\/a><\/strong><a href=\"http:\/\/www.academia.org.br\/nossa-lingua\/busca-no-vocabulario\" target=\"_blank\" rel=\"noreferrer noopener\"><strong> da L\u00edngua Portuguesa &#8211; Volp<\/strong><\/a> &#8211; \u00e9 a maior autoridade no assunto. Nele voc\u00ea n\u00e3o encontra os significados das palavras, mas <strong>aprende a grafia correta<\/strong>, se tem h\u00edfen ou n\u00e3o, se tem acento ou n\u00e3o, a classifica\u00e7\u00e3o, o g\u00eanero etc.<\/p>\n\n\n\n<div class=\"wp-block-image\"><figure class=\"aligncenter size-large\"><a href=\"http:\/\/www.academia.org.br\/nossa-lingua\/busca-no-vocabulario\" target=\"_blank\" rel=\"noopener noreferrer\"><img decoding=\"async\" width=\"1024\" height=\"715\" src=\"https:\/\/monicaguerretta.com\/qualeocerto\/wp-content\/uploads\/2020\/06\/escrever-bem-04-volp-1024x715.png\" alt=\"\" class=\"wp-image-412\" srcset=\"https:\/\/monicaguerretta.com\/qualeocerto\/wp-content\/uploads\/2020\/06\/escrever-bem-04-volp-1024x715.png 1024w, https:\/\/monicaguerretta.com\/qualeocerto\/wp-content\/uploads\/2020\/06\/escrever-bem-04-volp-300x210.png 300w, https:\/\/monicaguerretta.com\/qualeocerto\/wp-content\/uploads\/2020\/06\/escrever-bem-04-volp-768x536.png 768w, https:\/\/monicaguerretta.com\/qualeocerto\/wp-content\/uploads\/2020\/06\/escrever-bem-04-volp.png 1111w\" sizes=\"(max-width: 1024px) 100vw, 1024px\" \/><\/a><\/figure><\/div>\n\n\n\n<p class=\"wp-block-paragraph\">Por exemplo: j\u00e1 presenciei em alguns almo\u00e7os a discuss\u00e3o <a href=\"https:\/\/monicaguerretta.com\/qualeocerto\/a-alface-ou-o-alface\/\" target=\"_blank\" rel=\"noreferrer noopener\">\u201co certo \u00e9 O alface!\u201d, \u201cn\u00e3o, o certo \u00e9 A alface\u201d<\/a>. Quando voc\u00ea pesquisa a palavra \u201calface\u201d no Volp, ele responde a sua busca com um \u201cs.f.\u201d, de substantivo feminino. Pronto! Isso encerra qualquer discuss\u00e3o. \ud83d\ude01<\/p>\n\n\n\n<p class=\"wp-block-paragraph\">Al\u00e9m do site, voc\u00ea tamb\u00e9m encontra a vers\u00e3o do Volp em aplicativo (gratuito) para celular &#8211; na <a href=\"https:\/\/play.google.com\/store\/apps\/details?id=br.org.academia.volp&amp;hl=pt_BR\" target=\"_blank\" rel=\"noreferrer noopener\">Play Store<\/a> e na <a href=\"https:\/\/apps.apple.com\/br\/app\/volp-vocabul%C3%A1rio-ortogr%C3%A1fico-da-l%C3%ADngua-portuguesa\/id904007692\" target=\"_blank\" rel=\"noreferrer noopener\">Apple Store<\/a>.<\/p>\n\n\n\n<p class=\"wp-block-paragraph\"><\/p>\n\n\n\n<h2 class=\"wp-block-heading\"><mark style=\"background-color:rgba(0, 0, 0, 0)\" class=\"has-inline-color has-vivid-purple-color\"><strong>Ferramenta #3:<\/strong><br><strong>Dicion\u00e1rio Michaelis on-line*<\/strong><\/mark><\/h2>\n\n\n\n<p class=\"wp-block-paragraph\">Voc\u00ea pode consult\u00e1-lo para <strong>saber a grafia correta das palavras, sua classifica\u00e7\u00e3o, g\u00eanero, origem, como fica a sua vers\u00e3o no plural e os seus significados<\/strong>. No caso dos verbos, voc\u00ea ainda aprende quando \u00e9 um verbo transitivo direto, indireto, intransitivo&#8230;<\/p>\n\n\n\n<figure class=\"wp-block-image size-large\"><a href=\"http:\/\/michaelis.uol.com.br\/\" target=\"_blank\" rel=\"noopener noreferrer\"><img loading=\"lazy\" decoding=\"async\" width=\"1024\" height=\"299\" src=\"https:\/\/monicaguerretta.com\/qualeocerto\/wp-content\/uploads\/2020\/06\/escrever-bem-03-michaelis-on-line-1024x299.png\" alt=\"\" class=\"wp-image-413\" srcset=\"https:\/\/monicaguerretta.com\/qualeocerto\/wp-content\/uploads\/2020\/06\/escrever-bem-03-michaelis-on-line-1024x299.png 1024w, https:\/\/monicaguerretta.com\/qualeocerto\/wp-content\/uploads\/2020\/06\/escrever-bem-03-michaelis-on-line-300x88.png 300w, https:\/\/monicaguerretta.com\/qualeocerto\/wp-content\/uploads\/2020\/06\/escrever-bem-03-michaelis-on-line-768x225.png 768w, https:\/\/monicaguerretta.com\/qualeocerto\/wp-content\/uploads\/2020\/06\/escrever-bem-03-michaelis-on-line.png 1108w\" sizes=\"(max-width: 1024px) 100vw, 1024px\" \/><\/a><\/figure>\n\n\n\n<p class=\"wp-block-paragraph\">Um bocado de coisas para se preocupar, n\u00e3o \u00e9 mesmo? \ud83d\ude35 Por\u00e9m o <a href=\"http:\/\/michaelis.uol.com.br\/\" target=\"_blank\" rel=\"noreferrer noopener\">Michaelis on-line<\/a> apresenta v\u00e1rias frases de exemplo que ajudar\u00e3o muito. E adivinha?! Al\u00e9m do site, ele tamb\u00e9m est\u00e1 dispon\u00edvel no formato de aplicativo para celular na <a href=\"https:\/\/play.google.com\/store\/apps\/details?id=com.aandhsoftware.michaelis.modern.portuguese&amp;hl=pt_BR\" target=\"_blank\" rel=\"noreferrer noopener\">Play Store<\/a> e na <a href=\"https:\/\/apps.apple.com\/br\/app\/dicion%C3%A1rio-michaelis-portugu%C3%AAs\/id381380170\" target=\"_blank\" rel=\"noreferrer noopener\">Apple Store<\/a>. N\u00e3o \u00e9 gratuito (snif!), mas \u00e9 um investimento que vale a pena.<\/p>\n\n\n\n<p class=\"wp-block-paragraph\"><\/p>\n\n\n\n<p class=\"wp-block-paragraph\">O <strong>Volp<\/strong> e o <strong>Michaelis<\/strong> s\u00e3o indispens\u00e1veis para voc\u00ea consultar e se atualizar quanto \u00e0s mudan\u00e7as que a l\u00edngua portuguesa teve com a Reforma Ortogr\u00e1fica.<\/p>\n\n\n\n<p class=\"wp-block-paragraph\">Por exemplo: se voc\u00ea pesquisar por \u201cv\u00f4o\u201d e \u201cid\u00e9ia\u201d, ambos responder\u00e3o suas buscas com \u201c<a href=\"https:\/\/monicaguerretta.com\/qualeocerto\/voo-ou-voo\/\" target=\"_blank\" rel=\"noreferrer noopener\">voo<\/a>\u201d e \u201c<a href=\"https:\/\/monicaguerretta.com\/qualeocerto\/ideia-ou-ideia\/\" target=\"_blank\" rel=\"noreferrer noopener\">ideia<\/a>\u201d, pois as duas palavras perderam o acento. \ud83d\ude09<\/p>\n\n\n\n<p class=\"wp-block-paragraph\"><\/p>\n\n\n\n<h2 class=\"wp-block-heading\"><strong><mark style=\"background-color:rgba(0, 0, 0, 0)\" class=\"has-inline-color has-vivid-purple-color\">Dica extra:<\/mark><br><mark style=\"background-color:rgba(0, 0, 0, 0)\" class=\"has-inline-color has-vivid-purple-color\">Acompanhe o @qualeocerto no YouTube e Instagram<\/mark><\/strong><\/h2>\n\n\n\n<p class=\"wp-block-paragraph\">O <a href=\"https:\/\/www.instagram.com\/qualeocerto\/\" target=\"_blank\" rel=\"noreferrer noopener\"><strong>Qual \u00e9 o certo?<\/strong><\/a> \u00e9 o projeto que criei para ajudar as pessoas que entendem a import\u00e2ncia de escrever bem e querem <strong>desenvolver seu portugu\u00eas<\/strong>.<\/p>\n\n\n\n<p class=\"wp-block-paragraph\">L\u00e1 voc\u00ea encontra dicas relacionadas a termos e express\u00f5es comumente usados no dia a dia e que <strong>\u00e0s vezes voc\u00ea nem imagina que possa estar errando<\/strong>.<\/p>\n\n\n\n<p class=\"wp-block-paragraph\">Exemplos: voc\u00ea sabia que usar <a href=\"https:\/\/monicaguerretta.com\/qualeocerto\/abreviacao-de-atenciosamente\/\" target=\"_blank\" rel=\"noreferrer noopener\">\u201catt.\u201d como abrevia\u00e7\u00e3o de \u201catenciosamente\u201d<\/a> est\u00e1 errado? Sabia que <a href=\"https:\/\/monicaguerretta.com\/qualeocerto\/aprenda-a-usar-o-mesmo-sem-errar\/\">usar a palavra \u201cmesmo\u201d para evitar repetir palavras<\/a> tamb\u00e9m est\u00e1 errado? \ud83d\ude2e<\/p>\n\n\n\n<p class=\"wp-block-paragraph\"><strong>Se voc\u00ea acompanhar minhas dicas, vai aprender isso e muito mais. <\/strong>\ud83d\ude04<\/p>\n\n\n\n<p class=\"wp-block-paragraph\"><\/p>\n\n\n\n<p class=\"wp-block-paragraph\">Espero que voc\u00ea goste dessas ferramentas e que as utilize muito, muito, muito para deixar o nosso portugu\u00eas orgulhoso! \ud83d\ude06<\/p>\n\n\n\n<p class=\"wp-block-paragraph\"><\/p>\n\n\n\n<p class=\"wp-block-paragraph\">*A l\u00edngua portuguesa acolheu a vers\u00e3o \u201c<a href=\"https:\/\/michaelis.uol.com.br\/moderno-portugues\/busca\/portugues-brasileiro\/on-line\/\" target=\"_blank\" rel=\"noreferrer noopener\">on-line<\/a>\u201d, com h\u00edfen, como a vers\u00e3o oficial a ser usada em portugu\u00eas.<\/p>\n","protected":false},"excerpt":{"rendered":"<p>Escrever bem \u00e9 fundamental para se comunicar bem; apresentar conte\u00fados escritos com qualidade \u00e9 essencial para&hellip;<\/p>\n","protected":false},"author":2,"featured_media":742,"comment_status":"open","ping_status":"open","sticky":false,"template":"","format":"standard","meta":{"_exactmetrics_skip_tracking":false,"_exactmetrics_sitenote_active":false,"_exactmetrics_sitenote_note":"","_exactmetrics_sitenote_category":0,"footnotes":""},"categories":[180,291,292],"tags":[121,27],"class_list":["post-407","post","type-post","status-publish","format-standard","has-post-thumbnail","hentry","category-escrever-melhor","category-portugues","category-publicidade-e-copywriting","tag-escrever-bem","tag-novo-acordo-ortografico"],"yoast_head":"<!-- This site is optimized with the Yoast SEO plugin v28.4 - https:\/\/yoast.com\/product\/yoast-seo-wordpress\/ -->\n<title>3 ferramentas essenciais para quem quer escrever bem &#187; Qual \u00e9 o certo?<\/title>\n<meta name=\"description\" content=\"Voc\u00ea quer escrever bem mas n\u00e3o sabe quais ferramentas utilizar para se atualizar com as regras da l\u00edngua portuguesa? Ent\u00e3o este artigo \u00e9 para voc\u00ea.\" \/>\n<meta name=\"robots\" content=\"index, follow, max-snippet:-1, max-image-preview:large, max-video-preview:-1\" \/>\n<link rel=\"canonical\" href=\"https:\/\/monicaguerretta.com\/qualeocerto\/3-ferramentas-essenciais-para-quem-quer-escrever-bem\/\" \/>\n<meta property=\"og:locale\" content=\"pt_BR\" \/>\n<meta property=\"og:type\" content=\"article\" \/>\n<meta property=\"og:title\" content=\"3 ferramentas essenciais para quem quer escrever bem &#187; Qual \u00e9 o certo?\" \/>\n<meta property=\"og:description\" content=\"Voc\u00ea quer escrever bem mas n\u00e3o sabe quais ferramentas utilizar para se atualizar com as regras da l\u00edngua portuguesa? Ent\u00e3o este artigo \u00e9 para voc\u00ea.\" \/>\n<meta property=\"og:url\" content=\"https:\/\/monicaguerretta.com\/qualeocerto\/3-ferramentas-essenciais-para-quem-quer-escrever-bem\/\" \/>\n<meta property=\"og:site_name\" content=\"Qual \u00e9 o certo?\" \/>\n<meta property=\"article:publisher\" content=\"https:\/\/www.facebook.com\/qualeocerto\" \/>\n<meta property=\"article:published_time\" content=\"2020-06-02T21:33:53+00:00\" \/>\n<meta property=\"article:modified_time\" content=\"2022-12-02T22:04:10+00:00\" \/>\n<meta property=\"og:image\" content=\"https:\/\/monicaguerretta.com\/qualeocerto\/wp-content\/uploads\/2020\/06\/3-ferramentas-para-escrever-bem-qual-e-o-certo.png\" \/>\n\t<meta property=\"og:image:width\" content=\"1080\" \/>\n\t<meta property=\"og:image:height\" content=\"1081\" \/>\n\t<meta property=\"og:image:type\" content=\"image\/png\" \/>\n<meta name=\"author\" content=\"M\u00f4nica Guerretta\" \/>\n<meta name=\"twitter:card\" content=\"summary_large_image\" \/>\n<meta name=\"twitter:label1\" content=\"Escrito por\" \/>\n\t<meta name=\"twitter:data1\" content=\"M\u00f4nica Guerretta\" \/>\n\t<meta name=\"twitter:label2\" content=\"Est. tempo de leitura\" \/>\n\t<meta name=\"twitter:data2\" content=\"6 minutos\" \/>\n<script type=\"application\/ld+json\" class=\"yoast-schema-graph\">{\"@context\":\"https:\\\/\\\/schema.org\",\"@graph\":[{\"@type\":\"Article\",\"@id\":\"https:\\\/\\\/monicaguerretta.com\\\/qualeocerto\\\/3-ferramentas-essenciais-para-quem-quer-escrever-bem\\\/#article\",\"isPartOf\":{\"@id\":\"https:\\\/\\\/monicaguerretta.com\\\/qualeocerto\\\/3-ferramentas-essenciais-para-quem-quer-escrever-bem\\\/\"},\"author\":{\"name\":\"M\u00f4nica Guerretta\",\"@id\":\"https:\\\/\\\/monicaguerretta.com\\\/qualeocerto\\\/#\\\/schema\\\/person\\\/118874294430cb7c9b1bc5523f63cbf4\"},\"headline\":\"3 ferramentas essenciais para quem quer escrever bem\",\"datePublished\":\"2020-06-02T21:33:53+00:00\",\"dateModified\":\"2022-12-02T22:04:10+00:00\",\"mainEntityOfPage\":{\"@id\":\"https:\\\/\\\/monicaguerretta.com\\\/qualeocerto\\\/3-ferramentas-essenciais-para-quem-quer-escrever-bem\\\/\"},\"wordCount\":816,\"commentCount\":0,\"publisher\":{\"@id\":\"https:\\\/\\\/monicaguerretta.com\\\/qualeocerto\\\/#organization\"},\"image\":{\"@id\":\"https:\\\/\\\/monicaguerretta.com\\\/qualeocerto\\\/3-ferramentas-essenciais-para-quem-quer-escrever-bem\\\/#primaryimage\"},\"thumbnailUrl\":\"https:\\\/\\\/monicaguerretta.com\\\/qualeocerto\\\/wp-content\\\/uploads\\\/2020\\\/06\\\/3-ferramentas-para-escrever-bem-qual-e-o-certo.png\",\"keywords\":[\"escrever bem\",\"novo acordo ortogr\u00e1fico\"],\"articleSection\":[\"Escrever melhor\",\"Portugu\u00eas\",\"Publicidade &amp; Copywriting\"],\"inLanguage\":\"pt-BR\",\"potentialAction\":[{\"@type\":\"CommentAction\",\"name\":\"Comment\",\"target\":[\"https:\\\/\\\/monicaguerretta.com\\\/qualeocerto\\\/3-ferramentas-essenciais-para-quem-quer-escrever-bem\\\/#respond\"]}]},{\"@type\":\"WebPage\",\"@id\":\"https:\\\/\\\/monicaguerretta.com\\\/qualeocerto\\\/3-ferramentas-essenciais-para-quem-quer-escrever-bem\\\/\",\"url\":\"https:\\\/\\\/monicaguerretta.com\\\/qualeocerto\\\/3-ferramentas-essenciais-para-quem-quer-escrever-bem\\\/\",\"name\":\"3 ferramentas essenciais para quem quer escrever bem &#187; Qual \u00e9 o certo?\",\"isPartOf\":{\"@id\":\"https:\\\/\\\/monicaguerretta.com\\\/qualeocerto\\\/#website\"},\"primaryImageOfPage\":{\"@id\":\"https:\\\/\\\/monicaguerretta.com\\\/qualeocerto\\\/3-ferramentas-essenciais-para-quem-quer-escrever-bem\\\/#primaryimage\"},\"image\":{\"@id\":\"https:\\\/\\\/monicaguerretta.com\\\/qualeocerto\\\/3-ferramentas-essenciais-para-quem-quer-escrever-bem\\\/#primaryimage\"},\"thumbnailUrl\":\"https:\\\/\\\/monicaguerretta.com\\\/qualeocerto\\\/wp-content\\\/uploads\\\/2020\\\/06\\\/3-ferramentas-para-escrever-bem-qual-e-o-certo.png\",\"datePublished\":\"2020-06-02T21:33:53+00:00\",\"dateModified\":\"2022-12-02T22:04:10+00:00\",\"description\":\"Voc\u00ea quer escrever bem mas n\u00e3o sabe quais ferramentas utilizar para se atualizar com as regras da l\u00edngua portuguesa? Ent\u00e3o este artigo \u00e9 para voc\u00ea.\",\"breadcrumb\":{\"@id\":\"https:\\\/\\\/monicaguerretta.com\\\/qualeocerto\\\/3-ferramentas-essenciais-para-quem-quer-escrever-bem\\\/#breadcrumb\"},\"inLanguage\":\"pt-BR\",\"potentialAction\":[{\"@type\":\"ReadAction\",\"target\":[\"https:\\\/\\\/monicaguerretta.com\\\/qualeocerto\\\/3-ferramentas-essenciais-para-quem-quer-escrever-bem\\\/\"]}]},{\"@type\":\"ImageObject\",\"inLanguage\":\"pt-BR\",\"@id\":\"https:\\\/\\\/monicaguerretta.com\\\/qualeocerto\\\/3-ferramentas-essenciais-para-quem-quer-escrever-bem\\\/#primaryimage\",\"url\":\"https:\\\/\\\/monicaguerretta.com\\\/qualeocerto\\\/wp-content\\\/uploads\\\/2020\\\/06\\\/3-ferramentas-para-escrever-bem-qual-e-o-certo.png\",\"contentUrl\":\"https:\\\/\\\/monicaguerretta.com\\\/qualeocerto\\\/wp-content\\\/uploads\\\/2020\\\/06\\\/3-ferramentas-para-escrever-bem-qual-e-o-certo.png\",\"width\":1080,\"height\":1081,\"caption\":\"3 ferramentas para escrever bem - qual \u00e9 o certo\"},{\"@type\":\"BreadcrumbList\",\"@id\":\"https:\\\/\\\/monicaguerretta.com\\\/qualeocerto\\\/3-ferramentas-essenciais-para-quem-quer-escrever-bem\\\/#breadcrumb\",\"itemListElement\":[{\"@type\":\"ListItem\",\"position\":1,\"name\":\"In\u00edcio\",\"item\":\"https:\\\/\\\/monicaguerretta.com\\\/qualeocerto\\\/\"},{\"@type\":\"ListItem\",\"position\":2,\"name\":\"3 ferramentas essenciais para quem quer escrever bem\"}]},{\"@type\":\"WebSite\",\"@id\":\"https:\\\/\\\/monicaguerretta.com\\\/qualeocerto\\\/#website\",\"url\":\"https:\\\/\\\/monicaguerretta.com\\\/qualeocerto\\\/\",\"name\":\"Qual \u00e9 o Certo?\",\"description\":\"M\u00f4nica Guerretta | Redatora publicit\u00e1ria | Copywriting - UX Writing\",\"publisher\":{\"@id\":\"https:\\\/\\\/monicaguerretta.com\\\/qualeocerto\\\/#organization\"},\"potentialAction\":[{\"@type\":\"SearchAction\",\"target\":{\"@type\":\"EntryPoint\",\"urlTemplate\":\"https:\\\/\\\/monicaguerretta.com\\\/qualeocerto\\\/?s={search_term_string}\"},\"query-input\":{\"@type\":\"PropertyValueSpecification\",\"valueRequired\":true,\"valueName\":\"search_term_string\"}}],\"inLanguage\":\"pt-BR\"},{\"@type\":\"Organization\",\"@id\":\"https:\\\/\\\/monicaguerretta.com\\\/qualeocerto\\\/#organization\",\"name\":\"Qual \u00e9 o certo?\",\"url\":\"https:\\\/\\\/monicaguerretta.com\\\/qualeocerto\\\/\",\"logo\":{\"@type\":\"ImageObject\",\"inLanguage\":\"pt-BR\",\"@id\":\"https:\\\/\\\/monicaguerretta.com\\\/qualeocerto\\\/#\\\/schema\\\/logo\\\/image\\\/\",\"url\":\"https:\\\/\\\/monicaguerretta.com\\\/qualeocerto\\\/wp-content\\\/uploads\\\/2022\\\/08\\\/marca-quale.png\",\"contentUrl\":\"https:\\\/\\\/monicaguerretta.com\\\/qualeocerto\\\/wp-content\\\/uploads\\\/2022\\\/08\\\/marca-quale.png\",\"width\":592,\"height\":315,\"caption\":\"Qual \u00e9 o certo?\"},\"image\":{\"@id\":\"https:\\\/\\\/monicaguerretta.com\\\/qualeocerto\\\/#\\\/schema\\\/logo\\\/image\\\/\"},\"sameAs\":[\"https:\\\/\\\/www.facebook.com\\\/qualeocerto\",\"https:\\\/\\\/www.instagram.com\\\/qualeocerto\\\/\",\"https:\\\/\\\/www.youtube.com\\\/c\\\/qualeocerto\"]},{\"@type\":\"Person\",\"@id\":\"https:\\\/\\\/monicaguerretta.com\\\/qualeocerto\\\/#\\\/schema\\\/person\\\/118874294430cb7c9b1bc5523f63cbf4\",\"name\":\"M\u00f4nica Guerretta\",\"image\":{\"@type\":\"ImageObject\",\"inLanguage\":\"pt-BR\",\"@id\":\"https:\\\/\\\/secure.gravatar.com\\\/avatar\\\/cc0028ec5e6e39e7cd7e61c0fa6158a6d7f1edc39c4f536d768ad95ee3e26a8a?s=96&d=mm&r=g\",\"url\":\"https:\\\/\\\/secure.gravatar.com\\\/avatar\\\/cc0028ec5e6e39e7cd7e61c0fa6158a6d7f1edc39c4f536d768ad95ee3e26a8a?s=96&d=mm&r=g\",\"contentUrl\":\"https:\\\/\\\/secure.gravatar.com\\\/avatar\\\/cc0028ec5e6e39e7cd7e61c0fa6158a6d7f1edc39c4f536d768ad95ee3e26a8a?s=96&d=mm&r=g\",\"caption\":\"M\u00f4nica Guerretta\"}}]}<\/script>\n<!-- \/ Yoast SEO plugin. -->","yoast_head_json":{"title":"3 ferramentas essenciais para quem quer escrever bem &#187; Qual \u00e9 o certo?","description":"Voc\u00ea quer escrever bem mas n\u00e3o sabe quais ferramentas utilizar para se atualizar com as regras da l\u00edngua portuguesa? Ent\u00e3o este artigo \u00e9 para voc\u00ea.","robots":{"index":"index","follow":"follow","max-snippet":"max-snippet:-1","max-image-preview":"max-image-preview:large","max-video-preview":"max-video-preview:-1"},"canonical":"https:\/\/monicaguerretta.com\/qualeocerto\/3-ferramentas-essenciais-para-quem-quer-escrever-bem\/","og_locale":"pt_BR","og_type":"article","og_title":"3 ferramentas essenciais para quem quer escrever bem &#187; Qual \u00e9 o certo?","og_description":"Voc\u00ea quer escrever bem mas n\u00e3o sabe quais ferramentas utilizar para se atualizar com as regras da l\u00edngua portuguesa? Ent\u00e3o este artigo \u00e9 para voc\u00ea.","og_url":"https:\/\/monicaguerretta.com\/qualeocerto\/3-ferramentas-essenciais-para-quem-quer-escrever-bem\/","og_site_name":"Qual \u00e9 o certo?","article_publisher":"https:\/\/www.facebook.com\/qualeocerto","article_published_time":"2020-06-02T21:33:53+00:00","article_modified_time":"2022-12-02T22:04:10+00:00","og_image":[{"width":1080,"height":1081,"url":"https:\/\/monicaguerretta.com\/qualeocerto\/wp-content\/uploads\/2020\/06\/3-ferramentas-para-escrever-bem-qual-e-o-certo.png","type":"image\/png"}],"author":"M\u00f4nica Guerretta","twitter_card":"summary_large_image","twitter_misc":{"Escrito por":"M\u00f4nica Guerretta","Est. tempo de leitura":"6 minutos"},"schema":{"@context":"https:\/\/schema.org","@graph":[{"@type":"Article","@id":"https:\/\/monicaguerretta.com\/qualeocerto\/3-ferramentas-essenciais-para-quem-quer-escrever-bem\/#article","isPartOf":{"@id":"https:\/\/monicaguerretta.com\/qualeocerto\/3-ferramentas-essenciais-para-quem-quer-escrever-bem\/"},"author":{"name":"M\u00f4nica Guerretta","@id":"https:\/\/monicaguerretta.com\/qualeocerto\/#\/schema\/person\/118874294430cb7c9b1bc5523f63cbf4"},"headline":"3 ferramentas essenciais para quem quer escrever bem","datePublished":"2020-06-02T21:33:53+00:00","dateModified":"2022-12-02T22:04:10+00:00","mainEntityOfPage":{"@id":"https:\/\/monicaguerretta.com\/qualeocerto\/3-ferramentas-essenciais-para-quem-quer-escrever-bem\/"},"wordCount":816,"commentCount":0,"publisher":{"@id":"https:\/\/monicaguerretta.com\/qualeocerto\/#organization"},"image":{"@id":"https:\/\/monicaguerretta.com\/qualeocerto\/3-ferramentas-essenciais-para-quem-quer-escrever-bem\/#primaryimage"},"thumbnailUrl":"https:\/\/monicaguerretta.com\/qualeocerto\/wp-content\/uploads\/2020\/06\/3-ferramentas-para-escrever-bem-qual-e-o-certo.png","keywords":["escrever bem","novo acordo ortogr\u00e1fico"],"articleSection":["Escrever melhor","Portugu\u00eas","Publicidade &amp; Copywriting"],"inLanguage":"pt-BR","potentialAction":[{"@type":"CommentAction","name":"Comment","target":["https:\/\/monicaguerretta.com\/qualeocerto\/3-ferramentas-essenciais-para-quem-quer-escrever-bem\/#respond"]}]},{"@type":"WebPage","@id":"https:\/\/monicaguerretta.com\/qualeocerto\/3-ferramentas-essenciais-para-quem-quer-escrever-bem\/","url":"https:\/\/monicaguerretta.com\/qualeocerto\/3-ferramentas-essenciais-para-quem-quer-escrever-bem\/","name":"3 ferramentas essenciais para quem quer escrever bem &#187; Qual \u00e9 o certo?","isPartOf":{"@id":"https:\/\/monicaguerretta.com\/qualeocerto\/#website"},"primaryImageOfPage":{"@id":"https:\/\/monicaguerretta.com\/qualeocerto\/3-ferramentas-essenciais-para-quem-quer-escrever-bem\/#primaryimage"},"image":{"@id":"https:\/\/monicaguerretta.com\/qualeocerto\/3-ferramentas-essenciais-para-quem-quer-escrever-bem\/#primaryimage"},"thumbnailUrl":"https:\/\/monicaguerretta.com\/qualeocerto\/wp-content\/uploads\/2020\/06\/3-ferramentas-para-escrever-bem-qual-e-o-certo.png","datePublished":"2020-06-02T21:33:53+00:00","dateModified":"2022-12-02T22:04:10+00:00","description":"Voc\u00ea quer escrever bem mas n\u00e3o sabe quais ferramentas utilizar para se atualizar com as regras da l\u00edngua portuguesa? Ent\u00e3o este artigo \u00e9 para voc\u00ea.","breadcrumb":{"@id":"https:\/\/monicaguerretta.com\/qualeocerto\/3-ferramentas-essenciais-para-quem-quer-escrever-bem\/#breadcrumb"},"inLanguage":"pt-BR","potentialAction":[{"@type":"ReadAction","target":["https:\/\/monicaguerretta.com\/qualeocerto\/3-ferramentas-essenciais-para-quem-quer-escrever-bem\/"]}]},{"@type":"ImageObject","inLanguage":"pt-BR","@id":"https:\/\/monicaguerretta.com\/qualeocerto\/3-ferramentas-essenciais-para-quem-quer-escrever-bem\/#primaryimage","url":"https:\/\/monicaguerretta.com\/qualeocerto\/wp-content\/uploads\/2020\/06\/3-ferramentas-para-escrever-bem-qual-e-o-certo.png","contentUrl":"https:\/\/monicaguerretta.com\/qualeocerto\/wp-content\/uploads\/2020\/06\/3-ferramentas-para-escrever-bem-qual-e-o-certo.png","width":1080,"height":1081,"caption":"3 ferramentas para escrever bem - qual \u00e9 o certo"},{"@type":"BreadcrumbList","@id":"https:\/\/monicaguerretta.com\/qualeocerto\/3-ferramentas-essenciais-para-quem-quer-escrever-bem\/#breadcrumb","itemListElement":[{"@type":"ListItem","position":1,"name":"In\u00edcio","item":"https:\/\/monicaguerretta.com\/qualeocerto\/"},{"@type":"ListItem","position":2,"name":"3 ferramentas essenciais para quem quer escrever bem"}]},{"@type":"WebSite","@id":"https:\/\/monicaguerretta.com\/qualeocerto\/#website","url":"https:\/\/monicaguerretta.com\/qualeocerto\/","name":"Qual \u00e9 o Certo?","description":"M\u00f4nica Guerretta | Redatora publicit\u00e1ria | Copywriting - UX Writing","publisher":{"@id":"https:\/\/monicaguerretta.com\/qualeocerto\/#organization"},"potentialAction":[{"@type":"SearchAction","target":{"@type":"EntryPoint","urlTemplate":"https:\/\/monicaguerretta.com\/qualeocerto\/?s={search_term_string}"},"query-input":{"@type":"PropertyValueSpecification","valueRequired":true,"valueName":"search_term_string"}}],"inLanguage":"pt-BR"},{"@type":"Organization","@id":"https:\/\/monicaguerretta.com\/qualeocerto\/#organization","name":"Qual \u00e9 o certo?","url":"https:\/\/monicaguerretta.com\/qualeocerto\/","logo":{"@type":"ImageObject","inLanguage":"pt-BR","@id":"https:\/\/monicaguerretta.com\/qualeocerto\/#\/schema\/logo\/image\/","url":"https:\/\/monicaguerretta.com\/qualeocerto\/wp-content\/uploads\/2022\/08\/marca-quale.png","contentUrl":"https:\/\/monicaguerretta.com\/qualeocerto\/wp-content\/uploads\/2022\/08\/marca-quale.png","width":592,"height":315,"caption":"Qual \u00e9 o certo?"},"image":{"@id":"https:\/\/monicaguerretta.com\/qualeocerto\/#\/schema\/logo\/image\/"},"sameAs":["https:\/\/www.facebook.com\/qualeocerto","https:\/\/www.instagram.com\/qualeocerto\/","https:\/\/www.youtube.com\/c\/qualeocerto"]},{"@type":"Person","@id":"https:\/\/monicaguerretta.com\/qualeocerto\/#\/schema\/person\/118874294430cb7c9b1bc5523f63cbf4","name":"M\u00f4nica Guerretta","image":{"@type":"ImageObject","inLanguage":"pt-BR","@id":"https:\/\/secure.gravatar.com\/avatar\/cc0028ec5e6e39e7cd7e61c0fa6158a6d7f1edc39c4f536d768ad95ee3e26a8a?s=96&d=mm&r=g","url":"https:\/\/secure.gravatar.com\/avatar\/cc0028ec5e6e39e7cd7e61c0fa6158a6d7f1edc39c4f536d768ad95ee3e26a8a?s=96&d=mm&r=g","contentUrl":"https:\/\/secure.gravatar.com\/avatar\/cc0028ec5e6e39e7cd7e61c0fa6158a6d7f1edc39c4f536d768ad95ee3e26a8a?s=96&d=mm&r=g","caption":"M\u00f4nica Guerretta"}}]}},"_links":{"self":[{"href":"https:\/\/monicaguerretta.com\/qualeocerto\/wp-json\/wp\/v2\/posts\/407","targetHints":{"allow":["GET"]}}],"collection":[{"href":"https:\/\/monicaguerretta.com\/qualeocerto\/wp-json\/wp\/v2\/posts"}],"about":[{"href":"https:\/\/monicaguerretta.com\/qualeocerto\/wp-json\/wp\/v2\/types\/post"}],"author":[{"embeddable":true,"href":"https:\/\/monicaguerretta.com\/qualeocerto\/wp-json\/wp\/v2\/users\/2"}],"replies":[{"embeddable":true,"href":"https:\/\/monicaguerretta.com\/qualeocerto\/wp-json\/wp\/v2\/comments?post=407"}],"version-history":[{"count":31,"href":"https:\/\/monicaguerretta.com\/qualeocerto\/wp-json\/wp\/v2\/posts\/407\/revisions"}],"predecessor-version":[{"id":2567,"href":"https:\/\/monicaguerretta.com\/qualeocerto\/wp-json\/wp\/v2\/posts\/407\/revisions\/2567"}],"wp:featuredmedia":[{"embeddable":true,"href":"https:\/\/monicaguerretta.com\/qualeocerto\/wp-json\/wp\/v2\/media\/742"}],"wp:attachment":[{"href":"https:\/\/monicaguerretta.com\/qualeocerto\/wp-json\/wp\/v2\/media?parent=407"}],"wp:term":[{"taxonomy":"category","embeddable":true,"href":"https:\/\/monicaguerretta.com\/qualeocerto\/wp-json\/wp\/v2\/categories?post=407"},{"taxonomy":"post_tag","embeddable":true,"href":"https:\/\/monicaguerretta.com\/qualeocerto\/wp-json\/wp\/v2\/tags?post=407"}],"curies":[{"name":"wp","href":"https:\/\/api.w.org\/{rel}","templated":true}]}}